{"id":8591,"date":"2024-09-15T10:38:57","date_gmt":"2024-09-15T13:38:57","guid":{"rendered":"https:\/\/iglesiarincon.org\/revista\/?p=8591"},"modified":"2024-09-15T10:38:58","modified_gmt":"2024-09-15T13:38:58","slug":"maestros-de-bien","status":"publish","type":"post","link":"https:\/\/iglesiarincon.org\/revista\/maestros-de-bien\/","title":{"rendered":"Maestros de BIEN"},"content":{"rendered":"[et_pb_section fb_built=\u00bb1&#8243; theme_builder_area=\u00bbpost_content\u00bb _builder_version=\u00bb4.27.0&#8243; _module_preset=\u00bbdefault\u00bb hover_enabled=\u00bb0&#8243; sticky_enabled=\u00bb0&#8243;][et_pb_row _builder_version=\u00bb4.27.0&#8243; _module_preset=\u00bbdefault\u00bb theme_builder_area=\u00bbpost_content\u00bb][et_pb_column _builder_version=\u00bb4.27.0&#8243; _module_preset=\u00bbdefault\u00bb type=\u00bb4_4&#8243; theme_builder_area=\u00bbpost_content\u00bb][et_pb_text _builder_version=\u00bb4.27.0&#8243; _module_preset=\u00bbdefault\u00bb theme_builder_area=\u00bbpost_content\u00bb hover_enabled=\u00bb0&#8243; sticky_enabled=\u00bb0&#8243; custom_padding=\u00bb||0px|||\u00bb text_font_size=\u00bb19px\u00bb]\n<p><strong><em>\u201cDonde est\u00e9 tu tesoro, <\/em><\/strong><strong><em>all\u00ed estar\u00e1n tambi\u00e9n los deseos de tu coraz\u00f3n\u201d\u00a0 Mateo 6:21<\/em><\/strong><\/p>\n<p>\u00a0El D\u00eda del Maestro en Argentina es el 11 de septiembre, finalizando el invierno. La naturaleza\u00a0 anticipa los aromas, sonidos y colores de la primavera en ciernes, \u00e9poca de sembrar y plantar. Hoy, en nuestro\u00a0 lugarcito\u00a0 familiar en el valle, \u00a0transplantamos un limonero y dos nogales; tiempo de renovar para que siempre haya frutos.<\/p>\n<p>Esta labor es semejante a la del maestro sembrando y plantando con sus ense\u00f1anzas los venideros frutos en los corazones de los alumnos.<\/p>\n<p>Los\u00a0 que educan en espacios seculares formales y no formales favoreciendo el desarrollo de las mentes, moldeando el pensamiento hacia el bien, con conciencia y juicio cr\u00edtico; son personas que ejercen el \u00a0oficio de formar a otras personas, respetando las individualidades e instruyendo en\u00a0 la necesidad de una interacci\u00f3n social pac\u00edfica con necesidades b\u00e1sicas satisfechas, siempre aspirando\u00a0\u00a0 a aprender m\u00e1s.<\/p>\n<p>Los buenos maestros tienen una metodolog\u00eda, mientras que los maestros extraordinarios suman la sensibilidad para hablar\u00a0 a los <strong>corazones de los alumnos<\/strong>. En ese rango se ubican \u00a0los <strong>maestros cristianos<\/strong> que \u00a0ense\u00f1an\u00a0 e inscriben en la vida de sus disc\u00edpulos la <strong>Palabra de Dios<\/strong> en las distintas etapas, ejerciendo <strong>el alto oficio<\/strong> durante toda la vida.<\/p>\n<p><em>\u00a0\u201cSobre toda cosa guardada. Guarda tu coraz\u00f3n, porque determina el rumbo de tu vida\u201d<\/em> Prov. 4:23<\/p>\n<p>\u00a0Ellos especialmente me inspiran en\u00a0 esta reflexi\u00f3n, con un profundo sentir. El oficio del maestro es el tercer llamado m\u00e1s enaltecido, ungido sobrenaturalmente para ense\u00f1ar la Palabra de Dios. ( 1\u00aa Cor. 12:28)<\/p>\n<p>El primer lugar de ense\u00f1anza es el hogar donde los padres son los maestros en la iglesia dom\u00e9stica:<\/p>\n<p>\u201c<strong><em>Y estas palabras que yo te mando hoy, \u00a0estar\u00e1n sobre tu coraz\u00f3n; y las repetir\u00e1s a tus hijos<\/em><\/strong><em>, y hablar\u00e1s de ellas estando en tu su casa y andando en el camino, y al acostarte, y cuando te levantes\u201d <\/em>Deut. 6:6-7<\/p>\n<p>Todo\u00a0 <strong>Maestro del Bien<\/strong> obra con\u00a0 el <strong>discernimiento<\/strong>, que permite entender qu\u00e9 viene de Dios y qu\u00e9 no, con el fin de cumplir su Voluntad. El Esp\u00edritu nos inspira amor y nos otorga una visi\u00f3n plena.<\/p>\n<p>&nbsp;<\/p>\n<p>El <strong>entendimiento<\/strong> nos concede escrutar la Palabra de Dios y entender las Verdades que nos revela a trav\u00e9s de la vida de cada uno. Nos ayuda a ver lo que Dios quiere decir o mostrar.<\/p>\n<p>&nbsp;<\/p>\n<p><em>\u201cY les dar\u00e9 coraz\u00f3n para que me conozcan que yo soy Jehov\u00e1 y me ser\u00e1n por pueblo, , y yo les ser\u00e9 por Dios, porque se volver\u00e1n a m\u00ed de todo coraz\u00f3n\u201d<\/em>\u00a0\u00a0 Jer. 24:7\u00a0<\/p>\n<p>&nbsp;<\/p>\n<p>El <strong>conocimiento<\/strong>, nos otorga no un conocimiento terrenal, sino el conocimiento \u00edntimo del pensamiento de Dios, que ve hasta lo profundo de nuestros corazones<\/p>\n<p>&nbsp;<\/p>\n<p>\u00a0La <strong>compasi\u00f3n<\/strong>, apertura total a la Voluntad de Dios que nos inspira a actuar como Jesucristo, dando la vida si es preciso. Es poner a Dios en el centro de la vida y entregarse.<\/p>\n<p>&nbsp;<\/p>\n<p>La <strong>fortaleza<\/strong>, nos ayuda a superar las dificultades y tentaciones en confianza total en nuestro Padre. Hace firme la fe y no deja atemorizar al cristiano ante las amenazas y presiones del enemigo.<\/p>\n<p>&nbsp;<\/p>\n<p>El <strong>temor de Dios<\/strong>, conocer que \u00cbl es el Sumo Bien y que fuera de\u00a0 su Voluntad s\u00f3lo se encuentra amargura y perdici\u00f3n. Hacer lo posible para vivir de acuerdo con los mandamientos de Dios, de modo tal que el \u00a0fruto del Esp\u00edritu Santo se perfeccione en\u00a0 nosotros como primicia de la Gloria Eterna. ( Gal 5: 22-23)<\/p>\n<p>&nbsp;<\/p>\n<p><strong>El don de la ense\u00f1anza<\/strong>: Rom. 12:6-7, 1 Cor. 12:28. Ef. 4:11-13, nos permite ejercer un servicio \u00fanico en el hogar, la congregaci\u00f3n y en cualquier lugar de este mundo donde el Se\u00f1or nos lleve para extender Su Palabra. \u00a0<\/p>\n<p>Simult\u00e1neamente, tal vez \u00a0\u00a0podamos favorecer \u00a0los procesos de ense\u00f1anza-aprendizaje de lecto-escritura, tan necesarios para la comprensi\u00f3n y a veces insuficientes por las complejas realidades sociales y familiares, agravadas a diario como emergentes de un mundo ca\u00eddo.<\/p>\n<p>&nbsp;<\/p>\n<p>Hermanos, digamos <strong>GRACIAS<\/strong> a todos los maestros seculares que nos ense\u00f1aron con dedicaci\u00f3n y una menci\u00f3n especial\u00edsima\u00a0 a los <strong>MAESTROS DE LA PALABRA<\/strong>, hombres y mujeres que dedicaron y dedican sus vidas en favor de la formaci\u00f3n y crecimiento de sus disc\u00edpulos, aqu\u00ed cerca nuestro y en todos los confines de la tierra.<\/p>\n<p>&nbsp;<\/p>\n<p><strong>\u201c<em>Ens\u00e9\u00f1anos a entender la brevedad de la vida para que crezcamos en sabidur\u00eda.\u201d<\/em> Salmo 90:12 <\/strong><\/p>\n<p><strong>\u00a0<\/strong><\/p>\n<p><strong>\u00a1FELIZ Y BENDECIDO D\u00cdA DEL MAESTRO!<\/strong><\/p>\n[\/et_pb_text][\/et_pb_column][\/et_pb_row][\/et_pb_section]\n","protected":false},"excerpt":{"rendered":"<p>\u201cDonde est\u00e9 tu tesoro, all\u00ed estar\u00e1n tambi\u00e9n los deseos de tu coraz\u00f3n\u201d\u00a0 Mateo 6:21 \u00a0El D\u00eda del Maestro en Argentina es el 11 de septiembre, finalizando el invierno. La naturaleza\u00a0 anticipa los aromas, sonidos y colores de la primavera en ciernes, \u00e9poca de sembrar y plantar. Hoy, en nuestro\u00a0 lugarcito\u00a0 familiar en el valle, \u00a0transplantamos [&hellip;]<\/p>\n","protected":false},"author":3,"featured_media":8593,"comment_status":"open","ping_status":"open","sticky":false,"template":"","format":"standard","meta":{"_et_pb_use_builder":"on","_et_pb_old_content":"","_et_gb_content_width":"","footnotes":""},"categories":[3],"tags":[],"class_list":["post-8591","post","type-post","status-publish","format-standard","has-post-thumbnail","hentry","category-reflexiones","et-has-post-format-content","et_post_format-et-post-format-standard"],"yoast_head":"<!-- This site is optimized with the Yoast SEO plugin v27.5 - https:\/\/yoast.com\/product\/yoast-seo-wordpress\/ -->\n<title>Maestros de BIEN - La Revista de Rinc&oacute;n<\/title>\n<meta name=\"description\" content=\"Todo Maestro del Bien obra con el discernimiento, que permite entender qu\u00e9 viene de Dios y qu\u00e9 no, con el fin de cumplir su Voluntad.\" \/>\n<meta name=\"robots\" content=\"index, follow, max-snippet:-1, max-image-preview:large, max-video-preview:-1\" \/>\n<link rel=\"canonical\" href=\"https:\/\/iglesiarincon.org\/revista\/maestros-de-bien\/\" \/>\n<meta property=\"og:locale\" content=\"es_ES\" \/>\n<meta property=\"og:type\" content=\"article\" \/>\n<meta property=\"og:title\" content=\"Maestros de BIEN - La Revista de Rinc&oacute;n\" \/>\n<meta property=\"og:description\" content=\"Todo Maestro del Bien obra con el discernimiento, que permite entender qu\u00e9 viene de Dios y qu\u00e9 no, con el fin de cumplir su Voluntad.\" \/>\n<meta property=\"og:url\" content=\"https:\/\/iglesiarincon.org\/revista\/maestros-de-bien\/\" \/>\n<meta property=\"og:site_name\" content=\"La Revista de Rinc&oacute;n\" \/>\n<meta property=\"article:published_time\" content=\"2024-09-15T13:38:57+00:00\" \/>\n<meta property=\"article:modified_time\" content=\"2024-09-15T13:38:58+00:00\" \/>\n<meta property=\"og:image\" content=\"https:\/\/iglesiarincon.org\/revista\/wp-content\/uploads\/2024\/09\/MAESTRO.jpg\" \/>\n\t<meta property=\"og:image:width\" content=\"1280\" \/>\n\t<meta property=\"og:image:height\" content=\"800\" \/>\n\t<meta property=\"og:image:type\" content=\"image\/jpeg\" \/>\n<meta name=\"author\" content=\"Olga de Pedernera\" \/>\n<meta name=\"twitter:card\" content=\"summary_large_image\" \/>\n<meta name=\"twitter:label1\" content=\"Escrito por\" \/>\n\t<meta name=\"twitter:data1\" content=\"Olga de Pedernera\" \/>\n\t<meta name=\"twitter:label2\" content=\"Tiempo de lectura\" \/>\n\t<meta name=\"twitter:data2\" content=\"1 minuto\" \/>\n<script type=\"application\/ld+json\" class=\"yoast-schema-graph\">{\"@context\":\"https:\\\/\\\/schema.org\",\"@graph\":[{\"@type\":\"Article\",\"@id\":\"https:\\\/\\\/iglesiarincon.org\\\/revista\\\/maestros-de-bien\\\/#article\",\"isPartOf\":{\"@id\":\"https:\\\/\\\/iglesiarincon.org\\\/revista\\\/maestros-de-bien\\\/\"},\"author\":{\"name\":\"Olga de Pedernera\",\"@id\":\"https:\\\/\\\/iglesiarincon.org\\\/revista\\\/#\\\/schema\\\/person\\\/a8b2fdd8f8efe2495a340a0febbe7df4\"},\"headline\":\"Maestros de BIEN\",\"datePublished\":\"2024-09-15T13:38:57+00:00\",\"dateModified\":\"2024-09-15T13:38:58+00:00\",\"mainEntityOfPage\":{\"@id\":\"https:\\\/\\\/iglesiarincon.org\\\/revista\\\/maestros-de-bien\\\/\"},\"wordCount\":849,\"commentCount\":4,\"image\":{\"@id\":\"https:\\\/\\\/iglesiarincon.org\\\/revista\\\/maestros-de-bien\\\/#primaryimage\"},\"thumbnailUrl\":\"https:\\\/\\\/iglesiarincon.org\\\/revista\\\/wp-content\\\/uploads\\\/2024\\\/09\\\/MAESTRO.jpg\",\"articleSection\":[\"Reflexiones\"],\"inLanguage\":\"es\",\"potentialAction\":[{\"@type\":\"CommentAction\",\"name\":\"Comment\",\"target\":[\"https:\\\/\\\/iglesiarincon.org\\\/revista\\\/maestros-de-bien\\\/#respond\"]}]},{\"@type\":\"WebPage\",\"@id\":\"https:\\\/\\\/iglesiarincon.org\\\/revista\\\/maestros-de-bien\\\/\",\"url\":\"https:\\\/\\\/iglesiarincon.org\\\/revista\\\/maestros-de-bien\\\/\",\"name\":\"Maestros de BIEN - La Revista de Rinc&oacute;n\",\"isPartOf\":{\"@id\":\"https:\\\/\\\/iglesiarincon.org\\\/revista\\\/#website\"},\"primaryImageOfPage\":{\"@id\":\"https:\\\/\\\/iglesiarincon.org\\\/revista\\\/maestros-de-bien\\\/#primaryimage\"},\"image\":{\"@id\":\"https:\\\/\\\/iglesiarincon.org\\\/revista\\\/maestros-de-bien\\\/#primaryimage\"},\"thumbnailUrl\":\"https:\\\/\\\/iglesiarincon.org\\\/revista\\\/wp-content\\\/uploads\\\/2024\\\/09\\\/MAESTRO.jpg\",\"datePublished\":\"2024-09-15T13:38:57+00:00\",\"dateModified\":\"2024-09-15T13:38:58+00:00\",\"author\":{\"@id\":\"https:\\\/\\\/iglesiarincon.org\\\/revista\\\/#\\\/schema\\\/person\\\/a8b2fdd8f8efe2495a340a0febbe7df4\"},\"description\":\"Todo Maestro del Bien obra con el discernimiento, que permite entender qu\u00e9 viene de Dios y qu\u00e9 no, con el fin de cumplir su Voluntad.\",\"breadcrumb\":{\"@id\":\"https:\\\/\\\/iglesiarincon.org\\\/revista\\\/maestros-de-bien\\\/#breadcrumb\"},\"inLanguage\":\"es\",\"potentialAction\":[{\"@type\":\"ReadAction\",\"target\":[\"https:\\\/\\\/iglesiarincon.org\\\/revista\\\/maestros-de-bien\\\/\"]}]},{\"@type\":\"ImageObject\",\"inLanguage\":\"es\",\"@id\":\"https:\\\/\\\/iglesiarincon.org\\\/revista\\\/maestros-de-bien\\\/#primaryimage\",\"url\":\"https:\\\/\\\/iglesiarincon.org\\\/revista\\\/wp-content\\\/uploads\\\/2024\\\/09\\\/MAESTRO.jpg\",\"contentUrl\":\"https:\\\/\\\/iglesiarincon.org\\\/revista\\\/wp-content\\\/uploads\\\/2024\\\/09\\\/MAESTRO.jpg\",\"width\":1280,\"height\":800},{\"@type\":\"BreadcrumbList\",\"@id\":\"https:\\\/\\\/iglesiarincon.org\\\/revista\\\/maestros-de-bien\\\/#breadcrumb\",\"itemListElement\":[{\"@type\":\"ListItem\",\"position\":1,\"name\":\"Portada\",\"item\":\"https:\\\/\\\/iglesiarincon.org\\\/revista\\\/\"},{\"@type\":\"ListItem\",\"position\":2,\"name\":\"Maestros de BIEN\"}]},{\"@type\":\"WebSite\",\"@id\":\"https:\\\/\\\/iglesiarincon.org\\\/revista\\\/#website\",\"url\":\"https:\\\/\\\/iglesiarincon.org\\\/revista\\\/\",\"name\":\"La Revista de Rinc&oacute;n\",\"description\":\"Compartiendo lo mejor\",\"potentialAction\":[{\"@type\":\"SearchAction\",\"target\":{\"@type\":\"EntryPoint\",\"urlTemplate\":\"https:\\\/\\\/iglesiarincon.org\\\/revista\\\/?s={search_term_string}\"},\"query-input\":{\"@type\":\"PropertyValueSpecification\",\"valueRequired\":true,\"valueName\":\"search_term_string\"}}],\"inLanguage\":\"es\"},{\"@type\":\"Person\",\"@id\":\"https:\\\/\\\/iglesiarincon.org\\\/revista\\\/#\\\/schema\\\/person\\\/a8b2fdd8f8efe2495a340a0febbe7df4\",\"name\":\"Olga de Pedernera\",\"image\":{\"@type\":\"ImageObject\",\"inLanguage\":\"es\",\"@id\":\"https:\\\/\\\/iglesiarincon.org\\\/revista\\\/wp-content\\\/uploads\\\/2020\\\/05\\\/OLGA-PEDERNERA.jpeg\",\"url\":\"https:\\\/\\\/iglesiarincon.org\\\/revista\\\/wp-content\\\/uploads\\\/2020\\\/05\\\/OLGA-PEDERNERA.jpeg\",\"contentUrl\":\"https:\\\/\\\/iglesiarincon.org\\\/revista\\\/wp-content\\\/uploads\\\/2020\\\/05\\\/OLGA-PEDERNERA.jpeg\",\"caption\":\"Olga de Pedernera\"},\"url\":\"#molongui-disabled-link\"}]}<\/script>\n<!-- \/ Yoast SEO plugin. -->","yoast_head_json":{"title":"Maestros de BIEN - La Revista de Rinc&oacute;n","description":"Todo Maestro del Bien obra con el discernimiento, que permite entender qu\u00e9 viene de Dios y qu\u00e9 no, con el fin de cumplir su Voluntad.","robots":{"index":"index","follow":"follow","max-snippet":"max-snippet:-1","max-image-preview":"max-image-preview:large","max-video-preview":"max-video-preview:-1"},"canonical":"https:\/\/iglesiarincon.org\/revista\/maestros-de-bien\/","og_locale":"es_ES","og_type":"article","og_title":"Maestros de BIEN - La Revista de Rinc&oacute;n","og_description":"Todo Maestro del Bien obra con el discernimiento, que permite entender qu\u00e9 viene de Dios y qu\u00e9 no, con el fin de cumplir su Voluntad.","og_url":"https:\/\/iglesiarincon.org\/revista\/maestros-de-bien\/","og_site_name":"La Revista de Rinc&oacute;n","article_published_time":"2024-09-15T13:38:57+00:00","article_modified_time":"2024-09-15T13:38:58+00:00","og_image":[{"width":1280,"height":800,"url":"https:\/\/iglesiarincon.org\/revista\/wp-content\/uploads\/2024\/09\/MAESTRO.jpg","type":"image\/jpeg"}],"author":"Olga de Pedernera","twitter_card":"summary_large_image","twitter_misc":{"Escrito por":"Olga de Pedernera","Tiempo de lectura":"1 minuto"},"schema":{"@context":"https:\/\/schema.org","@graph":[{"@type":"Article","@id":"https:\/\/iglesiarincon.org\/revista\/maestros-de-bien\/#article","isPartOf":{"@id":"https:\/\/iglesiarincon.org\/revista\/maestros-de-bien\/"},"author":{"name":"Olga de Pedernera","@id":"https:\/\/iglesiarincon.org\/revista\/#\/schema\/person\/a8b2fdd8f8efe2495a340a0febbe7df4"},"headline":"Maestros de BIEN","datePublished":"2024-09-15T13:38:57+00:00","dateModified":"2024-09-15T13:38:58+00:00","mainEntityOfPage":{"@id":"https:\/\/iglesiarincon.org\/revista\/maestros-de-bien\/"},"wordCount":849,"commentCount":4,"image":{"@id":"https:\/\/iglesiarincon.org\/revista\/maestros-de-bien\/#primaryimage"},"thumbnailUrl":"https:\/\/iglesiarincon.org\/revista\/wp-content\/uploads\/2024\/09\/MAESTRO.jpg","articleSection":["Reflexiones"],"inLanguage":"es","potentialAction":[{"@type":"CommentAction","name":"Comment","target":["https:\/\/iglesiarincon.org\/revista\/maestros-de-bien\/#respond"]}]},{"@type":"WebPage","@id":"https:\/\/iglesiarincon.org\/revista\/maestros-de-bien\/","url":"https:\/\/iglesiarincon.org\/revista\/maestros-de-bien\/","name":"Maestros de BIEN - La Revista de Rinc&oacute;n","isPartOf":{"@id":"https:\/\/iglesiarincon.org\/revista\/#website"},"primaryImageOfPage":{"@id":"https:\/\/iglesiarincon.org\/revista\/maestros-de-bien\/#primaryimage"},"image":{"@id":"https:\/\/iglesiarincon.org\/revista\/maestros-de-bien\/#primaryimage"},"thumbnailUrl":"https:\/\/iglesiarincon.org\/revista\/wp-content\/uploads\/2024\/09\/MAESTRO.jpg","datePublished":"2024-09-15T13:38:57+00:00","dateModified":"2024-09-15T13:38:58+00:00","author":{"@id":"https:\/\/iglesiarincon.org\/revista\/#\/schema\/person\/a8b2fdd8f8efe2495a340a0febbe7df4"},"description":"Todo Maestro del Bien obra con el discernimiento, que permite entender qu\u00e9 viene de Dios y qu\u00e9 no, con el fin de cumplir su Voluntad.","breadcrumb":{"@id":"https:\/\/iglesiarincon.org\/revista\/maestros-de-bien\/#breadcrumb"},"inLanguage":"es","potentialAction":[{"@type":"ReadAction","target":["https:\/\/iglesiarincon.org\/revista\/maestros-de-bien\/"]}]},{"@type":"ImageObject","inLanguage":"es","@id":"https:\/\/iglesiarincon.org\/revista\/maestros-de-bien\/#primaryimage","url":"https:\/\/iglesiarincon.org\/revista\/wp-content\/uploads\/2024\/09\/MAESTRO.jpg","contentUrl":"https:\/\/iglesiarincon.org\/revista\/wp-content\/uploads\/2024\/09\/MAESTRO.jpg","width":1280,"height":800},{"@type":"BreadcrumbList","@id":"https:\/\/iglesiarincon.org\/revista\/maestros-de-bien\/#breadcrumb","itemListElement":[{"@type":"ListItem","position":1,"name":"Portada","item":"https:\/\/iglesiarincon.org\/revista\/"},{"@type":"ListItem","position":2,"name":"Maestros de BIEN"}]},{"@type":"WebSite","@id":"https:\/\/iglesiarincon.org\/revista\/#website","url":"https:\/\/iglesiarincon.org\/revista\/","name":"La Revista de Rinc&oacute;n","description":"Compartiendo lo mejor","potentialAction":[{"@type":"SearchAction","target":{"@type":"EntryPoint","urlTemplate":"https:\/\/iglesiarincon.org\/revista\/?s={search_term_string}"},"query-input":{"@type":"PropertyValueSpecification","valueRequired":true,"valueName":"search_term_string"}}],"inLanguage":"es"},{"@type":"Person","@id":"https:\/\/iglesiarincon.org\/revista\/#\/schema\/person\/a8b2fdd8f8efe2495a340a0febbe7df4","name":"Olga de Pedernera","image":{"@type":"ImageObject","inLanguage":"es","@id":"https:\/\/iglesiarincon.org\/revista\/wp-content\/uploads\/2020\/05\/OLGA-PEDERNERA.jpeg","url":"https:\/\/iglesiarincon.org\/revista\/wp-content\/uploads\/2020\/05\/OLGA-PEDERNERA.jpeg","contentUrl":"https:\/\/iglesiarincon.org\/revista\/wp-content\/uploads\/2020\/05\/OLGA-PEDERNERA.jpeg","caption":"Olga de Pedernera"},"url":"#molongui-disabled-link"}]}},"_links":{"self":[{"href":"https:\/\/iglesiarincon.org\/revista\/wp-json\/wp\/v2\/posts\/8591","targetHints":{"allow":["GET"]}}],"collection":[{"href":"https:\/\/iglesiarincon.org\/revista\/wp-json\/wp\/v2\/posts"}],"about":[{"href":"https:\/\/iglesiarincon.org\/revista\/wp-json\/wp\/v2\/types\/post"}],"author":[{"embeddable":true,"href":"https:\/\/iglesiarincon.org\/revista\/wp-json\/wp\/v2\/users\/3"}],"replies":[{"embeddable":true,"href":"https:\/\/iglesiarincon.org\/revista\/wp-json\/wp\/v2\/comments?post=8591"}],"version-history":[{"count":2,"href":"https:\/\/iglesiarincon.org\/revista\/wp-json\/wp\/v2\/posts\/8591\/revisions"}],"predecessor-version":[{"id":8595,"href":"https:\/\/iglesiarincon.org\/revista\/wp-json\/wp\/v2\/posts\/8591\/revisions\/8595"}],"wp:featuredmedia":[{"embeddable":true,"href":"https:\/\/iglesiarincon.org\/revista\/wp-json\/wp\/v2\/media\/8593"}],"wp:attachment":[{"href":"https:\/\/iglesiarincon.org\/revista\/wp-json\/wp\/v2\/media?parent=8591"}],"wp:term":[{"taxonomy":"category","embeddable":true,"href":"https:\/\/iglesiarincon.org\/revista\/wp-json\/wp\/v2\/categories?post=8591"},{"taxonomy":"post_tag","embeddable":true,"href":"https:\/\/iglesiarincon.org\/revista\/wp-json\/wp\/v2\/tags?post=8591"}],"curies":[{"name":"wp","href":"https:\/\/api.w.org\/{rel}","templated":true}]}}