{"id":8582,"date":"2024-06-15T23:42:56","date_gmt":"2024-06-16T02:42:56","guid":{"rendered":"https:\/\/iglesiarincon.org\/revista\/?p=8582"},"modified":"2024-06-15T23:43:05","modified_gmt":"2024-06-16T02:43:05","slug":"en-el-hueco-de-tu-mano-padre","status":"publish","type":"post","link":"https:\/\/iglesiarincon.org\/revista\/en-el-hueco-de-tu-mano-padre\/","title":{"rendered":"En el hueco de tu mano, Padre"},"content":{"rendered":"\n[et_pb_section fb_built=\u00bb1&#8243; theme_builder_area=\u00bbpost_content\u00bb _builder_version=\u00bb4.25.1&#8243; _module_preset=\u00bbdefault\u00bb][et_pb_row _builder_version=\u00bb4.25.1&#8243; _module_preset=\u00bbdefault\u00bb theme_builder_area=\u00bbpost_content\u00bb][et_pb_column _builder_version=\u00bb4.25.1&#8243; _module_preset=\u00bbdefault\u00bb type=\u00bb4_4&#8243; theme_builder_area=\u00bbpost_content\u00bb][et_pb_text _builder_version=\u00bb4.25.1&#8243; _module_preset=\u00bbdefault\u00bb theme_builder_area=\u00bbpost_content\u00bb text_font_size=\u00bb18px\u00bb hover_enabled=\u00bb0&#8243; sticky_enabled=\u00bb0&#8243;]<p>Llevo tiempo sin escribir por ac\u00e1 y vuelvo a este, mi espacio nativo, donde me siento en casa. Esto es hablar de hogar, familia, iglesia. Aqu\u00ed est\u00e1 el <strong>Padre<\/strong> presidiendo nuestras vidas y cobij\u00e1ndonos\u00a0 en <strong>el hueco de su mano. <\/strong>Ese, nuestro Padre celestial, nos dio\u00a0 a cada uno un padre terrenal.<\/p>\n<p>Soy hija \u00fanica de un sabio var\u00f3n de Dios, ojos azules \u00a0transparentes, \u00a0de dulce palabra, gesto humilde y firme, autoridad plena como hijo de Dios. Ya descansa\u00a0 a su lado, yo lo recuerdo cada d\u00eda con mucha alegr\u00eda.<\/p>\n<p>\u00a0Antonio de nombre, yo siempre lo llam\u00e9 \u201cpadre\u201d, sin diminutivos. Tal autoridad me inspiraba ese hombre, quien junto a mi madre encendi\u00f3 esa chispa de amor en la que me convert\u00ed y por lo que nunca alcanzar\u00e9 a agradecer suficientemente. \u00a0<\/p>\n<p>El d\u00eda \u00a0que un hombre se convierte en padre, adquiere un honor y tambi\u00e9n una deuda que\u00a0 debe honrar en un acto de amor, cumpliendo el mandato que nos llega desde el principio: G\u00e9n. 1: 27-28<\/p>\n<p><em>\u201c\u2026a imagen de Dios los cre\u00f3, var\u00f3n y hembra los cre\u00f3. Y los bendijo Dios y les dijo: Fructificad y multiplicaos; llenad la tierra\u2026\u201d<\/em><\/p>\n<p>La palabra \u201cPADRE\u201d \u00a0aparece abundantemente en la Biblia y tambi\u00e9n en el lenguaje mundano, muchas veces sesgado \u00a0este \u00faltimo, por el vac\u00edo de contenido o la tergiversaci\u00f3n que gobierna la sociedad, lejos de los principios escriturales.<\/p>\n<p>Por lo que junto a todos los padres, \u00a0especialmente los j\u00f3venes, repasemos en un\u00a0 breve\u00a0 esbozo algunos rasgos b\u00e1sicos de la paternidad:<\/p>\n<ul>\n<li>Guiar al conocimiento de la Palabra de Dios, ense\u00f1ando el Amor incondicional, partiendo del hogar desde la infancia, siendo la iglesia dom\u00e9stica \u00a0donde nace el germen de una vida de santidad.<\/li>\n<\/ul>\n<p><em>\u201cAmar\u00e1s al Se\u00f1or con todo tu coraz\u00f3n, con toda tu alma y con toda tu fuerza\u2026Y diligentemente las ense\u00f1ar\u00e1s a tus hijos, y hablar\u00e1s de ellas cuando te sientes en tu casa\u2026\u201d\u00a0 <\/em>Deut. 6:5-8<\/p>\n<ul>\n<li>Aceptar la correcci\u00f3n de Dios y la del padre, para ense\u00f1arles a sus hijos la importancia de los propios actos<\/li>\n<\/ul>\n<p><em>\u201cHijo m\u00edo, no desprecies la disciplina del Se\u00f1or, ni te ofendas por sus reprensiones. Porque el Se\u00f1or disciplina a los que ama, como corrige un padre a sus hijo querido\u201d<\/em>\u00a0 Prov. 3:11-<\/p>\n<p>\u201cEl Se\u00f1or<em> nuestro Dios tiene secretos que nadie conoce. No se pedir\u00e1 cuenta de ellos. Sin embargo, nosotros y nuestros hijos somos responsables por siempre de todo lo que se nos ha revelado, a fin de que obedezcamos todas las condiciones de estas instrucciones\u201d<\/em> Deut.29:29<\/p>\n<ul>\n<li>Los <strong>padres<\/strong> j\u00f3venes tengan siempre presente que <strong>el \u00a0hueco de<\/strong>\u00a0 <strong>sus manos<\/strong> contiene\u00a0 perlas preciosas, sus hijos, que el Se\u00f1or les\u00a0 dio para criarlos y educarlos con amor. No hay tarea que se compare, por lo que es una decisi\u00f3n trascendente siendo\u00a0 \u00a0obedientes al Padre.<\/li>\n<\/ul>\n<p><em>\u201cEl que obedece al Se\u00f1or ya tiene refugio para \u00e9l y para sus hijos\u201d <\/em>Prov.14: 2<\/p>\n<p>Los padres mayores saben del tesoro que tienen eternamente en sus manos, es extraordinario el amor filial entre padre e hijos. Luego deviene en amor \u00e1gape, entrega total a la disoluci\u00f3n del ego fr\u00e1gil en ese oc\u00e9ano de amor infinito.<\/p>\n<p><em>\u201cHonra a tu padre y a tu madre, que es el primer mandamiento con promesa; para que te vaya bien, y seas de larga vida sobre la tierra. Y vosotros, padres, no provoqu\u00e9is a ira a vuestros hijos, sino criadlos en disciplina y amonestaci\u00f3n\u201d<\/em> Efesios 6: 2-4<\/p>\n<p>In memoriam de mi amado padre, \u00a0pater familia! \u00a0Mi gratitud por haber preparado la\u00a0 morada terrenal que habito \u00a0en \u00a0mi retiro, mientras aguardo el hogar celestial que mi Padre Jehov\u00e1 me ha preparado en el cielo!\u00a0 AMEN!<\/p>\n<p><strong>Sea toda la Gloria y la Honra a nuestro Padre Celestial !!!<\/strong><\/p>\n<p>&nbsp;<\/p>\n<p><strong>\u00a1FELIZ D\u00cdA DEL PADRE PARA TODOS, CON LA BENDICI\u00d3N DE LO ALTO!<\/strong><\/p>[\/et_pb_text][\/et_pb_column][\/et_pb_row][\/et_pb_section]\n","protected":false},"excerpt":{"rendered":"<p>Llevo tiempo sin escribir por ac\u00e1 y vuelvo a este, mi espacio nativo, donde me siento en casa. Esto es hablar de hogar, familia, iglesia. Aqu\u00ed est\u00e1 el Padre presidiendo nuestras vidas y cobij\u00e1ndonos\u00a0 en el hueco de su mano. Ese, nuestro Padre celestial, nos dio\u00a0 a cada uno un padre terrenal. Soy hija \u00fanica [&hellip;]<\/p>\n","protected":false},"author":3,"featured_media":8584,"comment_status":"open","ping_status":"open","sticky":false,"template":"","format":"standard","meta":{"_et_pb_use_builder":"on","_et_pb_old_content":"","_et_gb_content_width":"","footnotes":""},"categories":[8,3],"tags":[],"class_list":["post-8582","post","type-post","status-publish","format-standard","has-post-thumbnail","hentry","category-mujeres-virtuosas","category-reflexiones","et-has-post-format-content","et_post_format-et-post-format-standard"],"yoast_head":"<!-- This site is optimized with the Yoast SEO plugin v27.5 - https:\/\/yoast.com\/product\/yoast-seo-wordpress\/ -->\n<title>En el hueco de tu mano, Padre - La Revista de Rinc&oacute;n<\/title>\n<meta name=\"description\" content=\"El est\u00e1 siempre presidiendo nuestras vidas y cobij\u00e1ndonos en el hueco de su mano, El es nuestro Padre celestial!\" \/>\n<meta name=\"robots\" content=\"index, follow, max-snippet:-1, max-image-preview:large, max-video-preview:-1\" \/>\n<link rel=\"canonical\" href=\"https:\/\/iglesiarincon.org\/revista\/en-el-hueco-de-tu-mano-padre\/\" \/>\n<meta property=\"og:locale\" content=\"es_ES\" \/>\n<meta property=\"og:type\" content=\"article\" \/>\n<meta property=\"og:title\" content=\"En el hueco de tu mano, Padre - La Revista de Rinc&oacute;n\" \/>\n<meta property=\"og:description\" content=\"El est\u00e1 siempre presidiendo nuestras vidas y cobij\u00e1ndonos en el hueco de su mano, El es nuestro Padre celestial!\" \/>\n<meta property=\"og:url\" content=\"https:\/\/iglesiarincon.org\/revista\/en-el-hueco-de-tu-mano-padre\/\" \/>\n<meta property=\"og:site_name\" content=\"La Revista de Rinc&oacute;n\" \/>\n<meta property=\"article:published_time\" content=\"2024-06-16T02:42:56+00:00\" \/>\n<meta property=\"article:modified_time\" content=\"2024-06-16T02:43:05+00:00\" \/>\n<meta property=\"og:image\" content=\"https:\/\/iglesiarincon.org\/revista\/wp-content\/uploads\/2024\/06\/padre.jpg\" \/>\n\t<meta property=\"og:image:width\" content=\"1280\" \/>\n\t<meta property=\"og:image:height\" content=\"853\" \/>\n\t<meta property=\"og:image:type\" content=\"image\/jpeg\" \/>\n<meta name=\"author\" content=\"Olga de Pedernera\" \/>\n<meta name=\"twitter:card\" content=\"summary_large_image\" \/>\n<meta name=\"twitter:label1\" content=\"Escrito por\" \/>\n\t<meta name=\"twitter:data1\" content=\"Olga de Pedernera\" \/>\n\t<meta name=\"twitter:label2\" content=\"Tiempo de lectura\" \/>\n\t<meta name=\"twitter:data2\" content=\"4 minutos\" \/>\n<script type=\"application\/ld+json\" class=\"yoast-schema-graph\">{\"@context\":\"https:\\\/\\\/schema.org\",\"@graph\":[{\"@type\":\"Article\",\"@id\":\"https:\\\/\\\/iglesiarincon.org\\\/revista\\\/en-el-hueco-de-tu-mano-padre\\\/#article\",\"isPartOf\":{\"@id\":\"https:\\\/\\\/iglesiarincon.org\\\/revista\\\/en-el-hueco-de-tu-mano-padre\\\/\"},\"author\":{\"name\":\"Olga de Pedernera\",\"@id\":\"https:\\\/\\\/iglesiarincon.org\\\/revista\\\/#\\\/schema\\\/person\\\/a8b2fdd8f8efe2495a340a0febbe7df4\"},\"headline\":\"En el hueco de tu mano, Padre\",\"datePublished\":\"2024-06-16T02:42:56+00:00\",\"dateModified\":\"2024-06-16T02:43:05+00:00\",\"mainEntityOfPage\":{\"@id\":\"https:\\\/\\\/iglesiarincon.org\\\/revista\\\/en-el-hueco-de-tu-mano-padre\\\/\"},\"wordCount\":737,\"commentCount\":1,\"image\":{\"@id\":\"https:\\\/\\\/iglesiarincon.org\\\/revista\\\/en-el-hueco-de-tu-mano-padre\\\/#primaryimage\"},\"thumbnailUrl\":\"https:\\\/\\\/iglesiarincon.org\\\/revista\\\/wp-content\\\/uploads\\\/2024\\\/06\\\/padre.jpg\",\"articleSection\":[\"Mujeres virtuosas\",\"Reflexiones\"],\"inLanguage\":\"es\",\"potentialAction\":[{\"@type\":\"CommentAction\",\"name\":\"Comment\",\"target\":[\"https:\\\/\\\/iglesiarincon.org\\\/revista\\\/en-el-hueco-de-tu-mano-padre\\\/#respond\"]}]},{\"@type\":\"WebPage\",\"@id\":\"https:\\\/\\\/iglesiarincon.org\\\/revista\\\/en-el-hueco-de-tu-mano-padre\\\/\",\"url\":\"https:\\\/\\\/iglesiarincon.org\\\/revista\\\/en-el-hueco-de-tu-mano-padre\\\/\",\"name\":\"En el hueco de tu mano, Padre - La Revista de Rinc&oacute;n\",\"isPartOf\":{\"@id\":\"https:\\\/\\\/iglesiarincon.org\\\/revista\\\/#website\"},\"primaryImageOfPage\":{\"@id\":\"https:\\\/\\\/iglesiarincon.org\\\/revista\\\/en-el-hueco-de-tu-mano-padre\\\/#primaryimage\"},\"image\":{\"@id\":\"https:\\\/\\\/iglesiarincon.org\\\/revista\\\/en-el-hueco-de-tu-mano-padre\\\/#primaryimage\"},\"thumbnailUrl\":\"https:\\\/\\\/iglesiarincon.org\\\/revista\\\/wp-content\\\/uploads\\\/2024\\\/06\\\/padre.jpg\",\"datePublished\":\"2024-06-16T02:42:56+00:00\",\"dateModified\":\"2024-06-16T02:43:05+00:00\",\"author\":{\"@id\":\"https:\\\/\\\/iglesiarincon.org\\\/revista\\\/#\\\/schema\\\/person\\\/a8b2fdd8f8efe2495a340a0febbe7df4\"},\"description\":\"El est\u00e1 siempre presidiendo nuestras vidas y cobij\u00e1ndonos en el hueco de su mano, El es nuestro Padre celestial!\",\"breadcrumb\":{\"@id\":\"https:\\\/\\\/iglesiarincon.org\\\/revista\\\/en-el-hueco-de-tu-mano-padre\\\/#breadcrumb\"},\"inLanguage\":\"es\",\"potentialAction\":[{\"@type\":\"ReadAction\",\"target\":[\"https:\\\/\\\/iglesiarincon.org\\\/revista\\\/en-el-hueco-de-tu-mano-padre\\\/\"]}]},{\"@type\":\"ImageObject\",\"inLanguage\":\"es\",\"@id\":\"https:\\\/\\\/iglesiarincon.org\\\/revista\\\/en-el-hueco-de-tu-mano-padre\\\/#primaryimage\",\"url\":\"https:\\\/\\\/iglesiarincon.org\\\/revista\\\/wp-content\\\/uploads\\\/2024\\\/06\\\/padre.jpg\",\"contentUrl\":\"https:\\\/\\\/iglesiarincon.org\\\/revista\\\/wp-content\\\/uploads\\\/2024\\\/06\\\/padre.jpg\",\"width\":1280,\"height\":853},{\"@type\":\"BreadcrumbList\",\"@id\":\"https:\\\/\\\/iglesiarincon.org\\\/revista\\\/en-el-hueco-de-tu-mano-padre\\\/#breadcrumb\",\"itemListElement\":[{\"@type\":\"ListItem\",\"position\":1,\"name\":\"Portada\",\"item\":\"https:\\\/\\\/iglesiarincon.org\\\/revista\\\/\"},{\"@type\":\"ListItem\",\"position\":2,\"name\":\"En el hueco de tu mano, Padre\"}]},{\"@type\":\"WebSite\",\"@id\":\"https:\\\/\\\/iglesiarincon.org\\\/revista\\\/#website\",\"url\":\"https:\\\/\\\/iglesiarincon.org\\\/revista\\\/\",\"name\":\"La Revista de Rinc&oacute;n\",\"description\":\"Compartiendo lo mejor\",\"potentialAction\":[{\"@type\":\"SearchAction\",\"target\":{\"@type\":\"EntryPoint\",\"urlTemplate\":\"https:\\\/\\\/iglesiarincon.org\\\/revista\\\/?s={search_term_string}\"},\"query-input\":{\"@type\":\"PropertyValueSpecification\",\"valueRequired\":true,\"valueName\":\"search_term_string\"}}],\"inLanguage\":\"es\"},{\"@type\":\"Person\",\"@id\":\"https:\\\/\\\/iglesiarincon.org\\\/revista\\\/#\\\/schema\\\/person\\\/a8b2fdd8f8efe2495a340a0febbe7df4\",\"name\":\"Olga de Pedernera\",\"image\":{\"@type\":\"ImageObject\",\"inLanguage\":\"es\",\"@id\":\"https:\\\/\\\/iglesiarincon.org\\\/revista\\\/wp-content\\\/uploads\\\/2020\\\/05\\\/OLGA-PEDERNERA.jpeg\",\"url\":\"https:\\\/\\\/iglesiarincon.org\\\/revista\\\/wp-content\\\/uploads\\\/2020\\\/05\\\/OLGA-PEDERNERA.jpeg\",\"contentUrl\":\"https:\\\/\\\/iglesiarincon.org\\\/revista\\\/wp-content\\\/uploads\\\/2020\\\/05\\\/OLGA-PEDERNERA.jpeg\",\"caption\":\"Olga de Pedernera\"},\"url\":\"#molongui-disabled-link\"}]}<\/script>\n<!-- \/ Yoast SEO plugin. -->","yoast_head_json":{"title":"En el hueco de tu mano, Padre - La Revista de Rinc&oacute;n","description":"El est\u00e1 siempre presidiendo nuestras vidas y cobij\u00e1ndonos en el hueco de su mano, El es nuestro Padre celestial!","robots":{"index":"index","follow":"follow","max-snippet":"max-snippet:-1","max-image-preview":"max-image-preview:large","max-video-preview":"max-video-preview:-1"},"canonical":"https:\/\/iglesiarincon.org\/revista\/en-el-hueco-de-tu-mano-padre\/","og_locale":"es_ES","og_type":"article","og_title":"En el hueco de tu mano, Padre - La Revista de Rinc&oacute;n","og_description":"El est\u00e1 siempre presidiendo nuestras vidas y cobij\u00e1ndonos en el hueco de su mano, El es nuestro Padre celestial!","og_url":"https:\/\/iglesiarincon.org\/revista\/en-el-hueco-de-tu-mano-padre\/","og_site_name":"La Revista de Rinc&oacute;n","article_published_time":"2024-06-16T02:42:56+00:00","article_modified_time":"2024-06-16T02:43:05+00:00","og_image":[{"width":1280,"height":853,"url":"https:\/\/iglesiarincon.org\/revista\/wp-content\/uploads\/2024\/06\/padre.jpg","type":"image\/jpeg"}],"author":"Olga de Pedernera","twitter_card":"summary_large_image","twitter_misc":{"Escrito por":"Olga de Pedernera","Tiempo de lectura":"4 minutos"},"schema":{"@context":"https:\/\/schema.org","@graph":[{"@type":"Article","@id":"https:\/\/iglesiarincon.org\/revista\/en-el-hueco-de-tu-mano-padre\/#article","isPartOf":{"@id":"https:\/\/iglesiarincon.org\/revista\/en-el-hueco-de-tu-mano-padre\/"},"author":{"name":"Olga de Pedernera","@id":"https:\/\/iglesiarincon.org\/revista\/#\/schema\/person\/a8b2fdd8f8efe2495a340a0febbe7df4"},"headline":"En el hueco de tu mano, Padre","datePublished":"2024-06-16T02:42:56+00:00","dateModified":"2024-06-16T02:43:05+00:00","mainEntityOfPage":{"@id":"https:\/\/iglesiarincon.org\/revista\/en-el-hueco-de-tu-mano-padre\/"},"wordCount":737,"commentCount":1,"image":{"@id":"https:\/\/iglesiarincon.org\/revista\/en-el-hueco-de-tu-mano-padre\/#primaryimage"},"thumbnailUrl":"https:\/\/iglesiarincon.org\/revista\/wp-content\/uploads\/2024\/06\/padre.jpg","articleSection":["Mujeres virtuosas","Reflexiones"],"inLanguage":"es","potentialAction":[{"@type":"CommentAction","name":"Comment","target":["https:\/\/iglesiarincon.org\/revista\/en-el-hueco-de-tu-mano-padre\/#respond"]}]},{"@type":"WebPage","@id":"https:\/\/iglesiarincon.org\/revista\/en-el-hueco-de-tu-mano-padre\/","url":"https:\/\/iglesiarincon.org\/revista\/en-el-hueco-de-tu-mano-padre\/","name":"En el hueco de tu mano, Padre - La Revista de Rinc&oacute;n","isPartOf":{"@id":"https:\/\/iglesiarincon.org\/revista\/#website"},"primaryImageOfPage":{"@id":"https:\/\/iglesiarincon.org\/revista\/en-el-hueco-de-tu-mano-padre\/#primaryimage"},"image":{"@id":"https:\/\/iglesiarincon.org\/revista\/en-el-hueco-de-tu-mano-padre\/#primaryimage"},"thumbnailUrl":"https:\/\/iglesiarincon.org\/revista\/wp-content\/uploads\/2024\/06\/padre.jpg","datePublished":"2024-06-16T02:42:56+00:00","dateModified":"2024-06-16T02:43:05+00:00","author":{"@id":"https:\/\/iglesiarincon.org\/revista\/#\/schema\/person\/a8b2fdd8f8efe2495a340a0febbe7df4"},"description":"El est\u00e1 siempre presidiendo nuestras vidas y cobij\u00e1ndonos en el hueco de su mano, El es nuestro Padre celestial!","breadcrumb":{"@id":"https:\/\/iglesiarincon.org\/revista\/en-el-hueco-de-tu-mano-padre\/#breadcrumb"},"inLanguage":"es","potentialAction":[{"@type":"ReadAction","target":["https:\/\/iglesiarincon.org\/revista\/en-el-hueco-de-tu-mano-padre\/"]}]},{"@type":"ImageObject","inLanguage":"es","@id":"https:\/\/iglesiarincon.org\/revista\/en-el-hueco-de-tu-mano-padre\/#primaryimage","url":"https:\/\/iglesiarincon.org\/revista\/wp-content\/uploads\/2024\/06\/padre.jpg","contentUrl":"https:\/\/iglesiarincon.org\/revista\/wp-content\/uploads\/2024\/06\/padre.jpg","width":1280,"height":853},{"@type":"BreadcrumbList","@id":"https:\/\/iglesiarincon.org\/revista\/en-el-hueco-de-tu-mano-padre\/#breadcrumb","itemListElement":[{"@type":"ListItem","position":1,"name":"Portada","item":"https:\/\/iglesiarincon.org\/revista\/"},{"@type":"ListItem","position":2,"name":"En el hueco de tu mano, Padre"}]},{"@type":"WebSite","@id":"https:\/\/iglesiarincon.org\/revista\/#website","url":"https:\/\/iglesiarincon.org\/revista\/","name":"La Revista de Rinc&oacute;n","description":"Compartiendo lo mejor","potentialAction":[{"@type":"SearchAction","target":{"@type":"EntryPoint","urlTemplate":"https:\/\/iglesiarincon.org\/revista\/?s={search_term_string}"},"query-input":{"@type":"PropertyValueSpecification","valueRequired":true,"valueName":"search_term_string"}}],"inLanguage":"es"},{"@type":"Person","@id":"https:\/\/iglesiarincon.org\/revista\/#\/schema\/person\/a8b2fdd8f8efe2495a340a0febbe7df4","name":"Olga de Pedernera","image":{"@type":"ImageObject","inLanguage":"es","@id":"https:\/\/iglesiarincon.org\/revista\/wp-content\/uploads\/2020\/05\/OLGA-PEDERNERA.jpeg","url":"https:\/\/iglesiarincon.org\/revista\/wp-content\/uploads\/2020\/05\/OLGA-PEDERNERA.jpeg","contentUrl":"https:\/\/iglesiarincon.org\/revista\/wp-content\/uploads\/2020\/05\/OLGA-PEDERNERA.jpeg","caption":"Olga de Pedernera"},"url":"#molongui-disabled-link"}]}},"_links":{"self":[{"href":"https:\/\/iglesiarincon.org\/revista\/wp-json\/wp\/v2\/posts\/8582","targetHints":{"allow":["GET"]}}],"collection":[{"href":"https:\/\/iglesiarincon.org\/revista\/wp-json\/wp\/v2\/posts"}],"about":[{"href":"https:\/\/iglesiarincon.org\/revista\/wp-json\/wp\/v2\/types\/post"}],"author":[{"embeddable":true,"href":"https:\/\/iglesiarincon.org\/revista\/wp-json\/wp\/v2\/users\/3"}],"replies":[{"embeddable":true,"href":"https:\/\/iglesiarincon.org\/revista\/wp-json\/wp\/v2\/comments?post=8582"}],"version-history":[{"count":4,"href":"https:\/\/iglesiarincon.org\/revista\/wp-json\/wp\/v2\/posts\/8582\/revisions"}],"predecessor-version":[{"id":8587,"href":"https:\/\/iglesiarincon.org\/revista\/wp-json\/wp\/v2\/posts\/8582\/revisions\/8587"}],"wp:featuredmedia":[{"embeddable":true,"href":"https:\/\/iglesiarincon.org\/revista\/wp-json\/wp\/v2\/media\/8584"}],"wp:attachment":[{"href":"https:\/\/iglesiarincon.org\/revista\/wp-json\/wp\/v2\/media?parent=8582"}],"wp:term":[{"taxonomy":"category","embeddable":true,"href":"https:\/\/iglesiarincon.org\/revista\/wp-json\/wp\/v2\/categories?post=8582"},{"taxonomy":"post_tag","embeddable":true,"href":"https:\/\/iglesiarincon.org\/revista\/wp-json\/wp\/v2\/tags?post=8582"}],"curies":[{"name":"wp","href":"https:\/\/api.w.org\/{rel}","templated":true}]}}