{"id":8520,"date":"2024-02-20T08:49:54","date_gmt":"2024-02-20T11:49:54","guid":{"rendered":"https:\/\/iglesiarincon.org\/revista\/?p=8520"},"modified":"2024-02-20T08:49:55","modified_gmt":"2024-02-20T11:49:55","slug":"demostracion","status":"publish","type":"post","link":"https:\/\/iglesiarincon.org\/revista\/demostracion\/","title":{"rendered":"Demostraci\u00f3n"},"content":{"rendered":"[et_pb_section fb_built=\u00bb1&#8243; _builder_version=\u00bb4.16&#8243; _module_preset=\u00bbdefault\u00bb global_colors_info=\u00bb{}\u00bb][et_pb_row _builder_version=\u00bb4.16&#8243; _module_preset=\u00bbdefault\u00bb global_colors_info=\u00bb{}\u00bb][et_pb_column type=\u00bb4_4&#8243; _builder_version=\u00bb4.16&#8243; _module_preset=\u00bbdefault\u00bb global_colors_info=\u00bb{}\u00bb][et_pb_text _builder_version=\u00bb4.24.0&#8243; _module_preset=\u00bbdefault\u00bb text_font=\u00bbTrebuchet||||||||\u00bb text_font_size=\u00bb17px\u00bb text_text_shadow_style=\u00bbpreset3&#8243; global_colors_info=\u00bb{}\u00bb]\n<p style=\"text-align: center;\">\u00abTodo fue creado por medio de \u00c9l y para \u00c9l.\u00bb<\/p>\n<p style=\"text-align: center;\">Colosenses 1:16<\/p>\n[\/et_pb_text][et_pb_text _builder_version=\u00bb4.24.0&#8243; _module_preset=\u00bbdefault\u00bb text_font=\u00bbTrebuchet||||||||\u00bb text_font_size=\u00bb17px\u00bb global_colors_info=\u00bb{}\u00bb]\n<p>Durante el verano, Buenos Aires padece por lo general much\u00edsimo calor. Se hace casi insoportable la vida. No hay respiro. Dormir, viajar en tren o en subte, cocinar, trabajar, usar la ropa, caminar, es un suplicio.<\/p>\n<p>En esos d\u00edas tan pesados no hay nada mas agradable que levantarse y ver que llueve. El aire se torna m\u00e1s liviano y fresco, se puede respirar. Como todas las ma\u00f1anas de los \u00faltimos a\u00f1os voy a tomar el tren. Es la misma estaci\u00f3n de siempre, el camino de siempre. Pero con la frescura de la lluvia se los ve distintos.<\/p>\n<p>Sin darme cuenta iba cantando una canci\u00f3n que habla de una relaci\u00f3n personal con Jesucristo:<\/p>\n[\/et_pb_text][et_pb_text _builder_version=\u00bb4.16&#8243; _module_preset=\u00bbdefault\u00bb text_font=\u00bbTrebuchet||||||||\u00bb text_text_color=\u00bb#000038&#8243; text_font_size=\u00bb17px\u00bb text_text_shadow_style=\u00bbpreset3&#8243; global_colors_info=\u00bb{}\u00bb]\n<p>Me dice que me ama y que conmigo quiere estar.<br \/>Me dice que me busca cuando salgo yo a pasear,<br \/>que ha hecho lo que existe para llamar mi atenci\u00f3n, que quiere conquistar y alegrar mi coraz\u00f3n.<strong><\/strong><\/p>\n[\/et_pb_text][et_pb_text _builder_version=\u00bb4.24.0&#8243; _module_preset=\u00bbdefault\u00bb text_font=\u00bbTrebuchet||||||||\u00bb text_font_size=\u00bb17px\u00bb global_colors_info=\u00bb{}\u00bb]\n<p>Y la vieja estaci\u00f3n de siempre me pareci\u00f3 m\u00e1s linda. Hab\u00eda un t\u00fanel de \u00e1rboles que proteg\u00eda las v\u00edas, la lluvia hab\u00eda humedecido el piso y ca\u00eda por entre las ramas, el viento fresco acariciaba mi cara y me daban m\u00e1s ganas de vivir. Jesucristo me dec\u00eda que me amaba y que preparaba este d\u00eda para m\u00ed.\u00a0<\/p>\n<p>Es cierto que ayer, cuando me derret\u00eda caminando por las hirvientes calles, no lo pensaba y que es dif\u00edcil ver la creaci\u00f3n de Dios en medio de la jungla de cemento. Pero hay que darle la oportunidad. Dios hace cosas nuevas cada d\u00eda y se esmera en darnos regalos diariamente. Pero vivimos tan apurados que no nos damos cuenta.\u00a0<\/p>\n<p>Nos olvidamos de mirar y de agradecer, de percibir la mano de Dios en las cosas que nos rodean. No tienen que ser cosas necesariamente grandes y espectaculares.<\/p>\n<p>Dios se manifiesta con su amor en las cosas cotidianas: el abrazo de un amigo, un mate bien rico, la felicitaci\u00f3n por un logro, una noche estrellada, la sonrisa de tu hijo, un fresco vaso de agua, el beso de tu novia, un plato rico para\u00a0 cenar, un llamado telef\u00f3nico. Todo fue creado por \u00c9l y lo hizo por vos.<\/p>\n<p>Dios quiere mostrarte cu\u00e1nto te ama; como si la cruz no fuera suficiente, te lo demuestra en cada gesto diario. \u00a1Agrad\u00e9cele, solo tienes que verlo!<\/p>\n<p>REFLEXI\u00d3N &#8211; Dios te lo demuestra con claridad.<\/p>\n[\/et_pb_text][et_pb_video src=\u00bbhttps:\/\/02-revista.s3.sa-east-1.amazonaws.com\/Videos\/20240121_vid_Mediceque+me+ama.mp4&#8243; image_src=\u00bbhttps:\/\/iglesiarincon.org\/revista\/wp-content\/uploads\/2024\/01\/medicequemeama.jpg\u00bb _builder_version=\u00bb4.24.0&#8243; _module_preset=\u00bbdefault\u00bb global_colors_info=\u00bb{}\u00bb][\/et_pb_video][et_pb_text _builder_version=\u00bb4.24.0&#8243; _module_preset=\u00bbdefault\u00bb text_font_size=\u00bb12px\u00bb global_colors_info=\u00bb{}\u00bb]\n<p><a href=\"https:\/\/www.youtube.com\/watch?v=_2ae2ts8jcMhttps:\/\/www.youtube.com\/watch?v=4GE6VnZrFjg\" target=\"_blank\" rel=\"noopener\"><span style=\"text-decoration: underline;\"><span style=\"color: #000080; text-decoration: underline;\"> Jes\u00fas Adri\u00e1n Romero &#8211; Me Dice Que Me Ama (Video Oficial) (youtube)<\/span><\/span><\/a><\/p>\n[\/et_pb_text][\/et_pb_column][\/et_pb_row][\/et_pb_section]\n","protected":false},"excerpt":{"rendered":"<p>\u00abTodo fue creado por medio de \u00c9l y para \u00c9l.\u00bb Colosenses 1:16Durante el verano, Buenos Aires padece por lo general much\u00edsimo calor. Se hace casi insoportable la vida. No hay respiro. Dormir, viajar en tren o en subte, cocinar, trabajar, usar la ropa, caminar, es un suplicio. En esos d\u00edas tan pesados no hay nada [&hellip;]<\/p>\n","protected":false},"author":2,"featured_media":2268,"comment_status":"open","ping_status":"open","sticky":false,"template":"","format":"standard","meta":{"_et_pb_use_builder":"on","_et_pb_old_content":"","_et_gb_content_width":"","footnotes":""},"categories":[3],"tags":[],"class_list":["post-8520","post","type-post","status-publish","format-standard","has-post-thumbnail","hentry","category-reflexiones","et-has-post-format-content","et_post_format-et-post-format-standard"],"yoast_head":"<!-- This site is optimized with the Yoast SEO plugin v27.5 - https:\/\/yoast.com\/product\/yoast-seo-wordpress\/ -->\n<title>Demostraci\u00f3n - La Revista de Rinc&oacute;n<\/title>\n<meta name=\"robots\" content=\"index, follow, max-snippet:-1, max-image-preview:large, max-video-preview:-1\" \/>\n<link rel=\"canonical\" href=\"https:\/\/iglesiarincon.org\/revista\/demostracion\/\" \/>\n<meta property=\"og:locale\" content=\"es_ES\" \/>\n<meta property=\"og:type\" content=\"article\" \/>\n<meta property=\"og:title\" content=\"Demostraci\u00f3n - La Revista de Rinc&oacute;n\" \/>\n<meta property=\"og:description\" content=\"&quot;Todo fue creado por medio de \u00c9l y para \u00c9l.&quot; Colosenses 1:16Durante el verano, Buenos Aires padece por lo general much\u00edsimo calor. Se hace casi insoportable la vida. No hay respiro. Dormir, viajar en tren o en subte, cocinar, trabajar, usar la ropa, caminar, es un suplicio. En esos d\u00edas tan pesados no hay nada [&hellip;]\" \/>\n<meta property=\"og:url\" content=\"https:\/\/iglesiarincon.org\/revista\/demostracion\/\" \/>\n<meta property=\"og:site_name\" content=\"La Revista de Rinc&oacute;n\" \/>\n<meta property=\"article:published_time\" content=\"2024-02-20T11:49:54+00:00\" \/>\n<meta property=\"article:modified_time\" content=\"2024-02-20T11:49:55+00:00\" \/>\n<meta property=\"og:image\" content=\"https:\/\/iglesiarincon.org\/revista\/wp-content\/uploads\/2020\/05\/firmes-en-la-prueba.jpg\" \/>\n\t<meta property=\"og:image:width\" content=\"1280\" \/>\n\t<meta property=\"og:image:height\" content=\"853\" \/>\n\t<meta property=\"og:image:type\" content=\"image\/jpeg\" \/>\n<meta name=\"author\" content=\"Daniel P\u00e9rez Cliffe\" \/>\n<meta name=\"twitter:card\" content=\"summary_large_image\" \/>\n<meta name=\"twitter:label1\" content=\"Escrito por\" \/>\n\t<meta name=\"twitter:data1\" content=\"Daniel P\u00e9rez Cliffe\" \/>\n\t<meta name=\"twitter:label2\" content=\"Tiempo de lectura\" \/>\n\t<meta name=\"twitter:data2\" content=\"3 minutos\" \/>\n<script type=\"application\/ld+json\" class=\"yoast-schema-graph\">{\"@context\":\"https:\\\/\\\/schema.org\",\"@graph\":[{\"@type\":\"Article\",\"@id\":\"https:\\\/\\\/iglesiarincon.org\\\/revista\\\/demostracion\\\/#article\",\"isPartOf\":{\"@id\":\"https:\\\/\\\/iglesiarincon.org\\\/revista\\\/demostracion\\\/\"},\"author\":{\"name\":\"Daniel P\u00e9rez Cliffe\",\"@id\":\"https:\\\/\\\/iglesiarincon.org\\\/revista\\\/#\\\/schema\\\/person\\\/6555ee1987df7656f4b7ba4a7789706e\"},\"headline\":\"Demostraci\u00f3n\",\"datePublished\":\"2024-02-20T11:49:54+00:00\",\"dateModified\":\"2024-02-20T11:49:55+00:00\",\"mainEntityOfPage\":{\"@id\":\"https:\\\/\\\/iglesiarincon.org\\\/revista\\\/demostracion\\\/\"},\"wordCount\":640,\"commentCount\":0,\"image\":{\"@id\":\"https:\\\/\\\/iglesiarincon.org\\\/revista\\\/demostracion\\\/#primaryimage\"},\"thumbnailUrl\":\"https:\\\/\\\/iglesiarincon.org\\\/revista\\\/wp-content\\\/uploads\\\/2020\\\/05\\\/firmes-en-la-prueba.jpg\",\"articleSection\":[\"Reflexiones\"],\"inLanguage\":\"es\",\"potentialAction\":[{\"@type\":\"CommentAction\",\"name\":\"Comment\",\"target\":[\"https:\\\/\\\/iglesiarincon.org\\\/revista\\\/demostracion\\\/#respond\"]}]},{\"@type\":\"WebPage\",\"@id\":\"https:\\\/\\\/iglesiarincon.org\\\/revista\\\/demostracion\\\/\",\"url\":\"https:\\\/\\\/iglesiarincon.org\\\/revista\\\/demostracion\\\/\",\"name\":\"Demostraci\u00f3n - La Revista de Rinc&oacute;n\",\"isPartOf\":{\"@id\":\"https:\\\/\\\/iglesiarincon.org\\\/revista\\\/#website\"},\"primaryImageOfPage\":{\"@id\":\"https:\\\/\\\/iglesiarincon.org\\\/revista\\\/demostracion\\\/#primaryimage\"},\"image\":{\"@id\":\"https:\\\/\\\/iglesiarincon.org\\\/revista\\\/demostracion\\\/#primaryimage\"},\"thumbnailUrl\":\"https:\\\/\\\/iglesiarincon.org\\\/revista\\\/wp-content\\\/uploads\\\/2020\\\/05\\\/firmes-en-la-prueba.jpg\",\"datePublished\":\"2024-02-20T11:49:54+00:00\",\"dateModified\":\"2024-02-20T11:49:55+00:00\",\"author\":{\"@id\":\"https:\\\/\\\/iglesiarincon.org\\\/revista\\\/#\\\/schema\\\/person\\\/6555ee1987df7656f4b7ba4a7789706e\"},\"breadcrumb\":{\"@id\":\"https:\\\/\\\/iglesiarincon.org\\\/revista\\\/demostracion\\\/#breadcrumb\"},\"inLanguage\":\"es\",\"potentialAction\":[{\"@type\":\"ReadAction\",\"target\":[\"https:\\\/\\\/iglesiarincon.org\\\/revista\\\/demostracion\\\/\"]}]},{\"@type\":\"ImageObject\",\"inLanguage\":\"es\",\"@id\":\"https:\\\/\\\/iglesiarincon.org\\\/revista\\\/demostracion\\\/#primaryimage\",\"url\":\"https:\\\/\\\/iglesiarincon.org\\\/revista\\\/wp-content\\\/uploads\\\/2020\\\/05\\\/firmes-en-la-prueba.jpg\",\"contentUrl\":\"https:\\\/\\\/iglesiarincon.org\\\/revista\\\/wp-content\\\/uploads\\\/2020\\\/05\\\/firmes-en-la-prueba.jpg\",\"width\":1280,\"height\":853},{\"@type\":\"BreadcrumbList\",\"@id\":\"https:\\\/\\\/iglesiarincon.org\\\/revista\\\/demostracion\\\/#breadcrumb\",\"itemListElement\":[{\"@type\":\"ListItem\",\"position\":1,\"name\":\"Portada\",\"item\":\"https:\\\/\\\/iglesiarincon.org\\\/revista\\\/\"},{\"@type\":\"ListItem\",\"position\":2,\"name\":\"Demostraci\u00f3n\"}]},{\"@type\":\"WebSite\",\"@id\":\"https:\\\/\\\/iglesiarincon.org\\\/revista\\\/#website\",\"url\":\"https:\\\/\\\/iglesiarincon.org\\\/revista\\\/\",\"name\":\"La Revista de Rinc&oacute;n\",\"description\":\"Compartiendo lo mejor\",\"potentialAction\":[{\"@type\":\"SearchAction\",\"target\":{\"@type\":\"EntryPoint\",\"urlTemplate\":\"https:\\\/\\\/iglesiarincon.org\\\/revista\\\/?s={search_term_string}\"},\"query-input\":{\"@type\":\"PropertyValueSpecification\",\"valueRequired\":true,\"valueName\":\"search_term_string\"}}],\"inLanguage\":\"es\"},{\"@type\":\"Person\",\"@id\":\"https:\\\/\\\/iglesiarincon.org\\\/revista\\\/#\\\/schema\\\/person\\\/6555ee1987df7656f4b7ba4a7789706e\",\"name\":\"Daniel P\u00e9rez Cliffe\",\"image\":{\"@type\":\"ImageObject\",\"inLanguage\":\"es\",\"@id\":\"https:\\\/\\\/iglesiarincon.org\\\/revista\\\/wp-content\\\/uploads\\\/2021\\\/04\\\/daniel_perez_cliffe.jpg\",\"url\":\"https:\\\/\\\/iglesiarincon.org\\\/revista\\\/wp-content\\\/uploads\\\/2021\\\/04\\\/daniel_perez_cliffe.jpg\",\"contentUrl\":\"https:\\\/\\\/iglesiarincon.org\\\/revista\\\/wp-content\\\/uploads\\\/2021\\\/04\\\/daniel_perez_cliffe.jpg\",\"caption\":\"Daniel P\u00e9rez Cliffe\"},\"url\":\"#molongui-disabled-link\"}]}<\/script>\n<!-- \/ Yoast SEO plugin. -->","yoast_head_json":{"title":"Demostraci\u00f3n - La Revista de Rinc&oacute;n","robots":{"index":"index","follow":"follow","max-snippet":"max-snippet:-1","max-image-preview":"max-image-preview:large","max-video-preview":"max-video-preview:-1"},"canonical":"https:\/\/iglesiarincon.org\/revista\/demostracion\/","og_locale":"es_ES","og_type":"article","og_title":"Demostraci\u00f3n - La Revista de Rinc&oacute;n","og_description":"\"Todo fue creado por medio de \u00c9l y para \u00c9l.\" Colosenses 1:16Durante el verano, Buenos Aires padece por lo general much\u00edsimo calor. Se hace casi insoportable la vida. No hay respiro. Dormir, viajar en tren o en subte, cocinar, trabajar, usar la ropa, caminar, es un suplicio. En esos d\u00edas tan pesados no hay nada [&hellip;]","og_url":"https:\/\/iglesiarincon.org\/revista\/demostracion\/","og_site_name":"La Revista de Rinc&oacute;n","article_published_time":"2024-02-20T11:49:54+00:00","article_modified_time":"2024-02-20T11:49:55+00:00","og_image":[{"width":1280,"height":853,"url":"https:\/\/iglesiarincon.org\/revista\/wp-content\/uploads\/2020\/05\/firmes-en-la-prueba.jpg","type":"image\/jpeg"}],"author":"Daniel P\u00e9rez Cliffe","twitter_card":"summary_large_image","twitter_misc":{"Escrito por":"Daniel P\u00e9rez Cliffe","Tiempo de lectura":"3 minutos"},"schema":{"@context":"https:\/\/schema.org","@graph":[{"@type":"Article","@id":"https:\/\/iglesiarincon.org\/revista\/demostracion\/#article","isPartOf":{"@id":"https:\/\/iglesiarincon.org\/revista\/demostracion\/"},"author":{"name":"Daniel P\u00e9rez Cliffe","@id":"https:\/\/iglesiarincon.org\/revista\/#\/schema\/person\/6555ee1987df7656f4b7ba4a7789706e"},"headline":"Demostraci\u00f3n","datePublished":"2024-02-20T11:49:54+00:00","dateModified":"2024-02-20T11:49:55+00:00","mainEntityOfPage":{"@id":"https:\/\/iglesiarincon.org\/revista\/demostracion\/"},"wordCount":640,"commentCount":0,"image":{"@id":"https:\/\/iglesiarincon.org\/revista\/demostracion\/#primaryimage"},"thumbnailUrl":"https:\/\/iglesiarincon.org\/revista\/wp-content\/uploads\/2020\/05\/firmes-en-la-prueba.jpg","articleSection":["Reflexiones"],"inLanguage":"es","potentialAction":[{"@type":"CommentAction","name":"Comment","target":["https:\/\/iglesiarincon.org\/revista\/demostracion\/#respond"]}]},{"@type":"WebPage","@id":"https:\/\/iglesiarincon.org\/revista\/demostracion\/","url":"https:\/\/iglesiarincon.org\/revista\/demostracion\/","name":"Demostraci\u00f3n - La Revista de Rinc&oacute;n","isPartOf":{"@id":"https:\/\/iglesiarincon.org\/revista\/#website"},"primaryImageOfPage":{"@id":"https:\/\/iglesiarincon.org\/revista\/demostracion\/#primaryimage"},"image":{"@id":"https:\/\/iglesiarincon.org\/revista\/demostracion\/#primaryimage"},"thumbnailUrl":"https:\/\/iglesiarincon.org\/revista\/wp-content\/uploads\/2020\/05\/firmes-en-la-prueba.jpg","datePublished":"2024-02-20T11:49:54+00:00","dateModified":"2024-02-20T11:49:55+00:00","author":{"@id":"https:\/\/iglesiarincon.org\/revista\/#\/schema\/person\/6555ee1987df7656f4b7ba4a7789706e"},"breadcrumb":{"@id":"https:\/\/iglesiarincon.org\/revista\/demostracion\/#breadcrumb"},"inLanguage":"es","potentialAction":[{"@type":"ReadAction","target":["https:\/\/iglesiarincon.org\/revista\/demostracion\/"]}]},{"@type":"ImageObject","inLanguage":"es","@id":"https:\/\/iglesiarincon.org\/revista\/demostracion\/#primaryimage","url":"https:\/\/iglesiarincon.org\/revista\/wp-content\/uploads\/2020\/05\/firmes-en-la-prueba.jpg","contentUrl":"https:\/\/iglesiarincon.org\/revista\/wp-content\/uploads\/2020\/05\/firmes-en-la-prueba.jpg","width":1280,"height":853},{"@type":"BreadcrumbList","@id":"https:\/\/iglesiarincon.org\/revista\/demostracion\/#breadcrumb","itemListElement":[{"@type":"ListItem","position":1,"name":"Portada","item":"https:\/\/iglesiarincon.org\/revista\/"},{"@type":"ListItem","position":2,"name":"Demostraci\u00f3n"}]},{"@type":"WebSite","@id":"https:\/\/iglesiarincon.org\/revista\/#website","url":"https:\/\/iglesiarincon.org\/revista\/","name":"La Revista de Rinc&oacute;n","description":"Compartiendo lo mejor","potentialAction":[{"@type":"SearchAction","target":{"@type":"EntryPoint","urlTemplate":"https:\/\/iglesiarincon.org\/revista\/?s={search_term_string}"},"query-input":{"@type":"PropertyValueSpecification","valueRequired":true,"valueName":"search_term_string"}}],"inLanguage":"es"},{"@type":"Person","@id":"https:\/\/iglesiarincon.org\/revista\/#\/schema\/person\/6555ee1987df7656f4b7ba4a7789706e","name":"Daniel P\u00e9rez Cliffe","image":{"@type":"ImageObject","inLanguage":"es","@id":"https:\/\/iglesiarincon.org\/revista\/wp-content\/uploads\/2021\/04\/daniel_perez_cliffe.jpg","url":"https:\/\/iglesiarincon.org\/revista\/wp-content\/uploads\/2021\/04\/daniel_perez_cliffe.jpg","contentUrl":"https:\/\/iglesiarincon.org\/revista\/wp-content\/uploads\/2021\/04\/daniel_perez_cliffe.jpg","caption":"Daniel P\u00e9rez Cliffe"},"url":"#molongui-disabled-link"}]}},"_links":{"self":[{"href":"https:\/\/iglesiarincon.org\/revista\/wp-json\/wp\/v2\/posts\/8520","targetHints":{"allow":["GET"]}}],"collection":[{"href":"https:\/\/iglesiarincon.org\/revista\/wp-json\/wp\/v2\/posts"}],"about":[{"href":"https:\/\/iglesiarincon.org\/revista\/wp-json\/wp\/v2\/types\/post"}],"author":[{"embeddable":true,"href":"https:\/\/iglesiarincon.org\/revista\/wp-json\/wp\/v2\/users\/2"}],"replies":[{"embeddable":true,"href":"https:\/\/iglesiarincon.org\/revista\/wp-json\/wp\/v2\/comments?post=8520"}],"version-history":[{"count":5,"href":"https:\/\/iglesiarincon.org\/revista\/wp-json\/wp\/v2\/posts\/8520\/revisions"}],"predecessor-version":[{"id":8539,"href":"https:\/\/iglesiarincon.org\/revista\/wp-json\/wp\/v2\/posts\/8520\/revisions\/8539"}],"wp:featuredmedia":[{"embeddable":true,"href":"https:\/\/iglesiarincon.org\/revista\/wp-json\/wp\/v2\/media\/2268"}],"wp:attachment":[{"href":"https:\/\/iglesiarincon.org\/revista\/wp-json\/wp\/v2\/media?parent=8520"}],"wp:term":[{"taxonomy":"category","embeddable":true,"href":"https:\/\/iglesiarincon.org\/revista\/wp-json\/wp\/v2\/categories?post=8520"},{"taxonomy":"post_tag","embeddable":true,"href":"https:\/\/iglesiarincon.org\/revista\/wp-json\/wp\/v2\/tags?post=8520"}],"curies":[{"name":"wp","href":"https:\/\/api.w.org\/{rel}","templated":true}]}}