{"id":8512,"date":"2024-01-21T18:14:23","date_gmt":"2024-01-21T21:14:23","guid":{"rendered":"https:\/\/iglesiarincon.org\/revista\/?p=8512"},"modified":"2024-01-21T18:14:24","modified_gmt":"2024-01-21T21:14:24","slug":"el-dios-del-camino","status":"publish","type":"post","link":"https:\/\/iglesiarincon.org\/revista\/el-dios-del-camino\/","title":{"rendered":"El Dios del camino"},"content":{"rendered":"\n[et_pb_section fb_built=\u00bb1&#8243; _builder_version=\u00bb4.23.1&#8243; _module_preset=\u00bbdefault\u00bb global_colors_info=\u00bb{}\u00bb theme_builder_area=\u00bbpost_content\u00bb][et_pb_row _builder_version=\u00bb4.23.1&#8243; _module_preset=\u00bbdefault\u00bb global_colors_info=\u00bb{}\u00bb theme_builder_area=\u00bbpost_content\u00bb][et_pb_column type=\u00bb4_4&#8243; _builder_version=\u00bb4.23.1&#8243; _module_preset=\u00bbdefault\u00bb global_colors_info=\u00bb{}\u00bb theme_builder_area=\u00bbpost_content\u00bb][et_pb_text _builder_version=\u00bb4.24.0&#8243; _module_preset=\u00bbdefault\u00bb hover_enabled=\u00bb0&#8243; global_colors_info=\u00bb{}\u00bb theme_builder_area=\u00bbpost_content\u00bb sticky_enabled=\u00bb0&#8243;]<p><span>\u00abY en el desierto has visto que Jehov\u00e1 tu Dios te ha tra\u00eddo, como trae el hombre a su hijo, por todo el camino que hab\u00e9is andado, hasta llegar a este lugar.\u00bb <strong>Deuteronomio 1:31<\/strong><\/span><\/p>[\/et_pb_text][et_pb_video src=\u00bbhttps:\/\/02-revista.s3.sa-east-1.amazonaws.com\/Videos\/Samuel+Perez+Millo\/20240121_vid_Aliento+para+el+alma+-+Samuel+Perez+Millos.mp4&#8243; _builder_version=\u00bb4.24.0&#8243; _module_preset=\u00bbdefault\u00bb hover_enabled=\u00bb0&#8243; global_colors_info=\u00bb{}\u00bb theme_builder_area=\u00bbpost_content\u00bb sticky_enabled=\u00bb0&#8243; title_text=\u00bbel_Dios_del_camino\u00bb image_src=\u00bbhttps:\/\/iglesiarincon.org\/revista\/wp-content\/uploads\/2024\/01\/el_Dios_del_camino.jpg\u00bb][\/et_pb_video][\/et_pb_column][\/et_pb_row][\/et_pb_section]\n","protected":false},"excerpt":{"rendered":"<p>\u00abY en el desierto has visto que Jehov\u00e1 tu Dios te ha tra\u00eddo, como trae el hombre a su hijo, por todo el camino que hab\u00e9is andado, hasta llegar a este lugar.\u00bb Deuteronomio 1:31<\/p>\n","protected":false},"author":2,"featured_media":3916,"comment_status":"open","ping_status":"open","sticky":false,"template":"","format":"standard","meta":{"_et_pb_use_builder":"on","_et_pb_old_content":"","_et_gb_content_width":"","footnotes":""},"categories":[3,43],"tags":[],"class_list":["post-8512","post","type-post","status-publish","format-standard","has-post-thumbnail","hentry","category-reflexiones","category-videos","et-has-post-format-content","et_post_format-et-post-format-standard"],"yoast_head":"<!-- This site is optimized with the Yoast SEO plugin v27.5 - https:\/\/yoast.com\/product\/yoast-seo-wordpress\/ -->\n<title>El Dios del camino - La Revista de Rinc&oacute;n<\/title>\n<meta name=\"robots\" content=\"index, follow, max-snippet:-1, max-image-preview:large, max-video-preview:-1\" \/>\n<link rel=\"canonical\" href=\"https:\/\/iglesiarincon.org\/revista\/el-dios-del-camino\/\" \/>\n<meta property=\"og:locale\" content=\"es_ES\" \/>\n<meta property=\"og:type\" content=\"article\" \/>\n<meta property=\"og:title\" content=\"El Dios del camino - La Revista de Rinc&oacute;n\" \/>\n<meta property=\"og:description\" content=\"&quot;Y en el desierto has visto que Jehov\u00e1 tu Dios te ha tra\u00eddo, como trae el hombre a su hijo, por todo el camino que hab\u00e9is andado, hasta llegar a este lugar.&quot; Deuteronomio 1:31\" \/>\n<meta property=\"og:url\" content=\"https:\/\/iglesiarincon.org\/revista\/el-dios-del-camino\/\" \/>\n<meta property=\"og:site_name\" content=\"La Revista de Rinc&oacute;n\" \/>\n<meta property=\"article:published_time\" content=\"2024-01-21T21:14:23+00:00\" \/>\n<meta property=\"article:modified_time\" content=\"2024-01-21T21:14:24+00:00\" \/>\n<meta name=\"author\" content=\"Samuel Perez Millo\" \/>\n<meta name=\"twitter:card\" content=\"summary_large_image\" \/>\n<meta name=\"twitter:label1\" content=\"Escrito por\" \/>\n\t<meta name=\"twitter:data1\" content=\"Samuel Perez Millo\" \/>\n<script type=\"application\/ld+json\" class=\"yoast-schema-graph\">{\"@context\":\"https:\\\/\\\/schema.org\",\"@graph\":[{\"@type\":\"Article\",\"@id\":\"https:\\\/\\\/iglesiarincon.org\\\/revista\\\/el-dios-del-camino\\\/#article\",\"isPartOf\":{\"@id\":\"https:\\\/\\\/iglesiarincon.org\\\/revista\\\/el-dios-del-camino\\\/\"},\"author\":{\"name\":\"Samuel Perez Millo\",\"@id\":\"https:\\\/\\\/iglesiarincon.org\\\/revista\\\/#\\\/schema\\\/person\\\/6555ee1987df7656f4b7ba4a7789706e\"},\"headline\":\"El Dios del camino\",\"datePublished\":\"2024-01-21T21:14:23+00:00\",\"dateModified\":\"2024-01-21T21:14:24+00:00\",\"mainEntityOfPage\":{\"@id\":\"https:\\\/\\\/iglesiarincon.org\\\/revista\\\/el-dios-del-camino\\\/\"},\"wordCount\":185,\"commentCount\":0,\"image\":{\"@id\":\"https:\\\/\\\/iglesiarincon.org\\\/revista\\\/el-dios-del-camino\\\/#primaryimage\"},\"thumbnailUrl\":\"https:\\\/\\\/iglesiarincon.org\\\/revista\\\/wp-content\\\/uploads\\\/2020\\\/10\\\/camino.jpg\",\"articleSection\":[\"Reflexiones\",\"Videos\"],\"inLanguage\":\"es\",\"potentialAction\":[{\"@type\":\"CommentAction\",\"name\":\"Comment\",\"target\":[\"https:\\\/\\\/iglesiarincon.org\\\/revista\\\/el-dios-del-camino\\\/#respond\"]}]},{\"@type\":\"WebPage\",\"@id\":\"https:\\\/\\\/iglesiarincon.org\\\/revista\\\/el-dios-del-camino\\\/\",\"url\":\"https:\\\/\\\/iglesiarincon.org\\\/revista\\\/el-dios-del-camino\\\/\",\"name\":\"El Dios del camino - La Revista de Rinc&oacute;n\",\"isPartOf\":{\"@id\":\"https:\\\/\\\/iglesiarincon.org\\\/revista\\\/#website\"},\"primaryImageOfPage\":{\"@id\":\"https:\\\/\\\/iglesiarincon.org\\\/revista\\\/el-dios-del-camino\\\/#primaryimage\"},\"image\":{\"@id\":\"https:\\\/\\\/iglesiarincon.org\\\/revista\\\/el-dios-del-camino\\\/#primaryimage\"},\"thumbnailUrl\":\"https:\\\/\\\/iglesiarincon.org\\\/revista\\\/wp-content\\\/uploads\\\/2020\\\/10\\\/camino.jpg\",\"datePublished\":\"2024-01-21T21:14:23+00:00\",\"dateModified\":\"2024-01-21T21:14:24+00:00\",\"author\":{\"@id\":\"https:\\\/\\\/iglesiarincon.org\\\/revista\\\/#\\\/schema\\\/person\\\/6555ee1987df7656f4b7ba4a7789706e\"},\"breadcrumb\":{\"@id\":\"https:\\\/\\\/iglesiarincon.org\\\/revista\\\/el-dios-del-camino\\\/#breadcrumb\"},\"inLanguage\":\"es\",\"potentialAction\":[{\"@type\":\"ReadAction\",\"target\":[\"https:\\\/\\\/iglesiarincon.org\\\/revista\\\/el-dios-del-camino\\\/\"]}]},{\"@type\":\"ImageObject\",\"inLanguage\":\"es\",\"@id\":\"https:\\\/\\\/iglesiarincon.org\\\/revista\\\/el-dios-del-camino\\\/#primaryimage\",\"url\":\"https:\\\/\\\/iglesiarincon.org\\\/revista\\\/wp-content\\\/uploads\\\/2020\\\/10\\\/camino.jpg\",\"contentUrl\":\"https:\\\/\\\/iglesiarincon.org\\\/revista\\\/wp-content\\\/uploads\\\/2020\\\/10\\\/camino.jpg\",\"width\":1280,\"height\":828},{\"@type\":\"BreadcrumbList\",\"@id\":\"https:\\\/\\\/iglesiarincon.org\\\/revista\\\/el-dios-del-camino\\\/#breadcrumb\",\"itemListElement\":[{\"@type\":\"ListItem\",\"position\":1,\"name\":\"Portada\",\"item\":\"https:\\\/\\\/iglesiarincon.org\\\/revista\\\/\"},{\"@type\":\"ListItem\",\"position\":2,\"name\":\"El Dios del camino\"}]},{\"@type\":\"WebSite\",\"@id\":\"https:\\\/\\\/iglesiarincon.org\\\/revista\\\/#website\",\"url\":\"https:\\\/\\\/iglesiarincon.org\\\/revista\\\/\",\"name\":\"La Revista de Rinc&oacute;n\",\"description\":\"Compartiendo lo mejor\",\"potentialAction\":[{\"@type\":\"SearchAction\",\"target\":{\"@type\":\"EntryPoint\",\"urlTemplate\":\"https:\\\/\\\/iglesiarincon.org\\\/revista\\\/?s={search_term_string}\"},\"query-input\":{\"@type\":\"PropertyValueSpecification\",\"valueRequired\":true,\"valueName\":\"search_term_string\"}}],\"inLanguage\":\"es\"},{\"@type\":\"Person\",\"@id\":\"https:\\\/\\\/iglesiarincon.org\\\/revista\\\/#\\\/schema\\\/person\\\/6555ee1987df7656f4b7ba4a7789706e\",\"name\":\"Samuel Perez Millo\",\"image\":{\"@type\":\"ImageObject\",\"inLanguage\":\"es\",\"@id\":\"https:\\\/\\\/iglesiarincon.org\\\/revista\\\/wp-content\\\/uploads\\\/2020\\\/05\\\/samuel_perez_millos.jpeg\",\"url\":\"https:\\\/\\\/iglesiarincon.org\\\/revista\\\/wp-content\\\/uploads\\\/2020\\\/05\\\/samuel_perez_millos.jpeg\",\"contentUrl\":\"https:\\\/\\\/iglesiarincon.org\\\/revista\\\/wp-content\\\/uploads\\\/2020\\\/05\\\/samuel_perez_millos.jpeg\",\"caption\":\"Samuel Perez Millo\"},\"description\":\"Pastor de la Iglesia Evang\u00e9lica Unida, de Vigo, Espa\u00f1a desde el a\u00f1o 1981. Licenciado en Teolog\u00eda, Master en Cristolog\u00eda, Master en Espiritualidad Trinitaria, por el Instituto y Seminario B\u00edblico Evang\u00e9lico. Profesor en varias instituciones acad\u00e9micas de teolog\u00eda. Escritor de m\u00e1s de 50 libros de estudio b\u00edblico, autor del Comentario Exeg\u00e9tico al Texto Griego del Nuevo Testamento en 19 vol\u00famenes. Expositor, participando en conferencias en Hispanoam\u00e9rica, EE.UU., Australia, Europa.\",\"url\":\"#molongui-disabled-link\"}]}<\/script>\n<!-- \/ Yoast SEO plugin. -->","yoast_head_json":{"title":"El Dios del camino - La Revista de Rinc&oacute;n","robots":{"index":"index","follow":"follow","max-snippet":"max-snippet:-1","max-image-preview":"max-image-preview:large","max-video-preview":"max-video-preview:-1"},"canonical":"https:\/\/iglesiarincon.org\/revista\/el-dios-del-camino\/","og_locale":"es_ES","og_type":"article","og_title":"El Dios del camino - La Revista de Rinc&oacute;n","og_description":"\"Y en el desierto has visto que Jehov\u00e1 tu Dios te ha tra\u00eddo, como trae el hombre a su hijo, por todo el camino que hab\u00e9is andado, hasta llegar a este lugar.\" Deuteronomio 1:31","og_url":"https:\/\/iglesiarincon.org\/revista\/el-dios-del-camino\/","og_site_name":"La Revista de Rinc&oacute;n","article_published_time":"2024-01-21T21:14:23+00:00","article_modified_time":"2024-01-21T21:14:24+00:00","author":"Samuel Perez Millo","twitter_card":"summary_large_image","twitter_misc":{"Escrito por":"Samuel Perez Millo"},"schema":{"@context":"https:\/\/schema.org","@graph":[{"@type":"Article","@id":"https:\/\/iglesiarincon.org\/revista\/el-dios-del-camino\/#article","isPartOf":{"@id":"https:\/\/iglesiarincon.org\/revista\/el-dios-del-camino\/"},"author":{"name":"Samuel Perez Millo","@id":"https:\/\/iglesiarincon.org\/revista\/#\/schema\/person\/6555ee1987df7656f4b7ba4a7789706e"},"headline":"El Dios del camino","datePublished":"2024-01-21T21:14:23+00:00","dateModified":"2024-01-21T21:14:24+00:00","mainEntityOfPage":{"@id":"https:\/\/iglesiarincon.org\/revista\/el-dios-del-camino\/"},"wordCount":185,"commentCount":0,"image":{"@id":"https:\/\/iglesiarincon.org\/revista\/el-dios-del-camino\/#primaryimage"},"thumbnailUrl":"https:\/\/iglesiarincon.org\/revista\/wp-content\/uploads\/2020\/10\/camino.jpg","articleSection":["Reflexiones","Videos"],"inLanguage":"es","potentialAction":[{"@type":"CommentAction","name":"Comment","target":["https:\/\/iglesiarincon.org\/revista\/el-dios-del-camino\/#respond"]}]},{"@type":"WebPage","@id":"https:\/\/iglesiarincon.org\/revista\/el-dios-del-camino\/","url":"https:\/\/iglesiarincon.org\/revista\/el-dios-del-camino\/","name":"El Dios del camino - La Revista de Rinc&oacute;n","isPartOf":{"@id":"https:\/\/iglesiarincon.org\/revista\/#website"},"primaryImageOfPage":{"@id":"https:\/\/iglesiarincon.org\/revista\/el-dios-del-camino\/#primaryimage"},"image":{"@id":"https:\/\/iglesiarincon.org\/revista\/el-dios-del-camino\/#primaryimage"},"thumbnailUrl":"https:\/\/iglesiarincon.org\/revista\/wp-content\/uploads\/2020\/10\/camino.jpg","datePublished":"2024-01-21T21:14:23+00:00","dateModified":"2024-01-21T21:14:24+00:00","author":{"@id":"https:\/\/iglesiarincon.org\/revista\/#\/schema\/person\/6555ee1987df7656f4b7ba4a7789706e"},"breadcrumb":{"@id":"https:\/\/iglesiarincon.org\/revista\/el-dios-del-camino\/#breadcrumb"},"inLanguage":"es","potentialAction":[{"@type":"ReadAction","target":["https:\/\/iglesiarincon.org\/revista\/el-dios-del-camino\/"]}]},{"@type":"ImageObject","inLanguage":"es","@id":"https:\/\/iglesiarincon.org\/revista\/el-dios-del-camino\/#primaryimage","url":"https:\/\/iglesiarincon.org\/revista\/wp-content\/uploads\/2020\/10\/camino.jpg","contentUrl":"https:\/\/iglesiarincon.org\/revista\/wp-content\/uploads\/2020\/10\/camino.jpg","width":1280,"height":828},{"@type":"BreadcrumbList","@id":"https:\/\/iglesiarincon.org\/revista\/el-dios-del-camino\/#breadcrumb","itemListElement":[{"@type":"ListItem","position":1,"name":"Portada","item":"https:\/\/iglesiarincon.org\/revista\/"},{"@type":"ListItem","position":2,"name":"El Dios del camino"}]},{"@type":"WebSite","@id":"https:\/\/iglesiarincon.org\/revista\/#website","url":"https:\/\/iglesiarincon.org\/revista\/","name":"La Revista de Rinc&oacute;n","description":"Compartiendo lo mejor","potentialAction":[{"@type":"SearchAction","target":{"@type":"EntryPoint","urlTemplate":"https:\/\/iglesiarincon.org\/revista\/?s={search_term_string}"},"query-input":{"@type":"PropertyValueSpecification","valueRequired":true,"valueName":"search_term_string"}}],"inLanguage":"es"},{"@type":"Person","@id":"https:\/\/iglesiarincon.org\/revista\/#\/schema\/person\/6555ee1987df7656f4b7ba4a7789706e","name":"Samuel Perez Millo","image":{"@type":"ImageObject","inLanguage":"es","@id":"https:\/\/iglesiarincon.org\/revista\/wp-content\/uploads\/2020\/05\/samuel_perez_millos.jpeg","url":"https:\/\/iglesiarincon.org\/revista\/wp-content\/uploads\/2020\/05\/samuel_perez_millos.jpeg","contentUrl":"https:\/\/iglesiarincon.org\/revista\/wp-content\/uploads\/2020\/05\/samuel_perez_millos.jpeg","caption":"Samuel Perez Millo"},"description":"Pastor de la Iglesia Evang\u00e9lica Unida, de Vigo, Espa\u00f1a desde el a\u00f1o 1981. Licenciado en Teolog\u00eda, Master en Cristolog\u00eda, Master en Espiritualidad Trinitaria, por el Instituto y Seminario B\u00edblico Evang\u00e9lico. Profesor en varias instituciones acad\u00e9micas de teolog\u00eda. Escritor de m\u00e1s de 50 libros de estudio b\u00edblico, autor del Comentario Exeg\u00e9tico al Texto Griego del Nuevo Testamento en 19 vol\u00famenes. Expositor, participando en conferencias en Hispanoam\u00e9rica, EE.UU., Australia, Europa.","url":"#molongui-disabled-link"}]}},"_links":{"self":[{"href":"https:\/\/iglesiarincon.org\/revista\/wp-json\/wp\/v2\/posts\/8512","targetHints":{"allow":["GET"]}}],"collection":[{"href":"https:\/\/iglesiarincon.org\/revista\/wp-json\/wp\/v2\/posts"}],"about":[{"href":"https:\/\/iglesiarincon.org\/revista\/wp-json\/wp\/v2\/types\/post"}],"author":[{"embeddable":true,"href":"https:\/\/iglesiarincon.org\/revista\/wp-json\/wp\/v2\/users\/2"}],"replies":[{"embeddable":true,"href":"https:\/\/iglesiarincon.org\/revista\/wp-json\/wp\/v2\/comments?post=8512"}],"version-history":[{"count":5,"href":"https:\/\/iglesiarincon.org\/revista\/wp-json\/wp\/v2\/posts\/8512\/revisions"}],"predecessor-version":[{"id":8519,"href":"https:\/\/iglesiarincon.org\/revista\/wp-json\/wp\/v2\/posts\/8512\/revisions\/8519"}],"wp:featuredmedia":[{"embeddable":true,"href":"https:\/\/iglesiarincon.org\/revista\/wp-json\/wp\/v2\/media\/3916"}],"wp:attachment":[{"href":"https:\/\/iglesiarincon.org\/revista\/wp-json\/wp\/v2\/media?parent=8512"}],"wp:term":[{"taxonomy":"category","embeddable":true,"href":"https:\/\/iglesiarincon.org\/revista\/wp-json\/wp\/v2\/categories?post=8512"},{"taxonomy":"post_tag","embeddable":true,"href":"https:\/\/iglesiarincon.org\/revista\/wp-json\/wp\/v2\/tags?post=8512"}],"curies":[{"name":"wp","href":"https:\/\/api.w.org\/{rel}","templated":true}]}}