{"id":8489,"date":"2023-12-27T09:46:07","date_gmt":"2023-12-27T12:46:07","guid":{"rendered":"https:\/\/iglesiarincon.org\/revista\/?p=8489"},"modified":"2023-12-28T10:53:22","modified_gmt":"2023-12-28T13:53:22","slug":"jesus-vendra","status":"publish","type":"post","link":"https:\/\/iglesiarincon.org\/revista\/jesus-vendra\/","title":{"rendered":"Jes\u00fas vendr\u00e1"},"content":{"rendered":"[et_pb_section fb_built=\u00bb1&#8243; _builder_version=\u00bb4.23.2&#8243; _module_preset=\u00bbdefault\u00bb global_colors_info=\u00bb{}\u00bb][et_pb_row _builder_version=\u00bb4.23.2&#8243; _module_preset=\u00bbdefault\u00bb global_colors_info=\u00bb{}\u00bb][et_pb_column type=\u00bb4_4&#8243; _builder_version=\u00bb4.23.2&#8243; _module_preset=\u00bbdefault\u00bb global_colors_info=\u00bb{}\u00bb][et_pb_text _builder_version=\u00bb4.23.3&#8243; _module_preset=\u00bbdefault\u00bb text_font_size=\u00bb18px\u00bb hover_enabled=\u00bb0&#8243; global_colors_info=\u00bb{}\u00bb sticky_enabled=\u00bb0&#8243;]\n<p><strong><em>\u201cPor eso ustedes deben estar preparados, porque el hijo del\u00a0 hombre vendr\u00e1 cuando menos lo esperen\u201d<\/em><\/strong><strong>\u00a0 (Mateo 24:44)<\/strong><\/p>\n<p><strong>\u00a0<\/strong><\/p>\n<p>Concluir un a\u00f1o, cerrar un ciclo, abrir otro. Los tiempos se aceleran en las \u00faltimas semanas cargadas de acontecimientos significativos muy ligados a nuestros sentimientos.<\/p>\n<p>Mirar atr\u00e1s. Volver a andar el camino, sorprendi\u00e9ndonos de todo lo\u00a0 que pudimos hacer con la ayuda de Dios. Logros s\u00ed, tambi\u00e9n postergaciones, proyectos frustrados, cambios de rumbo.<\/p>\n<p>Decisiones claras, radicales, despu\u00e9s de largos procesos silenciosos y solitarios. Crecimiento, abandono de las comodidades para aceptar nuevos desaf\u00edos. Eso exige gu\u00eda del Esp\u00edritu Santo y mucha disciplina en nuestras vidas.<\/p>\n<p>De ah\u00ed surge y sigue viva esa llama para continuar avanzando y profundizando en el deleite existencial que es la vida con Cristo. La \u00fanica posible.\u00a0<\/p>\n<p><strong><em>\u201cYo soy la Vida\u201d<\/em><\/strong> dice nuestro amado Jes\u00fas, el que nace en el pesebre; llam\u00e1ndonos al abandono de los innecesarios derroches mundanos que producen el pecado del que \u00c9l nos redime con su vida, muerte y resurrecci\u00f3n.<\/p>\n<p>Tiempo de soltar cargas de oscuridad. Confesi\u00f3n y arrepentimiento, \u00a1el paso a la nueva vida como hijo de Dios! Vivir con gozo, con contentamiento independientemente de las circunstancias.nTan distinto a lo ef\u00edmero de la felicidad que el mundo propone.<\/p>\n<p>Este a\u00f1o como congregaci\u00f3n realizamos muchas actividades de estudio y oraci\u00f3n, evangel\u00edsticas, recreativas, campamentos, reuniones por grupos y generales, etc. Una Iglesia en marcha, vibrante de confraternidad intergeneracional y abierta a recibir a todos aquellos que llegan con hambre de Cristo.<\/p>\n<p>\u00a1Somos llamados a ser todos evangelistas, acercar al de coraz\u00f3n dolido que clama por el amor del Pastor! As\u00ed hemos estado todos alguna vez, extraviados. No lo olvidemos, \u00a1somos salvos por\u00a0 Gracia!<\/p>\n<p>&nbsp;<\/p>\n<p><strong><em>\u201cOh profundo amor de Cristo,<\/em><\/strong><\/p>\n<p><strong><em>Vasto, inmerecido don\u201d<\/em><\/strong><\/p>\n<p>Cantemos las estrofas de este precioso himno mientras renovamos nuestro prop\u00f3sito para el pr\u00f3ximo a\u00f1o y hasta que el Se\u00f1or venga:\u00a0\u00a0 que las almas perdidas se rindan a los pies del Se\u00f1or.<\/p>\n<p><strong><em>\u201c\u00a1Miren que vengo pronto!\u201d <\/em><\/strong><strong>(Apocalipsis 22:12)<\/strong><\/p>\n<p>Este pensamiento semilla qued\u00f3 exquisitamente claro en la Obra <strong>\u201cJES\u00daS, EL MUSICAL\u201d<\/strong>, realizada por una gran cantidad de hermanos de todas las edades de nuestra congregaci\u00f3n. Gracias a las dos presentaciones que se llevaron a cabo (una en el templo y otra en una plaza), pudimos disfrutar de la Iglesia en el barrio, en la ciudad y en la calle. La sensibilidad art\u00edstica de la puesta en escena y la digna reverencia a la majestuosidad de los eventos de la vida de Jes\u00fas, se convirtieron en un llamado a viva voz para recibir al Salvador en el coraz\u00f3n. \u00a1Aquel que pronto viene! \u00a1Que Su palabra sobreabunde en los frutos manifestados! \u00a1Am\u00e9n!<\/p>\n<p><strong>\u00a1\u00a1\u00a1Recibamos la lluvia de bendiciones en fraterno abrazo, con renovado compromiso y prosiguiendo a la meta en esta Navidad y en 2024!!!<\/strong><\/p>\n<p><strong>idad y en 2024!!!<\/strong><\/p>\n[\/et_pb_text][\/et_pb_column][\/et_pb_row][\/et_pb_section]\n","protected":false},"excerpt":{"rendered":"<p>\u201cPor eso ustedes deben estar preparados, porque el hijo del\u00a0 hombre vendr\u00e1 cuando menos lo esperen\u201d\u00a0 (Mateo 24:44) \u00a0 Concluir un a\u00f1o, cerrar un ciclo, abrir otro. Los tiempos se aceleran en las \u00faltimas semanas cargadas de acontecimientos significativos muy ligados a nuestros sentimientos. Mirar atr\u00e1s. Volver a andar el camino, sorprendi\u00e9ndonos de todo lo\u00a0 [&hellip;]<\/p>\n","protected":false},"author":3,"featured_media":8493,"comment_status":"open","ping_status":"open","sticky":false,"template":"","format":"standard","meta":{"_et_pb_use_builder":"on","_et_pb_old_content":"","_et_gb_content_width":"","footnotes":""},"categories":[3],"tags":[],"class_list":["post-8489","post","type-post","status-publish","format-standard","has-post-thumbnail","hentry","category-reflexiones","et-has-post-format-content","et_post_format-et-post-format-standard"],"yoast_head":"<!-- This site is optimized with the Yoast SEO plugin v27.5 - https:\/\/yoast.com\/product\/yoast-seo-wordpress\/ -->\n<title>Jes\u00fas vendr\u00e1 - La Revista de Rinc&oacute;n<\/title>\n<meta name=\"description\" content=\"Concluir un a\u00f1o, cerrar un ciclo, abrir otro nos llama a tomar fuerzas sirviendo al Se\u00f1or Jes\u00fas porque El vendr\u00e1 cuando menos lo esperemos.\" \/>\n<meta name=\"robots\" content=\"index, follow, max-snippet:-1, max-image-preview:large, max-video-preview:-1\" \/>\n<link rel=\"canonical\" href=\"https:\/\/iglesiarincon.org\/revista\/jesus-vendra\/\" \/>\n<meta property=\"og:locale\" content=\"es_ES\" \/>\n<meta property=\"og:type\" content=\"article\" \/>\n<meta property=\"og:title\" content=\"Jes\u00fas vendr\u00e1 - La Revista de Rinc&oacute;n\" \/>\n<meta property=\"og:description\" content=\"Concluir un a\u00f1o, cerrar un ciclo, abrir otro nos llama a tomar fuerzas sirviendo al Se\u00f1or Jes\u00fas porque El vendr\u00e1 cuando menos lo esperemos.\" \/>\n<meta property=\"og:url\" content=\"https:\/\/iglesiarincon.org\/revista\/jesus-vendra\/\" \/>\n<meta property=\"og:site_name\" content=\"La Revista de Rinc&oacute;n\" \/>\n<meta property=\"article:published_time\" content=\"2023-12-27T12:46:07+00:00\" \/>\n<meta property=\"article:modified_time\" content=\"2023-12-28T13:53:22+00:00\" \/>\n<meta property=\"og:image\" content=\"https:\/\/iglesiarincon.org\/revista\/wp-content\/uploads\/2023\/12\/vendra.jpg\" \/>\n\t<meta property=\"og:image:width\" content=\"1280\" \/>\n\t<meta property=\"og:image:height\" content=\"846\" \/>\n\t<meta property=\"og:image:type\" content=\"image\/jpeg\" \/>\n<meta name=\"author\" content=\"Olga de Pedernera\" \/>\n<meta name=\"twitter:card\" content=\"summary_large_image\" \/>\n<meta name=\"twitter:label1\" content=\"Escrito por\" \/>\n\t<meta name=\"twitter:data1\" content=\"Olga de Pedernera\" \/>\n\t<meta name=\"twitter:label2\" content=\"Tiempo de lectura\" \/>\n\t<meta name=\"twitter:data2\" content=\"3 minutos\" \/>\n<script type=\"application\/ld+json\" class=\"yoast-schema-graph\">{\"@context\":\"https:\\\/\\\/schema.org\",\"@graph\":[{\"@type\":\"Article\",\"@id\":\"https:\\\/\\\/iglesiarincon.org\\\/revista\\\/jesus-vendra\\\/#article\",\"isPartOf\":{\"@id\":\"https:\\\/\\\/iglesiarincon.org\\\/revista\\\/jesus-vendra\\\/\"},\"author\":{\"name\":\"Olga de Pedernera\",\"@id\":\"https:\\\/\\\/iglesiarincon.org\\\/revista\\\/#\\\/schema\\\/person\\\/a8b2fdd8f8efe2495a340a0febbe7df4\"},\"headline\":\"Jes\u00fas vendr\u00e1\",\"datePublished\":\"2023-12-27T12:46:07+00:00\",\"dateModified\":\"2023-12-28T13:53:22+00:00\",\"mainEntityOfPage\":{\"@id\":\"https:\\\/\\\/iglesiarincon.org\\\/revista\\\/jesus-vendra\\\/\"},\"wordCount\":557,\"commentCount\":0,\"image\":{\"@id\":\"https:\\\/\\\/iglesiarincon.org\\\/revista\\\/jesus-vendra\\\/#primaryimage\"},\"thumbnailUrl\":\"https:\\\/\\\/iglesiarincon.org\\\/revista\\\/wp-content\\\/uploads\\\/2023\\\/12\\\/vendra.jpg\",\"articleSection\":[\"Reflexiones\"],\"inLanguage\":\"es\",\"potentialAction\":[{\"@type\":\"CommentAction\",\"name\":\"Comment\",\"target\":[\"https:\\\/\\\/iglesiarincon.org\\\/revista\\\/jesus-vendra\\\/#respond\"]}]},{\"@type\":\"WebPage\",\"@id\":\"https:\\\/\\\/iglesiarincon.org\\\/revista\\\/jesus-vendra\\\/\",\"url\":\"https:\\\/\\\/iglesiarincon.org\\\/revista\\\/jesus-vendra\\\/\",\"name\":\"Jes\u00fas vendr\u00e1 - La Revista de Rinc&oacute;n\",\"isPartOf\":{\"@id\":\"https:\\\/\\\/iglesiarincon.org\\\/revista\\\/#website\"},\"primaryImageOfPage\":{\"@id\":\"https:\\\/\\\/iglesiarincon.org\\\/revista\\\/jesus-vendra\\\/#primaryimage\"},\"image\":{\"@id\":\"https:\\\/\\\/iglesiarincon.org\\\/revista\\\/jesus-vendra\\\/#primaryimage\"},\"thumbnailUrl\":\"https:\\\/\\\/iglesiarincon.org\\\/revista\\\/wp-content\\\/uploads\\\/2023\\\/12\\\/vendra.jpg\",\"datePublished\":\"2023-12-27T12:46:07+00:00\",\"dateModified\":\"2023-12-28T13:53:22+00:00\",\"author\":{\"@id\":\"https:\\\/\\\/iglesiarincon.org\\\/revista\\\/#\\\/schema\\\/person\\\/a8b2fdd8f8efe2495a340a0febbe7df4\"},\"description\":\"Concluir un a\u00f1o, cerrar un ciclo, abrir otro nos llama a tomar fuerzas sirviendo al Se\u00f1or Jes\u00fas porque El vendr\u00e1 cuando menos lo esperemos.\",\"breadcrumb\":{\"@id\":\"https:\\\/\\\/iglesiarincon.org\\\/revista\\\/jesus-vendra\\\/#breadcrumb\"},\"inLanguage\":\"es\",\"potentialAction\":[{\"@type\":\"ReadAction\",\"target\":[\"https:\\\/\\\/iglesiarincon.org\\\/revista\\\/jesus-vendra\\\/\"]}]},{\"@type\":\"ImageObject\",\"inLanguage\":\"es\",\"@id\":\"https:\\\/\\\/iglesiarincon.org\\\/revista\\\/jesus-vendra\\\/#primaryimage\",\"url\":\"https:\\\/\\\/iglesiarincon.org\\\/revista\\\/wp-content\\\/uploads\\\/2023\\\/12\\\/vendra.jpg\",\"contentUrl\":\"https:\\\/\\\/iglesiarincon.org\\\/revista\\\/wp-content\\\/uploads\\\/2023\\\/12\\\/vendra.jpg\",\"width\":1280,\"height\":846},{\"@type\":\"BreadcrumbList\",\"@id\":\"https:\\\/\\\/iglesiarincon.org\\\/revista\\\/jesus-vendra\\\/#breadcrumb\",\"itemListElement\":[{\"@type\":\"ListItem\",\"position\":1,\"name\":\"Portada\",\"item\":\"https:\\\/\\\/iglesiarincon.org\\\/revista\\\/\"},{\"@type\":\"ListItem\",\"position\":2,\"name\":\"Jes\u00fas vendr\u00e1\"}]},{\"@type\":\"WebSite\",\"@id\":\"https:\\\/\\\/iglesiarincon.org\\\/revista\\\/#website\",\"url\":\"https:\\\/\\\/iglesiarincon.org\\\/revista\\\/\",\"name\":\"La Revista de Rinc&oacute;n\",\"description\":\"Compartiendo lo mejor\",\"potentialAction\":[{\"@type\":\"SearchAction\",\"target\":{\"@type\":\"EntryPoint\",\"urlTemplate\":\"https:\\\/\\\/iglesiarincon.org\\\/revista\\\/?s={search_term_string}\"},\"query-input\":{\"@type\":\"PropertyValueSpecification\",\"valueRequired\":true,\"valueName\":\"search_term_string\"}}],\"inLanguage\":\"es\"},{\"@type\":\"Person\",\"@id\":\"https:\\\/\\\/iglesiarincon.org\\\/revista\\\/#\\\/schema\\\/person\\\/a8b2fdd8f8efe2495a340a0febbe7df4\",\"name\":\"Olga de Pedernera\",\"image\":{\"@type\":\"ImageObject\",\"inLanguage\":\"es\",\"@id\":\"https:\\\/\\\/iglesiarincon.org\\\/revista\\\/wp-content\\\/uploads\\\/2020\\\/05\\\/OLGA-PEDERNERA.jpeg\",\"url\":\"https:\\\/\\\/iglesiarincon.org\\\/revista\\\/wp-content\\\/uploads\\\/2020\\\/05\\\/OLGA-PEDERNERA.jpeg\",\"contentUrl\":\"https:\\\/\\\/iglesiarincon.org\\\/revista\\\/wp-content\\\/uploads\\\/2020\\\/05\\\/OLGA-PEDERNERA.jpeg\",\"caption\":\"Olga de Pedernera\"},\"url\":\"#molongui-disabled-link\"}]}<\/script>\n<!-- \/ Yoast SEO plugin. -->","yoast_head_json":{"title":"Jes\u00fas vendr\u00e1 - La Revista de Rinc&oacute;n","description":"Concluir un a\u00f1o, cerrar un ciclo, abrir otro nos llama a tomar fuerzas sirviendo al Se\u00f1or Jes\u00fas porque El vendr\u00e1 cuando menos lo esperemos.","robots":{"index":"index","follow":"follow","max-snippet":"max-snippet:-1","max-image-preview":"max-image-preview:large","max-video-preview":"max-video-preview:-1"},"canonical":"https:\/\/iglesiarincon.org\/revista\/jesus-vendra\/","og_locale":"es_ES","og_type":"article","og_title":"Jes\u00fas vendr\u00e1 - La Revista de Rinc&oacute;n","og_description":"Concluir un a\u00f1o, cerrar un ciclo, abrir otro nos llama a tomar fuerzas sirviendo al Se\u00f1or Jes\u00fas porque El vendr\u00e1 cuando menos lo esperemos.","og_url":"https:\/\/iglesiarincon.org\/revista\/jesus-vendra\/","og_site_name":"La Revista de Rinc&oacute;n","article_published_time":"2023-12-27T12:46:07+00:00","article_modified_time":"2023-12-28T13:53:22+00:00","og_image":[{"width":1280,"height":846,"url":"https:\/\/iglesiarincon.org\/revista\/wp-content\/uploads\/2023\/12\/vendra.jpg","type":"image\/jpeg"}],"author":"Olga de Pedernera","twitter_card":"summary_large_image","twitter_misc":{"Escrito por":"Olga de Pedernera","Tiempo de lectura":"3 minutos"},"schema":{"@context":"https:\/\/schema.org","@graph":[{"@type":"Article","@id":"https:\/\/iglesiarincon.org\/revista\/jesus-vendra\/#article","isPartOf":{"@id":"https:\/\/iglesiarincon.org\/revista\/jesus-vendra\/"},"author":{"name":"Olga de Pedernera","@id":"https:\/\/iglesiarincon.org\/revista\/#\/schema\/person\/a8b2fdd8f8efe2495a340a0febbe7df4"},"headline":"Jes\u00fas vendr\u00e1","datePublished":"2023-12-27T12:46:07+00:00","dateModified":"2023-12-28T13:53:22+00:00","mainEntityOfPage":{"@id":"https:\/\/iglesiarincon.org\/revista\/jesus-vendra\/"},"wordCount":557,"commentCount":0,"image":{"@id":"https:\/\/iglesiarincon.org\/revista\/jesus-vendra\/#primaryimage"},"thumbnailUrl":"https:\/\/iglesiarincon.org\/revista\/wp-content\/uploads\/2023\/12\/vendra.jpg","articleSection":["Reflexiones"],"inLanguage":"es","potentialAction":[{"@type":"CommentAction","name":"Comment","target":["https:\/\/iglesiarincon.org\/revista\/jesus-vendra\/#respond"]}]},{"@type":"WebPage","@id":"https:\/\/iglesiarincon.org\/revista\/jesus-vendra\/","url":"https:\/\/iglesiarincon.org\/revista\/jesus-vendra\/","name":"Jes\u00fas vendr\u00e1 - La Revista de Rinc&oacute;n","isPartOf":{"@id":"https:\/\/iglesiarincon.org\/revista\/#website"},"primaryImageOfPage":{"@id":"https:\/\/iglesiarincon.org\/revista\/jesus-vendra\/#primaryimage"},"image":{"@id":"https:\/\/iglesiarincon.org\/revista\/jesus-vendra\/#primaryimage"},"thumbnailUrl":"https:\/\/iglesiarincon.org\/revista\/wp-content\/uploads\/2023\/12\/vendra.jpg","datePublished":"2023-12-27T12:46:07+00:00","dateModified":"2023-12-28T13:53:22+00:00","author":{"@id":"https:\/\/iglesiarincon.org\/revista\/#\/schema\/person\/a8b2fdd8f8efe2495a340a0febbe7df4"},"description":"Concluir un a\u00f1o, cerrar un ciclo, abrir otro nos llama a tomar fuerzas sirviendo al Se\u00f1or Jes\u00fas porque El vendr\u00e1 cuando menos lo esperemos.","breadcrumb":{"@id":"https:\/\/iglesiarincon.org\/revista\/jesus-vendra\/#breadcrumb"},"inLanguage":"es","potentialAction":[{"@type":"ReadAction","target":["https:\/\/iglesiarincon.org\/revista\/jesus-vendra\/"]}]},{"@type":"ImageObject","inLanguage":"es","@id":"https:\/\/iglesiarincon.org\/revista\/jesus-vendra\/#primaryimage","url":"https:\/\/iglesiarincon.org\/revista\/wp-content\/uploads\/2023\/12\/vendra.jpg","contentUrl":"https:\/\/iglesiarincon.org\/revista\/wp-content\/uploads\/2023\/12\/vendra.jpg","width":1280,"height":846},{"@type":"BreadcrumbList","@id":"https:\/\/iglesiarincon.org\/revista\/jesus-vendra\/#breadcrumb","itemListElement":[{"@type":"ListItem","position":1,"name":"Portada","item":"https:\/\/iglesiarincon.org\/revista\/"},{"@type":"ListItem","position":2,"name":"Jes\u00fas vendr\u00e1"}]},{"@type":"WebSite","@id":"https:\/\/iglesiarincon.org\/revista\/#website","url":"https:\/\/iglesiarincon.org\/revista\/","name":"La Revista de Rinc&oacute;n","description":"Compartiendo lo mejor","potentialAction":[{"@type":"SearchAction","target":{"@type":"EntryPoint","urlTemplate":"https:\/\/iglesiarincon.org\/revista\/?s={search_term_string}"},"query-input":{"@type":"PropertyValueSpecification","valueRequired":true,"valueName":"search_term_string"}}],"inLanguage":"es"},{"@type":"Person","@id":"https:\/\/iglesiarincon.org\/revista\/#\/schema\/person\/a8b2fdd8f8efe2495a340a0febbe7df4","name":"Olga de Pedernera","image":{"@type":"ImageObject","inLanguage":"es","@id":"https:\/\/iglesiarincon.org\/revista\/wp-content\/uploads\/2020\/05\/OLGA-PEDERNERA.jpeg","url":"https:\/\/iglesiarincon.org\/revista\/wp-content\/uploads\/2020\/05\/OLGA-PEDERNERA.jpeg","contentUrl":"https:\/\/iglesiarincon.org\/revista\/wp-content\/uploads\/2020\/05\/OLGA-PEDERNERA.jpeg","caption":"Olga de Pedernera"},"url":"#molongui-disabled-link"}]}},"_links":{"self":[{"href":"https:\/\/iglesiarincon.org\/revista\/wp-json\/wp\/v2\/posts\/8489","targetHints":{"allow":["GET"]}}],"collection":[{"href":"https:\/\/iglesiarincon.org\/revista\/wp-json\/wp\/v2\/posts"}],"about":[{"href":"https:\/\/iglesiarincon.org\/revista\/wp-json\/wp\/v2\/types\/post"}],"author":[{"embeddable":true,"href":"https:\/\/iglesiarincon.org\/revista\/wp-json\/wp\/v2\/users\/3"}],"replies":[{"embeddable":true,"href":"https:\/\/iglesiarincon.org\/revista\/wp-json\/wp\/v2\/comments?post=8489"}],"version-history":[{"count":5,"href":"https:\/\/iglesiarincon.org\/revista\/wp-json\/wp\/v2\/posts\/8489\/revisions"}],"predecessor-version":[{"id":8497,"href":"https:\/\/iglesiarincon.org\/revista\/wp-json\/wp\/v2\/posts\/8489\/revisions\/8497"}],"wp:featuredmedia":[{"embeddable":true,"href":"https:\/\/iglesiarincon.org\/revista\/wp-json\/wp\/v2\/media\/8493"}],"wp:attachment":[{"href":"https:\/\/iglesiarincon.org\/revista\/wp-json\/wp\/v2\/media?parent=8489"}],"wp:term":[{"taxonomy":"category","embeddable":true,"href":"https:\/\/iglesiarincon.org\/revista\/wp-json\/wp\/v2\/categories?post=8489"},{"taxonomy":"post_tag","embeddable":true,"href":"https:\/\/iglesiarincon.org\/revista\/wp-json\/wp\/v2\/tags?post=8489"}],"curies":[{"name":"wp","href":"https:\/\/api.w.org\/{rel}","templated":true}]}}