{"id":8461,"date":"2023-12-18T16:52:47","date_gmt":"2023-12-18T19:52:47","guid":{"rendered":"https:\/\/iglesiarincon.org\/revista\/?p=8461"},"modified":"2023-12-18T16:53:17","modified_gmt":"2023-12-18T19:53:17","slug":"jesus-me-amo-a-mi","status":"publish","type":"post","link":"https:\/\/iglesiarincon.org\/revista\/jesus-me-amo-a-mi\/","title":{"rendered":"JES\u00daS me am\u00f3 a MI"},"content":{"rendered":"\n[et_pb_section fb_built=\u00bb1&#8243; theme_builder_area=\u00bbpost_content\u00bb _builder_version=\u00bb4.23.1&#8243; _module_preset=\u00bbdefault\u00bb][et_pb_row _builder_version=\u00bb4.23.1&#8243; _module_preset=\u00bbdefault\u00bb theme_builder_area=\u00bbpost_content\u00bb][et_pb_column _builder_version=\u00bb4.23.1&#8243; _module_preset=\u00bbdefault\u00bb type=\u00bb4_4&#8243; theme_builder_area=\u00bbpost_content\u00bb][et_pb_text _builder_version=\u00bb4.23.1&#8243; _module_preset=\u00bbdefault\u00bb theme_builder_area=\u00bbpost_content\u00bb hover_enabled=\u00bb0&#8243; sticky_enabled=\u00bb0&#8243;]<p><span>\u00abCon Cristo estoy juntamente crucificado, y ya no vivo yo, mas vive Cristo en m\u00ed; y lo que ahora vivo en la carne, lo vivo en la fe del Hijo de Dios, el cual me am\u00f3 y se entreg\u00f3 a s\u00ed mismo por m\u00ed.\u00bb G\u00e1latas 2:20<\/span><\/p>[\/et_pb_text][et_pb_video _builder_version=\u00bb4.23.1&#8243; _module_preset=\u00bbdefault\u00bb theme_builder_area=\u00bbpost_content\u00bb src=\u00bbhttps:\/\/02-revista.s3.sa-east-1.amazonaws.com\/Videos\/Samuel+Perez+Millo\/20231218_Me+amo+a+mi+-+Samuel+Perez+Millos.mp4&#8243; hover_enabled=\u00bb0&#8243; sticky_enabled=\u00bb0&#8243;][\/et_pb_video][\/et_pb_column][\/et_pb_row][\/et_pb_section]\n","protected":false},"excerpt":{"rendered":"<p>\u00abCon Cristo estoy juntamente crucificado, y ya no vivo yo, mas vive Cristo en m\u00ed; y lo que ahora vivo en la carne, lo vivo en la fe del Hijo de Dios, el cual me am\u00f3 y se entreg\u00f3 a s\u00ed mismo por m\u00ed.\u00bb G\u00e1latas 2:20<\/p>\n","protected":false},"author":3,"featured_media":8462,"comment_status":"open","ping_status":"open","sticky":false,"template":"","format":"standard","meta":{"_et_pb_use_builder":"on","_et_pb_old_content":"","_et_gb_content_width":"","footnotes":""},"categories":[3,43],"tags":[],"class_list":["post-8461","post","type-post","status-publish","format-standard","has-post-thumbnail","hentry","category-reflexiones","category-videos","et-has-post-format-content","et_post_format-et-post-format-standard"],"yoast_head":"<!-- This site is optimized with the Yoast SEO plugin v27.5 - https:\/\/yoast.com\/product\/yoast-seo-wordpress\/ -->\n<title>JES\u00daS me am\u00f3 a MI - La Revista de Rinc&oacute;n<\/title>\n<meta name=\"description\" content=\"&quot;...Lo que ahora vivo en la carne, lo vivo en la fe del Hijo de Dios, el cual ME AM\u00d3 y se entreg\u00f3 a s\u00ed mismo por M\u00cd...&quot;\" \/>\n<meta name=\"robots\" content=\"index, follow, max-snippet:-1, max-image-preview:large, max-video-preview:-1\" \/>\n<link rel=\"canonical\" href=\"https:\/\/iglesiarincon.org\/revista\/jesus-me-amo-a-mi\/\" \/>\n<meta property=\"og:locale\" content=\"es_ES\" \/>\n<meta property=\"og:type\" content=\"article\" \/>\n<meta property=\"og:title\" content=\"JES\u00daS me am\u00f3 a MI - La Revista de Rinc&oacute;n\" \/>\n<meta property=\"og:description\" content=\"&quot;...Lo que ahora vivo en la carne, lo vivo en la fe del Hijo de Dios, el cual ME AM\u00d3 y se entreg\u00f3 a s\u00ed mismo por M\u00cd...&quot;\" \/>\n<meta property=\"og:url\" content=\"https:\/\/iglesiarincon.org\/revista\/jesus-me-amo-a-mi\/\" \/>\n<meta property=\"og:site_name\" content=\"La Revista de Rinc&oacute;n\" \/>\n<meta property=\"article:published_time\" content=\"2023-12-18T19:52:47+00:00\" \/>\n<meta property=\"article:modified_time\" content=\"2023-12-18T19:53:17+00:00\" \/>\n<meta property=\"og:image\" content=\"https:\/\/iglesiarincon.org\/revista\/wp-content\/uploads\/2023\/12\/AMO.jpg\" \/>\n\t<meta property=\"og:image:width\" content=\"1280\" \/>\n\t<meta property=\"og:image:height\" content=\"853\" \/>\n\t<meta property=\"og:image:type\" content=\"image\/jpeg\" \/>\n<meta name=\"author\" content=\"Samuel Perez Millo\" \/>\n<meta name=\"twitter:card\" content=\"summary_large_image\" \/>\n<meta name=\"twitter:label1\" content=\"Escrito por\" \/>\n\t<meta name=\"twitter:data1\" content=\"Samuel Perez Millo\" \/>\n\t<meta name=\"twitter:label2\" content=\"Tiempo de lectura\" \/>\n\t<meta name=\"twitter:data2\" content=\"1 minuto\" \/>\n<script type=\"application\/ld+json\" class=\"yoast-schema-graph\">{\"@context\":\"https:\\\/\\\/schema.org\",\"@graph\":[{\"@type\":\"Article\",\"@id\":\"https:\\\/\\\/iglesiarincon.org\\\/revista\\\/jesus-me-amo-a-mi\\\/#article\",\"isPartOf\":{\"@id\":\"https:\\\/\\\/iglesiarincon.org\\\/revista\\\/jesus-me-amo-a-mi\\\/\"},\"author\":{\"name\":\"Samuel Perez Millo\",\"@id\":\"https:\\\/\\\/iglesiarincon.org\\\/revista\\\/#\\\/schema\\\/person\\\/a8b2fdd8f8efe2495a340a0febbe7df4\"},\"headline\":\"JES\u00daS me am\u00f3 a MI\",\"datePublished\":\"2023-12-18T19:52:47+00:00\",\"dateModified\":\"2023-12-18T19:53:17+00:00\",\"mainEntityOfPage\":{\"@id\":\"https:\\\/\\\/iglesiarincon.org\\\/revista\\\/jesus-me-amo-a-mi\\\/\"},\"wordCount\":163,\"commentCount\":0,\"image\":{\"@id\":\"https:\\\/\\\/iglesiarincon.org\\\/revista\\\/jesus-me-amo-a-mi\\\/#primaryimage\"},\"thumbnailUrl\":\"https:\\\/\\\/iglesiarincon.org\\\/revista\\\/wp-content\\\/uploads\\\/2023\\\/12\\\/AMO.jpg\",\"articleSection\":[\"Reflexiones\",\"Videos\"],\"inLanguage\":\"es\",\"potentialAction\":[{\"@type\":\"CommentAction\",\"name\":\"Comment\",\"target\":[\"https:\\\/\\\/iglesiarincon.org\\\/revista\\\/jesus-me-amo-a-mi\\\/#respond\"]}]},{\"@type\":\"WebPage\",\"@id\":\"https:\\\/\\\/iglesiarincon.org\\\/revista\\\/jesus-me-amo-a-mi\\\/\",\"url\":\"https:\\\/\\\/iglesiarincon.org\\\/revista\\\/jesus-me-amo-a-mi\\\/\",\"name\":\"JES\u00daS me am\u00f3 a MI - La Revista de Rinc&oacute;n\",\"isPartOf\":{\"@id\":\"https:\\\/\\\/iglesiarincon.org\\\/revista\\\/#website\"},\"primaryImageOfPage\":{\"@id\":\"https:\\\/\\\/iglesiarincon.org\\\/revista\\\/jesus-me-amo-a-mi\\\/#primaryimage\"},\"image\":{\"@id\":\"https:\\\/\\\/iglesiarincon.org\\\/revista\\\/jesus-me-amo-a-mi\\\/#primaryimage\"},\"thumbnailUrl\":\"https:\\\/\\\/iglesiarincon.org\\\/revista\\\/wp-content\\\/uploads\\\/2023\\\/12\\\/AMO.jpg\",\"datePublished\":\"2023-12-18T19:52:47+00:00\",\"dateModified\":\"2023-12-18T19:53:17+00:00\",\"author\":{\"@id\":\"https:\\\/\\\/iglesiarincon.org\\\/revista\\\/#\\\/schema\\\/person\\\/a8b2fdd8f8efe2495a340a0febbe7df4\"},\"description\":\"\\\"...Lo que ahora vivo en la carne, lo vivo en la fe del Hijo de Dios, el cual ME AM\u00d3 y se entreg\u00f3 a s\u00ed mismo por M\u00cd...\\\"\",\"breadcrumb\":{\"@id\":\"https:\\\/\\\/iglesiarincon.org\\\/revista\\\/jesus-me-amo-a-mi\\\/#breadcrumb\"},\"inLanguage\":\"es\",\"potentialAction\":[{\"@type\":\"ReadAction\",\"target\":[\"https:\\\/\\\/iglesiarincon.org\\\/revista\\\/jesus-me-amo-a-mi\\\/\"]}]},{\"@type\":\"ImageObject\",\"inLanguage\":\"es\",\"@id\":\"https:\\\/\\\/iglesiarincon.org\\\/revista\\\/jesus-me-amo-a-mi\\\/#primaryimage\",\"url\":\"https:\\\/\\\/iglesiarincon.org\\\/revista\\\/wp-content\\\/uploads\\\/2023\\\/12\\\/AMO.jpg\",\"contentUrl\":\"https:\\\/\\\/iglesiarincon.org\\\/revista\\\/wp-content\\\/uploads\\\/2023\\\/12\\\/AMO.jpg\",\"width\":1280,\"height\":853},{\"@type\":\"BreadcrumbList\",\"@id\":\"https:\\\/\\\/iglesiarincon.org\\\/revista\\\/jesus-me-amo-a-mi\\\/#breadcrumb\",\"itemListElement\":[{\"@type\":\"ListItem\",\"position\":1,\"name\":\"Portada\",\"item\":\"https:\\\/\\\/iglesiarincon.org\\\/revista\\\/\"},{\"@type\":\"ListItem\",\"position\":2,\"name\":\"JES\u00daS me am\u00f3 a MI\"}]},{\"@type\":\"WebSite\",\"@id\":\"https:\\\/\\\/iglesiarincon.org\\\/revista\\\/#website\",\"url\":\"https:\\\/\\\/iglesiarincon.org\\\/revista\\\/\",\"name\":\"La Revista de Rinc&oacute;n\",\"description\":\"Compartiendo lo mejor\",\"potentialAction\":[{\"@type\":\"SearchAction\",\"target\":{\"@type\":\"EntryPoint\",\"urlTemplate\":\"https:\\\/\\\/iglesiarincon.org\\\/revista\\\/?s={search_term_string}\"},\"query-input\":{\"@type\":\"PropertyValueSpecification\",\"valueRequired\":true,\"valueName\":\"search_term_string\"}}],\"inLanguage\":\"es\"},{\"@type\":\"Person\",\"@id\":\"https:\\\/\\\/iglesiarincon.org\\\/revista\\\/#\\\/schema\\\/person\\\/a8b2fdd8f8efe2495a340a0febbe7df4\",\"name\":\"Samuel Perez Millo\",\"image\":{\"@type\":\"ImageObject\",\"inLanguage\":\"es\",\"@id\":\"https:\\\/\\\/iglesiarincon.org\\\/revista\\\/wp-content\\\/uploads\\\/2020\\\/05\\\/samuel_perez_millos.jpeg\",\"url\":\"https:\\\/\\\/iglesiarincon.org\\\/revista\\\/wp-content\\\/uploads\\\/2020\\\/05\\\/samuel_perez_millos.jpeg\",\"contentUrl\":\"https:\\\/\\\/iglesiarincon.org\\\/revista\\\/wp-content\\\/uploads\\\/2020\\\/05\\\/samuel_perez_millos.jpeg\",\"caption\":\"Samuel Perez Millo\"},\"description\":\"Pastor de la Iglesia Evang\u00e9lica Unida, de Vigo, Espa\u00f1a desde el a\u00f1o 1981. Licenciado en Teolog\u00eda, Master en Cristolog\u00eda, Master en Espiritualidad Trinitaria, por el Instituto y Seminario B\u00edblico Evang\u00e9lico. Profesor en varias instituciones acad\u00e9micas de teolog\u00eda. Escritor de m\u00e1s de 50 libros de estudio b\u00edblico, autor del Comentario Exeg\u00e9tico al Texto Griego del Nuevo Testamento en 19 vol\u00famenes. Expositor, participando en conferencias en Hispanoam\u00e9rica, EE.UU., Australia, Europa.\",\"url\":\"#molongui-disabled-link\"}]}<\/script>\n<!-- \/ Yoast SEO plugin. -->","yoast_head_json":{"title":"JES\u00daS me am\u00f3 a MI - La Revista de Rinc&oacute;n","description":"\"...Lo que ahora vivo en la carne, lo vivo en la fe del Hijo de Dios, el cual ME AM\u00d3 y se entreg\u00f3 a s\u00ed mismo por M\u00cd...\"","robots":{"index":"index","follow":"follow","max-snippet":"max-snippet:-1","max-image-preview":"max-image-preview:large","max-video-preview":"max-video-preview:-1"},"canonical":"https:\/\/iglesiarincon.org\/revista\/jesus-me-amo-a-mi\/","og_locale":"es_ES","og_type":"article","og_title":"JES\u00daS me am\u00f3 a MI - La Revista de Rinc&oacute;n","og_description":"\"...Lo que ahora vivo en la carne, lo vivo en la fe del Hijo de Dios, el cual ME AM\u00d3 y se entreg\u00f3 a s\u00ed mismo por M\u00cd...\"","og_url":"https:\/\/iglesiarincon.org\/revista\/jesus-me-amo-a-mi\/","og_site_name":"La Revista de Rinc&oacute;n","article_published_time":"2023-12-18T19:52:47+00:00","article_modified_time":"2023-12-18T19:53:17+00:00","og_image":[{"width":1280,"height":853,"url":"https:\/\/iglesiarincon.org\/revista\/wp-content\/uploads\/2023\/12\/AMO.jpg","type":"image\/jpeg"}],"author":"Samuel Perez Millo","twitter_card":"summary_large_image","twitter_misc":{"Escrito por":"Samuel Perez Millo","Tiempo de lectura":"1 minuto"},"schema":{"@context":"https:\/\/schema.org","@graph":[{"@type":"Article","@id":"https:\/\/iglesiarincon.org\/revista\/jesus-me-amo-a-mi\/#article","isPartOf":{"@id":"https:\/\/iglesiarincon.org\/revista\/jesus-me-amo-a-mi\/"},"author":{"name":"Samuel Perez Millo","@id":"https:\/\/iglesiarincon.org\/revista\/#\/schema\/person\/a8b2fdd8f8efe2495a340a0febbe7df4"},"headline":"JES\u00daS me am\u00f3 a MI","datePublished":"2023-12-18T19:52:47+00:00","dateModified":"2023-12-18T19:53:17+00:00","mainEntityOfPage":{"@id":"https:\/\/iglesiarincon.org\/revista\/jesus-me-amo-a-mi\/"},"wordCount":163,"commentCount":0,"image":{"@id":"https:\/\/iglesiarincon.org\/revista\/jesus-me-amo-a-mi\/#primaryimage"},"thumbnailUrl":"https:\/\/iglesiarincon.org\/revista\/wp-content\/uploads\/2023\/12\/AMO.jpg","articleSection":["Reflexiones","Videos"],"inLanguage":"es","potentialAction":[{"@type":"CommentAction","name":"Comment","target":["https:\/\/iglesiarincon.org\/revista\/jesus-me-amo-a-mi\/#respond"]}]},{"@type":"WebPage","@id":"https:\/\/iglesiarincon.org\/revista\/jesus-me-amo-a-mi\/","url":"https:\/\/iglesiarincon.org\/revista\/jesus-me-amo-a-mi\/","name":"JES\u00daS me am\u00f3 a MI - La Revista de Rinc&oacute;n","isPartOf":{"@id":"https:\/\/iglesiarincon.org\/revista\/#website"},"primaryImageOfPage":{"@id":"https:\/\/iglesiarincon.org\/revista\/jesus-me-amo-a-mi\/#primaryimage"},"image":{"@id":"https:\/\/iglesiarincon.org\/revista\/jesus-me-amo-a-mi\/#primaryimage"},"thumbnailUrl":"https:\/\/iglesiarincon.org\/revista\/wp-content\/uploads\/2023\/12\/AMO.jpg","datePublished":"2023-12-18T19:52:47+00:00","dateModified":"2023-12-18T19:53:17+00:00","author":{"@id":"https:\/\/iglesiarincon.org\/revista\/#\/schema\/person\/a8b2fdd8f8efe2495a340a0febbe7df4"},"description":"\"...Lo que ahora vivo en la carne, lo vivo en la fe del Hijo de Dios, el cual ME AM\u00d3 y se entreg\u00f3 a s\u00ed mismo por M\u00cd...\"","breadcrumb":{"@id":"https:\/\/iglesiarincon.org\/revista\/jesus-me-amo-a-mi\/#breadcrumb"},"inLanguage":"es","potentialAction":[{"@type":"ReadAction","target":["https:\/\/iglesiarincon.org\/revista\/jesus-me-amo-a-mi\/"]}]},{"@type":"ImageObject","inLanguage":"es","@id":"https:\/\/iglesiarincon.org\/revista\/jesus-me-amo-a-mi\/#primaryimage","url":"https:\/\/iglesiarincon.org\/revista\/wp-content\/uploads\/2023\/12\/AMO.jpg","contentUrl":"https:\/\/iglesiarincon.org\/revista\/wp-content\/uploads\/2023\/12\/AMO.jpg","width":1280,"height":853},{"@type":"BreadcrumbList","@id":"https:\/\/iglesiarincon.org\/revista\/jesus-me-amo-a-mi\/#breadcrumb","itemListElement":[{"@type":"ListItem","position":1,"name":"Portada","item":"https:\/\/iglesiarincon.org\/revista\/"},{"@type":"ListItem","position":2,"name":"JES\u00daS me am\u00f3 a MI"}]},{"@type":"WebSite","@id":"https:\/\/iglesiarincon.org\/revista\/#website","url":"https:\/\/iglesiarincon.org\/revista\/","name":"La Revista de Rinc&oacute;n","description":"Compartiendo lo mejor","potentialAction":[{"@type":"SearchAction","target":{"@type":"EntryPoint","urlTemplate":"https:\/\/iglesiarincon.org\/revista\/?s={search_term_string}"},"query-input":{"@type":"PropertyValueSpecification","valueRequired":true,"valueName":"search_term_string"}}],"inLanguage":"es"},{"@type":"Person","@id":"https:\/\/iglesiarincon.org\/revista\/#\/schema\/person\/a8b2fdd8f8efe2495a340a0febbe7df4","name":"Samuel Perez Millo","image":{"@type":"ImageObject","inLanguage":"es","@id":"https:\/\/iglesiarincon.org\/revista\/wp-content\/uploads\/2020\/05\/samuel_perez_millos.jpeg","url":"https:\/\/iglesiarincon.org\/revista\/wp-content\/uploads\/2020\/05\/samuel_perez_millos.jpeg","contentUrl":"https:\/\/iglesiarincon.org\/revista\/wp-content\/uploads\/2020\/05\/samuel_perez_millos.jpeg","caption":"Samuel Perez Millo"},"description":"Pastor de la Iglesia Evang\u00e9lica Unida, de Vigo, Espa\u00f1a desde el a\u00f1o 1981. Licenciado en Teolog\u00eda, Master en Cristolog\u00eda, Master en Espiritualidad Trinitaria, por el Instituto y Seminario B\u00edblico Evang\u00e9lico. Profesor en varias instituciones acad\u00e9micas de teolog\u00eda. Escritor de m\u00e1s de 50 libros de estudio b\u00edblico, autor del Comentario Exeg\u00e9tico al Texto Griego del Nuevo Testamento en 19 vol\u00famenes. Expositor, participando en conferencias en Hispanoam\u00e9rica, EE.UU., Australia, Europa.","url":"#molongui-disabled-link"}]}},"_links":{"self":[{"href":"https:\/\/iglesiarincon.org\/revista\/wp-json\/wp\/v2\/posts\/8461","targetHints":{"allow":["GET"]}}],"collection":[{"href":"https:\/\/iglesiarincon.org\/revista\/wp-json\/wp\/v2\/posts"}],"about":[{"href":"https:\/\/iglesiarincon.org\/revista\/wp-json\/wp\/v2\/types\/post"}],"author":[{"embeddable":true,"href":"https:\/\/iglesiarincon.org\/revista\/wp-json\/wp\/v2\/users\/3"}],"replies":[{"embeddable":true,"href":"https:\/\/iglesiarincon.org\/revista\/wp-json\/wp\/v2\/comments?post=8461"}],"version-history":[{"count":4,"href":"https:\/\/iglesiarincon.org\/revista\/wp-json\/wp\/v2\/posts\/8461\/revisions"}],"predecessor-version":[{"id":8466,"href":"https:\/\/iglesiarincon.org\/revista\/wp-json\/wp\/v2\/posts\/8461\/revisions\/8466"}],"wp:featuredmedia":[{"embeddable":true,"href":"https:\/\/iglesiarincon.org\/revista\/wp-json\/wp\/v2\/media\/8462"}],"wp:attachment":[{"href":"https:\/\/iglesiarincon.org\/revista\/wp-json\/wp\/v2\/media?parent=8461"}],"wp:term":[{"taxonomy":"category","embeddable":true,"href":"https:\/\/iglesiarincon.org\/revista\/wp-json\/wp\/v2\/categories?post=8461"},{"taxonomy":"post_tag","embeddable":true,"href":"https:\/\/iglesiarincon.org\/revista\/wp-json\/wp\/v2\/tags?post=8461"}],"curies":[{"name":"wp","href":"https:\/\/api.w.org\/{rel}","templated":true}]}}