{"id":8433,"date":"2023-12-22T11:52:18","date_gmt":"2023-12-22T14:52:18","guid":{"rendered":"https:\/\/iglesiarincon.org\/revista\/?p=8433"},"modified":"2023-12-22T12:01:57","modified_gmt":"2023-12-22T15:01:57","slug":"navidad-con-esperanza","status":"publish","type":"post","link":"https:\/\/iglesiarincon.org\/revista\/navidad-con-esperanza\/","title":{"rendered":"Navidad con Esperanza"},"content":{"rendered":"\n[et_pb_section fb_built=\u00bb1&#8243; _builder_version=\u00bb4.23.2&#8243; _module_preset=\u00bbdefault\u00bb hover_enabled=\u00bb0&#8243; global_colors_info=\u00bb{}\u00bb sticky_enabled=\u00bb0&#8243;][et_pb_row _builder_version=\u00bb4.23.1&#8243; _module_preset=\u00bbdefault\u00bb global_colors_info=\u00bb{}\u00bb][et_pb_column type=\u00bb4_4&#8243; _builder_version=\u00bb4.23.1&#8243; _module_preset=\u00bbdefault\u00bb global_colors_info=\u00bb{}\u00bb][et_pb_text _builder_version=\u00bb4.23.2&#8243; _module_preset=\u00bbdefault\u00bb text_font_size=\u00bb18px\u00bb hover_enabled=\u00bb0&#8243; global_colors_info=\u00bb{}\u00bb sticky_enabled=\u00bb0&#8243;]<p><em>Navidad es una \u00e9poca que nos invita a reflexionar en tres aspectos fundamentales de la vida cristiana: la fe, la esperanza y el amor; pues muchas veces se deposita la fe de manera equivocada en alguien o algo, llevando a perder la esperanza y defraudando al amor.<\/em><br \/><em>Los creyentes sabemos que la Navidad tiene un significado muy especial, pues se celebra el nacimiento del Salvador. Este d\u00eda es una buena oportunidad para compartir, adem\u00e1s de su nacimiento, tambi\u00e9n de su obra, muerte y resurrecci\u00f3n.<\/em><br \/><em>Y es que es necesario aprovechar y hablar de Jesucristo y las buenas nuevas de salvaci\u00f3n que en \u00c9l se tienen, debido a que en medio de tanto festejo se puede confundir la verdadera fe, la verdadera esperanza y el verdadero amor.<\/em><br \/><em>Muchos depositan su fe (creencia profunda), en personas, cosas o ideales, pero la Biblia nos ense\u00f1a que la fe que Dios quiere es en su Hijo Jesucristo, pues \u00c9l es el autor y el consumador de la fe y s\u00f3lo en \u00c9l se tienen salvaci\u00f3n, perd\u00f3n de pecados y vida eterna.<\/em><br \/><em>La esperanza (expectativa futura), muchas veces se pierde por haber depositado la fe de manera incorrecta. Si colocamos nuestra fe en Jes\u00fas, debemos tener la certeza de que nuestra esperanza no ser\u00e1 defraudada, porque en \u00c9l sus promesas son s\u00ed y am\u00e9n (2 Corintios 1:20).<\/em><br \/><em>La fe correcta siempre nos llevar\u00e1 a Jes\u00fas, en quien encontraremos esperanza y sobre todo amor, pues al creer en \u00c9l y recibirle, su amor es derramado en nuestros corazones por el Esp\u00edritu Santo.<\/em><br \/><em>Que el amor de Dios se convierta en el impulso y motivo de nuestra vida. Que nos permita, en esta Navidad, compartir de Jes\u00fas, para que la fe crezca, renazca la esperanza y el verdadero amor se encienda en el coraz\u00f3n de los hombres.<\/em><\/p>\n<p><em>\u201cY ahora permanecen la fe, la esperanza y el amor, estos tres; pero el mayor de ellos es el amor.\u201d (1 Corintios 13:13)<\/em><\/p>\n<p>&nbsp;<\/p>[\/et_pb_text][et_pb_video src=\u00bbhttps:\/\/02-revista.s3.sa-east-1.amazonaws.com\/Videos\/Samuel+Perez+Millo\/20231218_vid_Majo+y+Dan+_+En+Lo+Alto+Gloria.mp4&#8243; _builder_version=\u00bb4.23.1&#8243; _module_preset=\u00bbdefault\u00bb global_colors_info=\u00bb{}\u00bb][\/et_pb_video][\/et_pb_column][\/et_pb_row][\/et_pb_section]\n","protected":false},"excerpt":{"rendered":"<p>Navidad es una \u00e9poca que nos invita a reflexionar en tres aspectos fundamentales de la vida cristiana: la fe, la esperanza y el amor; pues muchas veces se deposita la fe de manera equivocada en alguien o algo, llevando a perder la esperanza y defraudando al amor.Los creyentes sabemos que la Navidad tiene un significado [&hellip;]<\/p>\n","protected":false},"author":3,"featured_media":8437,"comment_status":"open","ping_status":"open","sticky":false,"template":"","format":"standard","meta":{"_et_pb_use_builder":"on","_et_pb_old_content":"","_et_gb_content_width":"","footnotes":""},"categories":[3],"tags":[],"class_list":["post-8433","post","type-post","status-publish","format-standard","has-post-thumbnail","hentry","category-reflexiones","et-has-post-format-content","et_post_format-et-post-format-standard"],"yoast_head":"<!-- This site is optimized with the Yoast SEO plugin v27.5 - https:\/\/yoast.com\/product\/yoast-seo-wordpress\/ -->\n<title>Navidad con Esperanza - La Revista de Rinc&oacute;n<\/title>\n<meta name=\"description\" content=\"Que nos permita, en esta Navidad, compartir de Jes\u00fas, para que la fe crezca, renazca la esperanza en el coraz\u00f3n de los hombres.\" \/>\n<meta name=\"robots\" content=\"index, follow, max-snippet:-1, max-image-preview:large, max-video-preview:-1\" \/>\n<link rel=\"canonical\" href=\"https:\/\/iglesiarincon.org\/revista\/navidad-con-esperanza\/\" \/>\n<meta property=\"og:locale\" content=\"es_ES\" \/>\n<meta property=\"og:type\" content=\"article\" \/>\n<meta property=\"og:title\" content=\"Navidad con Esperanza - La Revista de Rinc&oacute;n\" \/>\n<meta property=\"og:description\" content=\"Que nos permita, en esta Navidad, compartir de Jes\u00fas, para que la fe crezca, renazca la esperanza en el coraz\u00f3n de los hombres.\" \/>\n<meta property=\"og:url\" content=\"https:\/\/iglesiarincon.org\/revista\/navidad-con-esperanza\/\" \/>\n<meta property=\"og:site_name\" content=\"La Revista de Rinc&oacute;n\" \/>\n<meta property=\"article:published_time\" content=\"2023-12-22T14:52:18+00:00\" \/>\n<meta property=\"article:modified_time\" content=\"2023-12-22T15:01:57+00:00\" \/>\n<meta property=\"og:image\" content=\"https:\/\/iglesiarincon.org\/revista\/wp-content\/uploads\/2023\/12\/jesus-navidad.jpg\" \/>\n\t<meta property=\"og:image:width\" content=\"1280\" \/>\n\t<meta property=\"og:image:height\" content=\"853\" \/>\n\t<meta property=\"og:image:type\" content=\"image\/jpeg\" \/>\n<meta name=\"author\" content=\"Majo Sol\u00eds\" \/>\n<meta name=\"twitter:card\" content=\"summary_large_image\" \/>\n<meta name=\"twitter:label1\" content=\"Escrito por\" \/>\n\t<meta name=\"twitter:data1\" content=\"Majo Sol\u00eds\" \/>\n\t<meta name=\"twitter:label2\" content=\"Tiempo de lectura\" \/>\n\t<meta name=\"twitter:data2\" content=\"2 minutos\" \/>\n<script type=\"application\/ld+json\" class=\"yoast-schema-graph\">{\"@context\":\"https:\\\/\\\/schema.org\",\"@graph\":[{\"@type\":\"Article\",\"@id\":\"https:\\\/\\\/iglesiarincon.org\\\/revista\\\/navidad-con-esperanza\\\/#article\",\"isPartOf\":{\"@id\":\"https:\\\/\\\/iglesiarincon.org\\\/revista\\\/navidad-con-esperanza\\\/\"},\"author\":{\"name\":\"Majo Sol\u00eds\",\"@id\":\"https:\\\/\\\/iglesiarincon.org\\\/revista\\\/#\\\/schema\\\/person\\\/a8b2fdd8f8efe2495a340a0febbe7df4\"},\"headline\":\"Navidad con Esperanza\",\"datePublished\":\"2023-12-22T14:52:18+00:00\",\"dateModified\":\"2023-12-22T15:01:57+00:00\",\"mainEntityOfPage\":{\"@id\":\"https:\\\/\\\/iglesiarincon.org\\\/revista\\\/navidad-con-esperanza\\\/\"},\"wordCount\":443,\"commentCount\":0,\"image\":{\"@id\":\"https:\\\/\\\/iglesiarincon.org\\\/revista\\\/navidad-con-esperanza\\\/#primaryimage\"},\"thumbnailUrl\":\"https:\\\/\\\/iglesiarincon.org\\\/revista\\\/wp-content\\\/uploads\\\/2023\\\/12\\\/jesus-navidad.jpg\",\"articleSection\":[\"Reflexiones\"],\"inLanguage\":\"es\",\"potentialAction\":[{\"@type\":\"CommentAction\",\"name\":\"Comment\",\"target\":[\"https:\\\/\\\/iglesiarincon.org\\\/revista\\\/navidad-con-esperanza\\\/#respond\"]}]},{\"@type\":\"WebPage\",\"@id\":\"https:\\\/\\\/iglesiarincon.org\\\/revista\\\/navidad-con-esperanza\\\/\",\"url\":\"https:\\\/\\\/iglesiarincon.org\\\/revista\\\/navidad-con-esperanza\\\/\",\"name\":\"Navidad con Esperanza - La Revista de Rinc&oacute;n\",\"isPartOf\":{\"@id\":\"https:\\\/\\\/iglesiarincon.org\\\/revista\\\/#website\"},\"primaryImageOfPage\":{\"@id\":\"https:\\\/\\\/iglesiarincon.org\\\/revista\\\/navidad-con-esperanza\\\/#primaryimage\"},\"image\":{\"@id\":\"https:\\\/\\\/iglesiarincon.org\\\/revista\\\/navidad-con-esperanza\\\/#primaryimage\"},\"thumbnailUrl\":\"https:\\\/\\\/iglesiarincon.org\\\/revista\\\/wp-content\\\/uploads\\\/2023\\\/12\\\/jesus-navidad.jpg\",\"datePublished\":\"2023-12-22T14:52:18+00:00\",\"dateModified\":\"2023-12-22T15:01:57+00:00\",\"author\":{\"@id\":\"https:\\\/\\\/iglesiarincon.org\\\/revista\\\/#\\\/schema\\\/person\\\/a8b2fdd8f8efe2495a340a0febbe7df4\"},\"description\":\"Que nos permita, en esta Navidad, compartir de Jes\u00fas, para que la fe crezca, renazca la esperanza en el coraz\u00f3n de los hombres.\",\"breadcrumb\":{\"@id\":\"https:\\\/\\\/iglesiarincon.org\\\/revista\\\/navidad-con-esperanza\\\/#breadcrumb\"},\"inLanguage\":\"es\",\"potentialAction\":[{\"@type\":\"ReadAction\",\"target\":[\"https:\\\/\\\/iglesiarincon.org\\\/revista\\\/navidad-con-esperanza\\\/\"]}]},{\"@type\":\"ImageObject\",\"inLanguage\":\"es\",\"@id\":\"https:\\\/\\\/iglesiarincon.org\\\/revista\\\/navidad-con-esperanza\\\/#primaryimage\",\"url\":\"https:\\\/\\\/iglesiarincon.org\\\/revista\\\/wp-content\\\/uploads\\\/2023\\\/12\\\/jesus-navidad.jpg\",\"contentUrl\":\"https:\\\/\\\/iglesiarincon.org\\\/revista\\\/wp-content\\\/uploads\\\/2023\\\/12\\\/jesus-navidad.jpg\",\"width\":1280,\"height\":853},{\"@type\":\"BreadcrumbList\",\"@id\":\"https:\\\/\\\/iglesiarincon.org\\\/revista\\\/navidad-con-esperanza\\\/#breadcrumb\",\"itemListElement\":[{\"@type\":\"ListItem\",\"position\":1,\"name\":\"Portada\",\"item\":\"https:\\\/\\\/iglesiarincon.org\\\/revista\\\/\"},{\"@type\":\"ListItem\",\"position\":2,\"name\":\"Navidad con Esperanza\"}]},{\"@type\":\"WebSite\",\"@id\":\"https:\\\/\\\/iglesiarincon.org\\\/revista\\\/#website\",\"url\":\"https:\\\/\\\/iglesiarincon.org\\\/revista\\\/\",\"name\":\"La Revista de Rinc&oacute;n\",\"description\":\"Compartiendo lo mejor\",\"potentialAction\":[{\"@type\":\"SearchAction\",\"target\":{\"@type\":\"EntryPoint\",\"urlTemplate\":\"https:\\\/\\\/iglesiarincon.org\\\/revista\\\/?s={search_term_string}\"},\"query-input\":{\"@type\":\"PropertyValueSpecification\",\"valueRequired\":true,\"valueName\":\"search_term_string\"}}],\"inLanguage\":\"es\"},{\"@type\":\"Person\",\"@id\":\"https:\\\/\\\/iglesiarincon.org\\\/revista\\\/#\\\/schema\\\/person\\\/a8b2fdd8f8efe2495a340a0febbe7df4\",\"name\":\"Majo Sol\u00eds\",\"image\":{\"@type\":\"ImageObject\",\"inLanguage\":\"es\",\"@id\":\"https:\\\/\\\/iglesiarincon.org\\\/revista\\\/wp-content\\\/uploads\\\/2021\\\/03\\\/MAJO.jpg\",\"url\":\"https:\\\/\\\/iglesiarincon.org\\\/revista\\\/wp-content\\\/uploads\\\/2021\\\/03\\\/MAJO.jpg\",\"contentUrl\":\"https:\\\/\\\/iglesiarincon.org\\\/revista\\\/wp-content\\\/uploads\\\/2021\\\/03\\\/MAJO.jpg\",\"caption\":\"Majo Sol\u00eds\"},\"url\":\"#molongui-disabled-link\"}]}<\/script>\n<!-- \/ Yoast SEO plugin. -->","yoast_head_json":{"title":"Navidad con Esperanza - La Revista de Rinc&oacute;n","description":"Que nos permita, en esta Navidad, compartir de Jes\u00fas, para que la fe crezca, renazca la esperanza en el coraz\u00f3n de los hombres.","robots":{"index":"index","follow":"follow","max-snippet":"max-snippet:-1","max-image-preview":"max-image-preview:large","max-video-preview":"max-video-preview:-1"},"canonical":"https:\/\/iglesiarincon.org\/revista\/navidad-con-esperanza\/","og_locale":"es_ES","og_type":"article","og_title":"Navidad con Esperanza - La Revista de Rinc&oacute;n","og_description":"Que nos permita, en esta Navidad, compartir de Jes\u00fas, para que la fe crezca, renazca la esperanza en el coraz\u00f3n de los hombres.","og_url":"https:\/\/iglesiarincon.org\/revista\/navidad-con-esperanza\/","og_site_name":"La Revista de Rinc&oacute;n","article_published_time":"2023-12-22T14:52:18+00:00","article_modified_time":"2023-12-22T15:01:57+00:00","og_image":[{"width":1280,"height":853,"url":"https:\/\/iglesiarincon.org\/revista\/wp-content\/uploads\/2023\/12\/jesus-navidad.jpg","type":"image\/jpeg"}],"author":"Majo Sol\u00eds","twitter_card":"summary_large_image","twitter_misc":{"Escrito por":"Majo Sol\u00eds","Tiempo de lectura":"2 minutos"},"schema":{"@context":"https:\/\/schema.org","@graph":[{"@type":"Article","@id":"https:\/\/iglesiarincon.org\/revista\/navidad-con-esperanza\/#article","isPartOf":{"@id":"https:\/\/iglesiarincon.org\/revista\/navidad-con-esperanza\/"},"author":{"name":"Majo Sol\u00eds","@id":"https:\/\/iglesiarincon.org\/revista\/#\/schema\/person\/a8b2fdd8f8efe2495a340a0febbe7df4"},"headline":"Navidad con Esperanza","datePublished":"2023-12-22T14:52:18+00:00","dateModified":"2023-12-22T15:01:57+00:00","mainEntityOfPage":{"@id":"https:\/\/iglesiarincon.org\/revista\/navidad-con-esperanza\/"},"wordCount":443,"commentCount":0,"image":{"@id":"https:\/\/iglesiarincon.org\/revista\/navidad-con-esperanza\/#primaryimage"},"thumbnailUrl":"https:\/\/iglesiarincon.org\/revista\/wp-content\/uploads\/2023\/12\/jesus-navidad.jpg","articleSection":["Reflexiones"],"inLanguage":"es","potentialAction":[{"@type":"CommentAction","name":"Comment","target":["https:\/\/iglesiarincon.org\/revista\/navidad-con-esperanza\/#respond"]}]},{"@type":"WebPage","@id":"https:\/\/iglesiarincon.org\/revista\/navidad-con-esperanza\/","url":"https:\/\/iglesiarincon.org\/revista\/navidad-con-esperanza\/","name":"Navidad con Esperanza - La Revista de Rinc&oacute;n","isPartOf":{"@id":"https:\/\/iglesiarincon.org\/revista\/#website"},"primaryImageOfPage":{"@id":"https:\/\/iglesiarincon.org\/revista\/navidad-con-esperanza\/#primaryimage"},"image":{"@id":"https:\/\/iglesiarincon.org\/revista\/navidad-con-esperanza\/#primaryimage"},"thumbnailUrl":"https:\/\/iglesiarincon.org\/revista\/wp-content\/uploads\/2023\/12\/jesus-navidad.jpg","datePublished":"2023-12-22T14:52:18+00:00","dateModified":"2023-12-22T15:01:57+00:00","author":{"@id":"https:\/\/iglesiarincon.org\/revista\/#\/schema\/person\/a8b2fdd8f8efe2495a340a0febbe7df4"},"description":"Que nos permita, en esta Navidad, compartir de Jes\u00fas, para que la fe crezca, renazca la esperanza en el coraz\u00f3n de los hombres.","breadcrumb":{"@id":"https:\/\/iglesiarincon.org\/revista\/navidad-con-esperanza\/#breadcrumb"},"inLanguage":"es","potentialAction":[{"@type":"ReadAction","target":["https:\/\/iglesiarincon.org\/revista\/navidad-con-esperanza\/"]}]},{"@type":"ImageObject","inLanguage":"es","@id":"https:\/\/iglesiarincon.org\/revista\/navidad-con-esperanza\/#primaryimage","url":"https:\/\/iglesiarincon.org\/revista\/wp-content\/uploads\/2023\/12\/jesus-navidad.jpg","contentUrl":"https:\/\/iglesiarincon.org\/revista\/wp-content\/uploads\/2023\/12\/jesus-navidad.jpg","width":1280,"height":853},{"@type":"BreadcrumbList","@id":"https:\/\/iglesiarincon.org\/revista\/navidad-con-esperanza\/#breadcrumb","itemListElement":[{"@type":"ListItem","position":1,"name":"Portada","item":"https:\/\/iglesiarincon.org\/revista\/"},{"@type":"ListItem","position":2,"name":"Navidad con Esperanza"}]},{"@type":"WebSite","@id":"https:\/\/iglesiarincon.org\/revista\/#website","url":"https:\/\/iglesiarincon.org\/revista\/","name":"La Revista de Rinc&oacute;n","description":"Compartiendo lo mejor","potentialAction":[{"@type":"SearchAction","target":{"@type":"EntryPoint","urlTemplate":"https:\/\/iglesiarincon.org\/revista\/?s={search_term_string}"},"query-input":{"@type":"PropertyValueSpecification","valueRequired":true,"valueName":"search_term_string"}}],"inLanguage":"es"},{"@type":"Person","@id":"https:\/\/iglesiarincon.org\/revista\/#\/schema\/person\/a8b2fdd8f8efe2495a340a0febbe7df4","name":"Majo Sol\u00eds","image":{"@type":"ImageObject","inLanguage":"es","@id":"https:\/\/iglesiarincon.org\/revista\/wp-content\/uploads\/2021\/03\/MAJO.jpg","url":"https:\/\/iglesiarincon.org\/revista\/wp-content\/uploads\/2021\/03\/MAJO.jpg","contentUrl":"https:\/\/iglesiarincon.org\/revista\/wp-content\/uploads\/2021\/03\/MAJO.jpg","caption":"Majo Sol\u00eds"},"url":"#molongui-disabled-link"}]}},"_links":{"self":[{"href":"https:\/\/iglesiarincon.org\/revista\/wp-json\/wp\/v2\/posts\/8433","targetHints":{"allow":["GET"]}}],"collection":[{"href":"https:\/\/iglesiarincon.org\/revista\/wp-json\/wp\/v2\/posts"}],"about":[{"href":"https:\/\/iglesiarincon.org\/revista\/wp-json\/wp\/v2\/types\/post"}],"author":[{"embeddable":true,"href":"https:\/\/iglesiarincon.org\/revista\/wp-json\/wp\/v2\/users\/3"}],"replies":[{"embeddable":true,"href":"https:\/\/iglesiarincon.org\/revista\/wp-json\/wp\/v2\/comments?post=8433"}],"version-history":[{"count":5,"href":"https:\/\/iglesiarincon.org\/revista\/wp-json\/wp\/v2\/posts\/8433\/revisions"}],"predecessor-version":[{"id":8487,"href":"https:\/\/iglesiarincon.org\/revista\/wp-json\/wp\/v2\/posts\/8433\/revisions\/8487"}],"wp:featuredmedia":[{"embeddable":true,"href":"https:\/\/iglesiarincon.org\/revista\/wp-json\/wp\/v2\/media\/8437"}],"wp:attachment":[{"href":"https:\/\/iglesiarincon.org\/revista\/wp-json\/wp\/v2\/media?parent=8433"}],"wp:term":[{"taxonomy":"category","embeddable":true,"href":"https:\/\/iglesiarincon.org\/revista\/wp-json\/wp\/v2\/categories?post=8433"},{"taxonomy":"post_tag","embeddable":true,"href":"https:\/\/iglesiarincon.org\/revista\/wp-json\/wp\/v2\/tags?post=8433"}],"curies":[{"name":"wp","href":"https:\/\/api.w.org\/{rel}","templated":true}]}}