{"id":8409,"date":"2023-10-31T11:12:47","date_gmt":"2023-10-31T14:12:47","guid":{"rendered":"https:\/\/iglesiarincon.org\/revista\/?p=8409"},"modified":"2023-10-31T11:14:47","modified_gmt":"2023-10-31T14:14:47","slug":"celebremos-la-reforma","status":"publish","type":"post","link":"https:\/\/iglesiarincon.org\/revista\/celebremos-la-reforma\/","title":{"rendered":"Celebremos la Reforma!"},"content":{"rendered":"\n\n\n[et_pb_section fb_built=\u00bb1&#8243; theme_builder_area=\u00bbpost_content\u00bb _builder_version=\u00bb4.23&#8243; _module_preset=\u00bbdefault\u00bb][et_pb_row _builder_version=\u00bb4.23&#8243; _module_preset=\u00bbdefault\u00bb theme_builder_area=\u00bbpost_content\u00bb][et_pb_column _builder_version=\u00bb4.23&#8243; _module_preset=\u00bbdefault\u00bb type=\u00bb4_4&#8243; theme_builder_area=\u00bbpost_content\u00bb][et_pb_text _builder_version=\u00bb4.23&#8243; _module_preset=\u00bbdefault\u00bb theme_builder_area=\u00bbpost_content\u00bb text_font_size=\u00bb19px\u00bb hover_enabled=\u00bb0&#8243; sticky_enabled=\u00bb0&#8243;]<p><em>\u201cEl que habla, que hable conforme a las palabras de Dios; el que sirve, que lo haga por la fortaleza que Dios da, para que en todo Dios sea glorificado mediante Jesucristo, a quien pertenecen la gloria y el dominio por los siglos de los siglos. Am\u00e9n.\u201d\u00a0\u00a0<\/em><em>1 Pedro 4:11<\/em>\u00a0\u00a0<\/p>\n<p>Este a\u00f1o se cumplen 503 a\u00f1os de que Mart\u00edn Lutero publicara sus cr\u00edticas a la iglesia cat\u00f3lica en Alemania y se iniciara un movimiento protestante que cambi\u00f3 al mundo hasta el d\u00eda de hoy, haciendo volver a la Iglesia a las sagradas ense\u00f1anzas de la Biblia.<\/p>\n<p>Esta reforma es digna de celebrar a\u00fan en nuestros tiempos, pues por ella aprendimos a valorar la Palabra de Dios y todo lo relacionado con llevarla a la pr\u00e1ctica; ense\u00f1\u00e1ndonos a poner en acci\u00f3n de manera diaria los mandamientos b\u00edblicos.<\/p>\n<p>Cuando vamos al coraz\u00f3n de la Reforma Protestante encontramos que el deseo de hombres como Mart\u00edn Lutero, Ulrico Zwinglio y Juan Calvino, era que la Palabra de Dios, ense\u00f1ada adecuadamente normara la vida de cada creyente.<\/p>\n<p>\u201c\u00bfQu\u00e9 es Dios para los cristianos? Un gran castillo, un poderoso escudo, una buena arma.\u201d\u00a0Mart\u00edn Lutero<\/p>\n<p>Celebramos este acontecimiento porque creemos que su intenci\u00f3n era crear una reforma para toda la vida, tal cual la hizo Cristo Jes\u00fas, impactando cada vida.<\/p>\n<p>Cada tesis publicada por Lutero se constituy\u00f3 en una reforma que involucraba un cambio interno.\u00a0<\/p>\n<p>La Reforma nos vuelve a la Palabra de Dios, nos acerca a Su se\u00f1or\u00edo mostr\u00e1ndonos su importancia.<\/p>\n<p>\u201cTodos los que invoquen a Dios con verdadera fe, sinceramente desde el coraz\u00f3n, ciertamente ser\u00e1n escuchados, y recibir\u00e1n lo que pidieron y desearon.\u201d Mart\u00edn Lutero<\/p>\n<p>Nos ense\u00f1a a que nuestra salvaci\u00f3n es por medio de Jesucristo como un regalo por Su gracia para todo el que creyera.\u00a0<\/p>\n<p>\u00a1La Reforma es una parte trascendental de nuestra historia cristiana! Por eso celebremos y demos gracias por cada tesis, las cuales son dignas de mencionar, en su resumen:<\/p>\n<p>Solo la Escritura (2 Timoteo 3:16) La Biblia es la autoridad de Dios y es lo que norma la vida del cristiano. No existe ni existir\u00e1 nada m\u00e1s.<\/p>\n<p>Solo Cristo (Hechos 4:12) Solo en Cristo est\u00e1 nuestra salvaci\u00f3n. No hay \u201cmediadores\u201d entre Dios y nosotros, solo por Cristo obtenemos el perd\u00f3n de nuestros pecados.<\/p>\n<p>Solo por gracia (Efesios 2:8) Por ser pecadores no merecemos la salvaci\u00f3n, sin embargo, Dios nos la ha regalado por medio del gran sacrificio de Cristo en la Cruz.<\/p>\n<p>Solo por fe (Romanos 3:28) Solamente somos salvos por la fe puesta en Jesucristo quien derram\u00f3 Su sangre por nosotros. Nuestras obras no nos salvan.\u00a0<\/p>\n<p>Solo a Dios la gloria (Efesios 1:4-6) El prop\u00f3sito de Dios para con la humanidad es que le glorifiquemos, hallando gran gozo en \u00c9l a trav\u00e9s de Jesucristo. Y reconociendo Su excelencia y perfecci\u00f3n.<\/p>\n<p>Amiga, te invito a dar gracias al Se\u00f1or en oraci\u00f3n por este acontecimiento:\u00a0Padre amado, gracias por Tu salvaci\u00f3n a trav\u00e9s de Jesucristo. Gracias por salvarnos por nuestra fe en \u00c9l y no por nuestras obras. Gracias por esta Reforma que hasta el d\u00eda de hoy nos acerca a Ti como due\u00f1o y Se\u00f1or de nuestras vidas; en el nombre de Jes\u00fas. \u00a1Am\u00e9n!<\/p>\n<p>\u201cPorque no tenemos un Sumo Sacerdote\u00a0que no pueda compadecerse de nuestras flaquezas, sino Uno que ha sido tentado en todo como\u00a0nosotros,\u00a0pero\u00a0sin pecado.\u201d\u00a0<\/p>\n<p>Hebreos 4:15<\/p>\n<p>&nbsp;<\/p>[\/et_pb_text][\/et_pb_column][\/et_pb_row][\/et_pb_section]\n\n\n","protected":false},"excerpt":{"rendered":"<p>\u201cEl que habla, que hable conforme a las palabras de Dios; el que sirve, que lo haga por la fortaleza que Dios da, para que en todo Dios sea glorificado mediante Jesucristo, a quien pertenecen la gloria y el dominio por los siglos de los siglos. Am\u00e9n.\u201d\u00a0\u00a01 Pedro 4:11\u00a0\u00a0 Este a\u00f1o se cumplen 503 a\u00f1os [&hellip;]<\/p>\n","protected":false},"author":3,"featured_media":8410,"comment_status":"open","ping_status":"open","sticky":false,"template":"","format":"standard","meta":{"_et_pb_use_builder":"on","_et_pb_old_content":"","_et_gb_content_width":"","footnotes":""},"categories":[3],"tags":[],"class_list":["post-8409","post","type-post","status-publish","format-standard","has-post-thumbnail","hentry","category-reflexiones","et-has-post-format-content","et_post_format-et-post-format-standard"],"yoast_head":"<!-- This site is optimized with the Yoast SEO plugin v27.5 - https:\/\/yoast.com\/product\/yoast-seo-wordpress\/ -->\n<title>Celebremos la Reforma! - La Revista de Rinc&oacute;n<\/title>\n<meta name=\"description\" content=\"Esta reforma es digna de celebrar a\u00fan en nuestros tiempos, pues por ella aprendimos a valorar la Palabra de Dios\" \/>\n<meta name=\"robots\" content=\"index, follow, max-snippet:-1, max-image-preview:large, max-video-preview:-1\" \/>\n<link rel=\"canonical\" href=\"https:\/\/iglesiarincon.org\/revista\/celebremos-la-reforma\/\" \/>\n<meta property=\"og:locale\" content=\"es_ES\" \/>\n<meta property=\"og:type\" content=\"article\" \/>\n<meta property=\"og:title\" content=\"Celebremos la Reforma! - La Revista de Rinc&oacute;n\" \/>\n<meta property=\"og:description\" content=\"Esta reforma es digna de celebrar a\u00fan en nuestros tiempos, pues por ella aprendimos a valorar la Palabra de Dios\" \/>\n<meta property=\"og:url\" content=\"https:\/\/iglesiarincon.org\/revista\/celebremos-la-reforma\/\" \/>\n<meta property=\"og:site_name\" content=\"La Revista de Rinc&oacute;n\" \/>\n<meta property=\"article:published_time\" content=\"2023-10-31T14:12:47+00:00\" \/>\n<meta property=\"article:modified_time\" content=\"2023-10-31T14:14:47+00:00\" \/>\n<meta property=\"og:image\" content=\"https:\/\/iglesiarincon.org\/revista\/wp-content\/uploads\/2023\/10\/REFORMA.jpg\" \/>\n\t<meta property=\"og:image:width\" content=\"564\" \/>\n\t<meta property=\"og:image:height\" content=\"376\" \/>\n\t<meta property=\"og:image:type\" content=\"image\/jpeg\" \/>\n<meta name=\"author\" content=\"Yicell de Ortiz\" \/>\n<meta name=\"twitter:card\" content=\"summary_large_image\" \/>\n<meta name=\"twitter:label1\" content=\"Escrito por\" \/>\n\t<meta name=\"twitter:data1\" content=\"Yicell de Ortiz\" \/>\n\t<meta name=\"twitter:label2\" content=\"Tiempo de lectura\" \/>\n\t<meta name=\"twitter:data2\" content=\"3 minutos\" \/>\n<script type=\"application\/ld+json\" class=\"yoast-schema-graph\">{\"@context\":\"https:\\\/\\\/schema.org\",\"@graph\":[{\"@type\":\"Article\",\"@id\":\"https:\\\/\\\/iglesiarincon.org\\\/revista\\\/celebremos-la-reforma\\\/#article\",\"isPartOf\":{\"@id\":\"https:\\\/\\\/iglesiarincon.org\\\/revista\\\/celebremos-la-reforma\\\/\"},\"author\":{\"name\":\"Yicell de Ortiz\",\"@id\":\"https:\\\/\\\/iglesiarincon.org\\\/revista\\\/#\\\/schema\\\/person\\\/a8b2fdd8f8efe2495a340a0febbe7df4\"},\"headline\":\"Celebremos la Reforma!\",\"datePublished\":\"2023-10-31T14:12:47+00:00\",\"dateModified\":\"2023-10-31T14:14:47+00:00\",\"mainEntityOfPage\":{\"@id\":\"https:\\\/\\\/iglesiarincon.org\\\/revista\\\/celebremos-la-reforma\\\/\"},\"wordCount\":668,\"commentCount\":0,\"image\":{\"@id\":\"https:\\\/\\\/iglesiarincon.org\\\/revista\\\/celebremos-la-reforma\\\/#primaryimage\"},\"thumbnailUrl\":\"https:\\\/\\\/iglesiarincon.org\\\/revista\\\/wp-content\\\/uploads\\\/2023\\\/10\\\/REFORMA.jpg\",\"articleSection\":[\"Reflexiones\"],\"inLanguage\":\"es\",\"potentialAction\":[{\"@type\":\"CommentAction\",\"name\":\"Comment\",\"target\":[\"https:\\\/\\\/iglesiarincon.org\\\/revista\\\/celebremos-la-reforma\\\/#respond\"]}]},{\"@type\":\"WebPage\",\"@id\":\"https:\\\/\\\/iglesiarincon.org\\\/revista\\\/celebremos-la-reforma\\\/\",\"url\":\"https:\\\/\\\/iglesiarincon.org\\\/revista\\\/celebremos-la-reforma\\\/\",\"name\":\"Celebremos la Reforma! - La Revista de Rinc&oacute;n\",\"isPartOf\":{\"@id\":\"https:\\\/\\\/iglesiarincon.org\\\/revista\\\/#website\"},\"primaryImageOfPage\":{\"@id\":\"https:\\\/\\\/iglesiarincon.org\\\/revista\\\/celebremos-la-reforma\\\/#primaryimage\"},\"image\":{\"@id\":\"https:\\\/\\\/iglesiarincon.org\\\/revista\\\/celebremos-la-reforma\\\/#primaryimage\"},\"thumbnailUrl\":\"https:\\\/\\\/iglesiarincon.org\\\/revista\\\/wp-content\\\/uploads\\\/2023\\\/10\\\/REFORMA.jpg\",\"datePublished\":\"2023-10-31T14:12:47+00:00\",\"dateModified\":\"2023-10-31T14:14:47+00:00\",\"author\":{\"@id\":\"https:\\\/\\\/iglesiarincon.org\\\/revista\\\/#\\\/schema\\\/person\\\/a8b2fdd8f8efe2495a340a0febbe7df4\"},\"description\":\"Esta reforma es digna de celebrar a\u00fan en nuestros tiempos, pues por ella aprendimos a valorar la Palabra de Dios\",\"breadcrumb\":{\"@id\":\"https:\\\/\\\/iglesiarincon.org\\\/revista\\\/celebremos-la-reforma\\\/#breadcrumb\"},\"inLanguage\":\"es\",\"potentialAction\":[{\"@type\":\"ReadAction\",\"target\":[\"https:\\\/\\\/iglesiarincon.org\\\/revista\\\/celebremos-la-reforma\\\/\"]}]},{\"@type\":\"ImageObject\",\"inLanguage\":\"es\",\"@id\":\"https:\\\/\\\/iglesiarincon.org\\\/revista\\\/celebremos-la-reforma\\\/#primaryimage\",\"url\":\"https:\\\/\\\/iglesiarincon.org\\\/revista\\\/wp-content\\\/uploads\\\/2023\\\/10\\\/REFORMA.jpg\",\"contentUrl\":\"https:\\\/\\\/iglesiarincon.org\\\/revista\\\/wp-content\\\/uploads\\\/2023\\\/10\\\/REFORMA.jpg\",\"width\":564,\"height\":376},{\"@type\":\"BreadcrumbList\",\"@id\":\"https:\\\/\\\/iglesiarincon.org\\\/revista\\\/celebremos-la-reforma\\\/#breadcrumb\",\"itemListElement\":[{\"@type\":\"ListItem\",\"position\":1,\"name\":\"Portada\",\"item\":\"https:\\\/\\\/iglesiarincon.org\\\/revista\\\/\"},{\"@type\":\"ListItem\",\"position\":2,\"name\":\"Celebremos la Reforma!\"}]},{\"@type\":\"WebSite\",\"@id\":\"https:\\\/\\\/iglesiarincon.org\\\/revista\\\/#website\",\"url\":\"https:\\\/\\\/iglesiarincon.org\\\/revista\\\/\",\"name\":\"La Revista de Rinc&oacute;n\",\"description\":\"Compartiendo lo mejor\",\"potentialAction\":[{\"@type\":\"SearchAction\",\"target\":{\"@type\":\"EntryPoint\",\"urlTemplate\":\"https:\\\/\\\/iglesiarincon.org\\\/revista\\\/?s={search_term_string}\"},\"query-input\":{\"@type\":\"PropertyValueSpecification\",\"valueRequired\":true,\"valueName\":\"search_term_string\"}}],\"inLanguage\":\"es\"},{\"@type\":\"Person\",\"@id\":\"https:\\\/\\\/iglesiarincon.org\\\/revista\\\/#\\\/schema\\\/person\\\/a8b2fdd8f8efe2495a340a0febbe7df4\",\"name\":\"Yicell de Ortiz\",\"image\":{\"@type\":\"ImageObject\",\"inLanguage\":\"es\",\"@id\":\"https:\\\/\\\/secure.gravatar.com\\\/avatar\\\/?s=96&d=mm&r=g\",\"url\":\"https:\\\/\\\/secure.gravatar.com\\\/avatar\\\/?s=96&d=mm&r=g\",\"contentUrl\":\"https:\\\/\\\/secure.gravatar.com\\\/avatar\\\/?s=96&d=mm&r=g\",\"caption\":\"Yicell de Ortiz\"},\"url\":\"#molongui-disabled-link\"}]}<\/script>\n<!-- \/ Yoast SEO plugin. -->","yoast_head_json":{"title":"Celebremos la Reforma! - La Revista de Rinc&oacute;n","description":"Esta reforma es digna de celebrar a\u00fan en nuestros tiempos, pues por ella aprendimos a valorar la Palabra de Dios","robots":{"index":"index","follow":"follow","max-snippet":"max-snippet:-1","max-image-preview":"max-image-preview:large","max-video-preview":"max-video-preview:-1"},"canonical":"https:\/\/iglesiarincon.org\/revista\/celebremos-la-reforma\/","og_locale":"es_ES","og_type":"article","og_title":"Celebremos la Reforma! - La Revista de Rinc&oacute;n","og_description":"Esta reforma es digna de celebrar a\u00fan en nuestros tiempos, pues por ella aprendimos a valorar la Palabra de Dios","og_url":"https:\/\/iglesiarincon.org\/revista\/celebremos-la-reforma\/","og_site_name":"La Revista de Rinc&oacute;n","article_published_time":"2023-10-31T14:12:47+00:00","article_modified_time":"2023-10-31T14:14:47+00:00","og_image":[{"width":564,"height":376,"url":"https:\/\/iglesiarincon.org\/revista\/wp-content\/uploads\/2023\/10\/REFORMA.jpg","type":"image\/jpeg"}],"author":"Yicell de Ortiz","twitter_card":"summary_large_image","twitter_misc":{"Escrito por":"Yicell de Ortiz","Tiempo de lectura":"3 minutos"},"schema":{"@context":"https:\/\/schema.org","@graph":[{"@type":"Article","@id":"https:\/\/iglesiarincon.org\/revista\/celebremos-la-reforma\/#article","isPartOf":{"@id":"https:\/\/iglesiarincon.org\/revista\/celebremos-la-reforma\/"},"author":{"name":"Yicell de Ortiz","@id":"https:\/\/iglesiarincon.org\/revista\/#\/schema\/person\/a8b2fdd8f8efe2495a340a0febbe7df4"},"headline":"Celebremos la Reforma!","datePublished":"2023-10-31T14:12:47+00:00","dateModified":"2023-10-31T14:14:47+00:00","mainEntityOfPage":{"@id":"https:\/\/iglesiarincon.org\/revista\/celebremos-la-reforma\/"},"wordCount":668,"commentCount":0,"image":{"@id":"https:\/\/iglesiarincon.org\/revista\/celebremos-la-reforma\/#primaryimage"},"thumbnailUrl":"https:\/\/iglesiarincon.org\/revista\/wp-content\/uploads\/2023\/10\/REFORMA.jpg","articleSection":["Reflexiones"],"inLanguage":"es","potentialAction":[{"@type":"CommentAction","name":"Comment","target":["https:\/\/iglesiarincon.org\/revista\/celebremos-la-reforma\/#respond"]}]},{"@type":"WebPage","@id":"https:\/\/iglesiarincon.org\/revista\/celebremos-la-reforma\/","url":"https:\/\/iglesiarincon.org\/revista\/celebremos-la-reforma\/","name":"Celebremos la Reforma! - La Revista de Rinc&oacute;n","isPartOf":{"@id":"https:\/\/iglesiarincon.org\/revista\/#website"},"primaryImageOfPage":{"@id":"https:\/\/iglesiarincon.org\/revista\/celebremos-la-reforma\/#primaryimage"},"image":{"@id":"https:\/\/iglesiarincon.org\/revista\/celebremos-la-reforma\/#primaryimage"},"thumbnailUrl":"https:\/\/iglesiarincon.org\/revista\/wp-content\/uploads\/2023\/10\/REFORMA.jpg","datePublished":"2023-10-31T14:12:47+00:00","dateModified":"2023-10-31T14:14:47+00:00","author":{"@id":"https:\/\/iglesiarincon.org\/revista\/#\/schema\/person\/a8b2fdd8f8efe2495a340a0febbe7df4"},"description":"Esta reforma es digna de celebrar a\u00fan en nuestros tiempos, pues por ella aprendimos a valorar la Palabra de Dios","breadcrumb":{"@id":"https:\/\/iglesiarincon.org\/revista\/celebremos-la-reforma\/#breadcrumb"},"inLanguage":"es","potentialAction":[{"@type":"ReadAction","target":["https:\/\/iglesiarincon.org\/revista\/celebremos-la-reforma\/"]}]},{"@type":"ImageObject","inLanguage":"es","@id":"https:\/\/iglesiarincon.org\/revista\/celebremos-la-reforma\/#primaryimage","url":"https:\/\/iglesiarincon.org\/revista\/wp-content\/uploads\/2023\/10\/REFORMA.jpg","contentUrl":"https:\/\/iglesiarincon.org\/revista\/wp-content\/uploads\/2023\/10\/REFORMA.jpg","width":564,"height":376},{"@type":"BreadcrumbList","@id":"https:\/\/iglesiarincon.org\/revista\/celebremos-la-reforma\/#breadcrumb","itemListElement":[{"@type":"ListItem","position":1,"name":"Portada","item":"https:\/\/iglesiarincon.org\/revista\/"},{"@type":"ListItem","position":2,"name":"Celebremos la Reforma!"}]},{"@type":"WebSite","@id":"https:\/\/iglesiarincon.org\/revista\/#website","url":"https:\/\/iglesiarincon.org\/revista\/","name":"La Revista de Rinc&oacute;n","description":"Compartiendo lo mejor","potentialAction":[{"@type":"SearchAction","target":{"@type":"EntryPoint","urlTemplate":"https:\/\/iglesiarincon.org\/revista\/?s={search_term_string}"},"query-input":{"@type":"PropertyValueSpecification","valueRequired":true,"valueName":"search_term_string"}}],"inLanguage":"es"},{"@type":"Person","@id":"https:\/\/iglesiarincon.org\/revista\/#\/schema\/person\/a8b2fdd8f8efe2495a340a0febbe7df4","name":"Yicell de Ortiz","image":{"@type":"ImageObject","inLanguage":"es","@id":"https:\/\/secure.gravatar.com\/avatar\/?s=96&d=mm&r=g","url":"https:\/\/secure.gravatar.com\/avatar\/?s=96&d=mm&r=g","contentUrl":"https:\/\/secure.gravatar.com\/avatar\/?s=96&d=mm&r=g","caption":"Yicell de Ortiz"},"url":"#molongui-disabled-link"}]}},"_links":{"self":[{"href":"https:\/\/iglesiarincon.org\/revista\/wp-json\/wp\/v2\/posts\/8409","targetHints":{"allow":["GET"]}}],"collection":[{"href":"https:\/\/iglesiarincon.org\/revista\/wp-json\/wp\/v2\/posts"}],"about":[{"href":"https:\/\/iglesiarincon.org\/revista\/wp-json\/wp\/v2\/types\/post"}],"author":[{"embeddable":true,"href":"https:\/\/iglesiarincon.org\/revista\/wp-json\/wp\/v2\/users\/3"}],"replies":[{"embeddable":true,"href":"https:\/\/iglesiarincon.org\/revista\/wp-json\/wp\/v2\/comments?post=8409"}],"version-history":[{"count":4,"href":"https:\/\/iglesiarincon.org\/revista\/wp-json\/wp\/v2\/posts\/8409\/revisions"}],"predecessor-version":[{"id":8418,"href":"https:\/\/iglesiarincon.org\/revista\/wp-json\/wp\/v2\/posts\/8409\/revisions\/8418"}],"wp:featuredmedia":[{"embeddable":true,"href":"https:\/\/iglesiarincon.org\/revista\/wp-json\/wp\/v2\/media\/8410"}],"wp:attachment":[{"href":"https:\/\/iglesiarincon.org\/revista\/wp-json\/wp\/v2\/media?parent=8409"}],"wp:term":[{"taxonomy":"category","embeddable":true,"href":"https:\/\/iglesiarincon.org\/revista\/wp-json\/wp\/v2\/categories?post=8409"},{"taxonomy":"post_tag","embeddable":true,"href":"https:\/\/iglesiarincon.org\/revista\/wp-json\/wp\/v2\/tags?post=8409"}],"curies":[{"name":"wp","href":"https:\/\/api.w.org\/{rel}","templated":true}]}}