{"id":8402,"date":"2023-10-29T00:03:40","date_gmt":"2023-10-29T03:03:40","guid":{"rendered":"https:\/\/iglesiarincon.org\/revista\/?p=8402"},"modified":"2023-10-29T00:03:41","modified_gmt":"2023-10-29T03:03:41","slug":"martin-lutero-y-la-reforma","status":"publish","type":"post","link":"https:\/\/iglesiarincon.org\/revista\/martin-lutero-y-la-reforma\/","title":{"rendered":"Mart\u00edn Lutero y la Reforma"},"content":{"rendered":"[et_pb_section fb_built=\u00bb1&#8243; _builder_version=\u00bb4.21.0&#8243; _module_preset=\u00bbdefault\u00bb global_colors_info=\u00bb{}\u00bb theme_builder_area=\u00bbpost_content\u00bb][et_pb_row _builder_version=\u00bb4.21.0&#8243; _module_preset=\u00bbdefault\u00bb global_colors_info=\u00bb{}\u00bb theme_builder_area=\u00bbpost_content\u00bb][et_pb_column type=\u00bb4_4&#8243; _builder_version=\u00bb4.21.0&#8243; _module_preset=\u00bbdefault\u00bb global_colors_info=\u00bb{}\u00bb theme_builder_area=\u00bbpost_content\u00bb][et_pb_text _builder_version=\u00bb4.23&#8243; _module_preset=\u00bbdefault\u00bb text_font_size=\u00bb18px\u00bb custom_margin=\u00bb||-47px|||\u00bb hover_enabled=\u00bb0&#8243; global_colors_info=\u00bb{}\u00bb theme_builder_area=\u00bbpost_content\u00bb sticky_enabled=\u00bb0&#8243;]\n<p><span>Samuel Perez Millos nos remonta a los principios de la Reforma Protestante, que se recuerda en \u00e9ste d\u00eda, relatando la vida de Mart\u00edn Lutero, como principal protagonista.<\/span><\/p>\n<p><span>El monje Mart\u00edn Lutero s\u00f3lo quer\u00eda discutir los problemas que el ve\u00eda en la Iglesia Cat\u00f3lica. Pero lo que pas\u00f3 en Wittenberg el 31 de octubre de 1517 cambiar\u00eda para siempre Alemania, Europa y el resto del mundo cristiano.<\/span><\/p>\n<p><span>Mart\u00edn Lutero clav\u00f3 sus 95 famosas tesis en una iglesia de Wittenberg el 31 de octubre de 1517. En un mundo en el que la gente pagaba por el perd\u00f3n de sus pecados, sus ideas sobre la justificaci\u00f3n por LA FE fueron radicales y fundamentales para volver A LA PALABRA DE DIOS.<\/span><\/p>\n<p><span>Durante siglos, la gente de la iglesia no hab\u00eda tenido el privilegio de leer la Biblia.\u00a0 Mart\u00edn Lutero hizo un llamado a volver a las bases de las Escrituras, para descubrir el verdadero fundamento de nuestra SALVACI\u00d3N POR GRACIA Y POR LA FE.<\/span><\/p>\n<p>&nbsp;<\/p>\n[\/et_pb_text][et_pb_video src=\u00bbhttps:\/\/02-revista.s3.sa-east-1.amazonaws.com\/Videos\/Samuel+Perez+Millo\/20231023_vid_Lutero+-+Samuel+Perez+Millos.mp4&#8243; _builder_version=\u00bb4.23&#8243; _module_preset=\u00bbdefault\u00bb min_height=\u00bb371.1px\u00bb custom_margin=\u00bb75px|||||\u00bb hover_enabled=\u00bb0&#8243; global_colors_info=\u00bb{}\u00bb theme_builder_area=\u00bbpost_content\u00bb sticky_enabled=\u00bb0&#8243;][\/et_pb_video][\/et_pb_column][\/et_pb_row][\/et_pb_section]\n","protected":false},"excerpt":{"rendered":"<p>Samuel Perez Millos nos remonta a los principios de la Reforma Protestante, que se recuerda en \u00e9ste d\u00eda, relatando la vida de Mart\u00edn Lutero, como principal protagonista. El monje Mart\u00edn Lutero s\u00f3lo quer\u00eda discutir los problemas que el ve\u00eda en la Iglesia Cat\u00f3lica. Pero lo que pas\u00f3 en Wittenberg el 31 de octubre de 1517 [&hellip;]<\/p>\n","protected":false},"author":3,"featured_media":8403,"comment_status":"open","ping_status":"open","sticky":false,"template":"","format":"standard","meta":{"_et_pb_use_builder":"on","_et_pb_old_content":"","_et_gb_content_width":"","footnotes":""},"categories":[3,43],"tags":[],"class_list":["post-8402","post","type-post","status-publish","format-standard","has-post-thumbnail","hentry","category-reflexiones","category-videos","et-has-post-format-content","et_post_format-et-post-format-standard"],"yoast_head":"<!-- This site is optimized with the Yoast SEO plugin v27.5 - https:\/\/yoast.com\/product\/yoast-seo-wordpress\/ -->\n<title>Mart\u00edn Lutero y la Reforma - La Revista de Rinc&oacute;n<\/title>\n<meta name=\"description\" content=\"Samuel Perez Millos nos relata la vida de Mart\u00edn Lutero, y c\u00f3mo lleg\u00f3 a descubrir en la Biblia las bases para la salvaci\u00f3n por gracia, por Fe\" \/>\n<meta name=\"robots\" content=\"index, follow, max-snippet:-1, max-image-preview:large, max-video-preview:-1\" \/>\n<link rel=\"canonical\" href=\"https:\/\/iglesiarincon.org\/revista\/martin-lutero-y-la-reforma\/\" \/>\n<meta property=\"og:locale\" content=\"es_ES\" \/>\n<meta property=\"og:type\" content=\"article\" \/>\n<meta property=\"og:title\" content=\"Mart\u00edn Lutero y la Reforma - La Revista de Rinc&oacute;n\" \/>\n<meta property=\"og:description\" content=\"Samuel Perez Millos nos relata la vida de Mart\u00edn Lutero, y c\u00f3mo lleg\u00f3 a descubrir en la Biblia las bases para la salvaci\u00f3n por gracia, por Fe\" \/>\n<meta property=\"og:url\" content=\"https:\/\/iglesiarincon.org\/revista\/martin-lutero-y-la-reforma\/\" \/>\n<meta property=\"og:site_name\" content=\"La Revista de Rinc&oacute;n\" \/>\n<meta property=\"article:published_time\" content=\"2023-10-29T03:03:40+00:00\" \/>\n<meta property=\"article:modified_time\" content=\"2023-10-29T03:03:41+00:00\" \/>\n<meta property=\"og:image\" content=\"https:\/\/iglesiarincon.org\/revista\/wp-content\/uploads\/2023\/10\/luther-1821759_1280.jpg\" \/>\n\t<meta property=\"og:image:width\" content=\"1280\" \/>\n\t<meta property=\"og:image:height\" content=\"853\" \/>\n\t<meta property=\"og:image:type\" content=\"image\/jpeg\" \/>\n<meta name=\"author\" content=\"Samuel Perez Millo\" \/>\n<meta name=\"twitter:card\" content=\"summary_large_image\" \/>\n<meta name=\"twitter:label1\" content=\"Escrito por\" \/>\n\t<meta name=\"twitter:data1\" content=\"Samuel Perez Millo\" \/>\n<script type=\"application\/ld+json\" class=\"yoast-schema-graph\">{\"@context\":\"https:\\\/\\\/schema.org\",\"@graph\":[{\"@type\":\"Article\",\"@id\":\"https:\\\/\\\/iglesiarincon.org\\\/revista\\\/martin-lutero-y-la-reforma\\\/#article\",\"isPartOf\":{\"@id\":\"https:\\\/\\\/iglesiarincon.org\\\/revista\\\/martin-lutero-y-la-reforma\\\/\"},\"author\":{\"name\":\"Samuel Perez Millo\",\"@id\":\"https:\\\/\\\/iglesiarincon.org\\\/revista\\\/#\\\/schema\\\/person\\\/a8b2fdd8f8efe2495a340a0febbe7df4\"},\"headline\":\"Mart\u00edn Lutero y la Reforma\",\"datePublished\":\"2023-10-29T03:03:40+00:00\",\"dateModified\":\"2023-10-29T03:03:41+00:00\",\"mainEntityOfPage\":{\"@id\":\"https:\\\/\\\/iglesiarincon.org\\\/revista\\\/martin-lutero-y-la-reforma\\\/\"},\"wordCount\":315,\"commentCount\":0,\"image\":{\"@id\":\"https:\\\/\\\/iglesiarincon.org\\\/revista\\\/martin-lutero-y-la-reforma\\\/#primaryimage\"},\"thumbnailUrl\":\"https:\\\/\\\/iglesiarincon.org\\\/revista\\\/wp-content\\\/uploads\\\/2023\\\/10\\\/luther-1821759_1280.jpg\",\"articleSection\":[\"Reflexiones\",\"Videos\"],\"inLanguage\":\"es\",\"potentialAction\":[{\"@type\":\"CommentAction\",\"name\":\"Comment\",\"target\":[\"https:\\\/\\\/iglesiarincon.org\\\/revista\\\/martin-lutero-y-la-reforma\\\/#respond\"]}]},{\"@type\":\"WebPage\",\"@id\":\"https:\\\/\\\/iglesiarincon.org\\\/revista\\\/martin-lutero-y-la-reforma\\\/\",\"url\":\"https:\\\/\\\/iglesiarincon.org\\\/revista\\\/martin-lutero-y-la-reforma\\\/\",\"name\":\"Mart\u00edn Lutero y la Reforma - La Revista de Rinc&oacute;n\",\"isPartOf\":{\"@id\":\"https:\\\/\\\/iglesiarincon.org\\\/revista\\\/#website\"},\"primaryImageOfPage\":{\"@id\":\"https:\\\/\\\/iglesiarincon.org\\\/revista\\\/martin-lutero-y-la-reforma\\\/#primaryimage\"},\"image\":{\"@id\":\"https:\\\/\\\/iglesiarincon.org\\\/revista\\\/martin-lutero-y-la-reforma\\\/#primaryimage\"},\"thumbnailUrl\":\"https:\\\/\\\/iglesiarincon.org\\\/revista\\\/wp-content\\\/uploads\\\/2023\\\/10\\\/luther-1821759_1280.jpg\",\"datePublished\":\"2023-10-29T03:03:40+00:00\",\"dateModified\":\"2023-10-29T03:03:41+00:00\",\"author\":{\"@id\":\"https:\\\/\\\/iglesiarincon.org\\\/revista\\\/#\\\/schema\\\/person\\\/a8b2fdd8f8efe2495a340a0febbe7df4\"},\"description\":\"Samuel Perez Millos nos relata la vida de Mart\u00edn Lutero, y c\u00f3mo lleg\u00f3 a descubrir en la Biblia las bases para la salvaci\u00f3n por gracia, por Fe\",\"breadcrumb\":{\"@id\":\"https:\\\/\\\/iglesiarincon.org\\\/revista\\\/martin-lutero-y-la-reforma\\\/#breadcrumb\"},\"inLanguage\":\"es\",\"potentialAction\":[{\"@type\":\"ReadAction\",\"target\":[\"https:\\\/\\\/iglesiarincon.org\\\/revista\\\/martin-lutero-y-la-reforma\\\/\"]}]},{\"@type\":\"ImageObject\",\"inLanguage\":\"es\",\"@id\":\"https:\\\/\\\/iglesiarincon.org\\\/revista\\\/martin-lutero-y-la-reforma\\\/#primaryimage\",\"url\":\"https:\\\/\\\/iglesiarincon.org\\\/revista\\\/wp-content\\\/uploads\\\/2023\\\/10\\\/luther-1821759_1280.jpg\",\"contentUrl\":\"https:\\\/\\\/iglesiarincon.org\\\/revista\\\/wp-content\\\/uploads\\\/2023\\\/10\\\/luther-1821759_1280.jpg\",\"width\":1280,\"height\":853},{\"@type\":\"BreadcrumbList\",\"@id\":\"https:\\\/\\\/iglesiarincon.org\\\/revista\\\/martin-lutero-y-la-reforma\\\/#breadcrumb\",\"itemListElement\":[{\"@type\":\"ListItem\",\"position\":1,\"name\":\"Portada\",\"item\":\"https:\\\/\\\/iglesiarincon.org\\\/revista\\\/\"},{\"@type\":\"ListItem\",\"position\":2,\"name\":\"Mart\u00edn Lutero y la Reforma\"}]},{\"@type\":\"WebSite\",\"@id\":\"https:\\\/\\\/iglesiarincon.org\\\/revista\\\/#website\",\"url\":\"https:\\\/\\\/iglesiarincon.org\\\/revista\\\/\",\"name\":\"La Revista de Rinc&oacute;n\",\"description\":\"Compartiendo lo mejor\",\"potentialAction\":[{\"@type\":\"SearchAction\",\"target\":{\"@type\":\"EntryPoint\",\"urlTemplate\":\"https:\\\/\\\/iglesiarincon.org\\\/revista\\\/?s={search_term_string}\"},\"query-input\":{\"@type\":\"PropertyValueSpecification\",\"valueRequired\":true,\"valueName\":\"search_term_string\"}}],\"inLanguage\":\"es\"},{\"@type\":\"Person\",\"@id\":\"https:\\\/\\\/iglesiarincon.org\\\/revista\\\/#\\\/schema\\\/person\\\/a8b2fdd8f8efe2495a340a0febbe7df4\",\"name\":\"Samuel Perez Millo\",\"image\":{\"@type\":\"ImageObject\",\"inLanguage\":\"es\",\"@id\":\"https:\\\/\\\/iglesiarincon.org\\\/revista\\\/wp-content\\\/uploads\\\/2020\\\/05\\\/samuel_perez_millos.jpeg\",\"url\":\"https:\\\/\\\/iglesiarincon.org\\\/revista\\\/wp-content\\\/uploads\\\/2020\\\/05\\\/samuel_perez_millos.jpeg\",\"contentUrl\":\"https:\\\/\\\/iglesiarincon.org\\\/revista\\\/wp-content\\\/uploads\\\/2020\\\/05\\\/samuel_perez_millos.jpeg\",\"caption\":\"Samuel Perez Millo\"},\"description\":\"Pastor de la Iglesia Evang\u00e9lica Unida, de Vigo, Espa\u00f1a desde el a\u00f1o 1981. Licenciado en Teolog\u00eda, Master en Cristolog\u00eda, Master en Espiritualidad Trinitaria, por el Instituto y Seminario B\u00edblico Evang\u00e9lico. Profesor en varias instituciones acad\u00e9micas de teolog\u00eda. Escritor de m\u00e1s de 50 libros de estudio b\u00edblico, autor del Comentario Exeg\u00e9tico al Texto Griego del Nuevo Testamento en 19 vol\u00famenes. Expositor, participando en conferencias en Hispanoam\u00e9rica, EE.UU., Australia, Europa.\",\"url\":\"#molongui-disabled-link\"}]}<\/script>\n<!-- \/ Yoast SEO plugin. -->","yoast_head_json":{"title":"Mart\u00edn Lutero y la Reforma - La Revista de Rinc&oacute;n","description":"Samuel Perez Millos nos relata la vida de Mart\u00edn Lutero, y c\u00f3mo lleg\u00f3 a descubrir en la Biblia las bases para la salvaci\u00f3n por gracia, por Fe","robots":{"index":"index","follow":"follow","max-snippet":"max-snippet:-1","max-image-preview":"max-image-preview:large","max-video-preview":"max-video-preview:-1"},"canonical":"https:\/\/iglesiarincon.org\/revista\/martin-lutero-y-la-reforma\/","og_locale":"es_ES","og_type":"article","og_title":"Mart\u00edn Lutero y la Reforma - La Revista de Rinc&oacute;n","og_description":"Samuel Perez Millos nos relata la vida de Mart\u00edn Lutero, y c\u00f3mo lleg\u00f3 a descubrir en la Biblia las bases para la salvaci\u00f3n por gracia, por Fe","og_url":"https:\/\/iglesiarincon.org\/revista\/martin-lutero-y-la-reforma\/","og_site_name":"La Revista de Rinc&oacute;n","article_published_time":"2023-10-29T03:03:40+00:00","article_modified_time":"2023-10-29T03:03:41+00:00","og_image":[{"width":1280,"height":853,"url":"https:\/\/iglesiarincon.org\/revista\/wp-content\/uploads\/2023\/10\/luther-1821759_1280.jpg","type":"image\/jpeg"}],"author":"Samuel Perez Millo","twitter_card":"summary_large_image","twitter_misc":{"Escrito por":"Samuel Perez Millo"},"schema":{"@context":"https:\/\/schema.org","@graph":[{"@type":"Article","@id":"https:\/\/iglesiarincon.org\/revista\/martin-lutero-y-la-reforma\/#article","isPartOf":{"@id":"https:\/\/iglesiarincon.org\/revista\/martin-lutero-y-la-reforma\/"},"author":{"name":"Samuel Perez Millo","@id":"https:\/\/iglesiarincon.org\/revista\/#\/schema\/person\/a8b2fdd8f8efe2495a340a0febbe7df4"},"headline":"Mart\u00edn Lutero y la Reforma","datePublished":"2023-10-29T03:03:40+00:00","dateModified":"2023-10-29T03:03:41+00:00","mainEntityOfPage":{"@id":"https:\/\/iglesiarincon.org\/revista\/martin-lutero-y-la-reforma\/"},"wordCount":315,"commentCount":0,"image":{"@id":"https:\/\/iglesiarincon.org\/revista\/martin-lutero-y-la-reforma\/#primaryimage"},"thumbnailUrl":"https:\/\/iglesiarincon.org\/revista\/wp-content\/uploads\/2023\/10\/luther-1821759_1280.jpg","articleSection":["Reflexiones","Videos"],"inLanguage":"es","potentialAction":[{"@type":"CommentAction","name":"Comment","target":["https:\/\/iglesiarincon.org\/revista\/martin-lutero-y-la-reforma\/#respond"]}]},{"@type":"WebPage","@id":"https:\/\/iglesiarincon.org\/revista\/martin-lutero-y-la-reforma\/","url":"https:\/\/iglesiarincon.org\/revista\/martin-lutero-y-la-reforma\/","name":"Mart\u00edn Lutero y la Reforma - La Revista de Rinc&oacute;n","isPartOf":{"@id":"https:\/\/iglesiarincon.org\/revista\/#website"},"primaryImageOfPage":{"@id":"https:\/\/iglesiarincon.org\/revista\/martin-lutero-y-la-reforma\/#primaryimage"},"image":{"@id":"https:\/\/iglesiarincon.org\/revista\/martin-lutero-y-la-reforma\/#primaryimage"},"thumbnailUrl":"https:\/\/iglesiarincon.org\/revista\/wp-content\/uploads\/2023\/10\/luther-1821759_1280.jpg","datePublished":"2023-10-29T03:03:40+00:00","dateModified":"2023-10-29T03:03:41+00:00","author":{"@id":"https:\/\/iglesiarincon.org\/revista\/#\/schema\/person\/a8b2fdd8f8efe2495a340a0febbe7df4"},"description":"Samuel Perez Millos nos relata la vida de Mart\u00edn Lutero, y c\u00f3mo lleg\u00f3 a descubrir en la Biblia las bases para la salvaci\u00f3n por gracia, por Fe","breadcrumb":{"@id":"https:\/\/iglesiarincon.org\/revista\/martin-lutero-y-la-reforma\/#breadcrumb"},"inLanguage":"es","potentialAction":[{"@type":"ReadAction","target":["https:\/\/iglesiarincon.org\/revista\/martin-lutero-y-la-reforma\/"]}]},{"@type":"ImageObject","inLanguage":"es","@id":"https:\/\/iglesiarincon.org\/revista\/martin-lutero-y-la-reforma\/#primaryimage","url":"https:\/\/iglesiarincon.org\/revista\/wp-content\/uploads\/2023\/10\/luther-1821759_1280.jpg","contentUrl":"https:\/\/iglesiarincon.org\/revista\/wp-content\/uploads\/2023\/10\/luther-1821759_1280.jpg","width":1280,"height":853},{"@type":"BreadcrumbList","@id":"https:\/\/iglesiarincon.org\/revista\/martin-lutero-y-la-reforma\/#breadcrumb","itemListElement":[{"@type":"ListItem","position":1,"name":"Portada","item":"https:\/\/iglesiarincon.org\/revista\/"},{"@type":"ListItem","position":2,"name":"Mart\u00edn Lutero y la Reforma"}]},{"@type":"WebSite","@id":"https:\/\/iglesiarincon.org\/revista\/#website","url":"https:\/\/iglesiarincon.org\/revista\/","name":"La Revista de Rinc&oacute;n","description":"Compartiendo lo mejor","potentialAction":[{"@type":"SearchAction","target":{"@type":"EntryPoint","urlTemplate":"https:\/\/iglesiarincon.org\/revista\/?s={search_term_string}"},"query-input":{"@type":"PropertyValueSpecification","valueRequired":true,"valueName":"search_term_string"}}],"inLanguage":"es"},{"@type":"Person","@id":"https:\/\/iglesiarincon.org\/revista\/#\/schema\/person\/a8b2fdd8f8efe2495a340a0febbe7df4","name":"Samuel Perez Millo","image":{"@type":"ImageObject","inLanguage":"es","@id":"https:\/\/iglesiarincon.org\/revista\/wp-content\/uploads\/2020\/05\/samuel_perez_millos.jpeg","url":"https:\/\/iglesiarincon.org\/revista\/wp-content\/uploads\/2020\/05\/samuel_perez_millos.jpeg","contentUrl":"https:\/\/iglesiarincon.org\/revista\/wp-content\/uploads\/2020\/05\/samuel_perez_millos.jpeg","caption":"Samuel Perez Millo"},"description":"Pastor de la Iglesia Evang\u00e9lica Unida, de Vigo, Espa\u00f1a desde el a\u00f1o 1981. Licenciado en Teolog\u00eda, Master en Cristolog\u00eda, Master en Espiritualidad Trinitaria, por el Instituto y Seminario B\u00edblico Evang\u00e9lico. Profesor en varias instituciones acad\u00e9micas de teolog\u00eda. Escritor de m\u00e1s de 50 libros de estudio b\u00edblico, autor del Comentario Exeg\u00e9tico al Texto Griego del Nuevo Testamento en 19 vol\u00famenes. Expositor, participando en conferencias en Hispanoam\u00e9rica, EE.UU., Australia, Europa.","url":"#molongui-disabled-link"}]}},"_links":{"self":[{"href":"https:\/\/iglesiarincon.org\/revista\/wp-json\/wp\/v2\/posts\/8402","targetHints":{"allow":["GET"]}}],"collection":[{"href":"https:\/\/iglesiarincon.org\/revista\/wp-json\/wp\/v2\/posts"}],"about":[{"href":"https:\/\/iglesiarincon.org\/revista\/wp-json\/wp\/v2\/types\/post"}],"author":[{"embeddable":true,"href":"https:\/\/iglesiarincon.org\/revista\/wp-json\/wp\/v2\/users\/3"}],"replies":[{"embeddable":true,"href":"https:\/\/iglesiarincon.org\/revista\/wp-json\/wp\/v2\/comments?post=8402"}],"version-history":[{"count":3,"href":"https:\/\/iglesiarincon.org\/revista\/wp-json\/wp\/v2\/posts\/8402\/revisions"}],"predecessor-version":[{"id":8408,"href":"https:\/\/iglesiarincon.org\/revista\/wp-json\/wp\/v2\/posts\/8402\/revisions\/8408"}],"wp:featuredmedia":[{"embeddable":true,"href":"https:\/\/iglesiarincon.org\/revista\/wp-json\/wp\/v2\/media\/8403"}],"wp:attachment":[{"href":"https:\/\/iglesiarincon.org\/revista\/wp-json\/wp\/v2\/media?parent=8402"}],"wp:term":[{"taxonomy":"category","embeddable":true,"href":"https:\/\/iglesiarincon.org\/revista\/wp-json\/wp\/v2\/categories?post=8402"},{"taxonomy":"post_tag","embeddable":true,"href":"https:\/\/iglesiarincon.org\/revista\/wp-json\/wp\/v2\/tags?post=8402"}],"curies":[{"name":"wp","href":"https:\/\/api.w.org\/{rel}","templated":true}]}}