{"id":8308,"date":"2023-07-31T19:23:06","date_gmt":"2023-07-31T22:23:06","guid":{"rendered":"https:\/\/iglesiarincon.org\/revista\/?p=8308"},"modified":"2023-07-31T19:23:09","modified_gmt":"2023-07-31T22:23:09","slug":"un-adorador-eterno","status":"publish","type":"post","link":"https:\/\/iglesiarincon.org\/revista\/un-adorador-eterno\/","title":{"rendered":"Un Adorador eterno"},"content":{"rendered":"[et_pb_section fb_built=\u00bb1&#8243; _builder_version=\u00bb4.21.0&#8243; _module_preset=\u00bbdefault\u00bb global_colors_info=\u00bb{}\u00bb][et_pb_row _builder_version=\u00bb4.21.0&#8243; _module_preset=\u00bbdefault\u00bb global_colors_info=\u00bb{}\u00bb][et_pb_column type=\u00bb4_4&#8243; _builder_version=\u00bb4.21.0&#8243; _module_preset=\u00bbdefault\u00bb global_colors_info=\u00bb{}\u00bb][et_pb_text _builder_version=\u00bb4.21.0&#8243; _module_preset=\u00bbdefault\u00bb text_font_size=\u00bb18px\u00bb hover_enabled=\u00bb0&#8243; global_colors_info=\u00bb{}\u00bb sticky_enabled=\u00bb0&#8243; custom_margin=\u00bb||-47px|||\u00bb]\n<p>\u00a0El\u00edas fue un adorador consagrado a Dios y brillaba siempre por donde pasaba. Su pasi\u00f3n, su intensidad, su sinceridad y amor por Dios marcaron la vida de muchos. \u00c9l vivi\u00f3 una vida de fe con alegr\u00eda, y cada d\u00eda como si fuera el \u00faltimo.<br \/>De boca de los que lo amaban conocemos el testimonio de su entrega y amor hacia su esposa, su hijito, su familia, sus amigos, su iglesia, sus alumnos \u00a1y tantos otros! \u00c9l ense\u00f1aba a amar m\u00e1s a Dios y a servirle con mucha devoci\u00f3n, enfocando a quienes lo rodeaban a: \u201ctener la mirada en lo eterno y no enredarse ni endulzarse con las cosas materiales y pasajeras de este mundo. Porque no hay peor calamidad que sentirte como en tu casa, cuando no es tu casa\u2026\u201d<\/p>\n<p>Eli ten\u00eda un empuje hacia una adoraci\u00f3n fresca, fervorosa, genuina, espont\u00e1nea y espiritual. Aparte de un servicio abnegado, caracterizado por gastar siempre lo suyo por el bien de la iglesia de Cristo y por aquellos que a\u00fan no conoc\u00edan a Dios, pero que luego fueron alcanzados para \u00c9l gracias a su testimonio.<\/p>\n<p>El era un Hijo de Dios. Uno con sus ojos puestos en Jes\u00fas, con su mirada y su mente en lo eterno. Uno que por la pasi\u00f3n de su coraz\u00f3n, su fuerza y humildad termin\u00f3 su tarea muy r\u00e1pido, y dej\u00f3 una huella, no solo con su vida sino tambi\u00e9n con su partida.<\/p>\n<p>Sabemos por la verdad absoluta de la Palabra de Dios que El\u00edas est\u00e1 m\u00e1s vivo que nunca. Se encuentra en los cielos, disfrutando la presencia de nuestro amado y poderoso Salvador Jesucristo, en quien \u00c9l crey\u00f3, y a quien recibi\u00f3 como su Salvador eterno para consagrarle toda su vida. Damos gracias a Dios por habernos dado el privilegio de tenerlo estos 31 a\u00f1os, y haber hecho de \u00e9l un instrumento para impactar tantas vidas a trav\u00e9s del amor divino que derram\u00f3 en su coraz\u00f3n.<\/p>\n<p>Le vamos a extra\u00f1ar de manera indecible, pero sabemos, por la Esperanza que tenemos en el Cristo que Vive y Reina, que en breve le volveremos a encontrar en el hogar eterno, donde no habr\u00e1 mas llanto, ni tristeza, ni dolor, ni muerte. A Dios y solo a Dios la gloria.<\/p>\n<p>\u00ab<span>\u00a0Jehov\u00e1 dio, y Jehov\u00e1 quit\u00f3; sea el nombre de Jehov\u00e1 bendito.<\/span><span>.<\/span><span>..\u00bb<\/span> Job 1:21<\/p>\n[\/et_pb_text][et_pb_video _builder_version=\u00bb4.21.0&#8243; _module_preset=\u00bbdefault\u00bb hover_enabled=\u00bb0&#8243; global_colors_info=\u00bb{}\u00bb src=\u00bbhttps:\/\/02-revista.s3.sa-east-1.amazonaws.com\/Videos\/20230731_vid_Jes%C3%BAs+Vive+-+1ra+Corintios+1555-58_EliasOrtiz.mp4&#8243; sticky_enabled=\u00bb0&#8243; min_height=\u00bb371.1px\u00bb custom_margin=\u00bb75px|||||\u00bb][\/et_pb_video][\/et_pb_column][\/et_pb_row][\/et_pb_section]\n","protected":false},"excerpt":{"rendered":"<p>\u00a0El\u00edas fue un adorador consagrado a Dios y brillaba siempre por donde pasaba. Su pasi\u00f3n, su intensidad, su sinceridad y amor por Dios marcaron la vida de muchos. \u00c9l vivi\u00f3 una vida de fe con alegr\u00eda, y cada d\u00eda como si fuera el \u00faltimo.De boca de los que lo amaban conocemos el testimonio de su [&hellip;]<\/p>\n","protected":false},"author":3,"featured_media":8313,"comment_status":"open","ping_status":"open","sticky":false,"template":"","format":"standard","meta":{"_et_pb_use_builder":"on","_et_pb_old_content":"","_et_gb_content_width":"","footnotes":""},"categories":[5,7],"tags":[],"class_list":["post-8308","post","type-post","status-publish","format-standard","has-post-thumbnail","hentry","category-historias-de-vida","category-hombres-con-propositos","et-has-post-format-content","et_post_format-et-post-format-standard"],"yoast_head":"<!-- This site is optimized with the Yoast SEO plugin v27.5 - https:\/\/yoast.com\/product\/yoast-seo-wordpress\/ -->\n<title>Un Adorador eterno - La Revista de Rinc&oacute;n<\/title>\n<meta name=\"description\" content=\"El\u00edas fue un adorador consagrado a Dios, su pasi\u00f3n, su intensidad, su sinceridad y amor por Dios marcaron la vida de muchos.\" \/>\n<meta name=\"robots\" content=\"index, follow, max-snippet:-1, max-image-preview:large, max-video-preview:-1\" \/>\n<link rel=\"canonical\" href=\"https:\/\/iglesiarincon.org\/revista\/un-adorador-eterno\/\" \/>\n<meta property=\"og:locale\" content=\"es_ES\" \/>\n<meta property=\"og:type\" content=\"article\" \/>\n<meta property=\"og:title\" content=\"Un Adorador eterno - La Revista de Rinc&oacute;n\" \/>\n<meta property=\"og:description\" content=\"El\u00edas fue un adorador consagrado a Dios, su pasi\u00f3n, su intensidad, su sinceridad y amor por Dios marcaron la vida de muchos.\" \/>\n<meta property=\"og:url\" content=\"https:\/\/iglesiarincon.org\/revista\/un-adorador-eterno\/\" \/>\n<meta property=\"og:site_name\" content=\"La Revista de Rinc&oacute;n\" \/>\n<meta property=\"article:published_time\" content=\"2023-07-31T22:23:06+00:00\" \/>\n<meta property=\"article:modified_time\" content=\"2023-07-31T22:23:09+00:00\" \/>\n<meta property=\"og:image\" content=\"https:\/\/iglesiarincon.org\/revista\/wp-content\/uploads\/2023\/07\/ELI-e1690823393475.jpeg\" \/>\n\t<meta property=\"og:image:width\" content=\"684\" \/>\n\t<meta property=\"og:image:height\" content=\"427\" \/>\n\t<meta property=\"og:image:type\" content=\"image\/jpeg\" \/>\n<meta name=\"author\" content=\"AMADOS DE EL\u00cdAS ORTIZ\" \/>\n<meta name=\"twitter:card\" content=\"summary_large_image\" \/>\n<meta name=\"twitter:label1\" content=\"Escrito por\" \/>\n\t<meta name=\"twitter:data1\" content=\"AMADOS DE EL\u00cdAS ORTIZ\" \/>\n\t<meta name=\"twitter:label2\" content=\"Tiempo de lectura\" \/>\n\t<meta name=\"twitter:data2\" content=\"2 minutos\" \/>\n<script type=\"application\/ld+json\" class=\"yoast-schema-graph\">{\"@context\":\"https:\\\/\\\/schema.org\",\"@graph\":[{\"@type\":\"Article\",\"@id\":\"https:\\\/\\\/iglesiarincon.org\\\/revista\\\/un-adorador-eterno\\\/#article\",\"isPartOf\":{\"@id\":\"https:\\\/\\\/iglesiarincon.org\\\/revista\\\/un-adorador-eterno\\\/\"},\"author\":{\"name\":\"AMADOS DE EL\u00cdAS ORTIZ\",\"@id\":\"https:\\\/\\\/iglesiarincon.org\\\/revista\\\/#\\\/schema\\\/person\\\/a8b2fdd8f8efe2495a340a0febbe7df4\"},\"headline\":\"Un Adorador eterno\",\"datePublished\":\"2023-07-31T22:23:06+00:00\",\"dateModified\":\"2023-07-31T22:23:09+00:00\",\"mainEntityOfPage\":{\"@id\":\"https:\\\/\\\/iglesiarincon.org\\\/revista\\\/un-adorador-eterno\\\/\"},\"wordCount\":521,\"commentCount\":8,\"image\":{\"@id\":\"https:\\\/\\\/iglesiarincon.org\\\/revista\\\/un-adorador-eterno\\\/#primaryimage\"},\"thumbnailUrl\":\"https:\\\/\\\/iglesiarincon.org\\\/revista\\\/wp-content\\\/uploads\\\/2023\\\/07\\\/ELI-e1690823393475.jpeg\",\"articleSection\":[\"Historias de Vida\",\"Hombres con Prop\u00f3sitos\"],\"inLanguage\":\"es\",\"potentialAction\":[{\"@type\":\"CommentAction\",\"name\":\"Comment\",\"target\":[\"https:\\\/\\\/iglesiarincon.org\\\/revista\\\/un-adorador-eterno\\\/#respond\"]}]},{\"@type\":\"WebPage\",\"@id\":\"https:\\\/\\\/iglesiarincon.org\\\/revista\\\/un-adorador-eterno\\\/\",\"url\":\"https:\\\/\\\/iglesiarincon.org\\\/revista\\\/un-adorador-eterno\\\/\",\"name\":\"Un Adorador eterno - La Revista de Rinc&oacute;n\",\"isPartOf\":{\"@id\":\"https:\\\/\\\/iglesiarincon.org\\\/revista\\\/#website\"},\"primaryImageOfPage\":{\"@id\":\"https:\\\/\\\/iglesiarincon.org\\\/revista\\\/un-adorador-eterno\\\/#primaryimage\"},\"image\":{\"@id\":\"https:\\\/\\\/iglesiarincon.org\\\/revista\\\/un-adorador-eterno\\\/#primaryimage\"},\"thumbnailUrl\":\"https:\\\/\\\/iglesiarincon.org\\\/revista\\\/wp-content\\\/uploads\\\/2023\\\/07\\\/ELI-e1690823393475.jpeg\",\"datePublished\":\"2023-07-31T22:23:06+00:00\",\"dateModified\":\"2023-07-31T22:23:09+00:00\",\"author\":{\"@id\":\"https:\\\/\\\/iglesiarincon.org\\\/revista\\\/#\\\/schema\\\/person\\\/a8b2fdd8f8efe2495a340a0febbe7df4\"},\"description\":\"El\u00edas fue un adorador consagrado a Dios, su pasi\u00f3n, su intensidad, su sinceridad y amor por Dios marcaron la vida de muchos.\",\"breadcrumb\":{\"@id\":\"https:\\\/\\\/iglesiarincon.org\\\/revista\\\/un-adorador-eterno\\\/#breadcrumb\"},\"inLanguage\":\"es\",\"potentialAction\":[{\"@type\":\"ReadAction\",\"target\":[\"https:\\\/\\\/iglesiarincon.org\\\/revista\\\/un-adorador-eterno\\\/\"]}]},{\"@type\":\"ImageObject\",\"inLanguage\":\"es\",\"@id\":\"https:\\\/\\\/iglesiarincon.org\\\/revista\\\/un-adorador-eterno\\\/#primaryimage\",\"url\":\"https:\\\/\\\/iglesiarincon.org\\\/revista\\\/wp-content\\\/uploads\\\/2023\\\/07\\\/ELI-e1690823393475.jpeg\",\"contentUrl\":\"https:\\\/\\\/iglesiarincon.org\\\/revista\\\/wp-content\\\/uploads\\\/2023\\\/07\\\/ELI-e1690823393475.jpeg\",\"width\":684,\"height\":427},{\"@type\":\"BreadcrumbList\",\"@id\":\"https:\\\/\\\/iglesiarincon.org\\\/revista\\\/un-adorador-eterno\\\/#breadcrumb\",\"itemListElement\":[{\"@type\":\"ListItem\",\"position\":1,\"name\":\"Portada\",\"item\":\"https:\\\/\\\/iglesiarincon.org\\\/revista\\\/\"},{\"@type\":\"ListItem\",\"position\":2,\"name\":\"Un Adorador eterno\"}]},{\"@type\":\"WebSite\",\"@id\":\"https:\\\/\\\/iglesiarincon.org\\\/revista\\\/#website\",\"url\":\"https:\\\/\\\/iglesiarincon.org\\\/revista\\\/\",\"name\":\"La Revista de Rinc&oacute;n\",\"description\":\"Compartiendo lo mejor\",\"potentialAction\":[{\"@type\":\"SearchAction\",\"target\":{\"@type\":\"EntryPoint\",\"urlTemplate\":\"https:\\\/\\\/iglesiarincon.org\\\/revista\\\/?s={search_term_string}\"},\"query-input\":{\"@type\":\"PropertyValueSpecification\",\"valueRequired\":true,\"valueName\":\"search_term_string\"}}],\"inLanguage\":\"es\"},{\"@type\":\"Person\",\"@id\":\"https:\\\/\\\/iglesiarincon.org\\\/revista\\\/#\\\/schema\\\/person\\\/a8b2fdd8f8efe2495a340a0febbe7df4\",\"name\":\"AMADOS DE EL\u00cdAS ORTIZ\",\"image\":{\"@type\":\"ImageObject\",\"inLanguage\":\"es\",\"@id\":\"https:\\\/\\\/secure.gravatar.com\\\/avatar\\\/?s=96&d=mm&r=g\",\"url\":\"https:\\\/\\\/secure.gravatar.com\\\/avatar\\\/?s=96&d=mm&r=g\",\"contentUrl\":\"https:\\\/\\\/secure.gravatar.com\\\/avatar\\\/?s=96&d=mm&r=g\",\"caption\":\"AMADOS DE EL\u00cdAS ORTIZ\"},\"url\":\"#molongui-disabled-link\"}]}<\/script>\n<!-- \/ Yoast SEO plugin. -->","yoast_head_json":{"title":"Un Adorador eterno - La Revista de Rinc&oacute;n","description":"El\u00edas fue un adorador consagrado a Dios, su pasi\u00f3n, su intensidad, su sinceridad y amor por Dios marcaron la vida de muchos.","robots":{"index":"index","follow":"follow","max-snippet":"max-snippet:-1","max-image-preview":"max-image-preview:large","max-video-preview":"max-video-preview:-1"},"canonical":"https:\/\/iglesiarincon.org\/revista\/un-adorador-eterno\/","og_locale":"es_ES","og_type":"article","og_title":"Un Adorador eterno - La Revista de Rinc&oacute;n","og_description":"El\u00edas fue un adorador consagrado a Dios, su pasi\u00f3n, su intensidad, su sinceridad y amor por Dios marcaron la vida de muchos.","og_url":"https:\/\/iglesiarincon.org\/revista\/un-adorador-eterno\/","og_site_name":"La Revista de Rinc&oacute;n","article_published_time":"2023-07-31T22:23:06+00:00","article_modified_time":"2023-07-31T22:23:09+00:00","og_image":[{"width":684,"height":427,"url":"https:\/\/iglesiarincon.org\/revista\/wp-content\/uploads\/2023\/07\/ELI-e1690823393475.jpeg","type":"image\/jpeg"}],"author":"AMADOS DE EL\u00cdAS ORTIZ","twitter_card":"summary_large_image","twitter_misc":{"Escrito por":"AMADOS DE EL\u00cdAS ORTIZ","Tiempo de lectura":"2 minutos"},"schema":{"@context":"https:\/\/schema.org","@graph":[{"@type":"Article","@id":"https:\/\/iglesiarincon.org\/revista\/un-adorador-eterno\/#article","isPartOf":{"@id":"https:\/\/iglesiarincon.org\/revista\/un-adorador-eterno\/"},"author":{"name":"AMADOS DE EL\u00cdAS ORTIZ","@id":"https:\/\/iglesiarincon.org\/revista\/#\/schema\/person\/a8b2fdd8f8efe2495a340a0febbe7df4"},"headline":"Un Adorador eterno","datePublished":"2023-07-31T22:23:06+00:00","dateModified":"2023-07-31T22:23:09+00:00","mainEntityOfPage":{"@id":"https:\/\/iglesiarincon.org\/revista\/un-adorador-eterno\/"},"wordCount":521,"commentCount":8,"image":{"@id":"https:\/\/iglesiarincon.org\/revista\/un-adorador-eterno\/#primaryimage"},"thumbnailUrl":"https:\/\/iglesiarincon.org\/revista\/wp-content\/uploads\/2023\/07\/ELI-e1690823393475.jpeg","articleSection":["Historias de Vida","Hombres con Prop\u00f3sitos"],"inLanguage":"es","potentialAction":[{"@type":"CommentAction","name":"Comment","target":["https:\/\/iglesiarincon.org\/revista\/un-adorador-eterno\/#respond"]}]},{"@type":"WebPage","@id":"https:\/\/iglesiarincon.org\/revista\/un-adorador-eterno\/","url":"https:\/\/iglesiarincon.org\/revista\/un-adorador-eterno\/","name":"Un Adorador eterno - La Revista de Rinc&oacute;n","isPartOf":{"@id":"https:\/\/iglesiarincon.org\/revista\/#website"},"primaryImageOfPage":{"@id":"https:\/\/iglesiarincon.org\/revista\/un-adorador-eterno\/#primaryimage"},"image":{"@id":"https:\/\/iglesiarincon.org\/revista\/un-adorador-eterno\/#primaryimage"},"thumbnailUrl":"https:\/\/iglesiarincon.org\/revista\/wp-content\/uploads\/2023\/07\/ELI-e1690823393475.jpeg","datePublished":"2023-07-31T22:23:06+00:00","dateModified":"2023-07-31T22:23:09+00:00","author":{"@id":"https:\/\/iglesiarincon.org\/revista\/#\/schema\/person\/a8b2fdd8f8efe2495a340a0febbe7df4"},"description":"El\u00edas fue un adorador consagrado a Dios, su pasi\u00f3n, su intensidad, su sinceridad y amor por Dios marcaron la vida de muchos.","breadcrumb":{"@id":"https:\/\/iglesiarincon.org\/revista\/un-adorador-eterno\/#breadcrumb"},"inLanguage":"es","potentialAction":[{"@type":"ReadAction","target":["https:\/\/iglesiarincon.org\/revista\/un-adorador-eterno\/"]}]},{"@type":"ImageObject","inLanguage":"es","@id":"https:\/\/iglesiarincon.org\/revista\/un-adorador-eterno\/#primaryimage","url":"https:\/\/iglesiarincon.org\/revista\/wp-content\/uploads\/2023\/07\/ELI-e1690823393475.jpeg","contentUrl":"https:\/\/iglesiarincon.org\/revista\/wp-content\/uploads\/2023\/07\/ELI-e1690823393475.jpeg","width":684,"height":427},{"@type":"BreadcrumbList","@id":"https:\/\/iglesiarincon.org\/revista\/un-adorador-eterno\/#breadcrumb","itemListElement":[{"@type":"ListItem","position":1,"name":"Portada","item":"https:\/\/iglesiarincon.org\/revista\/"},{"@type":"ListItem","position":2,"name":"Un Adorador eterno"}]},{"@type":"WebSite","@id":"https:\/\/iglesiarincon.org\/revista\/#website","url":"https:\/\/iglesiarincon.org\/revista\/","name":"La Revista de Rinc&oacute;n","description":"Compartiendo lo mejor","potentialAction":[{"@type":"SearchAction","target":{"@type":"EntryPoint","urlTemplate":"https:\/\/iglesiarincon.org\/revista\/?s={search_term_string}"},"query-input":{"@type":"PropertyValueSpecification","valueRequired":true,"valueName":"search_term_string"}}],"inLanguage":"es"},{"@type":"Person","@id":"https:\/\/iglesiarincon.org\/revista\/#\/schema\/person\/a8b2fdd8f8efe2495a340a0febbe7df4","name":"AMADOS DE EL\u00cdAS ORTIZ","image":{"@type":"ImageObject","inLanguage":"es","@id":"https:\/\/secure.gravatar.com\/avatar\/?s=96&d=mm&r=g","url":"https:\/\/secure.gravatar.com\/avatar\/?s=96&d=mm&r=g","contentUrl":"https:\/\/secure.gravatar.com\/avatar\/?s=96&d=mm&r=g","caption":"AMADOS DE EL\u00cdAS ORTIZ"},"url":"#molongui-disabled-link"}]}},"_links":{"self":[{"href":"https:\/\/iglesiarincon.org\/revista\/wp-json\/wp\/v2\/posts\/8308","targetHints":{"allow":["GET"]}}],"collection":[{"href":"https:\/\/iglesiarincon.org\/revista\/wp-json\/wp\/v2\/posts"}],"about":[{"href":"https:\/\/iglesiarincon.org\/revista\/wp-json\/wp\/v2\/types\/post"}],"author":[{"embeddable":true,"href":"https:\/\/iglesiarincon.org\/revista\/wp-json\/wp\/v2\/users\/3"}],"replies":[{"embeddable":true,"href":"https:\/\/iglesiarincon.org\/revista\/wp-json\/wp\/v2\/comments?post=8308"}],"version-history":[{"count":5,"href":"https:\/\/iglesiarincon.org\/revista\/wp-json\/wp\/v2\/posts\/8308\/revisions"}],"predecessor-version":[{"id":8320,"href":"https:\/\/iglesiarincon.org\/revista\/wp-json\/wp\/v2\/posts\/8308\/revisions\/8320"}],"wp:featuredmedia":[{"embeddable":true,"href":"https:\/\/iglesiarincon.org\/revista\/wp-json\/wp\/v2\/media\/8313"}],"wp:attachment":[{"href":"https:\/\/iglesiarincon.org\/revista\/wp-json\/wp\/v2\/media?parent=8308"}],"wp:term":[{"taxonomy":"category","embeddable":true,"href":"https:\/\/iglesiarincon.org\/revista\/wp-json\/wp\/v2\/categories?post=8308"},{"taxonomy":"post_tag","embeddable":true,"href":"https:\/\/iglesiarincon.org\/revista\/wp-json\/wp\/v2\/tags?post=8308"}],"curies":[{"name":"wp","href":"https:\/\/api.w.org\/{rel}","templated":true}]}}