{"id":8172,"date":"2023-04-03T11:36:10","date_gmt":"2023-04-03T14:36:10","guid":{"rendered":"https:\/\/iglesiarincon.org\/revista\/?p=8172"},"modified":"2023-04-09T11:26:48","modified_gmt":"2023-04-09T14:26:48","slug":"disenados-para-un-fin","status":"publish","type":"post","link":"https:\/\/iglesiarincon.org\/revista\/disenados-para-un-fin\/","title":{"rendered":"Dise\u00f1ados para un FIN"},"content":{"rendered":"\n\n[et_pb_section fb_built=\u00bb1&#8243; _builder_version=\u00bb4.20.4&#8243; _module_preset=\u00bbdefault\u00bb global_colors_info=\u00bb{}\u00bb theme_builder_area=\u00bbpost_content\u00bb][et_pb_row _builder_version=\u00bb4.20.2&#8243; _module_preset=\u00bbdefault\u00bb global_colors_info=\u00bb{}\u00bb theme_builder_area=\u00bbpost_content\u00bb][et_pb_column type=\u00bb4_4&#8243; _builder_version=\u00bb4.20.2&#8243; _module_preset=\u00bbdefault\u00bb global_colors_info=\u00bb{}\u00bb theme_builder_area=\u00bbpost_content\u00bb][et_pb_text _builder_version=\u00bb4.20.4&#8243; _module_preset=\u00bbdefault\u00bb text_font_size=\u00bb18px\u00bb hover_enabled=\u00bb0&#8243; global_colors_info=\u00bb{}\u00bb theme_builder_area=\u00bbpost_content\u00bb sticky_enabled=\u00bb0&#8243;]<h2 class=\"text-16 lg:text-19 leading-default lg:leading-[1.2] font-bold mb-2\" style=\"text-align: center;\">San Juan 15:4-16<span>\u00a0<\/span>RVC<\/h2>\n<p class=\"text-19 lg:text-23 leading-loose font-medium mb-2\" style=\"text-align: center;\">Jes\u00fas dijo:<\/p>\n<p class=\"text-19 lg:text-23 leading-loose font-medium mb-2\" style=\"text-align: center;\">\u00abPermanezcan en m\u00ed, y yo en ustedes. As\u00ed como el p\u00e1mpano no puede llevar fruto por s\u00ed mismo, si no permanece en la vid, as\u00ed tampoco ustedes, si no permanecen en m\u00ed.<\/p>\n<p class=\"text-19 lg:text-23 leading-loose font-medium mb-2\" style=\"text-align: center;\">Yo soy la vid y ustedes los p\u00e1mpanos; el que permanece en m\u00ed, y yo en \u00e9l, este lleva mucho fruto; porque separados de m\u00ed ustedes nada pueden hacer.<\/p>\n<p class=\"text-19 lg:text-23 leading-loose font-medium mb-2\" style=\"text-align: center;\">El que no permanece en m\u00ed, ser\u00e1 desechado como p\u00e1mpano, y se secar\u00e1, y ser\u00e1 recogido y arrojado al fuego, y all\u00ed arder\u00e1. Si permanecen en m\u00ed, y mis palabras permanecen en ustedes, pidan todo lo que quieran, y se les conceder\u00e1.<\/p>\n<p class=\"text-19 lg:text-23 leading-loose font-medium mb-2\" style=\"text-align: center;\">En esto es glorificado mi Padre: en que lleven mucho fruto, y sean as\u00ed mis disc\u00edpulos. As\u00ed como el Padre me ha amado, as\u00ed tambi\u00e9n yo los he amado a ustedes; permanezcan en mi amor.<\/p>\n<p class=\"text-19 lg:text-23 leading-loose font-medium mb-2\" style=\"text-align: center;\">Si obedecen mis mandamientos, permanecer\u00e1n en mi amor; as\u00ed como yo he obedecido los mandamientos de mi Padre, y permanezco en su amor.<\/p>\n<p class=\"text-19 lg:text-23 leading-loose font-medium mb-2\" style=\"text-align: center;\">Estas cosas les he hablado, para que mi gozo est\u00e9 en ustedes, y su gozo sea completo. \u00bbEste es mi mandamiento: Que se amen unos a otros, como yo los he amado.<\/p>\n<p class=\"text-19 lg:text-23 leading-loose font-medium mb-2\" style=\"text-align: center;\">Nadie tiene mayor amor que este, que es el poner su vida por sus amigos. Ustedes son mis amigos, si hacen lo que yo les mando.<\/p>\n<p class=\"text-19 lg:text-23 leading-loose font-medium mb-2\" style=\"text-align: center;\">Ya no los llamar\u00e9 siervos, porque el siervo no sabe lo que hace su se\u00f1or; yo los he llamado amigos, porque todas las cosas que o\u00ed de mi Padre, se las he dado a conocer a ustedes. \u00bbUstedes no me eligieron a m\u00ed.<\/p>\n<p class=\"text-19 lg:text-23 leading-loose font-medium mb-2\" style=\"text-align: center;\">M\u00e1s bien, yo los eleg\u00ed a ustedes, y los he puesto para que vayan y lleven fruto, y su fruto permanezca; para que todo lo que pidan al Padre en mi nombre, \u00e9l se lo conceda.\u00bb<\/p>[\/et_pb_text][et_pb_video src=\u00bbhttps:\/\/02-revista.s3.sa-east-1.amazonaws.com\/Espacio+Joven\/20230406_vid_serie_pascua_dise%C3%B1adosparaunfin.mp4&#8243; _builder_version=\u00bb4.20.4&#8243; _module_preset=\u00bbdefault\u00bb min_height=\u00bb345.9px\u00bb hover_enabled=\u00bb0&#8243; global_colors_info=\u00bb{}\u00bb theme_builder_area=\u00bbpost_content\u00bb sticky_enabled=\u00bb0&#8243;][\/et_pb_video][\/et_pb_column][\/et_pb_row][\/et_pb_section]\n\n","protected":false},"excerpt":{"rendered":"<p>San Juan 15:4-16\u00a0RVC Jes\u00fas dijo: \u00abPermanezcan en m\u00ed, y yo en ustedes. As\u00ed como el p\u00e1mpano no puede llevar fruto por s\u00ed mismo, si no permanece en la vid, as\u00ed tampoco ustedes, si no permanecen en m\u00ed. Yo soy la vid y ustedes los p\u00e1mpanos; el que permanece en m\u00ed, y yo en \u00e9l, este [&hellip;]<\/p>\n","protected":false},"author":3,"featured_media":8174,"comment_status":"open","ping_status":"open","sticky":false,"template":"","format":"standard","meta":{"_et_pb_use_builder":"on","_et_pb_old_content":"","_et_gb_content_width":"","footnotes":""},"categories":[60,43],"tags":[],"class_list":["post-8172","post","type-post","status-publish","format-standard","has-post-thumbnail","hentry","category-espacio-joven","category-videos","et-has-post-format-content","et_post_format-et-post-format-standard"],"yoast_head":"<!-- This site is optimized with the Yoast SEO plugin v27.5 - https:\/\/yoast.com\/product\/yoast-seo-wordpress\/ -->\n<title>Dise\u00f1ados para un FIN - La Revista de Rinc&oacute;n<\/title>\n<meta name=\"description\" content=\"Fuimos dise\u00f1ados por Dios para un fin, El desea que llevemos buenos frutos y as\u00ed podamos glorificarle!\" \/>\n<meta name=\"robots\" content=\"index, follow, max-snippet:-1, max-image-preview:large, max-video-preview:-1\" \/>\n<link rel=\"canonical\" href=\"https:\/\/iglesiarincon.org\/revista\/disenados-para-un-fin\/\" \/>\n<meta property=\"og:locale\" content=\"es_ES\" \/>\n<meta property=\"og:type\" content=\"article\" \/>\n<meta property=\"og:title\" content=\"Dise\u00f1ados para un FIN - La Revista de Rinc&oacute;n\" \/>\n<meta property=\"og:description\" content=\"Fuimos dise\u00f1ados por Dios para un fin, El desea que llevemos buenos frutos y as\u00ed podamos glorificarle!\" \/>\n<meta property=\"og:url\" content=\"https:\/\/iglesiarincon.org\/revista\/disenados-para-un-fin\/\" \/>\n<meta property=\"og:site_name\" content=\"La Revista de Rinc&oacute;n\" \/>\n<meta property=\"article:published_time\" content=\"2023-04-03T14:36:10+00:00\" \/>\n<meta property=\"article:modified_time\" content=\"2023-04-09T14:26:48+00:00\" \/>\n<meta property=\"og:image\" content=\"https:\/\/iglesiarincon.org\/revista\/wp-content\/uploads\/2023\/04\/DISENADOS.png\" \/>\n\t<meta property=\"og:image:width\" content=\"1280\" \/>\n\t<meta property=\"og:image:height\" content=\"960\" \/>\n\t<meta property=\"og:image:type\" content=\"image\/png\" \/>\n<meta name=\"author\" content=\"Romina C.\" \/>\n<meta name=\"twitter:card\" content=\"summary_large_image\" \/>\n<meta name=\"twitter:label1\" content=\"Escrito por\" \/>\n\t<meta name=\"twitter:data1\" content=\"Romina C.\" \/>\n\t<meta name=\"twitter:label2\" content=\"Tiempo de lectura\" \/>\n\t<meta name=\"twitter:data2\" content=\"2 minutos\" \/>\n<script type=\"application\/ld+json\" class=\"yoast-schema-graph\">{\"@context\":\"https:\\\/\\\/schema.org\",\"@graph\":[{\"@type\":\"Article\",\"@id\":\"https:\\\/\\\/iglesiarincon.org\\\/revista\\\/disenados-para-un-fin\\\/#article\",\"isPartOf\":{\"@id\":\"https:\\\/\\\/iglesiarincon.org\\\/revista\\\/disenados-para-un-fin\\\/\"},\"author\":{\"name\":\"Romina C.\",\"@id\":\"https:\\\/\\\/iglesiarincon.org\\\/revista\\\/#\\\/schema\\\/person\\\/a8b2fdd8f8efe2495a340a0febbe7df4\"},\"headline\":\"Dise\u00f1ados para un FIN\",\"datePublished\":\"2023-04-03T14:36:10+00:00\",\"dateModified\":\"2023-04-09T14:26:48+00:00\",\"mainEntityOfPage\":{\"@id\":\"https:\\\/\\\/iglesiarincon.org\\\/revista\\\/disenados-para-un-fin\\\/\"},\"wordCount\":448,\"commentCount\":0,\"image\":{\"@id\":\"https:\\\/\\\/iglesiarincon.org\\\/revista\\\/disenados-para-un-fin\\\/#primaryimage\"},\"thumbnailUrl\":\"https:\\\/\\\/iglesiarincon.org\\\/revista\\\/wp-content\\\/uploads\\\/2023\\\/04\\\/DISENADOS.png\",\"articleSection\":[\"Espacio joven\",\"Videos\"],\"inLanguage\":\"es\",\"potentialAction\":[{\"@type\":\"CommentAction\",\"name\":\"Comment\",\"target\":[\"https:\\\/\\\/iglesiarincon.org\\\/revista\\\/disenados-para-un-fin\\\/#respond\"]}]},{\"@type\":\"WebPage\",\"@id\":\"https:\\\/\\\/iglesiarincon.org\\\/revista\\\/disenados-para-un-fin\\\/\",\"url\":\"https:\\\/\\\/iglesiarincon.org\\\/revista\\\/disenados-para-un-fin\\\/\",\"name\":\"Dise\u00f1ados para un FIN - La Revista de Rinc&oacute;n\",\"isPartOf\":{\"@id\":\"https:\\\/\\\/iglesiarincon.org\\\/revista\\\/#website\"},\"primaryImageOfPage\":{\"@id\":\"https:\\\/\\\/iglesiarincon.org\\\/revista\\\/disenados-para-un-fin\\\/#primaryimage\"},\"image\":{\"@id\":\"https:\\\/\\\/iglesiarincon.org\\\/revista\\\/disenados-para-un-fin\\\/#primaryimage\"},\"thumbnailUrl\":\"https:\\\/\\\/iglesiarincon.org\\\/revista\\\/wp-content\\\/uploads\\\/2023\\\/04\\\/DISENADOS.png\",\"datePublished\":\"2023-04-03T14:36:10+00:00\",\"dateModified\":\"2023-04-09T14:26:48+00:00\",\"author\":{\"@id\":\"https:\\\/\\\/iglesiarincon.org\\\/revista\\\/#\\\/schema\\\/person\\\/a8b2fdd8f8efe2495a340a0febbe7df4\"},\"description\":\"Fuimos dise\u00f1ados por Dios para un fin, El desea que llevemos buenos frutos y as\u00ed podamos glorificarle!\",\"breadcrumb\":{\"@id\":\"https:\\\/\\\/iglesiarincon.org\\\/revista\\\/disenados-para-un-fin\\\/#breadcrumb\"},\"inLanguage\":\"es\",\"potentialAction\":[{\"@type\":\"ReadAction\",\"target\":[\"https:\\\/\\\/iglesiarincon.org\\\/revista\\\/disenados-para-un-fin\\\/\"]}]},{\"@type\":\"ImageObject\",\"inLanguage\":\"es\",\"@id\":\"https:\\\/\\\/iglesiarincon.org\\\/revista\\\/disenados-para-un-fin\\\/#primaryimage\",\"url\":\"https:\\\/\\\/iglesiarincon.org\\\/revista\\\/wp-content\\\/uploads\\\/2023\\\/04\\\/DISENADOS.png\",\"contentUrl\":\"https:\\\/\\\/iglesiarincon.org\\\/revista\\\/wp-content\\\/uploads\\\/2023\\\/04\\\/DISENADOS.png\",\"width\":1280,\"height\":960},{\"@type\":\"BreadcrumbList\",\"@id\":\"https:\\\/\\\/iglesiarincon.org\\\/revista\\\/disenados-para-un-fin\\\/#breadcrumb\",\"itemListElement\":[{\"@type\":\"ListItem\",\"position\":1,\"name\":\"Portada\",\"item\":\"https:\\\/\\\/iglesiarincon.org\\\/revista\\\/\"},{\"@type\":\"ListItem\",\"position\":2,\"name\":\"Dise\u00f1ados para un FIN\"}]},{\"@type\":\"WebSite\",\"@id\":\"https:\\\/\\\/iglesiarincon.org\\\/revista\\\/#website\",\"url\":\"https:\\\/\\\/iglesiarincon.org\\\/revista\\\/\",\"name\":\"La Revista de Rinc&oacute;n\",\"description\":\"Compartiendo lo mejor\",\"potentialAction\":[{\"@type\":\"SearchAction\",\"target\":{\"@type\":\"EntryPoint\",\"urlTemplate\":\"https:\\\/\\\/iglesiarincon.org\\\/revista\\\/?s={search_term_string}\"},\"query-input\":{\"@type\":\"PropertyValueSpecification\",\"valueRequired\":true,\"valueName\":\"search_term_string\"}}],\"inLanguage\":\"es\"},{\"@type\":\"Person\",\"@id\":\"https:\\\/\\\/iglesiarincon.org\\\/revista\\\/#\\\/schema\\\/person\\\/a8b2fdd8f8efe2495a340a0febbe7df4\",\"name\":\"Romina C.\",\"image\":{\"@type\":\"ImageObject\",\"inLanguage\":\"es\",\"@id\":\"https:\\\/\\\/secure.gravatar.com\\\/avatar\\\/ee5f1636ac9c9cee41877d3709d1d83364afc6a75a9dfd95fed8a9decdc11d00?s=96&d=mm&r=g\",\"url\":\"https:\\\/\\\/secure.gravatar.com\\\/avatar\\\/ee5f1636ac9c9cee41877d3709d1d83364afc6a75a9dfd95fed8a9decdc11d00?s=96&d=mm&r=g\",\"contentUrl\":\"https:\\\/\\\/secure.gravatar.com\\\/avatar\\\/ee5f1636ac9c9cee41877d3709d1d83364afc6a75a9dfd95fed8a9decdc11d00?s=96&d=mm&r=g\",\"caption\":\"Romina C.\"},\"url\":\"https:\\\/\\\/iglesiarincon.org\\\/revista\\\/author\\\/romicampi\\\/\"}]}<\/script>\n<!-- \/ Yoast SEO plugin. -->","yoast_head_json":{"title":"Dise\u00f1ados para un FIN - La Revista de Rinc&oacute;n","description":"Fuimos dise\u00f1ados por Dios para un fin, El desea que llevemos buenos frutos y as\u00ed podamos glorificarle!","robots":{"index":"index","follow":"follow","max-snippet":"max-snippet:-1","max-image-preview":"max-image-preview:large","max-video-preview":"max-video-preview:-1"},"canonical":"https:\/\/iglesiarincon.org\/revista\/disenados-para-un-fin\/","og_locale":"es_ES","og_type":"article","og_title":"Dise\u00f1ados para un FIN - La Revista de Rinc&oacute;n","og_description":"Fuimos dise\u00f1ados por Dios para un fin, El desea que llevemos buenos frutos y as\u00ed podamos glorificarle!","og_url":"https:\/\/iglesiarincon.org\/revista\/disenados-para-un-fin\/","og_site_name":"La Revista de Rinc&oacute;n","article_published_time":"2023-04-03T14:36:10+00:00","article_modified_time":"2023-04-09T14:26:48+00:00","og_image":[{"width":1280,"height":960,"url":"https:\/\/iglesiarincon.org\/revista\/wp-content\/uploads\/2023\/04\/DISENADOS.png","type":"image\/png"}],"author":"Romina C.","twitter_card":"summary_large_image","twitter_misc":{"Escrito por":"Romina C.","Tiempo de lectura":"2 minutos"},"schema":{"@context":"https:\/\/schema.org","@graph":[{"@type":"Article","@id":"https:\/\/iglesiarincon.org\/revista\/disenados-para-un-fin\/#article","isPartOf":{"@id":"https:\/\/iglesiarincon.org\/revista\/disenados-para-un-fin\/"},"author":{"name":"Romina C.","@id":"https:\/\/iglesiarincon.org\/revista\/#\/schema\/person\/a8b2fdd8f8efe2495a340a0febbe7df4"},"headline":"Dise\u00f1ados para un FIN","datePublished":"2023-04-03T14:36:10+00:00","dateModified":"2023-04-09T14:26:48+00:00","mainEntityOfPage":{"@id":"https:\/\/iglesiarincon.org\/revista\/disenados-para-un-fin\/"},"wordCount":448,"commentCount":0,"image":{"@id":"https:\/\/iglesiarincon.org\/revista\/disenados-para-un-fin\/#primaryimage"},"thumbnailUrl":"https:\/\/iglesiarincon.org\/revista\/wp-content\/uploads\/2023\/04\/DISENADOS.png","articleSection":["Espacio joven","Videos"],"inLanguage":"es","potentialAction":[{"@type":"CommentAction","name":"Comment","target":["https:\/\/iglesiarincon.org\/revista\/disenados-para-un-fin\/#respond"]}]},{"@type":"WebPage","@id":"https:\/\/iglesiarincon.org\/revista\/disenados-para-un-fin\/","url":"https:\/\/iglesiarincon.org\/revista\/disenados-para-un-fin\/","name":"Dise\u00f1ados para un FIN - La Revista de Rinc&oacute;n","isPartOf":{"@id":"https:\/\/iglesiarincon.org\/revista\/#website"},"primaryImageOfPage":{"@id":"https:\/\/iglesiarincon.org\/revista\/disenados-para-un-fin\/#primaryimage"},"image":{"@id":"https:\/\/iglesiarincon.org\/revista\/disenados-para-un-fin\/#primaryimage"},"thumbnailUrl":"https:\/\/iglesiarincon.org\/revista\/wp-content\/uploads\/2023\/04\/DISENADOS.png","datePublished":"2023-04-03T14:36:10+00:00","dateModified":"2023-04-09T14:26:48+00:00","author":{"@id":"https:\/\/iglesiarincon.org\/revista\/#\/schema\/person\/a8b2fdd8f8efe2495a340a0febbe7df4"},"description":"Fuimos dise\u00f1ados por Dios para un fin, El desea que llevemos buenos frutos y as\u00ed podamos glorificarle!","breadcrumb":{"@id":"https:\/\/iglesiarincon.org\/revista\/disenados-para-un-fin\/#breadcrumb"},"inLanguage":"es","potentialAction":[{"@type":"ReadAction","target":["https:\/\/iglesiarincon.org\/revista\/disenados-para-un-fin\/"]}]},{"@type":"ImageObject","inLanguage":"es","@id":"https:\/\/iglesiarincon.org\/revista\/disenados-para-un-fin\/#primaryimage","url":"https:\/\/iglesiarincon.org\/revista\/wp-content\/uploads\/2023\/04\/DISENADOS.png","contentUrl":"https:\/\/iglesiarincon.org\/revista\/wp-content\/uploads\/2023\/04\/DISENADOS.png","width":1280,"height":960},{"@type":"BreadcrumbList","@id":"https:\/\/iglesiarincon.org\/revista\/disenados-para-un-fin\/#breadcrumb","itemListElement":[{"@type":"ListItem","position":1,"name":"Portada","item":"https:\/\/iglesiarincon.org\/revista\/"},{"@type":"ListItem","position":2,"name":"Dise\u00f1ados para un FIN"}]},{"@type":"WebSite","@id":"https:\/\/iglesiarincon.org\/revista\/#website","url":"https:\/\/iglesiarincon.org\/revista\/","name":"La Revista de Rinc&oacute;n","description":"Compartiendo lo mejor","potentialAction":[{"@type":"SearchAction","target":{"@type":"EntryPoint","urlTemplate":"https:\/\/iglesiarincon.org\/revista\/?s={search_term_string}"},"query-input":{"@type":"PropertyValueSpecification","valueRequired":true,"valueName":"search_term_string"}}],"inLanguage":"es"},{"@type":"Person","@id":"https:\/\/iglesiarincon.org\/revista\/#\/schema\/person\/a8b2fdd8f8efe2495a340a0febbe7df4","name":"Romina C.","image":{"@type":"ImageObject","inLanguage":"es","@id":"https:\/\/secure.gravatar.com\/avatar\/ee5f1636ac9c9cee41877d3709d1d83364afc6a75a9dfd95fed8a9decdc11d00?s=96&d=mm&r=g","url":"https:\/\/secure.gravatar.com\/avatar\/ee5f1636ac9c9cee41877d3709d1d83364afc6a75a9dfd95fed8a9decdc11d00?s=96&d=mm&r=g","contentUrl":"https:\/\/secure.gravatar.com\/avatar\/ee5f1636ac9c9cee41877d3709d1d83364afc6a75a9dfd95fed8a9decdc11d00?s=96&d=mm&r=g","caption":"Romina C."},"url":"https:\/\/iglesiarincon.org\/revista\/author\/romicampi\/"}]}},"_links":{"self":[{"href":"https:\/\/iglesiarincon.org\/revista\/wp-json\/wp\/v2\/posts\/8172","targetHints":{"allow":["GET"]}}],"collection":[{"href":"https:\/\/iglesiarincon.org\/revista\/wp-json\/wp\/v2\/posts"}],"about":[{"href":"https:\/\/iglesiarincon.org\/revista\/wp-json\/wp\/v2\/types\/post"}],"author":[{"embeddable":true,"href":"https:\/\/iglesiarincon.org\/revista\/wp-json\/wp\/v2\/users\/3"}],"replies":[{"embeddable":true,"href":"https:\/\/iglesiarincon.org\/revista\/wp-json\/wp\/v2\/comments?post=8172"}],"version-history":[{"count":4,"href":"https:\/\/iglesiarincon.org\/revista\/wp-json\/wp\/v2\/posts\/8172\/revisions"}],"predecessor-version":[{"id":8178,"href":"https:\/\/iglesiarincon.org\/revista\/wp-json\/wp\/v2\/posts\/8172\/revisions\/8178"}],"wp:featuredmedia":[{"embeddable":true,"href":"https:\/\/iglesiarincon.org\/revista\/wp-json\/wp\/v2\/media\/8174"}],"wp:attachment":[{"href":"https:\/\/iglesiarincon.org\/revista\/wp-json\/wp\/v2\/media?parent=8172"}],"wp:term":[{"taxonomy":"category","embeddable":true,"href":"https:\/\/iglesiarincon.org\/revista\/wp-json\/wp\/v2\/categories?post=8172"},{"taxonomy":"post_tag","embeddable":true,"href":"https:\/\/iglesiarincon.org\/revista\/wp-json\/wp\/v2\/tags?post=8172"}],"curies":[{"name":"wp","href":"https:\/\/api.w.org\/{rel}","templated":true}]}}