{"id":8112,"date":"2023-04-02T11:11:24","date_gmt":"2023-04-02T14:11:24","guid":{"rendered":"https:\/\/iglesiarincon.org\/revista\/?p=8112"},"modified":"2023-04-02T12:04:43","modified_gmt":"2023-04-02T15:04:43","slug":"semana-santa","status":"publish","type":"post","link":"https:\/\/iglesiarincon.org\/revista\/semana-santa\/","title":{"rendered":"Semana Santa"},"content":{"rendered":"\n[et_pb_section fb_built=\u00bb1&#8243; _builder_version=\u00bb4.20.2&#8243; _module_preset=\u00bbdefault\u00bb global_colors_info=\u00bb{}\u00bb][et_pb_row _builder_version=\u00bb4.20.2&#8243; _module_preset=\u00bbdefault\u00bb global_colors_info=\u00bb{}\u00bb][et_pb_column type=\u00bb4_4&#8243; _builder_version=\u00bb4.20.2&#8243; _module_preset=\u00bbdefault\u00bb global_colors_info=\u00bb{}\u00bb][et_pb_text _builder_version=\u00bb4.20.2&#8243; _module_preset=\u00bbdefault\u00bb text_font=\u00bbTrebuchet||||||||\u00bb text_font_size=\u00bb18px\u00bb global_colors_info=\u00bb{}\u00bb]<p>Cuando se acerca el tiempo de Semana Santa, comenzamos a planificar qu\u00e9 haremos en los d\u00edas feriados. Muchas personas se van de vacaciones, otras visitan a sus familiares en el campo, tambi\u00e9n hay personas que prefieren hacer diferentes actividades en la ciudad; pero muy pocos planifican una preparaci\u00f3n espiritual para acercarse a Dios en esta semana que conmemora el sacrificio de Cristo.<\/p>\n<p>Probablemente la raz\u00f3n de no prestarle atenci\u00f3n a estos d\u00edas se debe a que no conocemos a plenitud lo que sucedi\u00f3 hace m\u00e1s de dos mil a\u00f1os, pero te comparto que todo inici\u00f3 la noche en la que el pueblo de Dios iba a salir de la esclavitud de Egipto. Era una noche oscura y tenebrosa cuando el \u00e1ngel de la muerte pas\u00f3 por cada casa tomando al primog\u00e9nito de cada familia. Los hebreos hab\u00edan recibido \u00f3rdenes de parte de Dios de matar un cordero y rociar su sangre en el dintel de la puerta de cada hogar. Cuando el \u00e1ngel de la muerte ve\u00eda la sangre del cordero, pasaba por alto aquella casa. Ese es el significado de la palabra en ingl\u00e9s \u00abPassover\u00bb, que significa \u00abpasar por encima de\u00bb.<\/p>\n<p>Todo esto era s\u00edmbolo de lo que Cristo habr\u00eda de hacer por Su pueblo. \u00c9l ser\u00eda ese Cordero que con Su sangre nos librar\u00eda de la muerte eterna. \u00a1Es justamente eso lo que celebramos en esta Semana Santa! \u00a1Jes\u00fas carg\u00f3 con el pecado, la culpa y la muerte que merec\u00edamos! As\u00ed que hoy te invito a que, durante esta Semana Santa, planifiques un tiempo para meditar en la Escritura, orar y reflexionar acerca de 7 verdades de la obra de Jes\u00fas en la cruz del Calvario.<\/p>\n<p>Betsy G\u00f3mez<\/p>[\/et_pb_text][\/et_pb_column][\/et_pb_row][\/et_pb_section]\n","protected":false},"excerpt":{"rendered":"<p>Cuando se acerca el tiempo de Semana Santa, comenzamos a planificar qu\u00e9 haremos en los d\u00edas feriados. Muchas personas se van de vacaciones, otras visitan a sus familiares en el campo, tambi\u00e9n hay personas que prefieren hacer diferentes actividades en la ciudad; pero muy pocos planifican una preparaci\u00f3n espiritual para acercarse a Dios en esta [&hellip;]<\/p>\n","protected":false},"author":3,"featured_media":8113,"comment_status":"open","ping_status":"open","sticky":false,"template":"","format":"standard","meta":{"_et_pb_use_builder":"on","_et_pb_old_content":"","_et_gb_content_width":"","footnotes":""},"categories":[3],"tags":[],"class_list":["post-8112","post","type-post","status-publish","format-standard","has-post-thumbnail","hentry","category-reflexiones","et-has-post-format-content","et_post_format-et-post-format-standard"],"yoast_head":"<!-- This site is optimized with the Yoast SEO plugin v27.5 - https:\/\/yoast.com\/product\/yoast-seo-wordpress\/ -->\n<title>Semana Santa - La Revista de Rinc&oacute;n<\/title>\n<meta name=\"description\" content=\"Te desaf\u00edo para \u00e9sta semana santa a que planifiques un tiempo para meditar en 7 verdades de la obra de Jes\u00fas en la cruz del Calvario.\" \/>\n<meta name=\"robots\" content=\"index, follow, max-snippet:-1, max-image-preview:large, max-video-preview:-1\" \/>\n<link rel=\"canonical\" href=\"https:\/\/iglesiarincon.org\/revista\/semana-santa\/\" \/>\n<meta property=\"og:locale\" content=\"es_ES\" \/>\n<meta property=\"og:type\" content=\"article\" \/>\n<meta property=\"og:title\" content=\"Semana Santa - La Revista de Rinc&oacute;n\" \/>\n<meta property=\"og:description\" content=\"Te desaf\u00edo para \u00e9sta semana santa a que planifiques un tiempo para meditar en 7 verdades de la obra de Jes\u00fas en la cruz del Calvario.\" \/>\n<meta property=\"og:url\" content=\"https:\/\/iglesiarincon.org\/revista\/semana-santa\/\" \/>\n<meta property=\"og:site_name\" content=\"La Revista de Rinc&oacute;n\" \/>\n<meta property=\"article:published_time\" content=\"2023-04-02T14:11:24+00:00\" \/>\n<meta property=\"article:modified_time\" content=\"2023-04-02T15:04:43+00:00\" \/>\n<meta property=\"og:image\" content=\"https:\/\/iglesiarincon.org\/revista\/wp-content\/uploads\/2023\/03\/semana-santa.jpg\" \/>\n\t<meta property=\"og:image:width\" content=\"1280\" \/>\n\t<meta property=\"og:image:height\" content=\"852\" \/>\n\t<meta property=\"og:image:type\" content=\"image\/jpeg\" \/>\n<meta name=\"author\" content=\"Aviva Nuestros Corazones\" \/>\n<meta name=\"twitter:card\" content=\"summary_large_image\" \/>\n<meta name=\"twitter:label1\" content=\"Escrito por\" \/>\n\t<meta name=\"twitter:data1\" content=\"Aviva Nuestros Corazones\" \/>\n\t<meta name=\"twitter:label2\" content=\"Tiempo de lectura\" \/>\n\t<meta name=\"twitter:data2\" content=\"2 minutos\" \/>\n<script type=\"application\/ld+json\" class=\"yoast-schema-graph\">{\"@context\":\"https:\\\/\\\/schema.org\",\"@graph\":[{\"@type\":\"Article\",\"@id\":\"https:\\\/\\\/iglesiarincon.org\\\/revista\\\/semana-santa\\\/#article\",\"isPartOf\":{\"@id\":\"https:\\\/\\\/iglesiarincon.org\\\/revista\\\/semana-santa\\\/\"},\"author\":{\"name\":\"Aviva Nuestros Corazones\",\"@id\":\"https:\\\/\\\/iglesiarincon.org\\\/revista\\\/#\\\/schema\\\/person\\\/a8b2fdd8f8efe2495a340a0febbe7df4\"},\"headline\":\"Semana Santa\",\"datePublished\":\"2023-04-02T14:11:24+00:00\",\"dateModified\":\"2023-04-02T15:04:43+00:00\",\"mainEntityOfPage\":{\"@id\":\"https:\\\/\\\/iglesiarincon.org\\\/revista\\\/semana-santa\\\/\"},\"wordCount\":367,\"commentCount\":0,\"image\":{\"@id\":\"https:\\\/\\\/iglesiarincon.org\\\/revista\\\/semana-santa\\\/#primaryimage\"},\"thumbnailUrl\":\"https:\\\/\\\/iglesiarincon.org\\\/revista\\\/wp-content\\\/uploads\\\/2023\\\/03\\\/semana-santa.jpg\",\"articleSection\":[\"Reflexiones\"],\"inLanguage\":\"es\",\"potentialAction\":[{\"@type\":\"CommentAction\",\"name\":\"Comment\",\"target\":[\"https:\\\/\\\/iglesiarincon.org\\\/revista\\\/semana-santa\\\/#respond\"]}]},{\"@type\":\"WebPage\",\"@id\":\"https:\\\/\\\/iglesiarincon.org\\\/revista\\\/semana-santa\\\/\",\"url\":\"https:\\\/\\\/iglesiarincon.org\\\/revista\\\/semana-santa\\\/\",\"name\":\"Semana Santa - La Revista de Rinc&oacute;n\",\"isPartOf\":{\"@id\":\"https:\\\/\\\/iglesiarincon.org\\\/revista\\\/#website\"},\"primaryImageOfPage\":{\"@id\":\"https:\\\/\\\/iglesiarincon.org\\\/revista\\\/semana-santa\\\/#primaryimage\"},\"image\":{\"@id\":\"https:\\\/\\\/iglesiarincon.org\\\/revista\\\/semana-santa\\\/#primaryimage\"},\"thumbnailUrl\":\"https:\\\/\\\/iglesiarincon.org\\\/revista\\\/wp-content\\\/uploads\\\/2023\\\/03\\\/semana-santa.jpg\",\"datePublished\":\"2023-04-02T14:11:24+00:00\",\"dateModified\":\"2023-04-02T15:04:43+00:00\",\"author\":{\"@id\":\"https:\\\/\\\/iglesiarincon.org\\\/revista\\\/#\\\/schema\\\/person\\\/a8b2fdd8f8efe2495a340a0febbe7df4\"},\"description\":\"Te desaf\u00edo para \u00e9sta semana santa a que planifiques un tiempo para meditar en 7 verdades de la obra de Jes\u00fas en la cruz del Calvario.\",\"breadcrumb\":{\"@id\":\"https:\\\/\\\/iglesiarincon.org\\\/revista\\\/semana-santa\\\/#breadcrumb\"},\"inLanguage\":\"es\",\"potentialAction\":[{\"@type\":\"ReadAction\",\"target\":[\"https:\\\/\\\/iglesiarincon.org\\\/revista\\\/semana-santa\\\/\"]}]},{\"@type\":\"ImageObject\",\"inLanguage\":\"es\",\"@id\":\"https:\\\/\\\/iglesiarincon.org\\\/revista\\\/semana-santa\\\/#primaryimage\",\"url\":\"https:\\\/\\\/iglesiarincon.org\\\/revista\\\/wp-content\\\/uploads\\\/2023\\\/03\\\/semana-santa.jpg\",\"contentUrl\":\"https:\\\/\\\/iglesiarincon.org\\\/revista\\\/wp-content\\\/uploads\\\/2023\\\/03\\\/semana-santa.jpg\",\"width\":1280,\"height\":852},{\"@type\":\"BreadcrumbList\",\"@id\":\"https:\\\/\\\/iglesiarincon.org\\\/revista\\\/semana-santa\\\/#breadcrumb\",\"itemListElement\":[{\"@type\":\"ListItem\",\"position\":1,\"name\":\"Portada\",\"item\":\"https:\\\/\\\/iglesiarincon.org\\\/revista\\\/\"},{\"@type\":\"ListItem\",\"position\":2,\"name\":\"Semana Santa\"}]},{\"@type\":\"WebSite\",\"@id\":\"https:\\\/\\\/iglesiarincon.org\\\/revista\\\/#website\",\"url\":\"https:\\\/\\\/iglesiarincon.org\\\/revista\\\/\",\"name\":\"La Revista de Rinc&oacute;n\",\"description\":\"Compartiendo lo mejor\",\"potentialAction\":[{\"@type\":\"SearchAction\",\"target\":{\"@type\":\"EntryPoint\",\"urlTemplate\":\"https:\\\/\\\/iglesiarincon.org\\\/revista\\\/?s={search_term_string}\"},\"query-input\":{\"@type\":\"PropertyValueSpecification\",\"valueRequired\":true,\"valueName\":\"search_term_string\"}}],\"inLanguage\":\"es\"},{\"@type\":\"Person\",\"@id\":\"https:\\\/\\\/iglesiarincon.org\\\/revista\\\/#\\\/schema\\\/person\\\/a8b2fdd8f8efe2495a340a0febbe7df4\",\"name\":\"Aviva Nuestros Corazones\",\"image\":{\"@type\":\"ImageObject\",\"inLanguage\":\"es\",\"@id\":\"https:\\\/\\\/secure.gravatar.com\\\/avatar\\\/?s=96&d=mm&r=g\",\"url\":\"https:\\\/\\\/secure.gravatar.com\\\/avatar\\\/?s=96&d=mm&r=g\",\"contentUrl\":\"https:\\\/\\\/secure.gravatar.com\\\/avatar\\\/?s=96&d=mm&r=g\",\"caption\":\"Aviva Nuestros Corazones\"},\"url\":\"#molongui-disabled-link\"}]}<\/script>\n<!-- \/ Yoast SEO plugin. -->","yoast_head_json":{"title":"Semana Santa - La Revista de Rinc&oacute;n","description":"Te desaf\u00edo para \u00e9sta semana santa a que planifiques un tiempo para meditar en 7 verdades de la obra de Jes\u00fas en la cruz del Calvario.","robots":{"index":"index","follow":"follow","max-snippet":"max-snippet:-1","max-image-preview":"max-image-preview:large","max-video-preview":"max-video-preview:-1"},"canonical":"https:\/\/iglesiarincon.org\/revista\/semana-santa\/","og_locale":"es_ES","og_type":"article","og_title":"Semana Santa - La Revista de Rinc&oacute;n","og_description":"Te desaf\u00edo para \u00e9sta semana santa a que planifiques un tiempo para meditar en 7 verdades de la obra de Jes\u00fas en la cruz del Calvario.","og_url":"https:\/\/iglesiarincon.org\/revista\/semana-santa\/","og_site_name":"La Revista de Rinc&oacute;n","article_published_time":"2023-04-02T14:11:24+00:00","article_modified_time":"2023-04-02T15:04:43+00:00","og_image":[{"width":1280,"height":852,"url":"https:\/\/iglesiarincon.org\/revista\/wp-content\/uploads\/2023\/03\/semana-santa.jpg","type":"image\/jpeg"}],"author":"Aviva Nuestros Corazones","twitter_card":"summary_large_image","twitter_misc":{"Escrito por":"Aviva Nuestros Corazones","Tiempo de lectura":"2 minutos"},"schema":{"@context":"https:\/\/schema.org","@graph":[{"@type":"Article","@id":"https:\/\/iglesiarincon.org\/revista\/semana-santa\/#article","isPartOf":{"@id":"https:\/\/iglesiarincon.org\/revista\/semana-santa\/"},"author":{"name":"Aviva Nuestros Corazones","@id":"https:\/\/iglesiarincon.org\/revista\/#\/schema\/person\/a8b2fdd8f8efe2495a340a0febbe7df4"},"headline":"Semana Santa","datePublished":"2023-04-02T14:11:24+00:00","dateModified":"2023-04-02T15:04:43+00:00","mainEntityOfPage":{"@id":"https:\/\/iglesiarincon.org\/revista\/semana-santa\/"},"wordCount":367,"commentCount":0,"image":{"@id":"https:\/\/iglesiarincon.org\/revista\/semana-santa\/#primaryimage"},"thumbnailUrl":"https:\/\/iglesiarincon.org\/revista\/wp-content\/uploads\/2023\/03\/semana-santa.jpg","articleSection":["Reflexiones"],"inLanguage":"es","potentialAction":[{"@type":"CommentAction","name":"Comment","target":["https:\/\/iglesiarincon.org\/revista\/semana-santa\/#respond"]}]},{"@type":"WebPage","@id":"https:\/\/iglesiarincon.org\/revista\/semana-santa\/","url":"https:\/\/iglesiarincon.org\/revista\/semana-santa\/","name":"Semana Santa - La Revista de Rinc&oacute;n","isPartOf":{"@id":"https:\/\/iglesiarincon.org\/revista\/#website"},"primaryImageOfPage":{"@id":"https:\/\/iglesiarincon.org\/revista\/semana-santa\/#primaryimage"},"image":{"@id":"https:\/\/iglesiarincon.org\/revista\/semana-santa\/#primaryimage"},"thumbnailUrl":"https:\/\/iglesiarincon.org\/revista\/wp-content\/uploads\/2023\/03\/semana-santa.jpg","datePublished":"2023-04-02T14:11:24+00:00","dateModified":"2023-04-02T15:04:43+00:00","author":{"@id":"https:\/\/iglesiarincon.org\/revista\/#\/schema\/person\/a8b2fdd8f8efe2495a340a0febbe7df4"},"description":"Te desaf\u00edo para \u00e9sta semana santa a que planifiques un tiempo para meditar en 7 verdades de la obra de Jes\u00fas en la cruz del Calvario.","breadcrumb":{"@id":"https:\/\/iglesiarincon.org\/revista\/semana-santa\/#breadcrumb"},"inLanguage":"es","potentialAction":[{"@type":"ReadAction","target":["https:\/\/iglesiarincon.org\/revista\/semana-santa\/"]}]},{"@type":"ImageObject","inLanguage":"es","@id":"https:\/\/iglesiarincon.org\/revista\/semana-santa\/#primaryimage","url":"https:\/\/iglesiarincon.org\/revista\/wp-content\/uploads\/2023\/03\/semana-santa.jpg","contentUrl":"https:\/\/iglesiarincon.org\/revista\/wp-content\/uploads\/2023\/03\/semana-santa.jpg","width":1280,"height":852},{"@type":"BreadcrumbList","@id":"https:\/\/iglesiarincon.org\/revista\/semana-santa\/#breadcrumb","itemListElement":[{"@type":"ListItem","position":1,"name":"Portada","item":"https:\/\/iglesiarincon.org\/revista\/"},{"@type":"ListItem","position":2,"name":"Semana Santa"}]},{"@type":"WebSite","@id":"https:\/\/iglesiarincon.org\/revista\/#website","url":"https:\/\/iglesiarincon.org\/revista\/","name":"La Revista de Rinc&oacute;n","description":"Compartiendo lo mejor","potentialAction":[{"@type":"SearchAction","target":{"@type":"EntryPoint","urlTemplate":"https:\/\/iglesiarincon.org\/revista\/?s={search_term_string}"},"query-input":{"@type":"PropertyValueSpecification","valueRequired":true,"valueName":"search_term_string"}}],"inLanguage":"es"},{"@type":"Person","@id":"https:\/\/iglesiarincon.org\/revista\/#\/schema\/person\/a8b2fdd8f8efe2495a340a0febbe7df4","name":"Aviva Nuestros Corazones","image":{"@type":"ImageObject","inLanguage":"es","@id":"https:\/\/secure.gravatar.com\/avatar\/?s=96&d=mm&r=g","url":"https:\/\/secure.gravatar.com\/avatar\/?s=96&d=mm&r=g","contentUrl":"https:\/\/secure.gravatar.com\/avatar\/?s=96&d=mm&r=g","caption":"Aviva Nuestros Corazones"},"url":"#molongui-disabled-link"}]}},"_links":{"self":[{"href":"https:\/\/iglesiarincon.org\/revista\/wp-json\/wp\/v2\/posts\/8112","targetHints":{"allow":["GET"]}}],"collection":[{"href":"https:\/\/iglesiarincon.org\/revista\/wp-json\/wp\/v2\/posts"}],"about":[{"href":"https:\/\/iglesiarincon.org\/revista\/wp-json\/wp\/v2\/types\/post"}],"author":[{"embeddable":true,"href":"https:\/\/iglesiarincon.org\/revista\/wp-json\/wp\/v2\/users\/3"}],"replies":[{"embeddable":true,"href":"https:\/\/iglesiarincon.org\/revista\/wp-json\/wp\/v2\/comments?post=8112"}],"version-history":[{"count":4,"href":"https:\/\/iglesiarincon.org\/revista\/wp-json\/wp\/v2\/posts\/8112\/revisions"}],"predecessor-version":[{"id":8124,"href":"https:\/\/iglesiarincon.org\/revista\/wp-json\/wp\/v2\/posts\/8112\/revisions\/8124"}],"wp:featuredmedia":[{"embeddable":true,"href":"https:\/\/iglesiarincon.org\/revista\/wp-json\/wp\/v2\/media\/8113"}],"wp:attachment":[{"href":"https:\/\/iglesiarincon.org\/revista\/wp-json\/wp\/v2\/media?parent=8112"}],"wp:term":[{"taxonomy":"category","embeddable":true,"href":"https:\/\/iglesiarincon.org\/revista\/wp-json\/wp\/v2\/categories?post=8112"},{"taxonomy":"post_tag","embeddable":true,"href":"https:\/\/iglesiarincon.org\/revista\/wp-json\/wp\/v2\/tags?post=8112"}],"curies":[{"name":"wp","href":"https:\/\/api.w.org\/{rel}","templated":true}]}}