{"id":8080,"date":"2023-03-15T23:44:38","date_gmt":"2023-03-16T02:44:38","guid":{"rendered":"https:\/\/iglesiarincon.org\/revista\/?p=8080"},"modified":"2023-03-17T18:08:43","modified_gmt":"2023-03-17T21:08:43","slug":"buscar-a-dios-2","status":"publish","type":"post","link":"https:\/\/iglesiarincon.org\/revista\/buscar-a-dios-2\/","title":{"rendered":"Buscar a Dios"},"content":{"rendered":"[et_pb_section fb_built=\u00bb1&#8243; _builder_version=\u00bb4.19.0&#8243; _module_preset=\u00bbdefault\u00bb global_colors_info=\u00bb{}\u00bb][\/et_pb_section][et_pb_section fb_built=\u00bb1&#8243; _builder_version=\u00bb4.17.0&#8243; custom_margin=\u00bb-150px|||||\u00bb custom_padding=\u00bb0px|||||\u00bb global_colors_info=\u00bb{}\u00bb][et_pb_row _builder_version=\u00bb4.16&#8243; background_size=\u00bbinitial\u00bb background_position=\u00bbtop_left\u00bb background_repeat=\u00bbrepeat\u00bb min_height=\u00bb562px\u00bb custom_padding=\u00bb63px|||||\u00bb global_colors_info=\u00bb{}\u00bb][et_pb_column type=\u00bb4_4&#8243; _builder_version=\u00bb4.16&#8243; custom_padding=\u00bb|||\u00bb global_colors_info=\u00bb{}\u00bb custom_padding__hover=\u00bb|||\u00bb][et_pb_text _builder_version=\u00bb4.20.2&#8243; text_font=\u00bbTrebuchet|600|||||||\u00bb text_font_size=\u00bb18px\u00bb min_height=\u00bb147.8px\u00bb custom_margin=\u00bb-17px||4px|||\u00bb custom_padding=\u00bb4px||21px|||\u00bb hover_enabled=\u00bb0&#8243; global_colors_info=\u00bb{}\u00bb sticky_enabled=\u00bb0&#8243;]\n<div class=\"cxmmr5t8 oygrvhab hcukyx3x c1et5uql o9v6fnle ii04i59q\">\n<div dir=\"auto\">\n<p class=\"verse line\" style=\"text-align: left;\"><span id=\"es-RVR1960-14121\" class=\"text Ps-18-2\"><span>Samuel Perez Millos nos invita a meditar sobre el pasaje de Sofon\u00edas 2:3: \u00abBuscad a Jehov\u00e1 todos los humildes de la tierra\u00bb. Sabemos que el deseo de Dios es que le conozcamos, y que permite las dificultades y problemas para que busquemos su rostro. \u00a1Pero tambi\u00e9n sabemos que los recursos est\u00e1n en \u00c9l! Al derramar nuestros corazones frente a nuestro Se\u00f1or, podemos dejar nuestra carga en sus manos y as\u00ed ser m\u00e1s que vencedores frente a la prueba.<\/span> <\/span><\/p>\n<p class=\"verse line\" style=\"text-align: center;\">\n<\/div>\n<\/div>\n[\/et_pb_text][et_pb_video src=\u00bbhttps:\/\/02-revista.s3.sa-east-1.amazonaws.com\/Videos\/Samuel+Perez+Millo\/20230221_vid_Buscad+a+Dios+-+Samuel+Perez+Millos.mp4&#8243; play_icon_color=\u00bb#E02B20&#8243; thumbnail_overlay_color=\u00bbrgba(0,0,0,0.6)\u00bb _builder_version=\u00bb4.20.2&#8243; min_height=\u00bb616.9px\u00bb custom_margin=\u00bb||62px|||\u00bb box_shadow_style=\u00bbpreset3&#8243; global_colors_info=\u00bb{}\u00bb][\/et_pb_video][et_pb_text _builder_version=\u00bb4.16&#8243; _module_preset=\u00bbdefault\u00bb global_colors_info=\u00bb{}\u00bb]\n<p>Fuente: Canal de Youtube <a href=\"https:\/\/youtu.be\/3-DVoKSzUqs\" target=\"_blank\" rel=\"noopener noreferrer\">Ministerios en Contacto<\/a><\/p>\n[\/et_pb_text][\/et_pb_column][\/et_pb_row][\/et_pb_section]\n","protected":false},"excerpt":{"rendered":"<p>Samuel Perez Millos nos invita a meditar sobre el pasaje de Sofon\u00edas 2:3: \u00abBuscad a Jehov\u00e1 todos los humildes de la tierra\u00bb. Sabemos que el deseo de Dios es que le conozcamos, y que permite las dificultades y problemas para que busquemos su rostro. \u00a1Pero tambi\u00e9n sabemos que los recursos est\u00e1n en \u00c9l! Al derramar [&hellip;]<\/p>\n","protected":false},"author":3,"featured_media":8082,"comment_status":"open","ping_status":"open","sticky":false,"template":"","format":"standard","meta":{"_et_pb_use_builder":"on","_et_pb_old_content":"","_et_gb_content_width":"","footnotes":""},"categories":[3,43],"tags":[],"class_list":["post-8080","post","type-post","status-publish","format-standard","has-post-thumbnail","hentry","category-reflexiones","category-videos","et-has-post-format-content","et_post_format-et-post-format-standard"],"yoast_head":"<!-- This site is optimized with the Yoast SEO plugin v27.5 - https:\/\/yoast.com\/product\/yoast-seo-wordpress\/ -->\n<title>Buscar a Dios - La Revista de Rinc&oacute;n<\/title>\n<meta name=\"description\" content=\"Perez Millos nos invita a meditar sobre la necesidad de buscar a Dios en todas circunstancias de la vida, para el socorro oportuno\" \/>\n<meta name=\"robots\" content=\"index, follow, max-snippet:-1, max-image-preview:large, max-video-preview:-1\" \/>\n<link rel=\"canonical\" href=\"https:\/\/iglesiarincon.org\/revista\/buscar-a-dios-2\/\" \/>\n<meta property=\"og:locale\" content=\"es_ES\" \/>\n<meta property=\"og:type\" content=\"article\" \/>\n<meta property=\"og:title\" content=\"Buscar a Dios - La Revista de Rinc&oacute;n\" \/>\n<meta property=\"og:description\" content=\"Perez Millos nos invita a meditar sobre la necesidad de buscar a Dios en todas circunstancias de la vida, para el socorro oportuno\" \/>\n<meta property=\"og:url\" content=\"https:\/\/iglesiarincon.org\/revista\/buscar-a-dios-2\/\" \/>\n<meta property=\"og:site_name\" content=\"La Revista de Rinc&oacute;n\" \/>\n<meta property=\"article:published_time\" content=\"2023-03-16T02:44:38+00:00\" \/>\n<meta property=\"article:modified_time\" content=\"2023-03-17T21:08:43+00:00\" \/>\n<meta property=\"og:image\" content=\"https:\/\/iglesiarincon.org\/revista\/wp-content\/uploads\/2023\/03\/buscar-a-Dios.jpg\" \/>\n\t<meta property=\"og:image:width\" content=\"1280\" \/>\n\t<meta property=\"og:image:height\" content=\"720\" \/>\n\t<meta property=\"og:image:type\" content=\"image\/jpeg\" \/>\n<meta name=\"author\" content=\"Samuel Perez Millo\" \/>\n<meta name=\"twitter:card\" content=\"summary_large_image\" \/>\n<meta name=\"twitter:label1\" content=\"Escrito por\" \/>\n\t<meta name=\"twitter:data1\" content=\"Samuel Perez Millo\" \/>\n\t<meta name=\"twitter:label2\" content=\"Tiempo de lectura\" \/>\n\t<meta name=\"twitter:data2\" content=\"1 minuto\" \/>\n<script type=\"application\/ld+json\" class=\"yoast-schema-graph\">{\"@context\":\"https:\\\/\\\/schema.org\",\"@graph\":[{\"@type\":\"Article\",\"@id\":\"https:\\\/\\\/iglesiarincon.org\\\/revista\\\/buscar-a-dios-2\\\/#article\",\"isPartOf\":{\"@id\":\"https:\\\/\\\/iglesiarincon.org\\\/revista\\\/buscar-a-dios-2\\\/\"},\"author\":{\"name\":\"Samuel Perez Millo\",\"@id\":\"https:\\\/\\\/iglesiarincon.org\\\/revista\\\/#\\\/schema\\\/person\\\/a8b2fdd8f8efe2495a340a0febbe7df4\"},\"headline\":\"Buscar a Dios\",\"datePublished\":\"2023-03-16T02:44:38+00:00\",\"dateModified\":\"2023-03-17T21:08:43+00:00\",\"mainEntityOfPage\":{\"@id\":\"https:\\\/\\\/iglesiarincon.org\\\/revista\\\/buscar-a-dios-2\\\/\"},\"wordCount\":270,\"commentCount\":0,\"image\":{\"@id\":\"https:\\\/\\\/iglesiarincon.org\\\/revista\\\/buscar-a-dios-2\\\/#primaryimage\"},\"thumbnailUrl\":\"https:\\\/\\\/iglesiarincon.org\\\/revista\\\/wp-content\\\/uploads\\\/2023\\\/03\\\/buscar-a-Dios.jpg\",\"articleSection\":[\"Reflexiones\",\"Videos\"],\"inLanguage\":\"es\",\"potentialAction\":[{\"@type\":\"CommentAction\",\"name\":\"Comment\",\"target\":[\"https:\\\/\\\/iglesiarincon.org\\\/revista\\\/buscar-a-dios-2\\\/#respond\"]}]},{\"@type\":\"WebPage\",\"@id\":\"https:\\\/\\\/iglesiarincon.org\\\/revista\\\/buscar-a-dios-2\\\/\",\"url\":\"https:\\\/\\\/iglesiarincon.org\\\/revista\\\/buscar-a-dios-2\\\/\",\"name\":\"Buscar a Dios - La Revista de Rinc&oacute;n\",\"isPartOf\":{\"@id\":\"https:\\\/\\\/iglesiarincon.org\\\/revista\\\/#website\"},\"primaryImageOfPage\":{\"@id\":\"https:\\\/\\\/iglesiarincon.org\\\/revista\\\/buscar-a-dios-2\\\/#primaryimage\"},\"image\":{\"@id\":\"https:\\\/\\\/iglesiarincon.org\\\/revista\\\/buscar-a-dios-2\\\/#primaryimage\"},\"thumbnailUrl\":\"https:\\\/\\\/iglesiarincon.org\\\/revista\\\/wp-content\\\/uploads\\\/2023\\\/03\\\/buscar-a-Dios.jpg\",\"datePublished\":\"2023-03-16T02:44:38+00:00\",\"dateModified\":\"2023-03-17T21:08:43+00:00\",\"author\":{\"@id\":\"https:\\\/\\\/iglesiarincon.org\\\/revista\\\/#\\\/schema\\\/person\\\/a8b2fdd8f8efe2495a340a0febbe7df4\"},\"description\":\"Perez Millos nos invita a meditar sobre la necesidad de buscar a Dios en todas circunstancias de la vida, para el socorro oportuno\",\"breadcrumb\":{\"@id\":\"https:\\\/\\\/iglesiarincon.org\\\/revista\\\/buscar-a-dios-2\\\/#breadcrumb\"},\"inLanguage\":\"es\",\"potentialAction\":[{\"@type\":\"ReadAction\",\"target\":[\"https:\\\/\\\/iglesiarincon.org\\\/revista\\\/buscar-a-dios-2\\\/\"]}]},{\"@type\":\"ImageObject\",\"inLanguage\":\"es\",\"@id\":\"https:\\\/\\\/iglesiarincon.org\\\/revista\\\/buscar-a-dios-2\\\/#primaryimage\",\"url\":\"https:\\\/\\\/iglesiarincon.org\\\/revista\\\/wp-content\\\/uploads\\\/2023\\\/03\\\/buscar-a-Dios.jpg\",\"contentUrl\":\"https:\\\/\\\/iglesiarincon.org\\\/revista\\\/wp-content\\\/uploads\\\/2023\\\/03\\\/buscar-a-Dios.jpg\",\"width\":1280,\"height\":720},{\"@type\":\"BreadcrumbList\",\"@id\":\"https:\\\/\\\/iglesiarincon.org\\\/revista\\\/buscar-a-dios-2\\\/#breadcrumb\",\"itemListElement\":[{\"@type\":\"ListItem\",\"position\":1,\"name\":\"Portada\",\"item\":\"https:\\\/\\\/iglesiarincon.org\\\/revista\\\/\"},{\"@type\":\"ListItem\",\"position\":2,\"name\":\"Buscar a Dios\"}]},{\"@type\":\"WebSite\",\"@id\":\"https:\\\/\\\/iglesiarincon.org\\\/revista\\\/#website\",\"url\":\"https:\\\/\\\/iglesiarincon.org\\\/revista\\\/\",\"name\":\"La Revista de Rinc&oacute;n\",\"description\":\"Compartiendo lo mejor\",\"potentialAction\":[{\"@type\":\"SearchAction\",\"target\":{\"@type\":\"EntryPoint\",\"urlTemplate\":\"https:\\\/\\\/iglesiarincon.org\\\/revista\\\/?s={search_term_string}\"},\"query-input\":{\"@type\":\"PropertyValueSpecification\",\"valueRequired\":true,\"valueName\":\"search_term_string\"}}],\"inLanguage\":\"es\"},{\"@type\":\"Person\",\"@id\":\"https:\\\/\\\/iglesiarincon.org\\\/revista\\\/#\\\/schema\\\/person\\\/a8b2fdd8f8efe2495a340a0febbe7df4\",\"name\":\"Samuel Perez Millo\",\"image\":{\"@type\":\"ImageObject\",\"inLanguage\":\"es\",\"@id\":\"https:\\\/\\\/iglesiarincon.org\\\/revista\\\/wp-content\\\/uploads\\\/2020\\\/05\\\/samuel_perez_millos.jpeg\",\"url\":\"https:\\\/\\\/iglesiarincon.org\\\/revista\\\/wp-content\\\/uploads\\\/2020\\\/05\\\/samuel_perez_millos.jpeg\",\"contentUrl\":\"https:\\\/\\\/iglesiarincon.org\\\/revista\\\/wp-content\\\/uploads\\\/2020\\\/05\\\/samuel_perez_millos.jpeg\",\"caption\":\"Samuel Perez Millo\"},\"description\":\"Pastor de la Iglesia Evang\u00e9lica Unida, de Vigo, Espa\u00f1a desde el a\u00f1o 1981. Licenciado en Teolog\u00eda, Master en Cristolog\u00eda, Master en Espiritualidad Trinitaria, por el Instituto y Seminario B\u00edblico Evang\u00e9lico. Profesor en varias instituciones acad\u00e9micas de teolog\u00eda. Escritor de m\u00e1s de 50 libros de estudio b\u00edblico, autor del Comentario Exeg\u00e9tico al Texto Griego del Nuevo Testamento en 19 vol\u00famenes. Expositor, participando en conferencias en Hispanoam\u00e9rica, EE.UU., Australia, Europa.\",\"url\":\"#molongui-disabled-link\"}]}<\/script>\n<!-- \/ Yoast SEO plugin. -->","yoast_head_json":{"title":"Buscar a Dios - La Revista de Rinc&oacute;n","description":"Perez Millos nos invita a meditar sobre la necesidad de buscar a Dios en todas circunstancias de la vida, para el socorro oportuno","robots":{"index":"index","follow":"follow","max-snippet":"max-snippet:-1","max-image-preview":"max-image-preview:large","max-video-preview":"max-video-preview:-1"},"canonical":"https:\/\/iglesiarincon.org\/revista\/buscar-a-dios-2\/","og_locale":"es_ES","og_type":"article","og_title":"Buscar a Dios - La Revista de Rinc&oacute;n","og_description":"Perez Millos nos invita a meditar sobre la necesidad de buscar a Dios en todas circunstancias de la vida, para el socorro oportuno","og_url":"https:\/\/iglesiarincon.org\/revista\/buscar-a-dios-2\/","og_site_name":"La Revista de Rinc&oacute;n","article_published_time":"2023-03-16T02:44:38+00:00","article_modified_time":"2023-03-17T21:08:43+00:00","og_image":[{"width":1280,"height":720,"url":"https:\/\/iglesiarincon.org\/revista\/wp-content\/uploads\/2023\/03\/buscar-a-Dios.jpg","type":"image\/jpeg"}],"author":"Samuel Perez Millo","twitter_card":"summary_large_image","twitter_misc":{"Escrito por":"Samuel Perez Millo","Tiempo de lectura":"1 minuto"},"schema":{"@context":"https:\/\/schema.org","@graph":[{"@type":"Article","@id":"https:\/\/iglesiarincon.org\/revista\/buscar-a-dios-2\/#article","isPartOf":{"@id":"https:\/\/iglesiarincon.org\/revista\/buscar-a-dios-2\/"},"author":{"name":"Samuel Perez Millo","@id":"https:\/\/iglesiarincon.org\/revista\/#\/schema\/person\/a8b2fdd8f8efe2495a340a0febbe7df4"},"headline":"Buscar a Dios","datePublished":"2023-03-16T02:44:38+00:00","dateModified":"2023-03-17T21:08:43+00:00","mainEntityOfPage":{"@id":"https:\/\/iglesiarincon.org\/revista\/buscar-a-dios-2\/"},"wordCount":270,"commentCount":0,"image":{"@id":"https:\/\/iglesiarincon.org\/revista\/buscar-a-dios-2\/#primaryimage"},"thumbnailUrl":"https:\/\/iglesiarincon.org\/revista\/wp-content\/uploads\/2023\/03\/buscar-a-Dios.jpg","articleSection":["Reflexiones","Videos"],"inLanguage":"es","potentialAction":[{"@type":"CommentAction","name":"Comment","target":["https:\/\/iglesiarincon.org\/revista\/buscar-a-dios-2\/#respond"]}]},{"@type":"WebPage","@id":"https:\/\/iglesiarincon.org\/revista\/buscar-a-dios-2\/","url":"https:\/\/iglesiarincon.org\/revista\/buscar-a-dios-2\/","name":"Buscar a Dios - La Revista de Rinc&oacute;n","isPartOf":{"@id":"https:\/\/iglesiarincon.org\/revista\/#website"},"primaryImageOfPage":{"@id":"https:\/\/iglesiarincon.org\/revista\/buscar-a-dios-2\/#primaryimage"},"image":{"@id":"https:\/\/iglesiarincon.org\/revista\/buscar-a-dios-2\/#primaryimage"},"thumbnailUrl":"https:\/\/iglesiarincon.org\/revista\/wp-content\/uploads\/2023\/03\/buscar-a-Dios.jpg","datePublished":"2023-03-16T02:44:38+00:00","dateModified":"2023-03-17T21:08:43+00:00","author":{"@id":"https:\/\/iglesiarincon.org\/revista\/#\/schema\/person\/a8b2fdd8f8efe2495a340a0febbe7df4"},"description":"Perez Millos nos invita a meditar sobre la necesidad de buscar a Dios en todas circunstancias de la vida, para el socorro oportuno","breadcrumb":{"@id":"https:\/\/iglesiarincon.org\/revista\/buscar-a-dios-2\/#breadcrumb"},"inLanguage":"es","potentialAction":[{"@type":"ReadAction","target":["https:\/\/iglesiarincon.org\/revista\/buscar-a-dios-2\/"]}]},{"@type":"ImageObject","inLanguage":"es","@id":"https:\/\/iglesiarincon.org\/revista\/buscar-a-dios-2\/#primaryimage","url":"https:\/\/iglesiarincon.org\/revista\/wp-content\/uploads\/2023\/03\/buscar-a-Dios.jpg","contentUrl":"https:\/\/iglesiarincon.org\/revista\/wp-content\/uploads\/2023\/03\/buscar-a-Dios.jpg","width":1280,"height":720},{"@type":"BreadcrumbList","@id":"https:\/\/iglesiarincon.org\/revista\/buscar-a-dios-2\/#breadcrumb","itemListElement":[{"@type":"ListItem","position":1,"name":"Portada","item":"https:\/\/iglesiarincon.org\/revista\/"},{"@type":"ListItem","position":2,"name":"Buscar a Dios"}]},{"@type":"WebSite","@id":"https:\/\/iglesiarincon.org\/revista\/#website","url":"https:\/\/iglesiarincon.org\/revista\/","name":"La Revista de Rinc&oacute;n","description":"Compartiendo lo mejor","potentialAction":[{"@type":"SearchAction","target":{"@type":"EntryPoint","urlTemplate":"https:\/\/iglesiarincon.org\/revista\/?s={search_term_string}"},"query-input":{"@type":"PropertyValueSpecification","valueRequired":true,"valueName":"search_term_string"}}],"inLanguage":"es"},{"@type":"Person","@id":"https:\/\/iglesiarincon.org\/revista\/#\/schema\/person\/a8b2fdd8f8efe2495a340a0febbe7df4","name":"Samuel Perez Millo","image":{"@type":"ImageObject","inLanguage":"es","@id":"https:\/\/iglesiarincon.org\/revista\/wp-content\/uploads\/2020\/05\/samuel_perez_millos.jpeg","url":"https:\/\/iglesiarincon.org\/revista\/wp-content\/uploads\/2020\/05\/samuel_perez_millos.jpeg","contentUrl":"https:\/\/iglesiarincon.org\/revista\/wp-content\/uploads\/2020\/05\/samuel_perez_millos.jpeg","caption":"Samuel Perez Millo"},"description":"Pastor de la Iglesia Evang\u00e9lica Unida, de Vigo, Espa\u00f1a desde el a\u00f1o 1981. Licenciado en Teolog\u00eda, Master en Cristolog\u00eda, Master en Espiritualidad Trinitaria, por el Instituto y Seminario B\u00edblico Evang\u00e9lico. Profesor en varias instituciones acad\u00e9micas de teolog\u00eda. Escritor de m\u00e1s de 50 libros de estudio b\u00edblico, autor del Comentario Exeg\u00e9tico al Texto Griego del Nuevo Testamento en 19 vol\u00famenes. Expositor, participando en conferencias en Hispanoam\u00e9rica, EE.UU., Australia, Europa.","url":"#molongui-disabled-link"}]}},"_links":{"self":[{"href":"https:\/\/iglesiarincon.org\/revista\/wp-json\/wp\/v2\/posts\/8080","targetHints":{"allow":["GET"]}}],"collection":[{"href":"https:\/\/iglesiarincon.org\/revista\/wp-json\/wp\/v2\/posts"}],"about":[{"href":"https:\/\/iglesiarincon.org\/revista\/wp-json\/wp\/v2\/types\/post"}],"author":[{"embeddable":true,"href":"https:\/\/iglesiarincon.org\/revista\/wp-json\/wp\/v2\/users\/3"}],"replies":[{"embeddable":true,"href":"https:\/\/iglesiarincon.org\/revista\/wp-json\/wp\/v2\/comments?post=8080"}],"version-history":[{"count":5,"href":"https:\/\/iglesiarincon.org\/revista\/wp-json\/wp\/v2\/posts\/8080\/revisions"}],"predecessor-version":[{"id":8096,"href":"https:\/\/iglesiarincon.org\/revista\/wp-json\/wp\/v2\/posts\/8080\/revisions\/8096"}],"wp:featuredmedia":[{"embeddable":true,"href":"https:\/\/iglesiarincon.org\/revista\/wp-json\/wp\/v2\/media\/8082"}],"wp:attachment":[{"href":"https:\/\/iglesiarincon.org\/revista\/wp-json\/wp\/v2\/media?parent=8080"}],"wp:term":[{"taxonomy":"category","embeddable":true,"href":"https:\/\/iglesiarincon.org\/revista\/wp-json\/wp\/v2\/categories?post=8080"},{"taxonomy":"post_tag","embeddable":true,"href":"https:\/\/iglesiarincon.org\/revista\/wp-json\/wp\/v2\/tags?post=8080"}],"curies":[{"name":"wp","href":"https:\/\/api.w.org\/{rel}","templated":true}]}}