{"id":8076,"date":"2023-03-20T10:39:21","date_gmt":"2023-03-20T13:39:21","guid":{"rendered":"https:\/\/iglesiarincon.org\/revista\/?p=8076"},"modified":"2023-03-20T10:50:41","modified_gmt":"2023-03-20T13:50:41","slug":"vendre-otra-vez-2","status":"publish","type":"post","link":"https:\/\/iglesiarincon.org\/revista\/vendre-otra-vez-2\/","title":{"rendered":"Vendr\u00e9 otra vez!"},"content":{"rendered":"[et_pb_section fb_built=\u00bb1&#8243; _builder_version=\u00bb4.20.2&#8243; _module_preset=\u00bbdefault\u00bb global_colors_info=\u00bb{}\u00bb][et_pb_row _builder_version=\u00bb4.20.2&#8243; _module_preset=\u00bbdefault\u00bb global_colors_info=\u00bb{}\u00bb][et_pb_column type=\u00bb4_4&#8243; _builder_version=\u00bb4.20.2&#8243; _module_preset=\u00bbdefault\u00bb global_colors_info=\u00bb{}\u00bb][et_pb_text _builder_version=\u00bb4.20.2&#8243; _module_preset=\u00bbdefault\u00bb hover_enabled=\u00bb0&#8243; global_colors_info=\u00bb{}\u00bb text_font_size=\u00bb18px\u00bb sticky_enabled=\u00bb0&#8243;]\n<p>Jes\u00fas dijo: \u201cEn la casa de mi Padre muchas moradas hay; si as\u00ed no fuera, yo os lo hubiera dicho; voy, pues, a preparar lugar para vosotros. Y si me fuere y os preparare lugar, vendr\u00e9 otra vez, y os tomar\u00e9 a m\u00ed mismo, para que donde yo estoy, vosotros tambi\u00e9n est\u00e9is.\u201d (Juan 14:2-3)<\/p>\n<p>Jes\u00fas dijo a sus disc\u00edpulos: \u201cvendr\u00e9 otra vez\u201d. Ellos amaban a su Maestro y estaban tristes y turbados porque sab\u00edan que Jes\u00fas los dejar\u00eda. Quiz\u00e1 recordaron esta promesa cuando se estaba cumpliendo, pero algunas semanas m\u00e1s tarde \u00a1el Se\u00f1or subi\u00f3 al cielo! Entonces\u2026 \u00bfdudaron, como lo hacemos nosotros tan a menudo?<\/p>\n<p>Por medio del ap\u00f3stol Pablo, Dios quiso confirmar esta promesa: \u201cEl Se\u00f1or mismo descender\u00e1 del cielo\u201d (1 Tes 4:16)<\/p>\n<p>\u00bfQu\u00e9 efecto produce en nuestra vida esta promesa del regreso de Jes\u00fas? \u00bfNos llena de alegr\u00eda, como cuando esperamos a un amigo? \u00bfO m\u00e1s bien sentimos un poco de temor? Cuando Jes\u00fas vuelva, \u00bfme llevar\u00e1 con \u00e9l? Jes\u00fas dijo: \u201cAl que a m\u00ed viene, no le echo fuera\u201d (Juan 6:37). Si tenemos dudas, vayamos a Jes\u00fas. No nos echar\u00e1 fuera, pues lo prometi\u00f3.<\/p>\n<p>Entonces la esperanza de su regreso ser\u00e1 como un faro en nuestra vida cotidiana. Aunque todo el mundo diga que el futuro es sombr\u00edo, el cristiano sabe que el regreso de Cristo tendr\u00e1 lugar pronto, lo que alumbra este futuro para \u00e9l.<\/p>\n<p>Tambi\u00e9n podemos preguntarnos: cuando el Se\u00f1or regrese, \u00bfc\u00f3mo nos encontrar\u00e1? \u00bfOcupados en sus intereses o en los nuestros? \u00bfCon un coraz\u00f3n que arde por \u00e9l, o que lo olvida? \u00bfCon sentimientos de rencor, o de perd\u00f3n?<\/p>\n<p>\u00a1Prepar\u00e9monos para su regreso! \u00a1Velemos y oremos!<\/p>\n[\/et_pb_text][et_pb_video _builder_version=\u00bb4.20.2&#8243; _module_preset=\u00bbdefault\u00bb hover_enabled=\u00bb0&#8243; global_colors_info=\u00bb{}\u00bb src=\u00bbhttps:\/\/02-revista.s3.sa-east-1.amazonaws.com\/Videos\/20230317_vid_Majo+y+Dan++Volver%C3%A1s+(Versi%C3%B3n+Acustica).mp4&#8243; sticky_enabled=\u00bb0&#8243;][\/et_pb_video][\/et_pb_column][\/et_pb_row][\/et_pb_section]\n","protected":false},"excerpt":{"rendered":"<p>Jes\u00fas dijo: \u201cEn la casa de mi Padre muchas moradas hay; si as\u00ed no fuera, yo os lo hubiera dicho; voy, pues, a preparar lugar para vosotros. Y si me fuere y os preparare lugar, vendr\u00e9 otra vez, y os tomar\u00e9 a m\u00ed mismo, para que donde yo estoy, vosotros tambi\u00e9n est\u00e9is.\u201d (Juan 14:2-3) Jes\u00fas [&hellip;]<\/p>\n","protected":false},"author":3,"featured_media":8078,"comment_status":"open","ping_status":"open","sticky":false,"template":"","format":"standard","meta":{"_et_pb_use_builder":"on","_et_pb_old_content":"","_et_gb_content_width":"","footnotes":""},"categories":[3,43],"tags":[],"class_list":["post-8076","post","type-post","status-publish","format-standard","has-post-thumbnail","hentry","category-reflexiones","category-videos","et-has-post-format-content","et_post_format-et-post-format-standard"],"yoast_head":"<!-- This site is optimized with the Yoast SEO plugin v27.5 - https:\/\/yoast.com\/product\/yoast-seo-wordpress\/ -->\n<title>Vendr\u00e9 otra vez! - La Revista de Rinc&oacute;n<\/title>\n<meta name=\"description\" content=\"Jes\u00fas dijo a sus disc\u00edpulos: \u201cvendr\u00e9 otra vez\u201d, pero cuando el Se\u00f1or regrese, \u00bfc\u00f3mo nos encontrar\u00e1? \u00a1Prepar\u00e9monos, Velemos y oremos!\" \/>\n<meta name=\"robots\" content=\"index, follow, max-snippet:-1, max-image-preview:large, max-video-preview:-1\" \/>\n<link rel=\"canonical\" href=\"https:\/\/iglesiarincon.org\/revista\/vendre-otra-vez-2\/\" \/>\n<meta property=\"og:locale\" content=\"es_ES\" \/>\n<meta property=\"og:type\" content=\"article\" \/>\n<meta property=\"og:title\" content=\"Vendr\u00e9 otra vez! - La Revista de Rinc&oacute;n\" \/>\n<meta property=\"og:description\" content=\"Jes\u00fas dijo a sus disc\u00edpulos: \u201cvendr\u00e9 otra vez\u201d, pero cuando el Se\u00f1or regrese, \u00bfc\u00f3mo nos encontrar\u00e1? \u00a1Prepar\u00e9monos, Velemos y oremos!\" \/>\n<meta property=\"og:url\" content=\"https:\/\/iglesiarincon.org\/revista\/vendre-otra-vez-2\/\" \/>\n<meta property=\"og:site_name\" content=\"La Revista de Rinc&oacute;n\" \/>\n<meta property=\"article:published_time\" content=\"2023-03-20T13:39:21+00:00\" \/>\n<meta property=\"article:modified_time\" content=\"2023-03-20T13:50:41+00:00\" \/>\n<meta property=\"og:image\" content=\"https:\/\/iglesiarincon.org\/revista\/wp-content\/uploads\/2023\/03\/vendre-otra-vez.jpg\" \/>\n\t<meta property=\"og:image:width\" content=\"1280\" \/>\n\t<meta property=\"og:image:height\" content=\"853\" \/>\n\t<meta property=\"og:image:type\" content=\"image\/jpeg\" \/>\n<meta name=\"author\" content=\"Editorial La Buena Semilla\" \/>\n<meta name=\"twitter:card\" content=\"summary_large_image\" \/>\n<meta name=\"twitter:label1\" content=\"Escrito por\" \/>\n\t<meta name=\"twitter:data1\" content=\"Editorial La Buena Semilla\" \/>\n<script type=\"application\/ld+json\" class=\"yoast-schema-graph\">{\"@context\":\"https:\\\/\\\/schema.org\",\"@graph\":[{\"@type\":\"Article\",\"@id\":\"https:\\\/\\\/iglesiarincon.org\\\/revista\\\/vendre-otra-vez-2\\\/#article\",\"isPartOf\":{\"@id\":\"https:\\\/\\\/iglesiarincon.org\\\/revista\\\/vendre-otra-vez-2\\\/\"},\"author\":{\"name\":\"Editorial La Buena Semilla\",\"@id\":\"https:\\\/\\\/iglesiarincon.org\\\/revista\\\/#\\\/schema\\\/person\\\/a8b2fdd8f8efe2495a340a0febbe7df4\"},\"headline\":\"Vendr\u00e9 otra vez!\",\"datePublished\":\"2023-03-20T13:39:21+00:00\",\"dateModified\":\"2023-03-20T13:50:41+00:00\",\"mainEntityOfPage\":{\"@id\":\"https:\\\/\\\/iglesiarincon.org\\\/revista\\\/vendre-otra-vez-2\\\/\"},\"wordCount\":404,\"commentCount\":0,\"image\":{\"@id\":\"https:\\\/\\\/iglesiarincon.org\\\/revista\\\/vendre-otra-vez-2\\\/#primaryimage\"},\"thumbnailUrl\":\"https:\\\/\\\/iglesiarincon.org\\\/revista\\\/wp-content\\\/uploads\\\/2023\\\/03\\\/vendre-otra-vez.jpg\",\"articleSection\":[\"Reflexiones\",\"Videos\"],\"inLanguage\":\"es\",\"potentialAction\":[{\"@type\":\"CommentAction\",\"name\":\"Comment\",\"target\":[\"https:\\\/\\\/iglesiarincon.org\\\/revista\\\/vendre-otra-vez-2\\\/#respond\"]}]},{\"@type\":\"WebPage\",\"@id\":\"https:\\\/\\\/iglesiarincon.org\\\/revista\\\/vendre-otra-vez-2\\\/\",\"url\":\"https:\\\/\\\/iglesiarincon.org\\\/revista\\\/vendre-otra-vez-2\\\/\",\"name\":\"Vendr\u00e9 otra vez! - La Revista de Rinc&oacute;n\",\"isPartOf\":{\"@id\":\"https:\\\/\\\/iglesiarincon.org\\\/revista\\\/#website\"},\"primaryImageOfPage\":{\"@id\":\"https:\\\/\\\/iglesiarincon.org\\\/revista\\\/vendre-otra-vez-2\\\/#primaryimage\"},\"image\":{\"@id\":\"https:\\\/\\\/iglesiarincon.org\\\/revista\\\/vendre-otra-vez-2\\\/#primaryimage\"},\"thumbnailUrl\":\"https:\\\/\\\/iglesiarincon.org\\\/revista\\\/wp-content\\\/uploads\\\/2023\\\/03\\\/vendre-otra-vez.jpg\",\"datePublished\":\"2023-03-20T13:39:21+00:00\",\"dateModified\":\"2023-03-20T13:50:41+00:00\",\"author\":{\"@id\":\"https:\\\/\\\/iglesiarincon.org\\\/revista\\\/#\\\/schema\\\/person\\\/a8b2fdd8f8efe2495a340a0febbe7df4\"},\"description\":\"Jes\u00fas dijo a sus disc\u00edpulos: \u201cvendr\u00e9 otra vez\u201d, pero cuando el Se\u00f1or regrese, \u00bfc\u00f3mo nos encontrar\u00e1? \u00a1Prepar\u00e9monos, Velemos y oremos!\",\"breadcrumb\":{\"@id\":\"https:\\\/\\\/iglesiarincon.org\\\/revista\\\/vendre-otra-vez-2\\\/#breadcrumb\"},\"inLanguage\":\"es\",\"potentialAction\":[{\"@type\":\"ReadAction\",\"target\":[\"https:\\\/\\\/iglesiarincon.org\\\/revista\\\/vendre-otra-vez-2\\\/\"]}]},{\"@type\":\"ImageObject\",\"inLanguage\":\"es\",\"@id\":\"https:\\\/\\\/iglesiarincon.org\\\/revista\\\/vendre-otra-vez-2\\\/#primaryimage\",\"url\":\"https:\\\/\\\/iglesiarincon.org\\\/revista\\\/wp-content\\\/uploads\\\/2023\\\/03\\\/vendre-otra-vez.jpg\",\"contentUrl\":\"https:\\\/\\\/iglesiarincon.org\\\/revista\\\/wp-content\\\/uploads\\\/2023\\\/03\\\/vendre-otra-vez.jpg\",\"width\":1280,\"height\":853},{\"@type\":\"BreadcrumbList\",\"@id\":\"https:\\\/\\\/iglesiarincon.org\\\/revista\\\/vendre-otra-vez-2\\\/#breadcrumb\",\"itemListElement\":[{\"@type\":\"ListItem\",\"position\":1,\"name\":\"Portada\",\"item\":\"https:\\\/\\\/iglesiarincon.org\\\/revista\\\/\"},{\"@type\":\"ListItem\",\"position\":2,\"name\":\"Vendr\u00e9 otra vez!\"}]},{\"@type\":\"WebSite\",\"@id\":\"https:\\\/\\\/iglesiarincon.org\\\/revista\\\/#website\",\"url\":\"https:\\\/\\\/iglesiarincon.org\\\/revista\\\/\",\"name\":\"La Revista de Rinc&oacute;n\",\"description\":\"Compartiendo lo mejor\",\"potentialAction\":[{\"@type\":\"SearchAction\",\"target\":{\"@type\":\"EntryPoint\",\"urlTemplate\":\"https:\\\/\\\/iglesiarincon.org\\\/revista\\\/?s={search_term_string}\"},\"query-input\":{\"@type\":\"PropertyValueSpecification\",\"valueRequired\":true,\"valueName\":\"search_term_string\"}}],\"inLanguage\":\"es\"},{\"@type\":\"Person\",\"@id\":\"https:\\\/\\\/iglesiarincon.org\\\/revista\\\/#\\\/schema\\\/person\\\/a8b2fdd8f8efe2495a340a0febbe7df4\",\"name\":\"Editorial La Buena Semilla\",\"image\":{\"@type\":\"ImageObject\",\"inLanguage\":\"es\",\"@id\":\"https:\\\/\\\/secure.gravatar.com\\\/avatar\\\/?s=96&d=mm&r=g\",\"url\":\"https:\\\/\\\/secure.gravatar.com\\\/avatar\\\/?s=96&d=mm&r=g\",\"contentUrl\":\"https:\\\/\\\/secure.gravatar.com\\\/avatar\\\/?s=96&d=mm&r=g\",\"caption\":\"Editorial La Buena Semilla\"},\"url\":\"#molongui-disabled-link\"}]}<\/script>\n<!-- \/ Yoast SEO plugin. -->","yoast_head_json":{"title":"Vendr\u00e9 otra vez! - La Revista de Rinc&oacute;n","description":"Jes\u00fas dijo a sus disc\u00edpulos: \u201cvendr\u00e9 otra vez\u201d, pero cuando el Se\u00f1or regrese, \u00bfc\u00f3mo nos encontrar\u00e1? \u00a1Prepar\u00e9monos, Velemos y oremos!","robots":{"index":"index","follow":"follow","max-snippet":"max-snippet:-1","max-image-preview":"max-image-preview:large","max-video-preview":"max-video-preview:-1"},"canonical":"https:\/\/iglesiarincon.org\/revista\/vendre-otra-vez-2\/","og_locale":"es_ES","og_type":"article","og_title":"Vendr\u00e9 otra vez! - La Revista de Rinc&oacute;n","og_description":"Jes\u00fas dijo a sus disc\u00edpulos: \u201cvendr\u00e9 otra vez\u201d, pero cuando el Se\u00f1or regrese, \u00bfc\u00f3mo nos encontrar\u00e1? \u00a1Prepar\u00e9monos, Velemos y oremos!","og_url":"https:\/\/iglesiarincon.org\/revista\/vendre-otra-vez-2\/","og_site_name":"La Revista de Rinc&oacute;n","article_published_time":"2023-03-20T13:39:21+00:00","article_modified_time":"2023-03-20T13:50:41+00:00","og_image":[{"width":1280,"height":853,"url":"https:\/\/iglesiarincon.org\/revista\/wp-content\/uploads\/2023\/03\/vendre-otra-vez.jpg","type":"image\/jpeg"}],"author":"Editorial La Buena Semilla","twitter_card":"summary_large_image","twitter_misc":{"Escrito por":"Editorial La Buena Semilla"},"schema":{"@context":"https:\/\/schema.org","@graph":[{"@type":"Article","@id":"https:\/\/iglesiarincon.org\/revista\/vendre-otra-vez-2\/#article","isPartOf":{"@id":"https:\/\/iglesiarincon.org\/revista\/vendre-otra-vez-2\/"},"author":{"name":"Editorial La Buena Semilla","@id":"https:\/\/iglesiarincon.org\/revista\/#\/schema\/person\/a8b2fdd8f8efe2495a340a0febbe7df4"},"headline":"Vendr\u00e9 otra vez!","datePublished":"2023-03-20T13:39:21+00:00","dateModified":"2023-03-20T13:50:41+00:00","mainEntityOfPage":{"@id":"https:\/\/iglesiarincon.org\/revista\/vendre-otra-vez-2\/"},"wordCount":404,"commentCount":0,"image":{"@id":"https:\/\/iglesiarincon.org\/revista\/vendre-otra-vez-2\/#primaryimage"},"thumbnailUrl":"https:\/\/iglesiarincon.org\/revista\/wp-content\/uploads\/2023\/03\/vendre-otra-vez.jpg","articleSection":["Reflexiones","Videos"],"inLanguage":"es","potentialAction":[{"@type":"CommentAction","name":"Comment","target":["https:\/\/iglesiarincon.org\/revista\/vendre-otra-vez-2\/#respond"]}]},{"@type":"WebPage","@id":"https:\/\/iglesiarincon.org\/revista\/vendre-otra-vez-2\/","url":"https:\/\/iglesiarincon.org\/revista\/vendre-otra-vez-2\/","name":"Vendr\u00e9 otra vez! - La Revista de Rinc&oacute;n","isPartOf":{"@id":"https:\/\/iglesiarincon.org\/revista\/#website"},"primaryImageOfPage":{"@id":"https:\/\/iglesiarincon.org\/revista\/vendre-otra-vez-2\/#primaryimage"},"image":{"@id":"https:\/\/iglesiarincon.org\/revista\/vendre-otra-vez-2\/#primaryimage"},"thumbnailUrl":"https:\/\/iglesiarincon.org\/revista\/wp-content\/uploads\/2023\/03\/vendre-otra-vez.jpg","datePublished":"2023-03-20T13:39:21+00:00","dateModified":"2023-03-20T13:50:41+00:00","author":{"@id":"https:\/\/iglesiarincon.org\/revista\/#\/schema\/person\/a8b2fdd8f8efe2495a340a0febbe7df4"},"description":"Jes\u00fas dijo a sus disc\u00edpulos: \u201cvendr\u00e9 otra vez\u201d, pero cuando el Se\u00f1or regrese, \u00bfc\u00f3mo nos encontrar\u00e1? \u00a1Prepar\u00e9monos, Velemos y oremos!","breadcrumb":{"@id":"https:\/\/iglesiarincon.org\/revista\/vendre-otra-vez-2\/#breadcrumb"},"inLanguage":"es","potentialAction":[{"@type":"ReadAction","target":["https:\/\/iglesiarincon.org\/revista\/vendre-otra-vez-2\/"]}]},{"@type":"ImageObject","inLanguage":"es","@id":"https:\/\/iglesiarincon.org\/revista\/vendre-otra-vez-2\/#primaryimage","url":"https:\/\/iglesiarincon.org\/revista\/wp-content\/uploads\/2023\/03\/vendre-otra-vez.jpg","contentUrl":"https:\/\/iglesiarincon.org\/revista\/wp-content\/uploads\/2023\/03\/vendre-otra-vez.jpg","width":1280,"height":853},{"@type":"BreadcrumbList","@id":"https:\/\/iglesiarincon.org\/revista\/vendre-otra-vez-2\/#breadcrumb","itemListElement":[{"@type":"ListItem","position":1,"name":"Portada","item":"https:\/\/iglesiarincon.org\/revista\/"},{"@type":"ListItem","position":2,"name":"Vendr\u00e9 otra vez!"}]},{"@type":"WebSite","@id":"https:\/\/iglesiarincon.org\/revista\/#website","url":"https:\/\/iglesiarincon.org\/revista\/","name":"La Revista de Rinc&oacute;n","description":"Compartiendo lo mejor","potentialAction":[{"@type":"SearchAction","target":{"@type":"EntryPoint","urlTemplate":"https:\/\/iglesiarincon.org\/revista\/?s={search_term_string}"},"query-input":{"@type":"PropertyValueSpecification","valueRequired":true,"valueName":"search_term_string"}}],"inLanguage":"es"},{"@type":"Person","@id":"https:\/\/iglesiarincon.org\/revista\/#\/schema\/person\/a8b2fdd8f8efe2495a340a0febbe7df4","name":"Editorial La Buena Semilla","image":{"@type":"ImageObject","inLanguage":"es","@id":"https:\/\/secure.gravatar.com\/avatar\/?s=96&d=mm&r=g","url":"https:\/\/secure.gravatar.com\/avatar\/?s=96&d=mm&r=g","contentUrl":"https:\/\/secure.gravatar.com\/avatar\/?s=96&d=mm&r=g","caption":"Editorial La Buena Semilla"},"url":"#molongui-disabled-link"}]}},"_links":{"self":[{"href":"https:\/\/iglesiarincon.org\/revista\/wp-json\/wp\/v2\/posts\/8076","targetHints":{"allow":["GET"]}}],"collection":[{"href":"https:\/\/iglesiarincon.org\/revista\/wp-json\/wp\/v2\/posts"}],"about":[{"href":"https:\/\/iglesiarincon.org\/revista\/wp-json\/wp\/v2\/types\/post"}],"author":[{"embeddable":true,"href":"https:\/\/iglesiarincon.org\/revista\/wp-json\/wp\/v2\/users\/3"}],"replies":[{"embeddable":true,"href":"https:\/\/iglesiarincon.org\/revista\/wp-json\/wp\/v2\/comments?post=8076"}],"version-history":[{"count":3,"href":"https:\/\/iglesiarincon.org\/revista\/wp-json\/wp\/v2\/posts\/8076\/revisions"}],"predecessor-version":[{"id":8099,"href":"https:\/\/iglesiarincon.org\/revista\/wp-json\/wp\/v2\/posts\/8076\/revisions\/8099"}],"wp:featuredmedia":[{"embeddable":true,"href":"https:\/\/iglesiarincon.org\/revista\/wp-json\/wp\/v2\/media\/8078"}],"wp:attachment":[{"href":"https:\/\/iglesiarincon.org\/revista\/wp-json\/wp\/v2\/media?parent=8076"}],"wp:term":[{"taxonomy":"category","embeddable":true,"href":"https:\/\/iglesiarincon.org\/revista\/wp-json\/wp\/v2\/categories?post=8076"},{"taxonomy":"post_tag","embeddable":true,"href":"https:\/\/iglesiarincon.org\/revista\/wp-json\/wp\/v2\/tags?post=8076"}],"curies":[{"name":"wp","href":"https:\/\/api.w.org\/{rel}","templated":true}]}}