{"id":7927,"date":"2022-12-23T23:57:24","date_gmt":"2022-12-24T02:57:24","guid":{"rendered":"https:\/\/iglesiarincon.org\/revista\/?p=7927"},"modified":"2022-12-24T00:24:17","modified_gmt":"2022-12-24T03:24:17","slug":"jesus-el-mayor-ejemplo-de-humildad","status":"publish","type":"post","link":"https:\/\/iglesiarincon.org\/revista\/jesus-el-mayor-ejemplo-de-humildad\/","title":{"rendered":"El mayor ejemplo de HUMILDAD"},"content":{"rendered":"\n\n[et_pb_section fb_built=\u00bb1&#8243; _builder_version=\u00bb4.19.0&#8243; _module_preset=\u00bbdefault\u00bb global_colors_info=\u00bb{}\u00bb][\/et_pb_section][et_pb_section fb_built=\u00bb1&#8243; _builder_version=\u00bb4.17.0&#8243; custom_margin=\u00bb-150px|||||\u00bb custom_padding=\u00bb0px|||||\u00bb global_colors_info=\u00bb{}\u00bb][et_pb_row _builder_version=\u00bb4.16&#8243; background_size=\u00bbinitial\u00bb background_position=\u00bbtop_left\u00bb background_repeat=\u00bbrepeat\u00bb min_height=\u00bb562px\u00bb custom_padding=\u00bb63px|||||\u00bb global_colors_info=\u00bb{}\u00bb][et_pb_column type=\u00bb4_4&#8243; _builder_version=\u00bb4.16&#8243; custom_padding=\u00bb|||\u00bb global_colors_info=\u00bb{}\u00bb custom_padding__hover=\u00bb|||\u00bb][et_pb_text _builder_version=\u00bb4.19.4&#8243; text_font=\u00bbTrebuchet|600|||||||\u00bb text_font_size=\u00bb18px\u00bb custom_margin=\u00bb-17px||79px|||\u00bb custom_padding=\u00bb0px||8px|||\u00bb global_colors_info=\u00bb{}\u00bb]<div class=\"cxmmr5t8 oygrvhab hcukyx3x c1et5uql o9v6fnle ii04i59q\">\n<div dir=\"auto\">\n<p><em>Gloriana y Danilo Montero reflexionan sobre c\u00f3mo Jes\u00fas lleg\u00f3 a la tierra rompiendo todas las expectativas que se ten\u00edan acerca del Mes\u00edas. Muy lejos del prototipo religioso que esperaban los jud\u00edos, \u00e9l naci\u00f3 en un lugar humilde, en un pesebre, ya que para llevar a cabo su prop\u00f3sito no importaban las apariencias o ideales de grandeza humanos.<\/em><\/p>\n<p><em>El Se\u00f1or muchas veces obra de maneras que no entendemos, y de la misma forma nos sorprende con muchas cosas que nos permite vivir y hacer por su gracia, seg\u00fan su misericordia. Aunque en el momento no entendamos alguna situaci\u00f3n o problema, \u00a1\u00c9l siempre supera nuestras expectativas para bendecir nuestras vidas!<\/em><\/p>\n<\/div>\n<\/div>[\/et_pb_text][et_pb_video src=\u00bbhttps:\/\/02-revista.s3.sa-east-1.amazonaws.com\/Videos\/Danilo+Montero\/20221112_vid_DaniloMontero_Navidad_9.mp4&#8243; play_icon_color=\u00bb#E02B20&#8243; thumbnail_overlay_color=\u00bbrgba(0,0,0,0.6)\u00bb _builder_version=\u00bb4.19.4&#8243; custom_margin=\u00bb||62px|||\u00bb hover_enabled=\u00bb0&#8243; box_shadow_style=\u00bbpreset3&#8243; global_colors_info=\u00bb{}\u00bb sticky_enabled=\u00bb0&#8243;][\/et_pb_video][et_pb_text _builder_version=\u00bb4.16&#8243; _module_preset=\u00bbdefault\u00bb global_colors_info=\u00bb{}\u00bb]<p>Fuente: Canal de Youtube <a href=\"https:\/\/youtu.be\/3-DVoKSzUqs\" target=\"_blank\" rel=\"noopener noreferrer\">Ministerios en Contacto<\/a><\/p>[\/et_pb_text][\/et_pb_column][\/et_pb_row][\/et_pb_section]\n\n","protected":false},"excerpt":{"rendered":"<p>Gloriana y Danilo Montero reflexionan sobre c\u00f3mo Jes\u00fas lleg\u00f3 a la tierra rompiendo todas las expectativas que se ten\u00edan acerca del Mes\u00edas. Muy lejos del prototipo religioso que esperaban los jud\u00edos, \u00e9l naci\u00f3 en un lugar humilde, en un pesebre, ya que para llevar a cabo su prop\u00f3sito no importaban las apariencias o ideales de [&hellip;]<\/p>\n","protected":false},"author":3,"featured_media":7929,"comment_status":"open","ping_status":"open","sticky":false,"template":"","format":"standard","meta":{"_et_pb_use_builder":"on","_et_pb_old_content":"","_et_gb_content_width":"","footnotes":""},"categories":[3,43],"tags":[],"class_list":["post-7927","post","type-post","status-publish","format-standard","has-post-thumbnail","hentry","category-reflexiones","category-videos","et-has-post-format-content","et_post_format-et-post-format-standard"],"yoast_head":"<!-- This site is optimized with the Yoast SEO plugin v27.5 - https:\/\/yoast.com\/product\/yoast-seo-wordpress\/ -->\n<title>El mayor ejemplo de HUMILDAD - La Revista de Rinc&oacute;n<\/title>\n<meta name=\"description\" content=\"\u201cTomen mi yugo sobre ustedes y aprendan de m\u00ed, que soy manso y humilde de coraz\u00f3n, y hallar\u00e1n descanso para sus almas.\u201d (Mateo 11:29)\" \/>\n<meta name=\"robots\" content=\"index, follow, max-snippet:-1, max-image-preview:large, max-video-preview:-1\" \/>\n<link rel=\"canonical\" href=\"https:\/\/iglesiarincon.org\/revista\/jesus-el-mayor-ejemplo-de-humildad\/\" \/>\n<meta property=\"og:locale\" content=\"es_ES\" \/>\n<meta property=\"og:type\" content=\"article\" \/>\n<meta property=\"og:title\" content=\"El mayor ejemplo de HUMILDAD - La Revista de Rinc&oacute;n\" \/>\n<meta property=\"og:description\" content=\"\u201cTomen mi yugo sobre ustedes y aprendan de m\u00ed, que soy manso y humilde de coraz\u00f3n, y hallar\u00e1n descanso para sus almas.\u201d (Mateo 11:29)\" \/>\n<meta property=\"og:url\" content=\"https:\/\/iglesiarincon.org\/revista\/jesus-el-mayor-ejemplo-de-humildad\/\" \/>\n<meta property=\"og:site_name\" content=\"La Revista de Rinc&oacute;n\" \/>\n<meta property=\"article:published_time\" content=\"2022-12-24T02:57:24+00:00\" \/>\n<meta property=\"article:modified_time\" content=\"2022-12-24T03:24:17+00:00\" \/>\n<meta property=\"og:image\" content=\"https:\/\/iglesiarincon.org\/revista\/wp-content\/uploads\/2022\/12\/HUMILDAD.jpg\" \/>\n\t<meta property=\"og:image:width\" content=\"1280\" \/>\n\t<meta property=\"og:image:height\" content=\"853\" \/>\n\t<meta property=\"og:image:type\" content=\"image\/jpeg\" \/>\n<meta name=\"author\" content=\"Danilo Montero\" \/>\n<meta name=\"twitter:card\" content=\"summary_large_image\" \/>\n<meta name=\"twitter:label1\" content=\"Escrito por\" \/>\n\t<meta name=\"twitter:data1\" content=\"Danilo Montero\" \/>\n<script type=\"application\/ld+json\" class=\"yoast-schema-graph\">{\"@context\":\"https:\\\/\\\/schema.org\",\"@graph\":[{\"@type\":\"Article\",\"@id\":\"https:\\\/\\\/iglesiarincon.org\\\/revista\\\/jesus-el-mayor-ejemplo-de-humildad\\\/#article\",\"isPartOf\":{\"@id\":\"https:\\\/\\\/iglesiarincon.org\\\/revista\\\/jesus-el-mayor-ejemplo-de-humildad\\\/\"},\"author\":{\"name\":\"Danilo Montero\",\"@id\":\"https:\\\/\\\/iglesiarincon.org\\\/revista\\\/#\\\/schema\\\/person\\\/a8b2fdd8f8efe2495a340a0febbe7df4\"},\"headline\":\"El mayor ejemplo de HUMILDAD\",\"datePublished\":\"2022-12-24T02:57:24+00:00\",\"dateModified\":\"2022-12-24T03:24:17+00:00\",\"mainEntityOfPage\":{\"@id\":\"https:\\\/\\\/iglesiarincon.org\\\/revista\\\/jesus-el-mayor-ejemplo-de-humildad\\\/\"},\"wordCount\":295,\"commentCount\":0,\"image\":{\"@id\":\"https:\\\/\\\/iglesiarincon.org\\\/revista\\\/jesus-el-mayor-ejemplo-de-humildad\\\/#primaryimage\"},\"thumbnailUrl\":\"https:\\\/\\\/iglesiarincon.org\\\/revista\\\/wp-content\\\/uploads\\\/2022\\\/12\\\/HUMILDAD.jpg\",\"articleSection\":[\"Reflexiones\",\"Videos\"],\"inLanguage\":\"es\",\"potentialAction\":[{\"@type\":\"CommentAction\",\"name\":\"Comment\",\"target\":[\"https:\\\/\\\/iglesiarincon.org\\\/revista\\\/jesus-el-mayor-ejemplo-de-humildad\\\/#respond\"]}]},{\"@type\":\"WebPage\",\"@id\":\"https:\\\/\\\/iglesiarincon.org\\\/revista\\\/jesus-el-mayor-ejemplo-de-humildad\\\/\",\"url\":\"https:\\\/\\\/iglesiarincon.org\\\/revista\\\/jesus-el-mayor-ejemplo-de-humildad\\\/\",\"name\":\"El mayor ejemplo de HUMILDAD - La Revista de Rinc&oacute;n\",\"isPartOf\":{\"@id\":\"https:\\\/\\\/iglesiarincon.org\\\/revista\\\/#website\"},\"primaryImageOfPage\":{\"@id\":\"https:\\\/\\\/iglesiarincon.org\\\/revista\\\/jesus-el-mayor-ejemplo-de-humildad\\\/#primaryimage\"},\"image\":{\"@id\":\"https:\\\/\\\/iglesiarincon.org\\\/revista\\\/jesus-el-mayor-ejemplo-de-humildad\\\/#primaryimage\"},\"thumbnailUrl\":\"https:\\\/\\\/iglesiarincon.org\\\/revista\\\/wp-content\\\/uploads\\\/2022\\\/12\\\/HUMILDAD.jpg\",\"datePublished\":\"2022-12-24T02:57:24+00:00\",\"dateModified\":\"2022-12-24T03:24:17+00:00\",\"author\":{\"@id\":\"https:\\\/\\\/iglesiarincon.org\\\/revista\\\/#\\\/schema\\\/person\\\/a8b2fdd8f8efe2495a340a0febbe7df4\"},\"description\":\"\u201cTomen mi yugo sobre ustedes y aprendan de m\u00ed, que soy manso y humilde de coraz\u00f3n, y hallar\u00e1n descanso para sus almas.\u201d (Mateo 11:29)\",\"breadcrumb\":{\"@id\":\"https:\\\/\\\/iglesiarincon.org\\\/revista\\\/jesus-el-mayor-ejemplo-de-humildad\\\/#breadcrumb\"},\"inLanguage\":\"es\",\"potentialAction\":[{\"@type\":\"ReadAction\",\"target\":[\"https:\\\/\\\/iglesiarincon.org\\\/revista\\\/jesus-el-mayor-ejemplo-de-humildad\\\/\"]}]},{\"@type\":\"ImageObject\",\"inLanguage\":\"es\",\"@id\":\"https:\\\/\\\/iglesiarincon.org\\\/revista\\\/jesus-el-mayor-ejemplo-de-humildad\\\/#primaryimage\",\"url\":\"https:\\\/\\\/iglesiarincon.org\\\/revista\\\/wp-content\\\/uploads\\\/2022\\\/12\\\/HUMILDAD.jpg\",\"contentUrl\":\"https:\\\/\\\/iglesiarincon.org\\\/revista\\\/wp-content\\\/uploads\\\/2022\\\/12\\\/HUMILDAD.jpg\",\"width\":1280,\"height\":853},{\"@type\":\"BreadcrumbList\",\"@id\":\"https:\\\/\\\/iglesiarincon.org\\\/revista\\\/jesus-el-mayor-ejemplo-de-humildad\\\/#breadcrumb\",\"itemListElement\":[{\"@type\":\"ListItem\",\"position\":1,\"name\":\"Portada\",\"item\":\"https:\\\/\\\/iglesiarincon.org\\\/revista\\\/\"},{\"@type\":\"ListItem\",\"position\":2,\"name\":\"El mayor ejemplo de HUMILDAD\"}]},{\"@type\":\"WebSite\",\"@id\":\"https:\\\/\\\/iglesiarincon.org\\\/revista\\\/#website\",\"url\":\"https:\\\/\\\/iglesiarincon.org\\\/revista\\\/\",\"name\":\"La Revista de Rinc&oacute;n\",\"description\":\"Compartiendo lo mejor\",\"potentialAction\":[{\"@type\":\"SearchAction\",\"target\":{\"@type\":\"EntryPoint\",\"urlTemplate\":\"https:\\\/\\\/iglesiarincon.org\\\/revista\\\/?s={search_term_string}\"},\"query-input\":{\"@type\":\"PropertyValueSpecification\",\"valueRequired\":true,\"valueName\":\"search_term_string\"}}],\"inLanguage\":\"es\"},{\"@type\":\"Person\",\"@id\":\"https:\\\/\\\/iglesiarincon.org\\\/revista\\\/#\\\/schema\\\/person\\\/a8b2fdd8f8efe2495a340a0febbe7df4\",\"name\":\"Danilo Montero\",\"image\":{\"@type\":\"ImageObject\",\"inLanguage\":\"es\",\"@id\":\"https:\\\/\\\/iglesiarincon.org\\\/revista\\\/wp-content\\\/uploads\\\/2021\\\/06\\\/danilo-montero.jpeg\",\"url\":\"https:\\\/\\\/iglesiarincon.org\\\/revista\\\/wp-content\\\/uploads\\\/2021\\\/06\\\/danilo-montero.jpeg\",\"contentUrl\":\"https:\\\/\\\/iglesiarincon.org\\\/revista\\\/wp-content\\\/uploads\\\/2021\\\/06\\\/danilo-montero.jpeg\",\"caption\":\"Danilo Montero\"},\"url\":\"#molongui-disabled-link\"}]}<\/script>\n<!-- \/ Yoast SEO plugin. -->","yoast_head_json":{"title":"El mayor ejemplo de HUMILDAD - La Revista de Rinc&oacute;n","description":"\u201cTomen mi yugo sobre ustedes y aprendan de m\u00ed, que soy manso y humilde de coraz\u00f3n, y hallar\u00e1n descanso para sus almas.\u201d (Mateo 11:29)","robots":{"index":"index","follow":"follow","max-snippet":"max-snippet:-1","max-image-preview":"max-image-preview:large","max-video-preview":"max-video-preview:-1"},"canonical":"https:\/\/iglesiarincon.org\/revista\/jesus-el-mayor-ejemplo-de-humildad\/","og_locale":"es_ES","og_type":"article","og_title":"El mayor ejemplo de HUMILDAD - La Revista de Rinc&oacute;n","og_description":"\u201cTomen mi yugo sobre ustedes y aprendan de m\u00ed, que soy manso y humilde de coraz\u00f3n, y hallar\u00e1n descanso para sus almas.\u201d (Mateo 11:29)","og_url":"https:\/\/iglesiarincon.org\/revista\/jesus-el-mayor-ejemplo-de-humildad\/","og_site_name":"La Revista de Rinc&oacute;n","article_published_time":"2022-12-24T02:57:24+00:00","article_modified_time":"2022-12-24T03:24:17+00:00","og_image":[{"width":1280,"height":853,"url":"https:\/\/iglesiarincon.org\/revista\/wp-content\/uploads\/2022\/12\/HUMILDAD.jpg","type":"image\/jpeg"}],"author":"Danilo Montero","twitter_card":"summary_large_image","twitter_misc":{"Escrito por":"Danilo Montero"},"schema":{"@context":"https:\/\/schema.org","@graph":[{"@type":"Article","@id":"https:\/\/iglesiarincon.org\/revista\/jesus-el-mayor-ejemplo-de-humildad\/#article","isPartOf":{"@id":"https:\/\/iglesiarincon.org\/revista\/jesus-el-mayor-ejemplo-de-humildad\/"},"author":{"name":"Danilo Montero","@id":"https:\/\/iglesiarincon.org\/revista\/#\/schema\/person\/a8b2fdd8f8efe2495a340a0febbe7df4"},"headline":"El mayor ejemplo de HUMILDAD","datePublished":"2022-12-24T02:57:24+00:00","dateModified":"2022-12-24T03:24:17+00:00","mainEntityOfPage":{"@id":"https:\/\/iglesiarincon.org\/revista\/jesus-el-mayor-ejemplo-de-humildad\/"},"wordCount":295,"commentCount":0,"image":{"@id":"https:\/\/iglesiarincon.org\/revista\/jesus-el-mayor-ejemplo-de-humildad\/#primaryimage"},"thumbnailUrl":"https:\/\/iglesiarincon.org\/revista\/wp-content\/uploads\/2022\/12\/HUMILDAD.jpg","articleSection":["Reflexiones","Videos"],"inLanguage":"es","potentialAction":[{"@type":"CommentAction","name":"Comment","target":["https:\/\/iglesiarincon.org\/revista\/jesus-el-mayor-ejemplo-de-humildad\/#respond"]}]},{"@type":"WebPage","@id":"https:\/\/iglesiarincon.org\/revista\/jesus-el-mayor-ejemplo-de-humildad\/","url":"https:\/\/iglesiarincon.org\/revista\/jesus-el-mayor-ejemplo-de-humildad\/","name":"El mayor ejemplo de HUMILDAD - La Revista de Rinc&oacute;n","isPartOf":{"@id":"https:\/\/iglesiarincon.org\/revista\/#website"},"primaryImageOfPage":{"@id":"https:\/\/iglesiarincon.org\/revista\/jesus-el-mayor-ejemplo-de-humildad\/#primaryimage"},"image":{"@id":"https:\/\/iglesiarincon.org\/revista\/jesus-el-mayor-ejemplo-de-humildad\/#primaryimage"},"thumbnailUrl":"https:\/\/iglesiarincon.org\/revista\/wp-content\/uploads\/2022\/12\/HUMILDAD.jpg","datePublished":"2022-12-24T02:57:24+00:00","dateModified":"2022-12-24T03:24:17+00:00","author":{"@id":"https:\/\/iglesiarincon.org\/revista\/#\/schema\/person\/a8b2fdd8f8efe2495a340a0febbe7df4"},"description":"\u201cTomen mi yugo sobre ustedes y aprendan de m\u00ed, que soy manso y humilde de coraz\u00f3n, y hallar\u00e1n descanso para sus almas.\u201d (Mateo 11:29)","breadcrumb":{"@id":"https:\/\/iglesiarincon.org\/revista\/jesus-el-mayor-ejemplo-de-humildad\/#breadcrumb"},"inLanguage":"es","potentialAction":[{"@type":"ReadAction","target":["https:\/\/iglesiarincon.org\/revista\/jesus-el-mayor-ejemplo-de-humildad\/"]}]},{"@type":"ImageObject","inLanguage":"es","@id":"https:\/\/iglesiarincon.org\/revista\/jesus-el-mayor-ejemplo-de-humildad\/#primaryimage","url":"https:\/\/iglesiarincon.org\/revista\/wp-content\/uploads\/2022\/12\/HUMILDAD.jpg","contentUrl":"https:\/\/iglesiarincon.org\/revista\/wp-content\/uploads\/2022\/12\/HUMILDAD.jpg","width":1280,"height":853},{"@type":"BreadcrumbList","@id":"https:\/\/iglesiarincon.org\/revista\/jesus-el-mayor-ejemplo-de-humildad\/#breadcrumb","itemListElement":[{"@type":"ListItem","position":1,"name":"Portada","item":"https:\/\/iglesiarincon.org\/revista\/"},{"@type":"ListItem","position":2,"name":"El mayor ejemplo de HUMILDAD"}]},{"@type":"WebSite","@id":"https:\/\/iglesiarincon.org\/revista\/#website","url":"https:\/\/iglesiarincon.org\/revista\/","name":"La Revista de Rinc&oacute;n","description":"Compartiendo lo mejor","potentialAction":[{"@type":"SearchAction","target":{"@type":"EntryPoint","urlTemplate":"https:\/\/iglesiarincon.org\/revista\/?s={search_term_string}"},"query-input":{"@type":"PropertyValueSpecification","valueRequired":true,"valueName":"search_term_string"}}],"inLanguage":"es"},{"@type":"Person","@id":"https:\/\/iglesiarincon.org\/revista\/#\/schema\/person\/a8b2fdd8f8efe2495a340a0febbe7df4","name":"Danilo Montero","image":{"@type":"ImageObject","inLanguage":"es","@id":"https:\/\/iglesiarincon.org\/revista\/wp-content\/uploads\/2021\/06\/danilo-montero.jpeg","url":"https:\/\/iglesiarincon.org\/revista\/wp-content\/uploads\/2021\/06\/danilo-montero.jpeg","contentUrl":"https:\/\/iglesiarincon.org\/revista\/wp-content\/uploads\/2021\/06\/danilo-montero.jpeg","caption":"Danilo Montero"},"url":"#molongui-disabled-link"}]}},"_links":{"self":[{"href":"https:\/\/iglesiarincon.org\/revista\/wp-json\/wp\/v2\/posts\/7927","targetHints":{"allow":["GET"]}}],"collection":[{"href":"https:\/\/iglesiarincon.org\/revista\/wp-json\/wp\/v2\/posts"}],"about":[{"href":"https:\/\/iglesiarincon.org\/revista\/wp-json\/wp\/v2\/types\/post"}],"author":[{"embeddable":true,"href":"https:\/\/iglesiarincon.org\/revista\/wp-json\/wp\/v2\/users\/3"}],"replies":[{"embeddable":true,"href":"https:\/\/iglesiarincon.org\/revista\/wp-json\/wp\/v2\/comments?post=7927"}],"version-history":[{"count":5,"href":"https:\/\/iglesiarincon.org\/revista\/wp-json\/wp\/v2\/posts\/7927\/revisions"}],"predecessor-version":[{"id":7943,"href":"https:\/\/iglesiarincon.org\/revista\/wp-json\/wp\/v2\/posts\/7927\/revisions\/7943"}],"wp:featuredmedia":[{"embeddable":true,"href":"https:\/\/iglesiarincon.org\/revista\/wp-json\/wp\/v2\/media\/7929"}],"wp:attachment":[{"href":"https:\/\/iglesiarincon.org\/revista\/wp-json\/wp\/v2\/media?parent=7927"}],"wp:term":[{"taxonomy":"category","embeddable":true,"href":"https:\/\/iglesiarincon.org\/revista\/wp-json\/wp\/v2\/categories?post=7927"},{"taxonomy":"post_tag","embeddable":true,"href":"https:\/\/iglesiarincon.org\/revista\/wp-json\/wp\/v2\/tags?post=7927"}],"curies":[{"name":"wp","href":"https:\/\/api.w.org\/{rel}","templated":true}]}}