{"id":7906,"date":"2022-12-20T17:25:56","date_gmt":"2022-12-20T20:25:56","guid":{"rendered":"https:\/\/iglesiarincon.org\/revista\/?p=7906"},"modified":"2022-12-21T15:41:50","modified_gmt":"2022-12-21T18:41:50","slug":"donde-esta-jesus","status":"publish","type":"post","link":"https:\/\/iglesiarincon.org\/revista\/donde-esta-jesus\/","title":{"rendered":"\u00bfD\u00f3nde est\u00e1 Jes\u00fas?"},"content":{"rendered":"\n[et_pb_section fb_built=\u00bb1&#8243; _builder_version=\u00bb4.19.0&#8243; _module_preset=\u00bbdefault\u00bb global_colors_info=\u00bb{}\u00bb theme_builder_area=\u00bbpost_content\u00bb][\/et_pb_section][et_pb_section fb_built=\u00bb1&#8243; _builder_version=\u00bb4.17.0&#8243; custom_margin=\u00bb-150px|||||\u00bb custom_padding=\u00bb0px|||||\u00bb global_colors_info=\u00bb{}\u00bb theme_builder_area=\u00bbpost_content\u00bb][et_pb_row _builder_version=\u00bb4.16&#8243; background_size=\u00bbinitial\u00bb background_position=\u00bbtop_left\u00bb background_repeat=\u00bbrepeat\u00bb min_height=\u00bb532px\u00bb custom_padding=\u00bb63px|||||\u00bb global_colors_info=\u00bb{}\u00bb theme_builder_area=\u00bbpost_content\u00bb][et_pb_column type=\u00bb4_4&#8243; _builder_version=\u00bb4.16&#8243; custom_padding=\u00bb|||\u00bb global_colors_info=\u00bb{}\u00bb custom_padding__hover=\u00bb|||\u00bb theme_builder_area=\u00bbpost_content\u00bb][et_pb_text _builder_version=\u00bb4.19.4&#8243; text_font=\u00bbTrebuchet|600|||||||\u00bb text_font_size=\u00bb18px\u00bb custom_margin=\u00bb-17px||79px|||\u00bb custom_padding=\u00bb0px||8px|||\u00bb hover_enabled=\u00bb0&#8243; global_colors_info=\u00bb{}\u00bb theme_builder_area=\u00bbpost_content\u00bb sticky_enabled=\u00bb0&#8243;]<div class=\"cxmmr5t8 oygrvhab hcukyx3x c1et5uql o9v6fnle ii04i59q\">\n<div dir=\"auto\">\n<p><span>Continuando con la serie \u201cCinco Minutos en Navidad\u00bb, Gloriana y Danilo Montero recuerdan el momento en que Jes\u00fas estaba por nacer lejos de su hogar, pero nadie pudo brindarle un lugar adecuado, excepto un mes\u00f3n\u2026 Tal vez si hubiesen sabido qui\u00e9n era el que estaba por nacer la historia hubiera sido distinta.<\/span><br \/><span>La reflexi\u00f3n final es para nosotros. \u00bfRealmente dimensionamos qui\u00e9n es nuestro Se\u00f1or y lo que hizo por nosotros? \u00bfLe damos el lugar de honor que merece en nuestros corazones y en nuestras vidas?<\/span><br \/><em>\u201cY a toda cosa creada que est\u00e1 en el cielo, sobre la tierra, debajo de la tierra y en el mar, y a todas las cosas que en ellos hay, o\u00ed decir: al que est\u00e1 sentado en el trono, y al Cordero, sea la alabanza, la honra, la gloria y el dominio por los siglos de los siglos.\u201d<\/em><br \/><em>(Apocalipsis 5:13)<\/em><\/p>\n<\/div>\n<\/div>[\/et_pb_text][et_pb_video src=\u00bbhttps:\/\/02-revista.s3.sa-east-1.amazonaws.com\/Videos\/Danilo+Montero\/20221112_vid_DaniloMontero_Navidad_6.mp4&#8243; play_icon_color=\u00bb#E02B20&#8243; thumbnail_overlay_color=\u00bbrgba(0,0,0,0.6)\u00bb _builder_version=\u00bb4.19.4&#8243; custom_margin=\u00bb||62px|||\u00bb hover_enabled=\u00bb0&#8243; box_shadow_style=\u00bbpreset3&#8243; global_colors_info=\u00bb{}\u00bb theme_builder_area=\u00bbpost_content\u00bb sticky_enabled=\u00bb0&#8243;][\/et_pb_video][et_pb_text _builder_version=\u00bb4.16&#8243; _module_preset=\u00bbdefault\u00bb global_colors_info=\u00bb{}\u00bb theme_builder_area=\u00bbpost_content\u00bb]<p>Fuente: Canal de Youtube <a href=\"https:\/\/youtu.be\/3-DVoKSzUqs\" target=\"_blank\" rel=\"noopener noreferrer\">Ministerios en Contacto<\/a><\/p>[\/et_pb_text][\/et_pb_column][\/et_pb_row][\/et_pb_section]\n","protected":false},"excerpt":{"rendered":"<p>Continuando con la serie \u201cCinco Minutos en Navidad\u00bb, Gloriana y Danilo Montero recuerdan el momento en que Jes\u00fas estaba por nacer lejos de su hogar, pero nadie pudo brindarle un lugar adecuado, excepto un mes\u00f3n\u2026 Tal vez si hubiesen sabido qui\u00e9n era el que estaba por nacer la historia hubiera sido distinta.La reflexi\u00f3n final es [&hellip;]<\/p>\n","protected":false},"author":3,"featured_media":7908,"comment_status":"open","ping_status":"open","sticky":false,"template":"","format":"standard","meta":{"_et_pb_use_builder":"on","_et_pb_old_content":"","_et_gb_content_width":"","footnotes":""},"categories":[3,43],"tags":[],"class_list":["post-7906","post","type-post","status-publish","format-standard","has-post-thumbnail","hentry","category-reflexiones","category-videos","et-has-post-format-content","et_post_format-et-post-format-standard"],"yoast_head":"<!-- This site is optimized with the Yoast SEO plugin v27.5 - https:\/\/yoast.com\/product\/yoast-seo-wordpress\/ -->\n<title>\u00bfD\u00f3nde est\u00e1 Jes\u00fas? - La Revista de Rinc&oacute;n<\/title>\n<meta name=\"description\" content=\"\u00bfD\u00f3nde est\u00e1 Jes\u00fas en nuestras vidas? Que en \u00e9sta navidad le demos el lugar de honor que merece en nuestros corazones\" \/>\n<meta name=\"robots\" content=\"index, follow, max-snippet:-1, max-image-preview:large, max-video-preview:-1\" \/>\n<link rel=\"canonical\" href=\"https:\/\/iglesiarincon.org\/revista\/donde-esta-jesus\/\" \/>\n<meta property=\"og:locale\" content=\"es_ES\" \/>\n<meta property=\"og:type\" content=\"article\" \/>\n<meta property=\"og:title\" content=\"\u00bfD\u00f3nde est\u00e1 Jes\u00fas? - La Revista de Rinc&oacute;n\" \/>\n<meta property=\"og:description\" content=\"\u00bfD\u00f3nde est\u00e1 Jes\u00fas en nuestras vidas? Que en \u00e9sta navidad le demos el lugar de honor que merece en nuestros corazones\" \/>\n<meta property=\"og:url\" content=\"https:\/\/iglesiarincon.org\/revista\/donde-esta-jesus\/\" \/>\n<meta property=\"og:site_name\" content=\"La Revista de Rinc&oacute;n\" \/>\n<meta property=\"article:published_time\" content=\"2022-12-20T20:25:56+00:00\" \/>\n<meta property=\"article:modified_time\" content=\"2022-12-21T18:41:50+00:00\" \/>\n<meta property=\"og:image\" content=\"https:\/\/iglesiarincon.org\/revista\/wp-content\/uploads\/2022\/12\/jesus.jpg\" \/>\n\t<meta property=\"og:image:width\" content=\"1280\" \/>\n\t<meta property=\"og:image:height\" content=\"723\" \/>\n\t<meta property=\"og:image:type\" content=\"image\/jpeg\" \/>\n<meta name=\"author\" content=\"Danilo Montero\" \/>\n<meta name=\"twitter:card\" content=\"summary_large_image\" \/>\n<meta name=\"twitter:label1\" content=\"Escrito por\" \/>\n\t<meta name=\"twitter:data1\" content=\"Danilo Montero\" \/>\n\t<meta name=\"twitter:label2\" content=\"Tiempo de lectura\" \/>\n\t<meta name=\"twitter:data2\" content=\"1 minuto\" \/>\n<script type=\"application\/ld+json\" class=\"yoast-schema-graph\">{\"@context\":\"https:\\\/\\\/schema.org\",\"@graph\":[{\"@type\":\"Article\",\"@id\":\"https:\\\/\\\/iglesiarincon.org\\\/revista\\\/donde-esta-jesus\\\/#article\",\"isPartOf\":{\"@id\":\"https:\\\/\\\/iglesiarincon.org\\\/revista\\\/donde-esta-jesus\\\/\"},\"author\":{\"name\":\"Danilo Montero\",\"@id\":\"https:\\\/\\\/iglesiarincon.org\\\/revista\\\/#\\\/schema\\\/person\\\/a8b2fdd8f8efe2495a340a0febbe7df4\"},\"headline\":\"\u00bfD\u00f3nde est\u00e1 Jes\u00fas?\",\"datePublished\":\"2022-12-20T20:25:56+00:00\",\"dateModified\":\"2022-12-21T18:41:50+00:00\",\"mainEntityOfPage\":{\"@id\":\"https:\\\/\\\/iglesiarincon.org\\\/revista\\\/donde-esta-jesus\\\/\"},\"wordCount\":367,\"commentCount\":0,\"image\":{\"@id\":\"https:\\\/\\\/iglesiarincon.org\\\/revista\\\/donde-esta-jesus\\\/#primaryimage\"},\"thumbnailUrl\":\"https:\\\/\\\/iglesiarincon.org\\\/revista\\\/wp-content\\\/uploads\\\/2022\\\/12\\\/jesus.jpg\",\"articleSection\":[\"Reflexiones\",\"Videos\"],\"inLanguage\":\"es\",\"potentialAction\":[{\"@type\":\"CommentAction\",\"name\":\"Comment\",\"target\":[\"https:\\\/\\\/iglesiarincon.org\\\/revista\\\/donde-esta-jesus\\\/#respond\"]}]},{\"@type\":\"WebPage\",\"@id\":\"https:\\\/\\\/iglesiarincon.org\\\/revista\\\/donde-esta-jesus\\\/\",\"url\":\"https:\\\/\\\/iglesiarincon.org\\\/revista\\\/donde-esta-jesus\\\/\",\"name\":\"\u00bfD\u00f3nde est\u00e1 Jes\u00fas? - La Revista de Rinc&oacute;n\",\"isPartOf\":{\"@id\":\"https:\\\/\\\/iglesiarincon.org\\\/revista\\\/#website\"},\"primaryImageOfPage\":{\"@id\":\"https:\\\/\\\/iglesiarincon.org\\\/revista\\\/donde-esta-jesus\\\/#primaryimage\"},\"image\":{\"@id\":\"https:\\\/\\\/iglesiarincon.org\\\/revista\\\/donde-esta-jesus\\\/#primaryimage\"},\"thumbnailUrl\":\"https:\\\/\\\/iglesiarincon.org\\\/revista\\\/wp-content\\\/uploads\\\/2022\\\/12\\\/jesus.jpg\",\"datePublished\":\"2022-12-20T20:25:56+00:00\",\"dateModified\":\"2022-12-21T18:41:50+00:00\",\"author\":{\"@id\":\"https:\\\/\\\/iglesiarincon.org\\\/revista\\\/#\\\/schema\\\/person\\\/a8b2fdd8f8efe2495a340a0febbe7df4\"},\"description\":\"\u00bfD\u00f3nde est\u00e1 Jes\u00fas en nuestras vidas? Que en \u00e9sta navidad le demos el lugar de honor que merece en nuestros corazones\",\"breadcrumb\":{\"@id\":\"https:\\\/\\\/iglesiarincon.org\\\/revista\\\/donde-esta-jesus\\\/#breadcrumb\"},\"inLanguage\":\"es\",\"potentialAction\":[{\"@type\":\"ReadAction\",\"target\":[\"https:\\\/\\\/iglesiarincon.org\\\/revista\\\/donde-esta-jesus\\\/\"]}]},{\"@type\":\"ImageObject\",\"inLanguage\":\"es\",\"@id\":\"https:\\\/\\\/iglesiarincon.org\\\/revista\\\/donde-esta-jesus\\\/#primaryimage\",\"url\":\"https:\\\/\\\/iglesiarincon.org\\\/revista\\\/wp-content\\\/uploads\\\/2022\\\/12\\\/jesus.jpg\",\"contentUrl\":\"https:\\\/\\\/iglesiarincon.org\\\/revista\\\/wp-content\\\/uploads\\\/2022\\\/12\\\/jesus.jpg\",\"width\":1280,\"height\":723},{\"@type\":\"BreadcrumbList\",\"@id\":\"https:\\\/\\\/iglesiarincon.org\\\/revista\\\/donde-esta-jesus\\\/#breadcrumb\",\"itemListElement\":[{\"@type\":\"ListItem\",\"position\":1,\"name\":\"Portada\",\"item\":\"https:\\\/\\\/iglesiarincon.org\\\/revista\\\/\"},{\"@type\":\"ListItem\",\"position\":2,\"name\":\"\u00bfD\u00f3nde est\u00e1 Jes\u00fas?\"}]},{\"@type\":\"WebSite\",\"@id\":\"https:\\\/\\\/iglesiarincon.org\\\/revista\\\/#website\",\"url\":\"https:\\\/\\\/iglesiarincon.org\\\/revista\\\/\",\"name\":\"La Revista de Rinc&oacute;n\",\"description\":\"Compartiendo lo mejor\",\"potentialAction\":[{\"@type\":\"SearchAction\",\"target\":{\"@type\":\"EntryPoint\",\"urlTemplate\":\"https:\\\/\\\/iglesiarincon.org\\\/revista\\\/?s={search_term_string}\"},\"query-input\":{\"@type\":\"PropertyValueSpecification\",\"valueRequired\":true,\"valueName\":\"search_term_string\"}}],\"inLanguage\":\"es\"},{\"@type\":\"Person\",\"@id\":\"https:\\\/\\\/iglesiarincon.org\\\/revista\\\/#\\\/schema\\\/person\\\/a8b2fdd8f8efe2495a340a0febbe7df4\",\"name\":\"Danilo Montero\",\"image\":{\"@type\":\"ImageObject\",\"inLanguage\":\"es\",\"@id\":\"https:\\\/\\\/iglesiarincon.org\\\/revista\\\/wp-content\\\/uploads\\\/2021\\\/06\\\/danilo-montero.jpeg\",\"url\":\"https:\\\/\\\/iglesiarincon.org\\\/revista\\\/wp-content\\\/uploads\\\/2021\\\/06\\\/danilo-montero.jpeg\",\"contentUrl\":\"https:\\\/\\\/iglesiarincon.org\\\/revista\\\/wp-content\\\/uploads\\\/2021\\\/06\\\/danilo-montero.jpeg\",\"caption\":\"Danilo Montero\"},\"url\":\"#molongui-disabled-link\"}]}<\/script>\n<!-- \/ Yoast SEO plugin. -->","yoast_head_json":{"title":"\u00bfD\u00f3nde est\u00e1 Jes\u00fas? - La Revista de Rinc&oacute;n","description":"\u00bfD\u00f3nde est\u00e1 Jes\u00fas en nuestras vidas? Que en \u00e9sta navidad le demos el lugar de honor que merece en nuestros corazones","robots":{"index":"index","follow":"follow","max-snippet":"max-snippet:-1","max-image-preview":"max-image-preview:large","max-video-preview":"max-video-preview:-1"},"canonical":"https:\/\/iglesiarincon.org\/revista\/donde-esta-jesus\/","og_locale":"es_ES","og_type":"article","og_title":"\u00bfD\u00f3nde est\u00e1 Jes\u00fas? - La Revista de Rinc&oacute;n","og_description":"\u00bfD\u00f3nde est\u00e1 Jes\u00fas en nuestras vidas? Que en \u00e9sta navidad le demos el lugar de honor que merece en nuestros corazones","og_url":"https:\/\/iglesiarincon.org\/revista\/donde-esta-jesus\/","og_site_name":"La Revista de Rinc&oacute;n","article_published_time":"2022-12-20T20:25:56+00:00","article_modified_time":"2022-12-21T18:41:50+00:00","og_image":[{"width":1280,"height":723,"url":"https:\/\/iglesiarincon.org\/revista\/wp-content\/uploads\/2022\/12\/jesus.jpg","type":"image\/jpeg"}],"author":"Danilo Montero","twitter_card":"summary_large_image","twitter_misc":{"Escrito por":"Danilo Montero","Tiempo de lectura":"1 minuto"},"schema":{"@context":"https:\/\/schema.org","@graph":[{"@type":"Article","@id":"https:\/\/iglesiarincon.org\/revista\/donde-esta-jesus\/#article","isPartOf":{"@id":"https:\/\/iglesiarincon.org\/revista\/donde-esta-jesus\/"},"author":{"name":"Danilo Montero","@id":"https:\/\/iglesiarincon.org\/revista\/#\/schema\/person\/a8b2fdd8f8efe2495a340a0febbe7df4"},"headline":"\u00bfD\u00f3nde est\u00e1 Jes\u00fas?","datePublished":"2022-12-20T20:25:56+00:00","dateModified":"2022-12-21T18:41:50+00:00","mainEntityOfPage":{"@id":"https:\/\/iglesiarincon.org\/revista\/donde-esta-jesus\/"},"wordCount":367,"commentCount":0,"image":{"@id":"https:\/\/iglesiarincon.org\/revista\/donde-esta-jesus\/#primaryimage"},"thumbnailUrl":"https:\/\/iglesiarincon.org\/revista\/wp-content\/uploads\/2022\/12\/jesus.jpg","articleSection":["Reflexiones","Videos"],"inLanguage":"es","potentialAction":[{"@type":"CommentAction","name":"Comment","target":["https:\/\/iglesiarincon.org\/revista\/donde-esta-jesus\/#respond"]}]},{"@type":"WebPage","@id":"https:\/\/iglesiarincon.org\/revista\/donde-esta-jesus\/","url":"https:\/\/iglesiarincon.org\/revista\/donde-esta-jesus\/","name":"\u00bfD\u00f3nde est\u00e1 Jes\u00fas? - La Revista de Rinc&oacute;n","isPartOf":{"@id":"https:\/\/iglesiarincon.org\/revista\/#website"},"primaryImageOfPage":{"@id":"https:\/\/iglesiarincon.org\/revista\/donde-esta-jesus\/#primaryimage"},"image":{"@id":"https:\/\/iglesiarincon.org\/revista\/donde-esta-jesus\/#primaryimage"},"thumbnailUrl":"https:\/\/iglesiarincon.org\/revista\/wp-content\/uploads\/2022\/12\/jesus.jpg","datePublished":"2022-12-20T20:25:56+00:00","dateModified":"2022-12-21T18:41:50+00:00","author":{"@id":"https:\/\/iglesiarincon.org\/revista\/#\/schema\/person\/a8b2fdd8f8efe2495a340a0febbe7df4"},"description":"\u00bfD\u00f3nde est\u00e1 Jes\u00fas en nuestras vidas? Que en \u00e9sta navidad le demos el lugar de honor que merece en nuestros corazones","breadcrumb":{"@id":"https:\/\/iglesiarincon.org\/revista\/donde-esta-jesus\/#breadcrumb"},"inLanguage":"es","potentialAction":[{"@type":"ReadAction","target":["https:\/\/iglesiarincon.org\/revista\/donde-esta-jesus\/"]}]},{"@type":"ImageObject","inLanguage":"es","@id":"https:\/\/iglesiarincon.org\/revista\/donde-esta-jesus\/#primaryimage","url":"https:\/\/iglesiarincon.org\/revista\/wp-content\/uploads\/2022\/12\/jesus.jpg","contentUrl":"https:\/\/iglesiarincon.org\/revista\/wp-content\/uploads\/2022\/12\/jesus.jpg","width":1280,"height":723},{"@type":"BreadcrumbList","@id":"https:\/\/iglesiarincon.org\/revista\/donde-esta-jesus\/#breadcrumb","itemListElement":[{"@type":"ListItem","position":1,"name":"Portada","item":"https:\/\/iglesiarincon.org\/revista\/"},{"@type":"ListItem","position":2,"name":"\u00bfD\u00f3nde est\u00e1 Jes\u00fas?"}]},{"@type":"WebSite","@id":"https:\/\/iglesiarincon.org\/revista\/#website","url":"https:\/\/iglesiarincon.org\/revista\/","name":"La Revista de Rinc&oacute;n","description":"Compartiendo lo mejor","potentialAction":[{"@type":"SearchAction","target":{"@type":"EntryPoint","urlTemplate":"https:\/\/iglesiarincon.org\/revista\/?s={search_term_string}"},"query-input":{"@type":"PropertyValueSpecification","valueRequired":true,"valueName":"search_term_string"}}],"inLanguage":"es"},{"@type":"Person","@id":"https:\/\/iglesiarincon.org\/revista\/#\/schema\/person\/a8b2fdd8f8efe2495a340a0febbe7df4","name":"Danilo Montero","image":{"@type":"ImageObject","inLanguage":"es","@id":"https:\/\/iglesiarincon.org\/revista\/wp-content\/uploads\/2021\/06\/danilo-montero.jpeg","url":"https:\/\/iglesiarincon.org\/revista\/wp-content\/uploads\/2021\/06\/danilo-montero.jpeg","contentUrl":"https:\/\/iglesiarincon.org\/revista\/wp-content\/uploads\/2021\/06\/danilo-montero.jpeg","caption":"Danilo Montero"},"url":"#molongui-disabled-link"}]}},"_links":{"self":[{"href":"https:\/\/iglesiarincon.org\/revista\/wp-json\/wp\/v2\/posts\/7906","targetHints":{"allow":["GET"]}}],"collection":[{"href":"https:\/\/iglesiarincon.org\/revista\/wp-json\/wp\/v2\/posts"}],"about":[{"href":"https:\/\/iglesiarincon.org\/revista\/wp-json\/wp\/v2\/types\/post"}],"author":[{"embeddable":true,"href":"https:\/\/iglesiarincon.org\/revista\/wp-json\/wp\/v2\/users\/3"}],"replies":[{"embeddable":true,"href":"https:\/\/iglesiarincon.org\/revista\/wp-json\/wp\/v2\/comments?post=7906"}],"version-history":[{"count":3,"href":"https:\/\/iglesiarincon.org\/revista\/wp-json\/wp\/v2\/posts\/7906\/revisions"}],"predecessor-version":[{"id":7911,"href":"https:\/\/iglesiarincon.org\/revista\/wp-json\/wp\/v2\/posts\/7906\/revisions\/7911"}],"wp:featuredmedia":[{"embeddable":true,"href":"https:\/\/iglesiarincon.org\/revista\/wp-json\/wp\/v2\/media\/7908"}],"wp:attachment":[{"href":"https:\/\/iglesiarincon.org\/revista\/wp-json\/wp\/v2\/media?parent=7906"}],"wp:term":[{"taxonomy":"category","embeddable":true,"href":"https:\/\/iglesiarincon.org\/revista\/wp-json\/wp\/v2\/categories?post=7906"},{"taxonomy":"post_tag","embeddable":true,"href":"https:\/\/iglesiarincon.org\/revista\/wp-json\/wp\/v2\/tags?post=7906"}],"curies":[{"name":"wp","href":"https:\/\/api.w.org\/{rel}","templated":true}]}}