{"id":7067,"date":"2022-02-21T19:06:36","date_gmt":"2022-02-21T22:06:36","guid":{"rendered":"https:\/\/iglesiarincon.org\/revista\/?p=7067"},"modified":"2022-02-21T19:06:37","modified_gmt":"2022-02-21T22:06:37","slug":"que-quiero","status":"publish","type":"post","link":"https:\/\/iglesiarincon.org\/revista\/que-quiero\/","title":{"rendered":"\u00bfQu\u00e9 quiero?"},"content":{"rendered":"[et_pb_section fb_built=\u00bb1&#8243; theme_builder_area=\u00bbpost_content\u00bb _builder_version=\u00bb4.14.8&#8243; _module_preset=\u00bbdefault\u00bb custom_padding=\u00bb||45px|||\u00bb][et_pb_row _builder_version=\u00bb4.14.8&#8243; _module_preset=\u00bbdefault\u00bb theme_builder_area=\u00bbpost_content\u00bb][et_pb_column _builder_version=\u00bb4.14.8&#8243; _module_preset=\u00bbdefault\u00bb type=\u00bb4_4&#8243; theme_builder_area=\u00bbpost_content\u00bb][et_pb_text _builder_version=\u00bb4.14.8&#8243; _module_preset=\u00bbdefault\u00bb theme_builder_area=\u00bbpost_content\u00bb hover_enabled=\u00bb0&#8243; sticky_enabled=\u00bb0&#8243; text_font_size=\u00bb18px\u00bb]\n<p>&nbsp;<\/p>\n<p>Si te preguntaran \u00ab\u00bfQU\u00c9 QUER\u00c9S?\u00bb, \u00bfqu\u00e9 responder\u00edas?<\/p>\n<p>Parece una pregunta muy sencilla, pero no lo es. Al hac\u00e9rsela a personas muy queridas, no supieron qu\u00e9 responder; me encontr\u00e9 con: silencios, sonrisas nerviosas, miradas perdidas, actitud pensativa y con el famoso eeeeeeeeeeeeeeeh\u2026<\/p>\n<p>Esta fue la gran pregunta que el rey le hizo a Nehem\u00edas: \u00ab\u00bfpor qu\u00e9 te ves tan triste? No me parece que est\u00e9s enfermo&#8230;\u00bb Antes de responder, or\u00e9 al Dios del cielo; entonces el rey me dijo: \u00bfQU\u00c9 QUER\u00c9S? (Neh.2:2-4)<\/p>\n<p>Como Nehem\u00edas sab\u00eda exactamente lo QUE QUER\u00cdA, pudo dar una respuesta s\u00faper especifica.<\/p>\n<p>Las personas que piensan que no saber lo que quieren no es un problema tan grave. Esto es porque ya est\u00e1n acostumbradas a vivir de esa manera, sin rumbo, desorientadas, a la deriva \u00a1y perdi\u00e9ndose todo lo que Dios tiene preparado para sus vidas!<\/p>\n<p>Si no sabemos lo que queremos, es dif\u00edcil fijarnos en lo que vamos a hacer, y corremos el riesgo de quedarnos pasivos y volvernos cristianos desanimados.<\/p>\n<p>No saber lo que queremos nos hace dependientes, esperando que las personas o circunstancias nos digan lo que tenemos que hacer.<\/p>\n<p>Jes\u00fas dijo:\u00a0 \u00abS\u00e9 de d\u00f3nde vengo y a d\u00f3nde voy\u2026\u00bb (Jn 8:14) \u00a1Jes\u00fas sab\u00eda perfectamente lo que quer\u00eda! \u00a1Vengo del cielo, voy a la cruz, y vuelvo con mi Pap\u00e1!<\/p>\n<p>Si empezamos por obedecer lo que Dios QUIERE, nos ser\u00e1 m\u00e1s f\u00e1cil saber lo que QUEREMOS, y cuando esto suceda\u2026 \u00a1\u00a1ninguna Iglesia, ning\u00fan Cristiano, ninguna Oraci\u00f3n, ning\u00fan Servicio y Ministerio ser\u00e1n los mismos!!<\/p>\n<p>\u00a1Abrazo grande!<\/p>\n[\/et_pb_text][\/et_pb_column][\/et_pb_row][\/et_pb_section]\n","protected":false},"excerpt":{"rendered":"<p>&nbsp; Si te preguntaran \u00ab\u00bfQU\u00c9 QUER\u00c9S?\u00bb, \u00bfqu\u00e9 responder\u00edas? Parece una pregunta muy sencilla, pero no lo es. Al hac\u00e9rsela a personas muy queridas, no supieron qu\u00e9 responder; me encontr\u00e9 con: silencios, sonrisas nerviosas, miradas perdidas, actitud pensativa y con el famoso eeeeeeeeeeeeeeeh\u2026 Esta fue la gran pregunta que el rey le hizo a Nehem\u00edas: \u00ab\u00bfpor [&hellip;]<\/p>\n","protected":false},"author":3,"featured_media":7068,"comment_status":"open","ping_status":"open","sticky":false,"template":"","format":"standard","meta":{"_et_pb_use_builder":"on","_et_pb_old_content":"","_et_gb_content_width":"","footnotes":""},"categories":[60],"tags":[],"class_list":["post-7067","post","type-post","status-publish","format-standard","has-post-thumbnail","hentry","category-espacio-joven","et-has-post-format-content","et_post_format-et-post-format-standard"],"yoast_head":"<!-- This site is optimized with the Yoast SEO plugin v27.5 - https:\/\/yoast.com\/product\/yoast-seo-wordpress\/ -->\n<title>\u00bfQu\u00e9 quiero? - La Revista de Rinc&oacute;n<\/title>\n<meta name=\"description\" content=\"saber qu\u00e9 quiero me va a permitir fijarme en lo que voy a hacer, para no estar pasivo y volverme un cristiano desanimado\" \/>\n<meta name=\"robots\" content=\"index, follow, max-snippet:-1, max-image-preview:large, max-video-preview:-1\" \/>\n<link rel=\"canonical\" href=\"https:\/\/iglesiarincon.org\/revista\/que-quiero\/\" \/>\n<meta property=\"og:locale\" content=\"es_ES\" \/>\n<meta property=\"og:type\" content=\"article\" \/>\n<meta property=\"og:title\" content=\"\u00bfQu\u00e9 quiero? - La Revista de Rinc&oacute;n\" \/>\n<meta property=\"og:description\" content=\"saber qu\u00e9 quiero me va a permitir fijarme en lo que voy a hacer, para no estar pasivo y volverme un cristiano desanimado\" \/>\n<meta property=\"og:url\" content=\"https:\/\/iglesiarincon.org\/revista\/que-quiero\/\" \/>\n<meta property=\"og:site_name\" content=\"La Revista de Rinc&oacute;n\" \/>\n<meta property=\"article:published_time\" content=\"2022-02-21T22:06:36+00:00\" \/>\n<meta property=\"article:modified_time\" content=\"2022-02-21T22:06:37+00:00\" \/>\n<meta property=\"og:image\" content=\"https:\/\/iglesiarincon.org\/revista\/wp-content\/uploads\/2022\/02\/quiero.jpg\" \/>\n\t<meta property=\"og:image:width\" content=\"1280\" \/>\n\t<meta property=\"og:image:height\" content=\"896\" \/>\n\t<meta property=\"og:image:type\" content=\"image\/jpeg\" \/>\n<meta name=\"author\" content=\"Ricky Bisio\" \/>\n<meta name=\"twitter:card\" content=\"summary_large_image\" \/>\n<meta name=\"twitter:label1\" content=\"Escrito por\" \/>\n\t<meta name=\"twitter:data1\" content=\"Ricky Bisio\" \/>\n<script type=\"application\/ld+json\" class=\"yoast-schema-graph\">{\"@context\":\"https:\\\/\\\/schema.org\",\"@graph\":[{\"@type\":\"Article\",\"@id\":\"https:\\\/\\\/iglesiarincon.org\\\/revista\\\/que-quiero\\\/#article\",\"isPartOf\":{\"@id\":\"https:\\\/\\\/iglesiarincon.org\\\/revista\\\/que-quiero\\\/\"},\"author\":{\"name\":\"Ricky Bisio\",\"@id\":\"https:\\\/\\\/iglesiarincon.org\\\/revista\\\/#\\\/schema\\\/person\\\/a8b2fdd8f8efe2495a340a0febbe7df4\"},\"headline\":\"\u00bfQu\u00e9 quiero?\",\"datePublished\":\"2022-02-21T22:06:36+00:00\",\"dateModified\":\"2022-02-21T22:06:37+00:00\",\"mainEntityOfPage\":{\"@id\":\"https:\\\/\\\/iglesiarincon.org\\\/revista\\\/que-quiero\\\/\"},\"wordCount\":356,\"commentCount\":0,\"image\":{\"@id\":\"https:\\\/\\\/iglesiarincon.org\\\/revista\\\/que-quiero\\\/#primaryimage\"},\"thumbnailUrl\":\"https:\\\/\\\/iglesiarincon.org\\\/revista\\\/wp-content\\\/uploads\\\/2022\\\/02\\\/quiero.jpg\",\"articleSection\":[\"Espacio joven\"],\"inLanguage\":\"es\",\"potentialAction\":[{\"@type\":\"CommentAction\",\"name\":\"Comment\",\"target\":[\"https:\\\/\\\/iglesiarincon.org\\\/revista\\\/que-quiero\\\/#respond\"]}]},{\"@type\":\"WebPage\",\"@id\":\"https:\\\/\\\/iglesiarincon.org\\\/revista\\\/que-quiero\\\/\",\"url\":\"https:\\\/\\\/iglesiarincon.org\\\/revista\\\/que-quiero\\\/\",\"name\":\"\u00bfQu\u00e9 quiero? - La Revista de Rinc&oacute;n\",\"isPartOf\":{\"@id\":\"https:\\\/\\\/iglesiarincon.org\\\/revista\\\/#website\"},\"primaryImageOfPage\":{\"@id\":\"https:\\\/\\\/iglesiarincon.org\\\/revista\\\/que-quiero\\\/#primaryimage\"},\"image\":{\"@id\":\"https:\\\/\\\/iglesiarincon.org\\\/revista\\\/que-quiero\\\/#primaryimage\"},\"thumbnailUrl\":\"https:\\\/\\\/iglesiarincon.org\\\/revista\\\/wp-content\\\/uploads\\\/2022\\\/02\\\/quiero.jpg\",\"datePublished\":\"2022-02-21T22:06:36+00:00\",\"dateModified\":\"2022-02-21T22:06:37+00:00\",\"author\":{\"@id\":\"https:\\\/\\\/iglesiarincon.org\\\/revista\\\/#\\\/schema\\\/person\\\/a8b2fdd8f8efe2495a340a0febbe7df4\"},\"description\":\"saber qu\u00e9 quiero me va a permitir fijarme en lo que voy a hacer, para no estar pasivo y volverme un cristiano desanimado\",\"breadcrumb\":{\"@id\":\"https:\\\/\\\/iglesiarincon.org\\\/revista\\\/que-quiero\\\/#breadcrumb\"},\"inLanguage\":\"es\",\"potentialAction\":[{\"@type\":\"ReadAction\",\"target\":[\"https:\\\/\\\/iglesiarincon.org\\\/revista\\\/que-quiero\\\/\"]}]},{\"@type\":\"ImageObject\",\"inLanguage\":\"es\",\"@id\":\"https:\\\/\\\/iglesiarincon.org\\\/revista\\\/que-quiero\\\/#primaryimage\",\"url\":\"https:\\\/\\\/iglesiarincon.org\\\/revista\\\/wp-content\\\/uploads\\\/2022\\\/02\\\/quiero.jpg\",\"contentUrl\":\"https:\\\/\\\/iglesiarincon.org\\\/revista\\\/wp-content\\\/uploads\\\/2022\\\/02\\\/quiero.jpg\",\"width\":1280,\"height\":896},{\"@type\":\"BreadcrumbList\",\"@id\":\"https:\\\/\\\/iglesiarincon.org\\\/revista\\\/que-quiero\\\/#breadcrumb\",\"itemListElement\":[{\"@type\":\"ListItem\",\"position\":1,\"name\":\"Portada\",\"item\":\"https:\\\/\\\/iglesiarincon.org\\\/revista\\\/\"},{\"@type\":\"ListItem\",\"position\":2,\"name\":\"\u00bfQu\u00e9 quiero?\"}]},{\"@type\":\"WebSite\",\"@id\":\"https:\\\/\\\/iglesiarincon.org\\\/revista\\\/#website\",\"url\":\"https:\\\/\\\/iglesiarincon.org\\\/revista\\\/\",\"name\":\"La Revista de Rinc&oacute;n\",\"description\":\"Compartiendo lo mejor\",\"potentialAction\":[{\"@type\":\"SearchAction\",\"target\":{\"@type\":\"EntryPoint\",\"urlTemplate\":\"https:\\\/\\\/iglesiarincon.org\\\/revista\\\/?s={search_term_string}\"},\"query-input\":{\"@type\":\"PropertyValueSpecification\",\"valueRequired\":true,\"valueName\":\"search_term_string\"}}],\"inLanguage\":\"es\"},{\"@type\":\"Person\",\"@id\":\"https:\\\/\\\/iglesiarincon.org\\\/revista\\\/#\\\/schema\\\/person\\\/a8b2fdd8f8efe2495a340a0febbe7df4\",\"name\":\"Ricky Bisio\",\"image\":{\"@type\":\"ImageObject\",\"inLanguage\":\"es\",\"@id\":\"https:\\\/\\\/iglesiarincon.org\\\/revista\\\/wp-content\\\/uploads\\\/2021\\\/07\\\/Ricky-Bisio.jpeg\",\"url\":\"https:\\\/\\\/iglesiarincon.org\\\/revista\\\/wp-content\\\/uploads\\\/2021\\\/07\\\/Ricky-Bisio.jpeg\",\"contentUrl\":\"https:\\\/\\\/iglesiarincon.org\\\/revista\\\/wp-content\\\/uploads\\\/2021\\\/07\\\/Ricky-Bisio.jpeg\",\"caption\":\"Ricky Bisio\"},\"url\":\"#molongui-disabled-link\"}]}<\/script>\n<!-- \/ Yoast SEO plugin. -->","yoast_head_json":{"title":"\u00bfQu\u00e9 quiero? - La Revista de Rinc&oacute;n","description":"saber qu\u00e9 quiero me va a permitir fijarme en lo que voy a hacer, para no estar pasivo y volverme un cristiano desanimado","robots":{"index":"index","follow":"follow","max-snippet":"max-snippet:-1","max-image-preview":"max-image-preview:large","max-video-preview":"max-video-preview:-1"},"canonical":"https:\/\/iglesiarincon.org\/revista\/que-quiero\/","og_locale":"es_ES","og_type":"article","og_title":"\u00bfQu\u00e9 quiero? - La Revista de Rinc&oacute;n","og_description":"saber qu\u00e9 quiero me va a permitir fijarme en lo que voy a hacer, para no estar pasivo y volverme un cristiano desanimado","og_url":"https:\/\/iglesiarincon.org\/revista\/que-quiero\/","og_site_name":"La Revista de Rinc&oacute;n","article_published_time":"2022-02-21T22:06:36+00:00","article_modified_time":"2022-02-21T22:06:37+00:00","og_image":[{"width":1280,"height":896,"url":"https:\/\/iglesiarincon.org\/revista\/wp-content\/uploads\/2022\/02\/quiero.jpg","type":"image\/jpeg"}],"author":"Ricky Bisio","twitter_card":"summary_large_image","twitter_misc":{"Escrito por":"Ricky Bisio"},"schema":{"@context":"https:\/\/schema.org","@graph":[{"@type":"Article","@id":"https:\/\/iglesiarincon.org\/revista\/que-quiero\/#article","isPartOf":{"@id":"https:\/\/iglesiarincon.org\/revista\/que-quiero\/"},"author":{"name":"Ricky Bisio","@id":"https:\/\/iglesiarincon.org\/revista\/#\/schema\/person\/a8b2fdd8f8efe2495a340a0febbe7df4"},"headline":"\u00bfQu\u00e9 quiero?","datePublished":"2022-02-21T22:06:36+00:00","dateModified":"2022-02-21T22:06:37+00:00","mainEntityOfPage":{"@id":"https:\/\/iglesiarincon.org\/revista\/que-quiero\/"},"wordCount":356,"commentCount":0,"image":{"@id":"https:\/\/iglesiarincon.org\/revista\/que-quiero\/#primaryimage"},"thumbnailUrl":"https:\/\/iglesiarincon.org\/revista\/wp-content\/uploads\/2022\/02\/quiero.jpg","articleSection":["Espacio joven"],"inLanguage":"es","potentialAction":[{"@type":"CommentAction","name":"Comment","target":["https:\/\/iglesiarincon.org\/revista\/que-quiero\/#respond"]}]},{"@type":"WebPage","@id":"https:\/\/iglesiarincon.org\/revista\/que-quiero\/","url":"https:\/\/iglesiarincon.org\/revista\/que-quiero\/","name":"\u00bfQu\u00e9 quiero? - La Revista de Rinc&oacute;n","isPartOf":{"@id":"https:\/\/iglesiarincon.org\/revista\/#website"},"primaryImageOfPage":{"@id":"https:\/\/iglesiarincon.org\/revista\/que-quiero\/#primaryimage"},"image":{"@id":"https:\/\/iglesiarincon.org\/revista\/que-quiero\/#primaryimage"},"thumbnailUrl":"https:\/\/iglesiarincon.org\/revista\/wp-content\/uploads\/2022\/02\/quiero.jpg","datePublished":"2022-02-21T22:06:36+00:00","dateModified":"2022-02-21T22:06:37+00:00","author":{"@id":"https:\/\/iglesiarincon.org\/revista\/#\/schema\/person\/a8b2fdd8f8efe2495a340a0febbe7df4"},"description":"saber qu\u00e9 quiero me va a permitir fijarme en lo que voy a hacer, para no estar pasivo y volverme un cristiano desanimado","breadcrumb":{"@id":"https:\/\/iglesiarincon.org\/revista\/que-quiero\/#breadcrumb"},"inLanguage":"es","potentialAction":[{"@type":"ReadAction","target":["https:\/\/iglesiarincon.org\/revista\/que-quiero\/"]}]},{"@type":"ImageObject","inLanguage":"es","@id":"https:\/\/iglesiarincon.org\/revista\/que-quiero\/#primaryimage","url":"https:\/\/iglesiarincon.org\/revista\/wp-content\/uploads\/2022\/02\/quiero.jpg","contentUrl":"https:\/\/iglesiarincon.org\/revista\/wp-content\/uploads\/2022\/02\/quiero.jpg","width":1280,"height":896},{"@type":"BreadcrumbList","@id":"https:\/\/iglesiarincon.org\/revista\/que-quiero\/#breadcrumb","itemListElement":[{"@type":"ListItem","position":1,"name":"Portada","item":"https:\/\/iglesiarincon.org\/revista\/"},{"@type":"ListItem","position":2,"name":"\u00bfQu\u00e9 quiero?"}]},{"@type":"WebSite","@id":"https:\/\/iglesiarincon.org\/revista\/#website","url":"https:\/\/iglesiarincon.org\/revista\/","name":"La Revista de Rinc&oacute;n","description":"Compartiendo lo mejor","potentialAction":[{"@type":"SearchAction","target":{"@type":"EntryPoint","urlTemplate":"https:\/\/iglesiarincon.org\/revista\/?s={search_term_string}"},"query-input":{"@type":"PropertyValueSpecification","valueRequired":true,"valueName":"search_term_string"}}],"inLanguage":"es"},{"@type":"Person","@id":"https:\/\/iglesiarincon.org\/revista\/#\/schema\/person\/a8b2fdd8f8efe2495a340a0febbe7df4","name":"Ricky Bisio","image":{"@type":"ImageObject","inLanguage":"es","@id":"https:\/\/iglesiarincon.org\/revista\/wp-content\/uploads\/2021\/07\/Ricky-Bisio.jpeg","url":"https:\/\/iglesiarincon.org\/revista\/wp-content\/uploads\/2021\/07\/Ricky-Bisio.jpeg","contentUrl":"https:\/\/iglesiarincon.org\/revista\/wp-content\/uploads\/2021\/07\/Ricky-Bisio.jpeg","caption":"Ricky Bisio"},"url":"#molongui-disabled-link"}]}},"_links":{"self":[{"href":"https:\/\/iglesiarincon.org\/revista\/wp-json\/wp\/v2\/posts\/7067","targetHints":{"allow":["GET"]}}],"collection":[{"href":"https:\/\/iglesiarincon.org\/revista\/wp-json\/wp\/v2\/posts"}],"about":[{"href":"https:\/\/iglesiarincon.org\/revista\/wp-json\/wp\/v2\/types\/post"}],"author":[{"embeddable":true,"href":"https:\/\/iglesiarincon.org\/revista\/wp-json\/wp\/v2\/users\/3"}],"replies":[{"embeddable":true,"href":"https:\/\/iglesiarincon.org\/revista\/wp-json\/wp\/v2\/comments?post=7067"}],"version-history":[{"count":4,"href":"https:\/\/iglesiarincon.org\/revista\/wp-json\/wp\/v2\/posts\/7067\/revisions"}],"predecessor-version":[{"id":7072,"href":"https:\/\/iglesiarincon.org\/revista\/wp-json\/wp\/v2\/posts\/7067\/revisions\/7072"}],"wp:featuredmedia":[{"embeddable":true,"href":"https:\/\/iglesiarincon.org\/revista\/wp-json\/wp\/v2\/media\/7068"}],"wp:attachment":[{"href":"https:\/\/iglesiarincon.org\/revista\/wp-json\/wp\/v2\/media?parent=7067"}],"wp:term":[{"taxonomy":"category","embeddable":true,"href":"https:\/\/iglesiarincon.org\/revista\/wp-json\/wp\/v2\/categories?post=7067"},{"taxonomy":"post_tag","embeddable":true,"href":"https:\/\/iglesiarincon.org\/revista\/wp-json\/wp\/v2\/tags?post=7067"}],"curies":[{"name":"wp","href":"https:\/\/api.w.org\/{rel}","templated":true}]}}