{"id":7032,"date":"2022-02-01T16:58:58","date_gmt":"2022-02-01T19:58:58","guid":{"rendered":"https:\/\/iglesiarincon.org\/revista\/?p=7032"},"modified":"2022-02-01T17:36:17","modified_gmt":"2022-02-01T20:36:17","slug":"jovenes-agradecidos","status":"publish","type":"post","link":"https:\/\/iglesiarincon.org\/revista\/jovenes-agradecidos\/","title":{"rendered":"J\u00f3venes Agradecidos"},"content":{"rendered":"[et_pb_section fb_built=\u00bb1&#8243; _builder_version=\u00bb4.9.11&#8243; _module_preset=\u00bbdefault\u00bb global_colors_info=\u00bb{}\u00bb][et_pb_row _builder_version=\u00bb4.9.11&#8243; _module_preset=\u00bbdefault\u00bb global_colors_info=\u00bb{}\u00bb][et_pb_column type=\u00bb4_4&#8243; _builder_version=\u00bb4.9.11&#8243; _module_preset=\u00bbdefault\u00bb global_colors_info=\u00bb{}\u00bb][et_pb_text admin_label=\u00bbVersiculo\u00bb _builder_version=\u00bb4.14.7&#8243; _module_preset=\u00bbdefault\u00bb text_font=\u00bb||||||||\u00bb text_font_size=\u00bb18px\u00bb text_text_shadow_style=\u00bbpreset3&#8243; global_colors_info=\u00bb{}\u00bb]\n<p style=\"text-align: center;\"><strong>\u00abOh Dios, me ense\u00f1aste desde mi juventud, Y hasta ahora he manifestado tus maravillas.\u00bb<\/strong><\/p>\n<p style=\"text-align: center;\"><strong>Salmos 71:17<\/strong><\/p>\n[\/et_pb_text][et_pb_text _builder_version=\u00bb4.14.7&#8243; _module_preset=\u00bbdefault\u00bb text_font=\u00bb||||||||\u00bb text_font_size=\u00bb18px\u00bb global_colors_info=\u00bb{}\u00bb]\n<p>Nuestro Dios amoroso cumpli\u00f3 una vez m\u00e1s sus promesas. \u00c9l obr\u00f3 mucho m\u00e1s de lo que\u00a0 imagin\u00e1bamos y plane\u00e1bamos. Se mostr\u00f3 y nos ense\u00f1\u00f3 quien es \u00c9l. Volvimos la mirada hacia Dios Padre. Volvimos a escuchar la Verdad. Nos ense\u00f1\u00f3 sobre nuestra condici\u00f3n y la necesidad de su Gracia.<\/p>\n<p>Decidimos volver a reconocer su autoridad en nuestros corazones para aprender a esforzarnos todos los d\u00edas en la Gracia que es en Cristo Jes\u00fas. <br \/>Y nos abraz\u00f3 a cada uno con especial amor conociendo nuestras luchas.<\/p>\n<p>Dios en este campamento salv\u00f3 vidas, consol\u00f3, confront\u00f3, restaur\u00f3 relaciones, quebrant\u00f3 corazones, recibi\u00f3 con un abrazo a los hijos que decidimos volver a casa y no par\u00f3 de sorprendernos, mimarnos y cuidarnos en cada detalle.<\/p>\n<p>As\u00ed que, Familia Rinc\u00f3n, gracias por cada oraci\u00f3n y cada ofrenda.<\/p>\n<p>Los j\u00f3venes los amamos y necesitamos de ustedes.<\/p>\n[\/et_pb_text][et_pb_gallery gallery_ids=\u00bb7049,7050,7051,7052,7053,7054,7055,7056,7057,7058,7059&#8243; fullwidth=\u00bbon\u00bb _builder_version=\u00bb4.14.7&#8243; _module_preset=\u00bbdefault\u00bb auto=\u00bbon\u00bb auto_speed=\u00bb5000&#8243; global_colors_info=\u00bb{}\u00bb][\/et_pb_gallery][\/et_pb_column][\/et_pb_row][\/et_pb_section]\n","protected":false},"excerpt":{"rendered":"<p>\u00abOh Dios, me ense\u00f1aste desde mi juventud, Y hasta ahora he manifestado tus maravillas.\u00bb Salmos 71:17Nuestro Dios amoroso cumpli\u00f3 una vez m\u00e1s sus promesas. \u00c9l obr\u00f3 mucho m\u00e1s de lo que\u00a0 imagin\u00e1bamos y plane\u00e1bamos. Se mostr\u00f3 y nos ense\u00f1\u00f3 quien es \u00c9l. Volvimos la mirada hacia Dios Padre. Volvimos a escuchar la Verdad. Nos ense\u00f1\u00f3 [&hellip;]<\/p>\n","protected":false},"author":2,"featured_media":7029,"comment_status":"open","ping_status":"open","sticky":false,"template":"","format":"standard","meta":{"_et_pb_use_builder":"on","_et_pb_old_content":"","_et_gb_content_width":"","footnotes":""},"categories":[4,60],"tags":[],"class_list":["post-7032","post","type-post","status-publish","format-standard","has-post-thumbnail","hentry","category-actualidades","category-espacio-joven","et-has-post-format-content","et_post_format-et-post-format-standard"],"yoast_head":"<!-- This site is optimized with the Yoast SEO plugin v27.5 - https:\/\/yoast.com\/product\/yoast-seo-wordpress\/ -->\n<title>J\u00f3venes Agradecidos - La Revista de Rinc&oacute;n<\/title>\n<meta name=\"description\" content=\"Nuestro Dios amoroso cumpli\u00f3 una vez m\u00e1s sus promesas. \u00c9l obr\u00f3 mucho m\u00e1s de lo que imagin\u00e1bamos y plane\u00e1bamos.\" \/>\n<meta name=\"robots\" content=\"index, follow, max-snippet:-1, max-image-preview:large, max-video-preview:-1\" \/>\n<link rel=\"canonical\" href=\"https:\/\/iglesiarincon.org\/revista\/jovenes-agradecidos\/\" \/>\n<meta property=\"og:locale\" content=\"es_ES\" \/>\n<meta property=\"og:type\" content=\"article\" \/>\n<meta property=\"og:title\" content=\"J\u00f3venes Agradecidos - La Revista de Rinc&oacute;n\" \/>\n<meta property=\"og:description\" content=\"Nuestro Dios amoroso cumpli\u00f3 una vez m\u00e1s sus promesas. \u00c9l obr\u00f3 mucho m\u00e1s de lo que imagin\u00e1bamos y plane\u00e1bamos.\" \/>\n<meta property=\"og:url\" content=\"https:\/\/iglesiarincon.org\/revista\/jovenes-agradecidos\/\" \/>\n<meta property=\"og:site_name\" content=\"La Revista de Rinc&oacute;n\" \/>\n<meta property=\"article:published_time\" content=\"2022-02-01T19:58:58+00:00\" \/>\n<meta property=\"article:modified_time\" content=\"2022-02-01T20:36:17+00:00\" \/>\n<meta property=\"og:image\" content=\"https:\/\/iglesiarincon.org\/revista\/wp-content\/uploads\/2022\/02\/jovenes_agradecidos.jpg\" \/>\n\t<meta property=\"og:image:width\" content=\"1280\" \/>\n\t<meta property=\"og:image:height\" content=\"720\" \/>\n\t<meta property=\"og:image:type\" content=\"image\/jpeg\" \/>\n<meta name=\"author\" content=\"Joel B.\" \/>\n<meta name=\"twitter:card\" content=\"summary_large_image\" \/>\n<meta name=\"twitter:label1\" content=\"Escrito por\" \/>\n\t<meta name=\"twitter:data1\" content=\"Joel B.\" \/>\n\t<meta name=\"twitter:label2\" content=\"Tiempo de lectura\" \/>\n\t<meta name=\"twitter:data2\" content=\"1 minuto\" \/>\n<script type=\"application\/ld+json\" class=\"yoast-schema-graph\">{\"@context\":\"https:\\\/\\\/schema.org\",\"@graph\":[{\"@type\":\"Article\",\"@id\":\"https:\\\/\\\/iglesiarincon.org\\\/revista\\\/jovenes-agradecidos\\\/#article\",\"isPartOf\":{\"@id\":\"https:\\\/\\\/iglesiarincon.org\\\/revista\\\/jovenes-agradecidos\\\/\"},\"author\":{\"name\":\"Joel B.\",\"@id\":\"https:\\\/\\\/iglesiarincon.org\\\/revista\\\/#\\\/schema\\\/person\\\/6555ee1987df7656f4b7ba4a7789706e\"},\"headline\":\"J\u00f3venes Agradecidos\",\"datePublished\":\"2022-02-01T19:58:58+00:00\",\"dateModified\":\"2022-02-01T20:36:17+00:00\",\"mainEntityOfPage\":{\"@id\":\"https:\\\/\\\/iglesiarincon.org\\\/revista\\\/jovenes-agradecidos\\\/\"},\"wordCount\":283,\"commentCount\":0,\"image\":{\"@id\":\"https:\\\/\\\/iglesiarincon.org\\\/revista\\\/jovenes-agradecidos\\\/#primaryimage\"},\"thumbnailUrl\":\"https:\\\/\\\/iglesiarincon.org\\\/revista\\\/wp-content\\\/uploads\\\/2022\\\/02\\\/jovenes_agradecidos.jpg\",\"articleSection\":[\"Actualidades\",\"Espacio joven\"],\"inLanguage\":\"es\",\"potentialAction\":[{\"@type\":\"CommentAction\",\"name\":\"Comment\",\"target\":[\"https:\\\/\\\/iglesiarincon.org\\\/revista\\\/jovenes-agradecidos\\\/#respond\"]}]},{\"@type\":\"WebPage\",\"@id\":\"https:\\\/\\\/iglesiarincon.org\\\/revista\\\/jovenes-agradecidos\\\/\",\"url\":\"https:\\\/\\\/iglesiarincon.org\\\/revista\\\/jovenes-agradecidos\\\/\",\"name\":\"J\u00f3venes Agradecidos - La Revista de Rinc&oacute;n\",\"isPartOf\":{\"@id\":\"https:\\\/\\\/iglesiarincon.org\\\/revista\\\/#website\"},\"primaryImageOfPage\":{\"@id\":\"https:\\\/\\\/iglesiarincon.org\\\/revista\\\/jovenes-agradecidos\\\/#primaryimage\"},\"image\":{\"@id\":\"https:\\\/\\\/iglesiarincon.org\\\/revista\\\/jovenes-agradecidos\\\/#primaryimage\"},\"thumbnailUrl\":\"https:\\\/\\\/iglesiarincon.org\\\/revista\\\/wp-content\\\/uploads\\\/2022\\\/02\\\/jovenes_agradecidos.jpg\",\"datePublished\":\"2022-02-01T19:58:58+00:00\",\"dateModified\":\"2022-02-01T20:36:17+00:00\",\"author\":{\"@id\":\"https:\\\/\\\/iglesiarincon.org\\\/revista\\\/#\\\/schema\\\/person\\\/6555ee1987df7656f4b7ba4a7789706e\"},\"description\":\"Nuestro Dios amoroso cumpli\u00f3 una vez m\u00e1s sus promesas. \u00c9l obr\u00f3 mucho m\u00e1s de lo que imagin\u00e1bamos y plane\u00e1bamos.\",\"breadcrumb\":{\"@id\":\"https:\\\/\\\/iglesiarincon.org\\\/revista\\\/jovenes-agradecidos\\\/#breadcrumb\"},\"inLanguage\":\"es\",\"potentialAction\":[{\"@type\":\"ReadAction\",\"target\":[\"https:\\\/\\\/iglesiarincon.org\\\/revista\\\/jovenes-agradecidos\\\/\"]}]},{\"@type\":\"ImageObject\",\"inLanguage\":\"es\",\"@id\":\"https:\\\/\\\/iglesiarincon.org\\\/revista\\\/jovenes-agradecidos\\\/#primaryimage\",\"url\":\"https:\\\/\\\/iglesiarincon.org\\\/revista\\\/wp-content\\\/uploads\\\/2022\\\/02\\\/jovenes_agradecidos.jpg\",\"contentUrl\":\"https:\\\/\\\/iglesiarincon.org\\\/revista\\\/wp-content\\\/uploads\\\/2022\\\/02\\\/jovenes_agradecidos.jpg\",\"width\":1280,\"height\":720},{\"@type\":\"BreadcrumbList\",\"@id\":\"https:\\\/\\\/iglesiarincon.org\\\/revista\\\/jovenes-agradecidos\\\/#breadcrumb\",\"itemListElement\":[{\"@type\":\"ListItem\",\"position\":1,\"name\":\"Portada\",\"item\":\"https:\\\/\\\/iglesiarincon.org\\\/revista\\\/\"},{\"@type\":\"ListItem\",\"position\":2,\"name\":\"J\u00f3venes Agradecidos\"}]},{\"@type\":\"WebSite\",\"@id\":\"https:\\\/\\\/iglesiarincon.org\\\/revista\\\/#website\",\"url\":\"https:\\\/\\\/iglesiarincon.org\\\/revista\\\/\",\"name\":\"La Revista de Rinc&oacute;n\",\"description\":\"Compartiendo lo mejor\",\"potentialAction\":[{\"@type\":\"SearchAction\",\"target\":{\"@type\":\"EntryPoint\",\"urlTemplate\":\"https:\\\/\\\/iglesiarincon.org\\\/revista\\\/?s={search_term_string}\"},\"query-input\":{\"@type\":\"PropertyValueSpecification\",\"valueRequired\":true,\"valueName\":\"search_term_string\"}}],\"inLanguage\":\"es\"},{\"@type\":\"Person\",\"@id\":\"https:\\\/\\\/iglesiarincon.org\\\/revista\\\/#\\\/schema\\\/person\\\/6555ee1987df7656f4b7ba4a7789706e\",\"name\":\"Joel B.\",\"image\":{\"@type\":\"ImageObject\",\"inLanguage\":\"es\",\"@id\":\"https:\\\/\\\/secure.gravatar.com\\\/avatar\\\/?s=96&d=mm&r=g\",\"url\":\"https:\\\/\\\/secure.gravatar.com\\\/avatar\\\/?s=96&d=mm&r=g\",\"contentUrl\":\"https:\\\/\\\/secure.gravatar.com\\\/avatar\\\/?s=96&d=mm&r=g\",\"caption\":\"Joel B.\"},\"url\":\"#molongui-disabled-link\"}]}<\/script>\n<!-- \/ Yoast SEO plugin. -->","yoast_head_json":{"title":"J\u00f3venes Agradecidos - La Revista de Rinc&oacute;n","description":"Nuestro Dios amoroso cumpli\u00f3 una vez m\u00e1s sus promesas. \u00c9l obr\u00f3 mucho m\u00e1s de lo que imagin\u00e1bamos y plane\u00e1bamos.","robots":{"index":"index","follow":"follow","max-snippet":"max-snippet:-1","max-image-preview":"max-image-preview:large","max-video-preview":"max-video-preview:-1"},"canonical":"https:\/\/iglesiarincon.org\/revista\/jovenes-agradecidos\/","og_locale":"es_ES","og_type":"article","og_title":"J\u00f3venes Agradecidos - La Revista de Rinc&oacute;n","og_description":"Nuestro Dios amoroso cumpli\u00f3 una vez m\u00e1s sus promesas. \u00c9l obr\u00f3 mucho m\u00e1s de lo que imagin\u00e1bamos y plane\u00e1bamos.","og_url":"https:\/\/iglesiarincon.org\/revista\/jovenes-agradecidos\/","og_site_name":"La Revista de Rinc&oacute;n","article_published_time":"2022-02-01T19:58:58+00:00","article_modified_time":"2022-02-01T20:36:17+00:00","og_image":[{"width":1280,"height":720,"url":"https:\/\/iglesiarincon.org\/revista\/wp-content\/uploads\/2022\/02\/jovenes_agradecidos.jpg","type":"image\/jpeg"}],"author":"Joel B.","twitter_card":"summary_large_image","twitter_misc":{"Escrito por":"Joel B.","Tiempo de lectura":"1 minuto"},"schema":{"@context":"https:\/\/schema.org","@graph":[{"@type":"Article","@id":"https:\/\/iglesiarincon.org\/revista\/jovenes-agradecidos\/#article","isPartOf":{"@id":"https:\/\/iglesiarincon.org\/revista\/jovenes-agradecidos\/"},"author":{"name":"Joel B.","@id":"https:\/\/iglesiarincon.org\/revista\/#\/schema\/person\/6555ee1987df7656f4b7ba4a7789706e"},"headline":"J\u00f3venes Agradecidos","datePublished":"2022-02-01T19:58:58+00:00","dateModified":"2022-02-01T20:36:17+00:00","mainEntityOfPage":{"@id":"https:\/\/iglesiarincon.org\/revista\/jovenes-agradecidos\/"},"wordCount":283,"commentCount":0,"image":{"@id":"https:\/\/iglesiarincon.org\/revista\/jovenes-agradecidos\/#primaryimage"},"thumbnailUrl":"https:\/\/iglesiarincon.org\/revista\/wp-content\/uploads\/2022\/02\/jovenes_agradecidos.jpg","articleSection":["Actualidades","Espacio joven"],"inLanguage":"es","potentialAction":[{"@type":"CommentAction","name":"Comment","target":["https:\/\/iglesiarincon.org\/revista\/jovenes-agradecidos\/#respond"]}]},{"@type":"WebPage","@id":"https:\/\/iglesiarincon.org\/revista\/jovenes-agradecidos\/","url":"https:\/\/iglesiarincon.org\/revista\/jovenes-agradecidos\/","name":"J\u00f3venes Agradecidos - La Revista de Rinc&oacute;n","isPartOf":{"@id":"https:\/\/iglesiarincon.org\/revista\/#website"},"primaryImageOfPage":{"@id":"https:\/\/iglesiarincon.org\/revista\/jovenes-agradecidos\/#primaryimage"},"image":{"@id":"https:\/\/iglesiarincon.org\/revista\/jovenes-agradecidos\/#primaryimage"},"thumbnailUrl":"https:\/\/iglesiarincon.org\/revista\/wp-content\/uploads\/2022\/02\/jovenes_agradecidos.jpg","datePublished":"2022-02-01T19:58:58+00:00","dateModified":"2022-02-01T20:36:17+00:00","author":{"@id":"https:\/\/iglesiarincon.org\/revista\/#\/schema\/person\/6555ee1987df7656f4b7ba4a7789706e"},"description":"Nuestro Dios amoroso cumpli\u00f3 una vez m\u00e1s sus promesas. \u00c9l obr\u00f3 mucho m\u00e1s de lo que imagin\u00e1bamos y plane\u00e1bamos.","breadcrumb":{"@id":"https:\/\/iglesiarincon.org\/revista\/jovenes-agradecidos\/#breadcrumb"},"inLanguage":"es","potentialAction":[{"@type":"ReadAction","target":["https:\/\/iglesiarincon.org\/revista\/jovenes-agradecidos\/"]}]},{"@type":"ImageObject","inLanguage":"es","@id":"https:\/\/iglesiarincon.org\/revista\/jovenes-agradecidos\/#primaryimage","url":"https:\/\/iglesiarincon.org\/revista\/wp-content\/uploads\/2022\/02\/jovenes_agradecidos.jpg","contentUrl":"https:\/\/iglesiarincon.org\/revista\/wp-content\/uploads\/2022\/02\/jovenes_agradecidos.jpg","width":1280,"height":720},{"@type":"BreadcrumbList","@id":"https:\/\/iglesiarincon.org\/revista\/jovenes-agradecidos\/#breadcrumb","itemListElement":[{"@type":"ListItem","position":1,"name":"Portada","item":"https:\/\/iglesiarincon.org\/revista\/"},{"@type":"ListItem","position":2,"name":"J\u00f3venes Agradecidos"}]},{"@type":"WebSite","@id":"https:\/\/iglesiarincon.org\/revista\/#website","url":"https:\/\/iglesiarincon.org\/revista\/","name":"La Revista de Rinc&oacute;n","description":"Compartiendo lo mejor","potentialAction":[{"@type":"SearchAction","target":{"@type":"EntryPoint","urlTemplate":"https:\/\/iglesiarincon.org\/revista\/?s={search_term_string}"},"query-input":{"@type":"PropertyValueSpecification","valueRequired":true,"valueName":"search_term_string"}}],"inLanguage":"es"},{"@type":"Person","@id":"https:\/\/iglesiarincon.org\/revista\/#\/schema\/person\/6555ee1987df7656f4b7ba4a7789706e","name":"Joel B.","image":{"@type":"ImageObject","inLanguage":"es","@id":"https:\/\/secure.gravatar.com\/avatar\/?s=96&d=mm&r=g","url":"https:\/\/secure.gravatar.com\/avatar\/?s=96&d=mm&r=g","contentUrl":"https:\/\/secure.gravatar.com\/avatar\/?s=96&d=mm&r=g","caption":"Joel B."},"url":"#molongui-disabled-link"}]}},"_links":{"self":[{"href":"https:\/\/iglesiarincon.org\/revista\/wp-json\/wp\/v2\/posts\/7032","targetHints":{"allow":["GET"]}}],"collection":[{"href":"https:\/\/iglesiarincon.org\/revista\/wp-json\/wp\/v2\/posts"}],"about":[{"href":"https:\/\/iglesiarincon.org\/revista\/wp-json\/wp\/v2\/types\/post"}],"author":[{"embeddable":true,"href":"https:\/\/iglesiarincon.org\/revista\/wp-json\/wp\/v2\/users\/2"}],"replies":[{"embeddable":true,"href":"https:\/\/iglesiarincon.org\/revista\/wp-json\/wp\/v2\/comments?post=7032"}],"version-history":[{"count":5,"href":"https:\/\/iglesiarincon.org\/revista\/wp-json\/wp\/v2\/posts\/7032\/revisions"}],"predecessor-version":[{"id":7063,"href":"https:\/\/iglesiarincon.org\/revista\/wp-json\/wp\/v2\/posts\/7032\/revisions\/7063"}],"wp:featuredmedia":[{"embeddable":true,"href":"https:\/\/iglesiarincon.org\/revista\/wp-json\/wp\/v2\/media\/7029"}],"wp:attachment":[{"href":"https:\/\/iglesiarincon.org\/revista\/wp-json\/wp\/v2\/media?parent=7032"}],"wp:term":[{"taxonomy":"category","embeddable":true,"href":"https:\/\/iglesiarincon.org\/revista\/wp-json\/wp\/v2\/categories?post=7032"},{"taxonomy":"post_tag","embeddable":true,"href":"https:\/\/iglesiarincon.org\/revista\/wp-json\/wp\/v2\/tags?post=7032"}],"curies":[{"name":"wp","href":"https:\/\/api.w.org\/{rel}","templated":true}]}}