{"id":6785,"date":"2021-12-22T15:31:00","date_gmt":"2021-12-22T18:31:00","guid":{"rendered":"https:\/\/iglesiarincon.org\/revista\/?p=6785"},"modified":"2021-12-24T12:33:54","modified_gmt":"2021-12-24T15:33:54","slug":"regalo-de-la-navidad","status":"publish","type":"post","link":"https:\/\/iglesiarincon.org\/revista\/regalo-de-la-navidad\/","title":{"rendered":"Regalo de la Navidad"},"content":{"rendered":"\n[et_pb_section fb_built=\u00bb1&#8243; _builder_version=\u00bb4.9.2&#8243; _module_preset=\u00bbdefault\u00bb global_colors_info=\u00bb{}\u00bb][et_pb_row _builder_version=\u00bb4.9.2&#8243; _module_preset=\u00bbdefault\u00bb global_colors_info=\u00bb{}\u00bb][et_pb_column type=\u00bb4_4&#8243; _builder_version=\u00bb4.9.2&#8243; _module_preset=\u00bbdefault\u00bb global_colors_info=\u00bb{}\u00bb][et_pb_text _builder_version=\u00bb4.14.4&#8243; _module_preset=\u00bbdefault\u00bb text_font=\u00bbTrebuchet||||||||\u00bb text_font_size=\u00bb17px\u00bb text_text_shadow_style=\u00bbpreset3&#8243; global_colors_info=\u00bb{}\u00bb]<p style=\"text-align: center;\">\u00abJes\u00fas ser\u00e1 grande y ser\u00e1 llamado Hijo del Alt\u00edsimo; y el Se\u00f1or Dios<br \/>le dar\u00e1 el trono de su padre David.\u00bb<\/p>\n<p style=\"text-align: center;\">Lucas 1:32<\/p>[\/et_pb_text][et_pb_text _builder_version=\u00bb4.9.2&#8243; _module_preset=\u00bbdefault\u00bb text_font=\u00bbTrebuchet||||||||\u00bb text_font_size=\u00bb17px\u00bb global_colors_info=\u00bb{}\u00bb]<p>La ciudad est\u00e1 vestida de rojo y blanco. La navidad est\u00e1 por llegar.<br \/>Todo cambia m\u00e1gicamente y los negocios sacan promociones de cualquier cosa para vender m\u00e1s. Aparecen los saludos navide\u00f1os y los deseos de un pr\u00f3spero a\u00f1o nuevo, y entre estos mensajes, recib\u00ed esta plegaria irlandesa que quisiera compartir:<\/p>[\/et_pb_text][et_pb_text _builder_version=\u00bb4.14.4&#8243; _module_preset=\u00bbdefault\u00bb text_font=\u00bbTrebuchet||||||||\u00bb text_text_color=\u00bb#000038&#8243; text_font_size=\u00bb17px\u00bb text_text_shadow_style=\u00bbpreset3&#8243; global_colors_info=\u00bb{}\u00bb]<p>Que Dios les de\u2026.<br \/>Por cada tormenta, un arco iris,<br \/>Por cada l\u00e1grima, una sonrisa,<br \/>Por cada preocupaci\u00f3n, una promesa,<br \/>y una bendici\u00f3n en cada prueba.<br \/>Para cada problema que la vida trae, un amigo fiel para compartir,<br \/>Por cada suspiro, una dulce canci\u00f3n,<br \/>y una respuesta para cada oraci\u00f3n.<\/p>\n<p><strong>FEL\u00cdZ NAVIDAD, FELIZ A\u00d1O NUEVO<\/strong><\/p>[\/et_pb_text][et_pb_text _builder_version=\u00bb4.14.4&#8243; _module_preset=\u00bbdefault\u00bb text_font=\u00bbTrebuchet||||||||\u00bb text_font_size=\u00bb17px\u00bb global_colors_info=\u00bb{}\u00bb]<p>El \u00e1ngel le anunci\u00f3 a Mar\u00eda que iba a ser la madre del Salvador. Pero le dej\u00f3 bien en claro quien era Jesucristo. No era alguien m\u00e1s. Era el mismo Hijo del Alt\u00edsimo y el due\u00f1o del Trono. Quien iba a nacer en Bel\u00e9n aquella noche no era alguien m\u00e1s. Iba a ser el nacimiento m\u00e1s importante de toda la historia de la humanidad. Un hecho \u00fanico y especial. Iba a nacer Cristo. Y su nacimiento iba a generar justamente, todo lo que la plegaria irlandesa desea para este a\u00f1o.<\/p>\n<p>Jesucristo es mas que el Salvador, como si eso no fuera suficiente. Adem\u00e1s, \u00c9l es el Arco Iris de tus tormentas, es tu Sonrisa para la tristeza, es tu Promesa Fiel y<br \/>permanente para tus dudas, es tu\u00a0 bendici\u00f3n para tus momentos de pruebas, es tu Amigo Fiel, para las dificultades de la vida, es tu Dulce Canci\u00f3n de consuelo para tu suspiro de desaliento y es tu Respuesta a cada oraci\u00f3n.<\/p>\n<p>Que en estas fiestas, donde todos est\u00e1n tan preocupados por comprar la comida, o regalar bonitos presentes, o adornar la casa con luces, podamos recuperar el verdadero sentido de la Navidad. Que es celebrar el maravilloso nacimiento de Jesucristo. El Hijo de Dios. El Salvador del mundo. El que cumple las plegarias irlandesas, aunque vos no seas irland\u00e9s.<\/p>\n<p>Que hoy puedas adorar a Dios, y\u00a0 agradecerle por el incre\u00edble y maravilloso regalo de la navidad, que es efectivo y \u00fatil todo el a\u00f1o: <em><strong>Cristo<\/strong><\/em>.<\/p>\n<p>REFLEXI\u00d3N &#8211; Cristo te cumple la plegaria.<\/p>[\/et_pb_text][et_pb_video src=\u00bbhttps:\/\/02-revista.s3.sa-east-1.amazonaws.com\/Videos\/20211223_vid_TWICE+M%C3%9ASICA+feat.+JOHNNY+REZ+-+Esta+Navidad+(Videoclip).mp4&#8243; _builder_version=\u00bb4.14.4&#8243; _module_preset=\u00bbdefault\u00bb hover_enabled=\u00bb0&#8243; sticky_enabled=\u00bb0&#8243; title_text=\u00bbesta_navidad\u00bb image_src=\u00bbhttps:\/\/iglesiarincon.org\/revista\/wp-content\/uploads\/2021\/12\/esta_navidad.jpg\u00bb][\/et_pb_video][et_pb_text _builder_version=\u00bb4.14.4&#8243; _module_preset=\u00bbdefault\u00bb hover_enabled=\u00bb0&#8243; sticky_enabled=\u00bb0&#8243; text_font_size=\u00bb12px\u00bb]<p><a href=\"https:\/\/www.youtube.com\/watch?v=_2ae2ts8jcM\" target=\"_blank\" rel=\"noopener\"><span style=\"text-decoration: underline;\"><span style=\"color: #000080; text-decoration: underline;\">TWICE M\u00daSICA feat. JOHNNY REZ &#8211; Esta Navidad (youtube)<\/span><\/span><\/a><\/p>[\/et_pb_text][\/et_pb_column][\/et_pb_row][\/et_pb_section]\n","protected":false},"excerpt":{"rendered":"<p>\u00abJes\u00fas ser\u00e1 grande y ser\u00e1 llamado Hijo del Alt\u00edsimo; y el Se\u00f1or Diosle dar\u00e1 el trono de su padre David.\u00bb Lucas 1:32La ciudad est\u00e1 vestida de rojo y blanco. La navidad est\u00e1 por llegar.Todo cambia m\u00e1gicamente y los negocios sacan promociones de cualquier cosa para vender m\u00e1s. Aparecen los saludos navide\u00f1os y los deseos de [&hellip;]<\/p>\n","protected":false},"author":2,"featured_media":6788,"comment_status":"open","ping_status":"open","sticky":false,"template":"","format":"standard","meta":{"_et_pb_use_builder":"on","_et_pb_old_content":"","_et_gb_content_width":"","footnotes":""},"categories":[60,3],"tags":[],"class_list":["post-6785","post","type-post","status-publish","format-standard","has-post-thumbnail","hentry","category-espacio-joven","category-reflexiones","et-has-post-format-content","et_post_format-et-post-format-standard"],"yoast_head":"<!-- This site is optimized with the Yoast SEO plugin v27.5 - https:\/\/yoast.com\/product\/yoast-seo-wordpress\/ -->\n<title>Regalo de la Navidad - La Revista de Rinc&oacute;n<\/title>\n<meta name=\"description\" content=\"La ciudad est\u00e1 vestida de rojo y blanco. La navidad est\u00e1 por llegar.\" \/>\n<meta name=\"robots\" content=\"index, follow, max-snippet:-1, max-image-preview:large, max-video-preview:-1\" \/>\n<link rel=\"canonical\" href=\"https:\/\/iglesiarincon.org\/revista\/regalo-de-la-navidad\/\" \/>\n<meta property=\"og:locale\" content=\"es_ES\" \/>\n<meta property=\"og:type\" content=\"article\" \/>\n<meta property=\"og:title\" content=\"Regalo de la Navidad - La Revista de Rinc&oacute;n\" \/>\n<meta property=\"og:description\" content=\"La ciudad est\u00e1 vestida de rojo y blanco. La navidad est\u00e1 por llegar.\" \/>\n<meta property=\"og:url\" content=\"https:\/\/iglesiarincon.org\/revista\/regalo-de-la-navidad\/\" \/>\n<meta property=\"og:site_name\" content=\"La Revista de Rinc&oacute;n\" \/>\n<meta property=\"article:published_time\" content=\"2021-12-22T18:31:00+00:00\" \/>\n<meta property=\"article:modified_time\" content=\"2021-12-24T15:33:54+00:00\" \/>\n<meta property=\"og:image\" content=\"https:\/\/iglesiarincon.org\/revista\/wp-content\/uploads\/2021\/12\/regalo_de_nvidad.jpg\" \/>\n\t<meta property=\"og:image:width\" content=\"1280\" \/>\n\t<meta property=\"og:image:height\" content=\"853\" \/>\n\t<meta property=\"og:image:type\" content=\"image\/jpeg\" \/>\n<meta name=\"author\" content=\"Daniel P\u00e9rez Cliffe\" \/>\n<meta name=\"twitter:card\" content=\"summary_large_image\" \/>\n<meta name=\"twitter:label1\" content=\"Escrito por\" \/>\n\t<meta name=\"twitter:data1\" content=\"Daniel P\u00e9rez Cliffe\" \/>\n\t<meta name=\"twitter:label2\" content=\"Tiempo de lectura\" \/>\n\t<meta name=\"twitter:data2\" content=\"3 minutos\" \/>\n<script type=\"application\/ld+json\" class=\"yoast-schema-graph\">{\"@context\":\"https:\\\/\\\/schema.org\",\"@graph\":[{\"@type\":\"Article\",\"@id\":\"https:\\\/\\\/iglesiarincon.org\\\/revista\\\/regalo-de-la-navidad\\\/#article\",\"isPartOf\":{\"@id\":\"https:\\\/\\\/iglesiarincon.org\\\/revista\\\/regalo-de-la-navidad\\\/\"},\"author\":{\"name\":\"Daniel P\u00e9rez Cliffe\",\"@id\":\"https:\\\/\\\/iglesiarincon.org\\\/revista\\\/#\\\/schema\\\/person\\\/6555ee1987df7656f4b7ba4a7789706e\"},\"headline\":\"Regalo de la Navidad\",\"datePublished\":\"2021-12-22T18:31:00+00:00\",\"dateModified\":\"2021-12-24T15:33:54+00:00\",\"mainEntityOfPage\":{\"@id\":\"https:\\\/\\\/iglesiarincon.org\\\/revista\\\/regalo-de-la-navidad\\\/\"},\"wordCount\":636,\"commentCount\":0,\"image\":{\"@id\":\"https:\\\/\\\/iglesiarincon.org\\\/revista\\\/regalo-de-la-navidad\\\/#primaryimage\"},\"thumbnailUrl\":\"https:\\\/\\\/iglesiarincon.org\\\/revista\\\/wp-content\\\/uploads\\\/2021\\\/12\\\/regalo_de_nvidad.jpg\",\"articleSection\":[\"Espacio joven\",\"Reflexiones\"],\"inLanguage\":\"es\",\"potentialAction\":[{\"@type\":\"CommentAction\",\"name\":\"Comment\",\"target\":[\"https:\\\/\\\/iglesiarincon.org\\\/revista\\\/regalo-de-la-navidad\\\/#respond\"]}]},{\"@type\":\"WebPage\",\"@id\":\"https:\\\/\\\/iglesiarincon.org\\\/revista\\\/regalo-de-la-navidad\\\/\",\"url\":\"https:\\\/\\\/iglesiarincon.org\\\/revista\\\/regalo-de-la-navidad\\\/\",\"name\":\"Regalo de la Navidad - La Revista de Rinc&oacute;n\",\"isPartOf\":{\"@id\":\"https:\\\/\\\/iglesiarincon.org\\\/revista\\\/#website\"},\"primaryImageOfPage\":{\"@id\":\"https:\\\/\\\/iglesiarincon.org\\\/revista\\\/regalo-de-la-navidad\\\/#primaryimage\"},\"image\":{\"@id\":\"https:\\\/\\\/iglesiarincon.org\\\/revista\\\/regalo-de-la-navidad\\\/#primaryimage\"},\"thumbnailUrl\":\"https:\\\/\\\/iglesiarincon.org\\\/revista\\\/wp-content\\\/uploads\\\/2021\\\/12\\\/regalo_de_nvidad.jpg\",\"datePublished\":\"2021-12-22T18:31:00+00:00\",\"dateModified\":\"2021-12-24T15:33:54+00:00\",\"author\":{\"@id\":\"https:\\\/\\\/iglesiarincon.org\\\/revista\\\/#\\\/schema\\\/person\\\/6555ee1987df7656f4b7ba4a7789706e\"},\"description\":\"La ciudad est\u00e1 vestida de rojo y blanco. La navidad est\u00e1 por llegar.\",\"breadcrumb\":{\"@id\":\"https:\\\/\\\/iglesiarincon.org\\\/revista\\\/regalo-de-la-navidad\\\/#breadcrumb\"},\"inLanguage\":\"es\",\"potentialAction\":[{\"@type\":\"ReadAction\",\"target\":[\"https:\\\/\\\/iglesiarincon.org\\\/revista\\\/regalo-de-la-navidad\\\/\"]}]},{\"@type\":\"ImageObject\",\"inLanguage\":\"es\",\"@id\":\"https:\\\/\\\/iglesiarincon.org\\\/revista\\\/regalo-de-la-navidad\\\/#primaryimage\",\"url\":\"https:\\\/\\\/iglesiarincon.org\\\/revista\\\/wp-content\\\/uploads\\\/2021\\\/12\\\/regalo_de_nvidad.jpg\",\"contentUrl\":\"https:\\\/\\\/iglesiarincon.org\\\/revista\\\/wp-content\\\/uploads\\\/2021\\\/12\\\/regalo_de_nvidad.jpg\",\"width\":1280,\"height\":853},{\"@type\":\"BreadcrumbList\",\"@id\":\"https:\\\/\\\/iglesiarincon.org\\\/revista\\\/regalo-de-la-navidad\\\/#breadcrumb\",\"itemListElement\":[{\"@type\":\"ListItem\",\"position\":1,\"name\":\"Portada\",\"item\":\"https:\\\/\\\/iglesiarincon.org\\\/revista\\\/\"},{\"@type\":\"ListItem\",\"position\":2,\"name\":\"Regalo de la Navidad\"}]},{\"@type\":\"WebSite\",\"@id\":\"https:\\\/\\\/iglesiarincon.org\\\/revista\\\/#website\",\"url\":\"https:\\\/\\\/iglesiarincon.org\\\/revista\\\/\",\"name\":\"La Revista de Rinc&oacute;n\",\"description\":\"Compartiendo lo mejor\",\"potentialAction\":[{\"@type\":\"SearchAction\",\"target\":{\"@type\":\"EntryPoint\",\"urlTemplate\":\"https:\\\/\\\/iglesiarincon.org\\\/revista\\\/?s={search_term_string}\"},\"query-input\":{\"@type\":\"PropertyValueSpecification\",\"valueRequired\":true,\"valueName\":\"search_term_string\"}}],\"inLanguage\":\"es\"},{\"@type\":\"Person\",\"@id\":\"https:\\\/\\\/iglesiarincon.org\\\/revista\\\/#\\\/schema\\\/person\\\/6555ee1987df7656f4b7ba4a7789706e\",\"name\":\"Daniel P\u00e9rez Cliffe\",\"image\":{\"@type\":\"ImageObject\",\"inLanguage\":\"es\",\"@id\":\"https:\\\/\\\/iglesiarincon.org\\\/revista\\\/wp-content\\\/uploads\\\/2021\\\/04\\\/daniel_perez_cliffe.jpg\",\"url\":\"https:\\\/\\\/iglesiarincon.org\\\/revista\\\/wp-content\\\/uploads\\\/2021\\\/04\\\/daniel_perez_cliffe.jpg\",\"contentUrl\":\"https:\\\/\\\/iglesiarincon.org\\\/revista\\\/wp-content\\\/uploads\\\/2021\\\/04\\\/daniel_perez_cliffe.jpg\",\"caption\":\"Daniel P\u00e9rez Cliffe\"},\"url\":\"#molongui-disabled-link\"}]}<\/script>\n<!-- \/ Yoast SEO plugin. -->","yoast_head_json":{"title":"Regalo de la Navidad - La Revista de Rinc&oacute;n","description":"La ciudad est\u00e1 vestida de rojo y blanco. La navidad est\u00e1 por llegar.","robots":{"index":"index","follow":"follow","max-snippet":"max-snippet:-1","max-image-preview":"max-image-preview:large","max-video-preview":"max-video-preview:-1"},"canonical":"https:\/\/iglesiarincon.org\/revista\/regalo-de-la-navidad\/","og_locale":"es_ES","og_type":"article","og_title":"Regalo de la Navidad - La Revista de Rinc&oacute;n","og_description":"La ciudad est\u00e1 vestida de rojo y blanco. La navidad est\u00e1 por llegar.","og_url":"https:\/\/iglesiarincon.org\/revista\/regalo-de-la-navidad\/","og_site_name":"La Revista de Rinc&oacute;n","article_published_time":"2021-12-22T18:31:00+00:00","article_modified_time":"2021-12-24T15:33:54+00:00","og_image":[{"width":1280,"height":853,"url":"https:\/\/iglesiarincon.org\/revista\/wp-content\/uploads\/2021\/12\/regalo_de_nvidad.jpg","type":"image\/jpeg"}],"author":"Daniel P\u00e9rez Cliffe","twitter_card":"summary_large_image","twitter_misc":{"Escrito por":"Daniel P\u00e9rez Cliffe","Tiempo de lectura":"3 minutos"},"schema":{"@context":"https:\/\/schema.org","@graph":[{"@type":"Article","@id":"https:\/\/iglesiarincon.org\/revista\/regalo-de-la-navidad\/#article","isPartOf":{"@id":"https:\/\/iglesiarincon.org\/revista\/regalo-de-la-navidad\/"},"author":{"name":"Daniel P\u00e9rez Cliffe","@id":"https:\/\/iglesiarincon.org\/revista\/#\/schema\/person\/6555ee1987df7656f4b7ba4a7789706e"},"headline":"Regalo de la Navidad","datePublished":"2021-12-22T18:31:00+00:00","dateModified":"2021-12-24T15:33:54+00:00","mainEntityOfPage":{"@id":"https:\/\/iglesiarincon.org\/revista\/regalo-de-la-navidad\/"},"wordCount":636,"commentCount":0,"image":{"@id":"https:\/\/iglesiarincon.org\/revista\/regalo-de-la-navidad\/#primaryimage"},"thumbnailUrl":"https:\/\/iglesiarincon.org\/revista\/wp-content\/uploads\/2021\/12\/regalo_de_nvidad.jpg","articleSection":["Espacio joven","Reflexiones"],"inLanguage":"es","potentialAction":[{"@type":"CommentAction","name":"Comment","target":["https:\/\/iglesiarincon.org\/revista\/regalo-de-la-navidad\/#respond"]}]},{"@type":"WebPage","@id":"https:\/\/iglesiarincon.org\/revista\/regalo-de-la-navidad\/","url":"https:\/\/iglesiarincon.org\/revista\/regalo-de-la-navidad\/","name":"Regalo de la Navidad - La Revista de Rinc&oacute;n","isPartOf":{"@id":"https:\/\/iglesiarincon.org\/revista\/#website"},"primaryImageOfPage":{"@id":"https:\/\/iglesiarincon.org\/revista\/regalo-de-la-navidad\/#primaryimage"},"image":{"@id":"https:\/\/iglesiarincon.org\/revista\/regalo-de-la-navidad\/#primaryimage"},"thumbnailUrl":"https:\/\/iglesiarincon.org\/revista\/wp-content\/uploads\/2021\/12\/regalo_de_nvidad.jpg","datePublished":"2021-12-22T18:31:00+00:00","dateModified":"2021-12-24T15:33:54+00:00","author":{"@id":"https:\/\/iglesiarincon.org\/revista\/#\/schema\/person\/6555ee1987df7656f4b7ba4a7789706e"},"description":"La ciudad est\u00e1 vestida de rojo y blanco. La navidad est\u00e1 por llegar.","breadcrumb":{"@id":"https:\/\/iglesiarincon.org\/revista\/regalo-de-la-navidad\/#breadcrumb"},"inLanguage":"es","potentialAction":[{"@type":"ReadAction","target":["https:\/\/iglesiarincon.org\/revista\/regalo-de-la-navidad\/"]}]},{"@type":"ImageObject","inLanguage":"es","@id":"https:\/\/iglesiarincon.org\/revista\/regalo-de-la-navidad\/#primaryimage","url":"https:\/\/iglesiarincon.org\/revista\/wp-content\/uploads\/2021\/12\/regalo_de_nvidad.jpg","contentUrl":"https:\/\/iglesiarincon.org\/revista\/wp-content\/uploads\/2021\/12\/regalo_de_nvidad.jpg","width":1280,"height":853},{"@type":"BreadcrumbList","@id":"https:\/\/iglesiarincon.org\/revista\/regalo-de-la-navidad\/#breadcrumb","itemListElement":[{"@type":"ListItem","position":1,"name":"Portada","item":"https:\/\/iglesiarincon.org\/revista\/"},{"@type":"ListItem","position":2,"name":"Regalo de la Navidad"}]},{"@type":"WebSite","@id":"https:\/\/iglesiarincon.org\/revista\/#website","url":"https:\/\/iglesiarincon.org\/revista\/","name":"La Revista de Rinc&oacute;n","description":"Compartiendo lo mejor","potentialAction":[{"@type":"SearchAction","target":{"@type":"EntryPoint","urlTemplate":"https:\/\/iglesiarincon.org\/revista\/?s={search_term_string}"},"query-input":{"@type":"PropertyValueSpecification","valueRequired":true,"valueName":"search_term_string"}}],"inLanguage":"es"},{"@type":"Person","@id":"https:\/\/iglesiarincon.org\/revista\/#\/schema\/person\/6555ee1987df7656f4b7ba4a7789706e","name":"Daniel P\u00e9rez Cliffe","image":{"@type":"ImageObject","inLanguage":"es","@id":"https:\/\/iglesiarincon.org\/revista\/wp-content\/uploads\/2021\/04\/daniel_perez_cliffe.jpg","url":"https:\/\/iglesiarincon.org\/revista\/wp-content\/uploads\/2021\/04\/daniel_perez_cliffe.jpg","contentUrl":"https:\/\/iglesiarincon.org\/revista\/wp-content\/uploads\/2021\/04\/daniel_perez_cliffe.jpg","caption":"Daniel P\u00e9rez Cliffe"},"url":"#molongui-disabled-link"}]}},"_links":{"self":[{"href":"https:\/\/iglesiarincon.org\/revista\/wp-json\/wp\/v2\/posts\/6785","targetHints":{"allow":["GET"]}}],"collection":[{"href":"https:\/\/iglesiarincon.org\/revista\/wp-json\/wp\/v2\/posts"}],"about":[{"href":"https:\/\/iglesiarincon.org\/revista\/wp-json\/wp\/v2\/types\/post"}],"author":[{"embeddable":true,"href":"https:\/\/iglesiarincon.org\/revista\/wp-json\/wp\/v2\/users\/2"}],"replies":[{"embeddable":true,"href":"https:\/\/iglesiarincon.org\/revista\/wp-json\/wp\/v2\/comments?post=6785"}],"version-history":[{"count":5,"href":"https:\/\/iglesiarincon.org\/revista\/wp-json\/wp\/v2\/posts\/6785\/revisions"}],"predecessor-version":[{"id":6857,"href":"https:\/\/iglesiarincon.org\/revista\/wp-json\/wp\/v2\/posts\/6785\/revisions\/6857"}],"wp:featuredmedia":[{"embeddable":true,"href":"https:\/\/iglesiarincon.org\/revista\/wp-json\/wp\/v2\/media\/6788"}],"wp:attachment":[{"href":"https:\/\/iglesiarincon.org\/revista\/wp-json\/wp\/v2\/media?parent=6785"}],"wp:term":[{"taxonomy":"category","embeddable":true,"href":"https:\/\/iglesiarincon.org\/revista\/wp-json\/wp\/v2\/categories?post=6785"},{"taxonomy":"post_tag","embeddable":true,"href":"https:\/\/iglesiarincon.org\/revista\/wp-json\/wp\/v2\/tags?post=6785"}],"curies":[{"name":"wp","href":"https:\/\/api.w.org\/{rel}","templated":true}]}}