{"id":6709,"date":"2021-12-01T16:14:23","date_gmt":"2021-12-01T19:14:23","guid":{"rendered":"https:\/\/iglesiarincon.org\/revista\/?p=6709"},"modified":"2021-12-01T16:14:36","modified_gmt":"2021-12-01T19:14:36","slug":"desinflando-el-orgullo","status":"publish","type":"post","link":"https:\/\/iglesiarincon.org\/revista\/desinflando-el-orgullo\/","title":{"rendered":"Desinflando el Orgullo"},"content":{"rendered":"[et_pb_section fb_built=\u00bb1&#8243; _builder_version=\u00bb4.14.2&#8243; _module_preset=\u00bbdefault\u00bb global_colors_info=\u00bb{}\u00bb][et_pb_row _builder_version=\u00bb4.14.2&#8243; _module_preset=\u00bbdefault\u00bb global_colors_info=\u00bb{}\u00bb][et_pb_column type=\u00bb4_4&#8243; _builder_version=\u00bb4.14.2&#8243; _module_preset=\u00bbdefault\u00bb global_colors_info=\u00bb{}\u00bb][et_pb_text _builder_version=\u00bb4.14.2&#8243; _module_preset=\u00bbdefault\u00bb global_colors_info=\u00bb{}\u00bb]\n<p style=\"text-align: center;\"><strong>\u00abMirad a la piedra de donde fuisteis cortados, y al hueco de la cantera de donde fuisteis arrancados.\u00bb Isa\u00edas 55:1<\/strong><\/p>\n<p>En el texto hebreo la palabra cantera en realidad se refiere a \u00abun agujero\u00bb. La versi\u00f3n Reina Valera Revisada lo dice muy bien: \u00abal hueco de la cantera de donde fuisteis arrancados\u00bb. Nunca se olvide del \u00abhueco de la cantera\u00bb.<\/p>\n<p>\u00a1Qu\u00e9 excelente consejo! Antes de que nos enamoremos de toda nuestra importancia alta y poderosa, es buena idea echar un vistazo hacia atr\u00e1s al \u00abhueco de la cantera\u00bb del cual Cristo nos levant\u00f3. Y no nos limitemos s\u00f3lo a pensar en eso; admit\u00e1moslo. Nuestro \u00abhueco de la cantera\u00bb tiene su manera de mantenernos al mismo nivel: receptores de la gracia. Y no se enga\u00f1e, incluso los exaltados y admirados tienen \u00abhuecos\u00bb de donde fueron excavados.<\/p>\n<ul>\n<li>Con Mois\u00e9s, fue homicidio.<\/li>\n<li>Con Pedro, fue una negaci\u00f3n p\u00fablica.<\/li>\n<li>Con Rahab, fue persecuci\u00f3n.<\/li>\n<\/ul>\n<p>La pr\u00f3xima vez cuando nos veamos tentados a enorgullecernos con nuestra propia importancia, echemos un vistazo hacia atr\u00e1s al agujero de donde fuimos extra\u00eddos. Eso tiene su manera de desinflar nuestro orgullo<\/p>\n[\/et_pb_text][\/et_pb_column][\/et_pb_row][\/et_pb_section]\n","protected":false},"excerpt":{"rendered":"<p>\u00abMirad a la piedra de donde fuisteis cortados, y al hueco de la cantera de donde fuisteis arrancados.\u00bb Isa\u00edas 55:1 En el texto hebreo la palabra cantera en realidad se refiere a \u00abun agujero\u00bb. La versi\u00f3n Reina Valera Revisada lo dice muy bien: \u00abal hueco de la cantera de donde fuisteis arrancados\u00bb. Nunca se olvide [&hellip;]<\/p>\n","protected":false},"author":3,"featured_media":6711,"comment_status":"open","ping_status":"open","sticky":false,"template":"","format":"standard","meta":{"_et_pb_use_builder":"on","_et_pb_old_content":"","_et_gb_content_width":"","footnotes":""},"categories":[3],"tags":[],"class_list":["post-6709","post","type-post","status-publish","format-standard","has-post-thumbnail","hentry","category-reflexiones","et-has-post-format-content","et_post_format-et-post-format-standard"],"yoast_head":"<!-- This site is optimized with the Yoast SEO plugin v27.5 - https:\/\/yoast.com\/product\/yoast-seo-wordpress\/ -->\n<title>Desinflando el Orgullo - La Revista de Rinc&oacute;n<\/title>\n<meta name=\"robots\" content=\"index, follow, max-snippet:-1, max-image-preview:large, max-video-preview:-1\" \/>\n<link rel=\"canonical\" href=\"https:\/\/iglesiarincon.org\/revista\/desinflando-el-orgullo\/\" \/>\n<meta property=\"og:locale\" content=\"es_ES\" \/>\n<meta property=\"og:type\" content=\"article\" \/>\n<meta property=\"og:title\" content=\"Desinflando el Orgullo - La Revista de Rinc&oacute;n\" \/>\n<meta property=\"og:description\" content=\"&quot;Mirad a la piedra de donde fuisteis cortados, y al hueco de la cantera de donde fuisteis arrancados.&quot; Isa\u00edas 55:1 En el texto hebreo la palabra cantera en realidad se refiere a \u00abun agujero\u00bb. La versi\u00f3n Reina Valera Revisada lo dice muy bien: \u00abal hueco de la cantera de donde fuisteis arrancados\u00bb. Nunca se olvide [&hellip;]\" \/>\n<meta property=\"og:url\" content=\"https:\/\/iglesiarincon.org\/revista\/desinflando-el-orgullo\/\" \/>\n<meta property=\"og:site_name\" content=\"La Revista de Rinc&oacute;n\" \/>\n<meta property=\"article:published_time\" content=\"2021-12-01T19:14:23+00:00\" \/>\n<meta property=\"article:modified_time\" content=\"2021-12-01T19:14:36+00:00\" \/>\n<meta property=\"og:image\" content=\"https:\/\/iglesiarincon.org\/revista\/wp-content\/uploads\/2021\/12\/DERRIBANDO-EL-ORGULLO.jpg\" \/>\n\t<meta property=\"og:image:width\" content=\"1280\" \/>\n\t<meta property=\"og:image:height\" content=\"853\" \/>\n\t<meta property=\"og:image:type\" content=\"image\/jpeg\" \/>\n<meta name=\"author\" content=\"Charles Swindoll\" \/>\n<meta name=\"twitter:card\" content=\"summary_large_image\" \/>\n<meta name=\"twitter:label1\" content=\"Escrito por\" \/>\n\t<meta name=\"twitter:data1\" content=\"Charles Swindoll\" \/>\n<script type=\"application\/ld+json\" class=\"yoast-schema-graph\">{\"@context\":\"https:\\\/\\\/schema.org\",\"@graph\":[{\"@type\":\"Article\",\"@id\":\"https:\\\/\\\/iglesiarincon.org\\\/revista\\\/desinflando-el-orgullo\\\/#article\",\"isPartOf\":{\"@id\":\"https:\\\/\\\/iglesiarincon.org\\\/revista\\\/desinflando-el-orgullo\\\/\"},\"author\":{\"name\":\"Charles Swindoll\",\"@id\":\"https:\\\/\\\/iglesiarincon.org\\\/revista\\\/#\\\/schema\\\/person\\\/a8b2fdd8f8efe2495a340a0febbe7df4\"},\"headline\":\"Desinflando el Orgullo\",\"datePublished\":\"2021-12-01T19:14:23+00:00\",\"dateModified\":\"2021-12-01T19:14:36+00:00\",\"mainEntityOfPage\":{\"@id\":\"https:\\\/\\\/iglesiarincon.org\\\/revista\\\/desinflando-el-orgullo\\\/\"},\"wordCount\":255,\"commentCount\":0,\"image\":{\"@id\":\"https:\\\/\\\/iglesiarincon.org\\\/revista\\\/desinflando-el-orgullo\\\/#primaryimage\"},\"thumbnailUrl\":\"https:\\\/\\\/iglesiarincon.org\\\/revista\\\/wp-content\\\/uploads\\\/2021\\\/12\\\/DERRIBANDO-EL-ORGULLO.jpg\",\"articleSection\":[\"Reflexiones\"],\"inLanguage\":\"es\",\"potentialAction\":[{\"@type\":\"CommentAction\",\"name\":\"Comment\",\"target\":[\"https:\\\/\\\/iglesiarincon.org\\\/revista\\\/desinflando-el-orgullo\\\/#respond\"]}]},{\"@type\":\"WebPage\",\"@id\":\"https:\\\/\\\/iglesiarincon.org\\\/revista\\\/desinflando-el-orgullo\\\/\",\"url\":\"https:\\\/\\\/iglesiarincon.org\\\/revista\\\/desinflando-el-orgullo\\\/\",\"name\":\"Desinflando el Orgullo - La Revista de Rinc&oacute;n\",\"isPartOf\":{\"@id\":\"https:\\\/\\\/iglesiarincon.org\\\/revista\\\/#website\"},\"primaryImageOfPage\":{\"@id\":\"https:\\\/\\\/iglesiarincon.org\\\/revista\\\/desinflando-el-orgullo\\\/#primaryimage\"},\"image\":{\"@id\":\"https:\\\/\\\/iglesiarincon.org\\\/revista\\\/desinflando-el-orgullo\\\/#primaryimage\"},\"thumbnailUrl\":\"https:\\\/\\\/iglesiarincon.org\\\/revista\\\/wp-content\\\/uploads\\\/2021\\\/12\\\/DERRIBANDO-EL-ORGULLO.jpg\",\"datePublished\":\"2021-12-01T19:14:23+00:00\",\"dateModified\":\"2021-12-01T19:14:36+00:00\",\"author\":{\"@id\":\"https:\\\/\\\/iglesiarincon.org\\\/revista\\\/#\\\/schema\\\/person\\\/a8b2fdd8f8efe2495a340a0febbe7df4\"},\"breadcrumb\":{\"@id\":\"https:\\\/\\\/iglesiarincon.org\\\/revista\\\/desinflando-el-orgullo\\\/#breadcrumb\"},\"inLanguage\":\"es\",\"potentialAction\":[{\"@type\":\"ReadAction\",\"target\":[\"https:\\\/\\\/iglesiarincon.org\\\/revista\\\/desinflando-el-orgullo\\\/\"]}]},{\"@type\":\"ImageObject\",\"inLanguage\":\"es\",\"@id\":\"https:\\\/\\\/iglesiarincon.org\\\/revista\\\/desinflando-el-orgullo\\\/#primaryimage\",\"url\":\"https:\\\/\\\/iglesiarincon.org\\\/revista\\\/wp-content\\\/uploads\\\/2021\\\/12\\\/DERRIBANDO-EL-ORGULLO.jpg\",\"contentUrl\":\"https:\\\/\\\/iglesiarincon.org\\\/revista\\\/wp-content\\\/uploads\\\/2021\\\/12\\\/DERRIBANDO-EL-ORGULLO.jpg\",\"width\":1280,\"height\":853},{\"@type\":\"BreadcrumbList\",\"@id\":\"https:\\\/\\\/iglesiarincon.org\\\/revista\\\/desinflando-el-orgullo\\\/#breadcrumb\",\"itemListElement\":[{\"@type\":\"ListItem\",\"position\":1,\"name\":\"Portada\",\"item\":\"https:\\\/\\\/iglesiarincon.org\\\/revista\\\/\"},{\"@type\":\"ListItem\",\"position\":2,\"name\":\"Desinflando el Orgullo\"}]},{\"@type\":\"WebSite\",\"@id\":\"https:\\\/\\\/iglesiarincon.org\\\/revista\\\/#website\",\"url\":\"https:\\\/\\\/iglesiarincon.org\\\/revista\\\/\",\"name\":\"La Revista de Rinc&oacute;n\",\"description\":\"Compartiendo lo mejor\",\"potentialAction\":[{\"@type\":\"SearchAction\",\"target\":{\"@type\":\"EntryPoint\",\"urlTemplate\":\"https:\\\/\\\/iglesiarincon.org\\\/revista\\\/?s={search_term_string}\"},\"query-input\":{\"@type\":\"PropertyValueSpecification\",\"valueRequired\":true,\"valueName\":\"search_term_string\"}}],\"inLanguage\":\"es\"},{\"@type\":\"Person\",\"@id\":\"https:\\\/\\\/iglesiarincon.org\\\/revista\\\/#\\\/schema\\\/person\\\/a8b2fdd8f8efe2495a340a0febbe7df4\",\"name\":\"Charles Swindoll\",\"image\":{\"@type\":\"ImageObject\",\"inLanguage\":\"es\",\"@id\":\"https:\\\/\\\/iglesiarincon.org\\\/revista\\\/wp-content\\\/uploads\\\/2021\\\/03\\\/C-Swindoll.jpg\",\"url\":\"https:\\\/\\\/iglesiarincon.org\\\/revista\\\/wp-content\\\/uploads\\\/2021\\\/03\\\/C-Swindoll.jpg\",\"contentUrl\":\"https:\\\/\\\/iglesiarincon.org\\\/revista\\\/wp-content\\\/uploads\\\/2021\\\/03\\\/C-Swindoll.jpg\",\"caption\":\"Charles Swindoll\"},\"url\":\"#molongui-disabled-link\"}]}<\/script>\n<!-- \/ Yoast SEO plugin. -->","yoast_head_json":{"title":"Desinflando el Orgullo - La Revista de Rinc&oacute;n","robots":{"index":"index","follow":"follow","max-snippet":"max-snippet:-1","max-image-preview":"max-image-preview:large","max-video-preview":"max-video-preview:-1"},"canonical":"https:\/\/iglesiarincon.org\/revista\/desinflando-el-orgullo\/","og_locale":"es_ES","og_type":"article","og_title":"Desinflando el Orgullo - La Revista de Rinc&oacute;n","og_description":"\"Mirad a la piedra de donde fuisteis cortados, y al hueco de la cantera de donde fuisteis arrancados.\" Isa\u00edas 55:1 En el texto hebreo la palabra cantera en realidad se refiere a \u00abun agujero\u00bb. La versi\u00f3n Reina Valera Revisada lo dice muy bien: \u00abal hueco de la cantera de donde fuisteis arrancados\u00bb. Nunca se olvide [&hellip;]","og_url":"https:\/\/iglesiarincon.org\/revista\/desinflando-el-orgullo\/","og_site_name":"La Revista de Rinc&oacute;n","article_published_time":"2021-12-01T19:14:23+00:00","article_modified_time":"2021-12-01T19:14:36+00:00","og_image":[{"width":1280,"height":853,"url":"https:\/\/iglesiarincon.org\/revista\/wp-content\/uploads\/2021\/12\/DERRIBANDO-EL-ORGULLO.jpg","type":"image\/jpeg"}],"author":"Charles Swindoll","twitter_card":"summary_large_image","twitter_misc":{"Escrito por":"Charles Swindoll"},"schema":{"@context":"https:\/\/schema.org","@graph":[{"@type":"Article","@id":"https:\/\/iglesiarincon.org\/revista\/desinflando-el-orgullo\/#article","isPartOf":{"@id":"https:\/\/iglesiarincon.org\/revista\/desinflando-el-orgullo\/"},"author":{"name":"Charles Swindoll","@id":"https:\/\/iglesiarincon.org\/revista\/#\/schema\/person\/a8b2fdd8f8efe2495a340a0febbe7df4"},"headline":"Desinflando el Orgullo","datePublished":"2021-12-01T19:14:23+00:00","dateModified":"2021-12-01T19:14:36+00:00","mainEntityOfPage":{"@id":"https:\/\/iglesiarincon.org\/revista\/desinflando-el-orgullo\/"},"wordCount":255,"commentCount":0,"image":{"@id":"https:\/\/iglesiarincon.org\/revista\/desinflando-el-orgullo\/#primaryimage"},"thumbnailUrl":"https:\/\/iglesiarincon.org\/revista\/wp-content\/uploads\/2021\/12\/DERRIBANDO-EL-ORGULLO.jpg","articleSection":["Reflexiones"],"inLanguage":"es","potentialAction":[{"@type":"CommentAction","name":"Comment","target":["https:\/\/iglesiarincon.org\/revista\/desinflando-el-orgullo\/#respond"]}]},{"@type":"WebPage","@id":"https:\/\/iglesiarincon.org\/revista\/desinflando-el-orgullo\/","url":"https:\/\/iglesiarincon.org\/revista\/desinflando-el-orgullo\/","name":"Desinflando el Orgullo - La Revista de Rinc&oacute;n","isPartOf":{"@id":"https:\/\/iglesiarincon.org\/revista\/#website"},"primaryImageOfPage":{"@id":"https:\/\/iglesiarincon.org\/revista\/desinflando-el-orgullo\/#primaryimage"},"image":{"@id":"https:\/\/iglesiarincon.org\/revista\/desinflando-el-orgullo\/#primaryimage"},"thumbnailUrl":"https:\/\/iglesiarincon.org\/revista\/wp-content\/uploads\/2021\/12\/DERRIBANDO-EL-ORGULLO.jpg","datePublished":"2021-12-01T19:14:23+00:00","dateModified":"2021-12-01T19:14:36+00:00","author":{"@id":"https:\/\/iglesiarincon.org\/revista\/#\/schema\/person\/a8b2fdd8f8efe2495a340a0febbe7df4"},"breadcrumb":{"@id":"https:\/\/iglesiarincon.org\/revista\/desinflando-el-orgullo\/#breadcrumb"},"inLanguage":"es","potentialAction":[{"@type":"ReadAction","target":["https:\/\/iglesiarincon.org\/revista\/desinflando-el-orgullo\/"]}]},{"@type":"ImageObject","inLanguage":"es","@id":"https:\/\/iglesiarincon.org\/revista\/desinflando-el-orgullo\/#primaryimage","url":"https:\/\/iglesiarincon.org\/revista\/wp-content\/uploads\/2021\/12\/DERRIBANDO-EL-ORGULLO.jpg","contentUrl":"https:\/\/iglesiarincon.org\/revista\/wp-content\/uploads\/2021\/12\/DERRIBANDO-EL-ORGULLO.jpg","width":1280,"height":853},{"@type":"BreadcrumbList","@id":"https:\/\/iglesiarincon.org\/revista\/desinflando-el-orgullo\/#breadcrumb","itemListElement":[{"@type":"ListItem","position":1,"name":"Portada","item":"https:\/\/iglesiarincon.org\/revista\/"},{"@type":"ListItem","position":2,"name":"Desinflando el Orgullo"}]},{"@type":"WebSite","@id":"https:\/\/iglesiarincon.org\/revista\/#website","url":"https:\/\/iglesiarincon.org\/revista\/","name":"La Revista de Rinc&oacute;n","description":"Compartiendo lo mejor","potentialAction":[{"@type":"SearchAction","target":{"@type":"EntryPoint","urlTemplate":"https:\/\/iglesiarincon.org\/revista\/?s={search_term_string}"},"query-input":{"@type":"PropertyValueSpecification","valueRequired":true,"valueName":"search_term_string"}}],"inLanguage":"es"},{"@type":"Person","@id":"https:\/\/iglesiarincon.org\/revista\/#\/schema\/person\/a8b2fdd8f8efe2495a340a0febbe7df4","name":"Charles Swindoll","image":{"@type":"ImageObject","inLanguage":"es","@id":"https:\/\/iglesiarincon.org\/revista\/wp-content\/uploads\/2021\/03\/C-Swindoll.jpg","url":"https:\/\/iglesiarincon.org\/revista\/wp-content\/uploads\/2021\/03\/C-Swindoll.jpg","contentUrl":"https:\/\/iglesiarincon.org\/revista\/wp-content\/uploads\/2021\/03\/C-Swindoll.jpg","caption":"Charles Swindoll"},"url":"#molongui-disabled-link"}]}},"_links":{"self":[{"href":"https:\/\/iglesiarincon.org\/revista\/wp-json\/wp\/v2\/posts\/6709","targetHints":{"allow":["GET"]}}],"collection":[{"href":"https:\/\/iglesiarincon.org\/revista\/wp-json\/wp\/v2\/posts"}],"about":[{"href":"https:\/\/iglesiarincon.org\/revista\/wp-json\/wp\/v2\/types\/post"}],"author":[{"embeddable":true,"href":"https:\/\/iglesiarincon.org\/revista\/wp-json\/wp\/v2\/users\/3"}],"replies":[{"embeddable":true,"href":"https:\/\/iglesiarincon.org\/revista\/wp-json\/wp\/v2\/comments?post=6709"}],"version-history":[{"count":3,"href":"https:\/\/iglesiarincon.org\/revista\/wp-json\/wp\/v2\/posts\/6709\/revisions"}],"predecessor-version":[{"id":6715,"href":"https:\/\/iglesiarincon.org\/revista\/wp-json\/wp\/v2\/posts\/6709\/revisions\/6715"}],"wp:featuredmedia":[{"embeddable":true,"href":"https:\/\/iglesiarincon.org\/revista\/wp-json\/wp\/v2\/media\/6711"}],"wp:attachment":[{"href":"https:\/\/iglesiarincon.org\/revista\/wp-json\/wp\/v2\/media?parent=6709"}],"wp:term":[{"taxonomy":"category","embeddable":true,"href":"https:\/\/iglesiarincon.org\/revista\/wp-json\/wp\/v2\/categories?post=6709"},{"taxonomy":"post_tag","embeddable":true,"href":"https:\/\/iglesiarincon.org\/revista\/wp-json\/wp\/v2\/tags?post=6709"}],"curies":[{"name":"wp","href":"https:\/\/api.w.org\/{rel}","templated":true}]}}