{"id":6692,"date":"2021-11-26T11:42:02","date_gmt":"2021-11-26T14:42:02","guid":{"rendered":"https:\/\/iglesiarincon.org\/revista\/?p=6692"},"modified":"2021-11-26T11:42:02","modified_gmt":"2021-11-26T14:42:02","slug":"dios-en-mi","status":"publish","type":"post","link":"https:\/\/iglesiarincon.org\/revista\/dios-en-mi\/","title":{"rendered":"DIOS EN M\u00cd"},"content":{"rendered":"[et_pb_section fb_built=\u00bb1&#8243; _builder_version=\u00bb4.14.1&#8243; _module_preset=\u00bbdefault\u00bb global_colors_info=\u00bb{}\u00bb][et_pb_row _builder_version=\u00bb4.14.1&#8243; _module_preset=\u00bbdefault\u00bb custom_padding=\u00bb28px|||||\u00bb global_colors_info=\u00bb{}\u00bb][et_pb_column type=\u00bb4_4&#8243; _builder_version=\u00bb4.14.1&#8243; _module_preset=\u00bbdefault\u00bb global_colors_info=\u00bb{}\u00bb][et_pb_image src=\u00bbhttps:\/\/iglesiarincon.org\/revista\/wp-content\/uploads\/2021\/11\/dios-en-mi.jpg\u00bb title_text=\u00bbdios en mi\u00bb force_fullwidth=\u00bbon\u00bb _builder_version=\u00bb4.14.1&#8243; _module_preset=\u00bbdefault\u00bb global_colors_info=\u00bb{}\u00bb][\/et_pb_image][et_pb_text _builder_version=\u00bb4.14.1&#8243; _module_preset=\u00bbdefault\u00bb text_font_size=\u00bb19px\u00bb custom_padding=\u00bb40px|||||\u00bb hover_enabled=\u00bb0&#8243; global_colors_info=\u00bb{}\u00bb sticky_enabled=\u00bb0&#8243; text_text_shadow_style=\u00bbpreset2&#8243;]\n<p style=\"text-align: center;\"><strong><span role=\"presentation\" dir=\"ltr\">LIBRO <\/span><span role=\"presentation\" dir=\"ltr\">\u201c<\/span><span role=\"presentation\" dir=\"ltr\">DIOS EN M\u00cd. Una mirada en espejo\u201d<\/span><\/strong><\/p>\n<p style=\"text-align: center;\"><span role=\"presentation\" dir=\"ltr\">PRESENTACI\u00d3N<\/span><span role=\"presentation\" dir=\"ltr\"><\/span><\/p>\n[\/et_pb_text][et_pb_text _builder_version=\u00bb4.14.1&#8243; _module_preset=\u00bbdefault\u00bb text_font_size=\u00bb19px\u00bb custom_padding=\u00bb11px|||||\u00bb hover_enabled=\u00bb0&#8243; global_colors_info=\u00bb{}\u00bb sticky_enabled=\u00bb0&#8243;]\n<p><span role=\"presentation\" dir=\"ltr\">Queridos lectores:<\/span><br role=\"presentation\" \/><span role=\"presentation\" dir=\"ltr\">Es para m\u00ed un placer darles a conocer esta publicaci\u00f3n. Fue una tarea de varios a\u00f1os que <\/span><span role=\"presentation\" dir=\"ltr\">finalmente vio la luz en formato libro. Les cuento de qu\u00e9 se trata&#8230;<\/span><\/p>\n<p><span role=\"presentation\" dir=\"ltr\">DIOS EN M\u00cd <\/span><span role=\"presentation\" dir=\"ltr\">re\u00fane 30 art\u00edculos presentados inicialmente en la revista Joyas Escogidas <\/span><span role=\"presentation\" dir=\"ltr\">y luego revisados, ampliados y adaptados para abarcar a mujeres y hombres, sean <\/span><span role=\"presentation\" dir=\"ltr\">j\u00f3venes o adultos, creyentes o personas con inquietudes espirituales.<\/span><\/p>\n<p><span role=\"presentation\" dir=\"ltr\">Est\u00e1 estructurado en cuatro secciones, planteadas a partir de preguntas que, a modo de <\/span><span role=\"presentation\" dir=\"ltr\">autoexamen, procuran generar una toma de conciencia de cu\u00e1nto tenemos de Dios y no <\/span><span role=\"presentation\" dir=\"ltr\">valoramos, cu\u00e1nto nos falta y no nos damos cuenta y cu\u00e1nto a\u00fan no comprendemos en <\/span><span role=\"presentation\" dir=\"ltr\">profundidad. Les hago una s\u00edntesis de cada una.<\/span><\/p>\n<p><strong><span role=\"presentation\" dir=\"ltr\">1.<\/span><\/strong><span role=\"presentation\" dir=\"ltr\"> <\/span><span role=\"presentation\" dir=\"ltr\">\u00bfHay algo de Dios en mis expresiones? Se centra en la persona de Jes\u00fas, sus <\/span><span role=\"presentation\" dir=\"ltr\">palabras, sus gestos compasivos, su mente, sus emociones, etc., intentando <\/span><span role=\"presentation\" dir=\"ltr\">descubrir qu\u00e9 cualidades parecidas a las de \u00c9l tenemos.<\/span><\/p>\n<p><strong><span role=\"presentation\" dir=\"ltr\">2.<\/span><\/strong><span role=\"presentation\" dir=\"ltr\"> <\/span><span role=\"presentation\" dir=\"ltr\">\u00bfHay algo de Dios en mis actitudes? La profec\u00eda de Isa\u00edas nos da pautas para <\/span><span role=\"presentation\" dir=\"ltr\">considerar nuestra conducta a la luz de los reclamos que el profeta hace al <\/span><span role=\"presentation\" dir=\"ltr\">pueblo de Israel.<\/span><\/p>\n<p><strong><span role=\"presentation\" dir=\"ltr\">3.<\/span><\/strong><span role=\"presentation\" dir=\"ltr\"> <\/span><span role=\"presentation\" dir=\"ltr\">\u00bfHay algo de Dios en mi hogar? Son ocho ensayos que analizan, a partir de <\/span><span role=\"presentation\" dir=\"ltr\">algunos significados de lugares y hogares de la Biblia, qu\u00e9 principios sustentan <\/span><span role=\"presentation\" dir=\"ltr\">nuestra vida personal y familiar.<\/span><\/p>\n<p><span role=\"presentation\" dir=\"ltr\"><strong>4<\/strong>.<\/span><span role=\"presentation\" dir=\"ltr\"> <\/span><span role=\"presentation\" dir=\"ltr\">\u00bfHay algo de Dios en mis relaciones interpersonales?<\/span><span role=\"presentation\" dir=\"ltr\"> <\/span><span role=\"presentation\" dir=\"ltr\">Describe valores sociales<\/span><br role=\"presentation\" \/><span role=\"presentation\" dir=\"ltr\">de excelencia, a tener en cuenta en nuestra comunicaci\u00f3n con los dem\u00e1s. <\/span><span role=\"presentation\" dir=\"ltr\">La figura del espejo a la que hace referencia el subt\u00edtulo, sugiere una mirada <\/span><span role=\"presentation\" dir=\"ltr\">introspectiva para testear nuestro interior en busca de rasgos que reflejen al Se\u00f1or en <\/span><span role=\"presentation\" dir=\"ltr\">nuestras vidas. Su prop\u00f3sito es despertar el deseo y el compromiso de hacer los cambios <\/span><span role=\"presentation\" dir=\"ltr\">necesarios para alinear nuestro camino con los trazos de su Palabra y crecer en la fe.<\/span><\/p>\n<p><span role=\"presentation\" dir=\"ltr\">Les invito a leerlo reflexivamente.<\/span><\/p>\n<p><em><span role=\"presentation\" dir=\"ltr\"> MUCHAS GRACIAS.<\/span><\/em><\/p>\n[\/et_pb_text][et_pb_image src=\u00bbhttps:\/\/iglesiarincon.org\/revista\/wp-content\/uploads\/2021\/11\/WhatsApp-Image-2021-11-24-at-16.48.01-1.jpeg\u00bb title_text=\u00bbWhatsApp Image 2021-11-24 at 16.48.01&#8243; _builder_version=\u00bb4.14.1&#8243; _module_preset=\u00bbdefault\u00bb global_colors_info=\u00bb{}\u00bb][\/et_pb_image][\/et_pb_column][\/et_pb_row][\/et_pb_section]\n","protected":false},"excerpt":{"rendered":"<p>LIBRO \u201cDIOS EN M\u00cd. Una mirada en espejo\u201d PRESENTACI\u00d3NQueridos lectores:Es para m\u00ed un placer darles a conocer esta publicaci\u00f3n. Fue una tarea de varios a\u00f1os que finalmente vio la luz en formato libro. Les cuento de qu\u00e9 se trata&#8230; DIOS EN M\u00cd re\u00fane 30 art\u00edculos presentados inicialmente en la revista Joyas Escogidas y luego revisados, [&hellip;]<\/p>\n","protected":false},"author":3,"featured_media":6693,"comment_status":"open","ping_status":"open","sticky":false,"template":"","format":"standard","meta":{"_et_pb_use_builder":"on","_et_pb_old_content":"","_et_gb_content_width":"","footnotes":""},"categories":[9],"tags":[],"class_list":["post-6692","post","type-post","status-publish","format-standard","has-post-thumbnail","hentry","category-que-leer","et-has-post-format-content","et_post_format-et-post-format-standard"],"yoast_head":"<!-- This site is optimized with the Yoast SEO plugin v27.5 - https:\/\/yoast.com\/product\/yoast-seo-wordpress\/ -->\n<title>DIOS EN M\u00cd - La Revista de Rinc&oacute;n<\/title>\n<meta name=\"description\" content=\"&quot;Dios en Mi&quot; una mirada introspectiva para testear nuestro interior en busca de rasgos que reflejen al Se\u00f1or en nuestras vidas.\" \/>\n<meta name=\"robots\" content=\"index, follow, max-snippet:-1, max-image-preview:large, max-video-preview:-1\" \/>\n<link rel=\"canonical\" href=\"https:\/\/iglesiarincon.org\/revista\/dios-en-mi\/\" \/>\n<meta property=\"og:locale\" content=\"es_ES\" \/>\n<meta property=\"og:type\" content=\"article\" \/>\n<meta property=\"og:title\" content=\"DIOS EN M\u00cd - La Revista de Rinc&oacute;n\" \/>\n<meta property=\"og:description\" content=\"&quot;Dios en Mi&quot; una mirada introspectiva para testear nuestro interior en busca de rasgos que reflejen al Se\u00f1or en nuestras vidas.\" \/>\n<meta property=\"og:url\" content=\"https:\/\/iglesiarincon.org\/revista\/dios-en-mi\/\" \/>\n<meta property=\"og:site_name\" content=\"La Revista de Rinc&oacute;n\" \/>\n<meta property=\"article:published_time\" content=\"2021-11-26T14:42:02+00:00\" \/>\n<meta property=\"og:image\" content=\"https:\/\/iglesiarincon.org\/revista\/wp-content\/uploads\/2021\/11\/WhatsApp-Image-2021-11-24-at-16.49.40-e1637850223690.jpeg\" \/>\n\t<meta property=\"og:image:width\" content=\"1200\" \/>\n\t<meta property=\"og:image:height\" content=\"932\" \/>\n\t<meta property=\"og:image:type\" content=\"image\/jpeg\" \/>\n<meta name=\"author\" content=\"Noem\u00ed Mereshian\" \/>\n<meta name=\"twitter:card\" content=\"summary_large_image\" \/>\n<meta name=\"twitter:label1\" content=\"Escrito por\" \/>\n\t<meta name=\"twitter:data1\" content=\"Noem\u00ed Mereshian\" \/>\n\t<meta name=\"twitter:label2\" content=\"Tiempo de lectura\" \/>\n\t<meta name=\"twitter:data2\" content=\"2 minutos\" \/>\n<script type=\"application\/ld+json\" class=\"yoast-schema-graph\">{\"@context\":\"https:\\\/\\\/schema.org\",\"@graph\":[{\"@type\":\"Article\",\"@id\":\"https:\\\/\\\/iglesiarincon.org\\\/revista\\\/dios-en-mi\\\/#article\",\"isPartOf\":{\"@id\":\"https:\\\/\\\/iglesiarincon.org\\\/revista\\\/dios-en-mi\\\/\"},\"author\":{\"name\":\"Noem\u00ed Mereshian\",\"@id\":\"https:\\\/\\\/iglesiarincon.org\\\/revista\\\/#\\\/schema\\\/person\\\/a8b2fdd8f8efe2495a340a0febbe7df4\"},\"headline\":\"DIOS EN M\u00cd\",\"datePublished\":\"2021-11-26T14:42:02+00:00\",\"mainEntityOfPage\":{\"@id\":\"https:\\\/\\\/iglesiarincon.org\\\/revista\\\/dios-en-mi\\\/\"},\"wordCount\":503,\"commentCount\":5,\"image\":{\"@id\":\"https:\\\/\\\/iglesiarincon.org\\\/revista\\\/dios-en-mi\\\/#primaryimage\"},\"thumbnailUrl\":\"https:\\\/\\\/iglesiarincon.org\\\/revista\\\/wp-content\\\/uploads\\\/2021\\\/11\\\/WhatsApp-Image-2021-11-24-at-16.49.40-e1637850223690.jpeg\",\"articleSection\":[\"Que Leer!\"],\"inLanguage\":\"es\",\"potentialAction\":[{\"@type\":\"CommentAction\",\"name\":\"Comment\",\"target\":[\"https:\\\/\\\/iglesiarincon.org\\\/revista\\\/dios-en-mi\\\/#respond\"]}]},{\"@type\":\"WebPage\",\"@id\":\"https:\\\/\\\/iglesiarincon.org\\\/revista\\\/dios-en-mi\\\/\",\"url\":\"https:\\\/\\\/iglesiarincon.org\\\/revista\\\/dios-en-mi\\\/\",\"name\":\"DIOS EN M\u00cd - La Revista de Rinc&oacute;n\",\"isPartOf\":{\"@id\":\"https:\\\/\\\/iglesiarincon.org\\\/revista\\\/#website\"},\"primaryImageOfPage\":{\"@id\":\"https:\\\/\\\/iglesiarincon.org\\\/revista\\\/dios-en-mi\\\/#primaryimage\"},\"image\":{\"@id\":\"https:\\\/\\\/iglesiarincon.org\\\/revista\\\/dios-en-mi\\\/#primaryimage\"},\"thumbnailUrl\":\"https:\\\/\\\/iglesiarincon.org\\\/revista\\\/wp-content\\\/uploads\\\/2021\\\/11\\\/WhatsApp-Image-2021-11-24-at-16.49.40-e1637850223690.jpeg\",\"datePublished\":\"2021-11-26T14:42:02+00:00\",\"author\":{\"@id\":\"https:\\\/\\\/iglesiarincon.org\\\/revista\\\/#\\\/schema\\\/person\\\/a8b2fdd8f8efe2495a340a0febbe7df4\"},\"description\":\"\\\"Dios en Mi\\\" una mirada introspectiva para testear nuestro interior en busca de rasgos que reflejen al Se\u00f1or en nuestras vidas.\",\"breadcrumb\":{\"@id\":\"https:\\\/\\\/iglesiarincon.org\\\/revista\\\/dios-en-mi\\\/#breadcrumb\"},\"inLanguage\":\"es\",\"potentialAction\":[{\"@type\":\"ReadAction\",\"target\":[\"https:\\\/\\\/iglesiarincon.org\\\/revista\\\/dios-en-mi\\\/\"]}]},{\"@type\":\"ImageObject\",\"inLanguage\":\"es\",\"@id\":\"https:\\\/\\\/iglesiarincon.org\\\/revista\\\/dios-en-mi\\\/#primaryimage\",\"url\":\"https:\\\/\\\/iglesiarincon.org\\\/revista\\\/wp-content\\\/uploads\\\/2021\\\/11\\\/WhatsApp-Image-2021-11-24-at-16.49.40-e1637850223690.jpeg\",\"contentUrl\":\"https:\\\/\\\/iglesiarincon.org\\\/revista\\\/wp-content\\\/uploads\\\/2021\\\/11\\\/WhatsApp-Image-2021-11-24-at-16.49.40-e1637850223690.jpeg\",\"width\":1200,\"height\":932},{\"@type\":\"BreadcrumbList\",\"@id\":\"https:\\\/\\\/iglesiarincon.org\\\/revista\\\/dios-en-mi\\\/#breadcrumb\",\"itemListElement\":[{\"@type\":\"ListItem\",\"position\":1,\"name\":\"Portada\",\"item\":\"https:\\\/\\\/iglesiarincon.org\\\/revista\\\/\"},{\"@type\":\"ListItem\",\"position\":2,\"name\":\"DIOS EN M\u00cd\"}]},{\"@type\":\"WebSite\",\"@id\":\"https:\\\/\\\/iglesiarincon.org\\\/revista\\\/#website\",\"url\":\"https:\\\/\\\/iglesiarincon.org\\\/revista\\\/\",\"name\":\"La Revista de Rinc&oacute;n\",\"description\":\"Compartiendo lo mejor\",\"potentialAction\":[{\"@type\":\"SearchAction\",\"target\":{\"@type\":\"EntryPoint\",\"urlTemplate\":\"https:\\\/\\\/iglesiarincon.org\\\/revista\\\/?s={search_term_string}\"},\"query-input\":{\"@type\":\"PropertyValueSpecification\",\"valueRequired\":true,\"valueName\":\"search_term_string\"}}],\"inLanguage\":\"es\"},{\"@type\":\"Person\",\"@id\":\"https:\\\/\\\/iglesiarincon.org\\\/revista\\\/#\\\/schema\\\/person\\\/a8b2fdd8f8efe2495a340a0febbe7df4\",\"name\":\"Noem\u00ed Mereshian\",\"image\":{\"@type\":\"ImageObject\",\"inLanguage\":\"es\",\"@id\":\"https:\\\/\\\/iglesiarincon.org\\\/revista\\\/wp-content\\\/uploads\\\/2020\\\/06\\\/NOEM\u00cd-1.jpeg\",\"url\":\"https:\\\/\\\/iglesiarincon.org\\\/revista\\\/wp-content\\\/uploads\\\/2020\\\/06\\\/NOEM\u00cd-1.jpeg\",\"contentUrl\":\"https:\\\/\\\/iglesiarincon.org\\\/revista\\\/wp-content\\\/uploads\\\/2020\\\/06\\\/NOEM\u00cd-1.jpeg\",\"caption\":\"Noem\u00ed Mereshian\"},\"url\":\"#molongui-disabled-link\"}]}<\/script>\n<!-- \/ Yoast SEO plugin. -->","yoast_head_json":{"title":"DIOS EN M\u00cd - La Revista de Rinc&oacute;n","description":"\"Dios en Mi\" una mirada introspectiva para testear nuestro interior en busca de rasgos que reflejen al Se\u00f1or en nuestras vidas.","robots":{"index":"index","follow":"follow","max-snippet":"max-snippet:-1","max-image-preview":"max-image-preview:large","max-video-preview":"max-video-preview:-1"},"canonical":"https:\/\/iglesiarincon.org\/revista\/dios-en-mi\/","og_locale":"es_ES","og_type":"article","og_title":"DIOS EN M\u00cd - La Revista de Rinc&oacute;n","og_description":"\"Dios en Mi\" una mirada introspectiva para testear nuestro interior en busca de rasgos que reflejen al Se\u00f1or en nuestras vidas.","og_url":"https:\/\/iglesiarincon.org\/revista\/dios-en-mi\/","og_site_name":"La Revista de Rinc&oacute;n","article_published_time":"2021-11-26T14:42:02+00:00","og_image":[{"width":1200,"height":932,"url":"https:\/\/iglesiarincon.org\/revista\/wp-content\/uploads\/2021\/11\/WhatsApp-Image-2021-11-24-at-16.49.40-e1637850223690.jpeg","type":"image\/jpeg"}],"author":"Noem\u00ed Mereshian","twitter_card":"summary_large_image","twitter_misc":{"Escrito por":"Noem\u00ed Mereshian","Tiempo de lectura":"2 minutos"},"schema":{"@context":"https:\/\/schema.org","@graph":[{"@type":"Article","@id":"https:\/\/iglesiarincon.org\/revista\/dios-en-mi\/#article","isPartOf":{"@id":"https:\/\/iglesiarincon.org\/revista\/dios-en-mi\/"},"author":{"name":"Noem\u00ed Mereshian","@id":"https:\/\/iglesiarincon.org\/revista\/#\/schema\/person\/a8b2fdd8f8efe2495a340a0febbe7df4"},"headline":"DIOS EN M\u00cd","datePublished":"2021-11-26T14:42:02+00:00","mainEntityOfPage":{"@id":"https:\/\/iglesiarincon.org\/revista\/dios-en-mi\/"},"wordCount":503,"commentCount":5,"image":{"@id":"https:\/\/iglesiarincon.org\/revista\/dios-en-mi\/#primaryimage"},"thumbnailUrl":"https:\/\/iglesiarincon.org\/revista\/wp-content\/uploads\/2021\/11\/WhatsApp-Image-2021-11-24-at-16.49.40-e1637850223690.jpeg","articleSection":["Que Leer!"],"inLanguage":"es","potentialAction":[{"@type":"CommentAction","name":"Comment","target":["https:\/\/iglesiarincon.org\/revista\/dios-en-mi\/#respond"]}]},{"@type":"WebPage","@id":"https:\/\/iglesiarincon.org\/revista\/dios-en-mi\/","url":"https:\/\/iglesiarincon.org\/revista\/dios-en-mi\/","name":"DIOS EN M\u00cd - La Revista de Rinc&oacute;n","isPartOf":{"@id":"https:\/\/iglesiarincon.org\/revista\/#website"},"primaryImageOfPage":{"@id":"https:\/\/iglesiarincon.org\/revista\/dios-en-mi\/#primaryimage"},"image":{"@id":"https:\/\/iglesiarincon.org\/revista\/dios-en-mi\/#primaryimage"},"thumbnailUrl":"https:\/\/iglesiarincon.org\/revista\/wp-content\/uploads\/2021\/11\/WhatsApp-Image-2021-11-24-at-16.49.40-e1637850223690.jpeg","datePublished":"2021-11-26T14:42:02+00:00","author":{"@id":"https:\/\/iglesiarincon.org\/revista\/#\/schema\/person\/a8b2fdd8f8efe2495a340a0febbe7df4"},"description":"\"Dios en Mi\" una mirada introspectiva para testear nuestro interior en busca de rasgos que reflejen al Se\u00f1or en nuestras vidas.","breadcrumb":{"@id":"https:\/\/iglesiarincon.org\/revista\/dios-en-mi\/#breadcrumb"},"inLanguage":"es","potentialAction":[{"@type":"ReadAction","target":["https:\/\/iglesiarincon.org\/revista\/dios-en-mi\/"]}]},{"@type":"ImageObject","inLanguage":"es","@id":"https:\/\/iglesiarincon.org\/revista\/dios-en-mi\/#primaryimage","url":"https:\/\/iglesiarincon.org\/revista\/wp-content\/uploads\/2021\/11\/WhatsApp-Image-2021-11-24-at-16.49.40-e1637850223690.jpeg","contentUrl":"https:\/\/iglesiarincon.org\/revista\/wp-content\/uploads\/2021\/11\/WhatsApp-Image-2021-11-24-at-16.49.40-e1637850223690.jpeg","width":1200,"height":932},{"@type":"BreadcrumbList","@id":"https:\/\/iglesiarincon.org\/revista\/dios-en-mi\/#breadcrumb","itemListElement":[{"@type":"ListItem","position":1,"name":"Portada","item":"https:\/\/iglesiarincon.org\/revista\/"},{"@type":"ListItem","position":2,"name":"DIOS EN M\u00cd"}]},{"@type":"WebSite","@id":"https:\/\/iglesiarincon.org\/revista\/#website","url":"https:\/\/iglesiarincon.org\/revista\/","name":"La Revista de Rinc&oacute;n","description":"Compartiendo lo mejor","potentialAction":[{"@type":"SearchAction","target":{"@type":"EntryPoint","urlTemplate":"https:\/\/iglesiarincon.org\/revista\/?s={search_term_string}"},"query-input":{"@type":"PropertyValueSpecification","valueRequired":true,"valueName":"search_term_string"}}],"inLanguage":"es"},{"@type":"Person","@id":"https:\/\/iglesiarincon.org\/revista\/#\/schema\/person\/a8b2fdd8f8efe2495a340a0febbe7df4","name":"Noem\u00ed Mereshian","image":{"@type":"ImageObject","inLanguage":"es","@id":"https:\/\/iglesiarincon.org\/revista\/wp-content\/uploads\/2020\/06\/NOEM\u00cd-1.jpeg","url":"https:\/\/iglesiarincon.org\/revista\/wp-content\/uploads\/2020\/06\/NOEM\u00cd-1.jpeg","contentUrl":"https:\/\/iglesiarincon.org\/revista\/wp-content\/uploads\/2020\/06\/NOEM\u00cd-1.jpeg","caption":"Noem\u00ed Mereshian"},"url":"#molongui-disabled-link"}]}},"_links":{"self":[{"href":"https:\/\/iglesiarincon.org\/revista\/wp-json\/wp\/v2\/posts\/6692","targetHints":{"allow":["GET"]}}],"collection":[{"href":"https:\/\/iglesiarincon.org\/revista\/wp-json\/wp\/v2\/posts"}],"about":[{"href":"https:\/\/iglesiarincon.org\/revista\/wp-json\/wp\/v2\/types\/post"}],"author":[{"embeddable":true,"href":"https:\/\/iglesiarincon.org\/revista\/wp-json\/wp\/v2\/users\/3"}],"replies":[{"embeddable":true,"href":"https:\/\/iglesiarincon.org\/revista\/wp-json\/wp\/v2\/comments?post=6692"}],"version-history":[{"count":5,"href":"https:\/\/iglesiarincon.org\/revista\/wp-json\/wp\/v2\/posts\/6692\/revisions"}],"predecessor-version":[{"id":6707,"href":"https:\/\/iglesiarincon.org\/revista\/wp-json\/wp\/v2\/posts\/6692\/revisions\/6707"}],"wp:featuredmedia":[{"embeddable":true,"href":"https:\/\/iglesiarincon.org\/revista\/wp-json\/wp\/v2\/media\/6693"}],"wp:attachment":[{"href":"https:\/\/iglesiarincon.org\/revista\/wp-json\/wp\/v2\/media?parent=6692"}],"wp:term":[{"taxonomy":"category","embeddable":true,"href":"https:\/\/iglesiarincon.org\/revista\/wp-json\/wp\/v2\/categories?post=6692"},{"taxonomy":"post_tag","embeddable":true,"href":"https:\/\/iglesiarincon.org\/revista\/wp-json\/wp\/v2\/tags?post=6692"}],"curies":[{"name":"wp","href":"https:\/\/api.w.org\/{rel}","templated":true}]}}