{"id":6140,"date":"2021-08-15T00:00:00","date_gmt":"2021-08-15T03:00:00","guid":{"rendered":"https:\/\/iglesiarincon.org\/revista\/?p=6140"},"modified":"2021-08-13T20:32:07","modified_gmt":"2021-08-13T23:32:07","slug":"desafiados","status":"publish","type":"post","link":"https:\/\/iglesiarincon.org\/revista\/desafiados\/","title":{"rendered":"Desafiados"},"content":{"rendered":"[et_pb_section fb_built=\u00bb1&#8243; _builder_version=\u00bb4.9.10&#8243; _module_preset=\u00bbdefault\u00bb global_colors_info=\u00bb{}\u00bb][et_pb_row _builder_version=\u00bb4.9.10&#8243; _module_preset=\u00bbdefault\u00bb global_colors_info=\u00bb{}\u00bb][et_pb_column type=\u00bb4_4&#8243; _builder_version=\u00bb4.9.10&#8243; _module_preset=\u00bbdefault\u00bb global_colors_info=\u00bb{}\u00bb][et_pb_text _builder_version=\u00bb4.9.11&#8243; _module_preset=\u00bbdefault\u00bb text_font_size=\u00bb18px\u00bb global_colors_info=\u00bb{}\u00bb]\n<p style=\"text-align: justify;\">Hace tiempo que me siento muy desafiada por el Se\u00f1or con la responsabilidad que tengo como mam\u00e1, de criar, educar y guiar a mis hijas en este tiempo y sociedad en la cual estamos viviendo. Pero no solo como mam\u00e1, sino tambi\u00e9n como persona adulta, considero que es fundamental pensar en los ni\u00f1os y en el mundo en el cual est\u00e1n creciendo.<\/p>\n<p style=\"text-align: justify;\">Sin dudas, la ni\u00f1ez hoy es el blanco de ataque de Satan\u00e1s. La familia dise\u00f1ada por Dios, ese lugar donde el ni\u00f1o crece y se desarrolla rodeado de amor, cuidado, disciplina y valores, es un bicho raro de encontrar. Lo com\u00fan son familias separadas, lejos del dise\u00f1o original. Ni\u00f1os abusados f\u00edsica y emocionalmente, abandonados, solitarios.<\/p>\n<p style=\"text-align: justify;\">La educaci\u00f3n, la transmisi\u00f3n de conocimientos a los ni\u00f1os, est\u00e1 influenciada por diferentes vientos de doctrinas e ideolog\u00edas que promueven el ego\u00edsmo y el culto al yo disfrazado de \u201camor propio\u201d. La inocencia, ternura, juego y compa\u00f1erismo, energ\u00eda y creatividad que tanto representan a la ni\u00f1ez hoy est\u00e1n siendo \u201capagadas\u201d por horas y horas delante de las pantallas, donde de maneras muy sutiles el enemigo atrapa su atenci\u00f3n y los adoctrina, dando como resultado ni\u00f1os depresivos, agresivos, sin capacidad de relacionarse con sus pares, adictos, escondidos detr\u00e1s de diagn\u00f3sticos y pastillas para que no moleste. As\u00ed podr\u00edamos seguir describiendo c\u00f3mo la infancia est\u00e1 siendo atacada en este tiempo, porque lo vemos d\u00eda a d\u00eda.<\/p>\n<p style=\"text-align: justify;\">Es por eso que los invito a considerar: <em>\u00bfQu\u00e9 estamos haciendo nosotros, como hijos de Dios, como iglesia, como padres, como maestros, por los ni\u00f1os de nuestra iglesia y alrededor?<\/em><\/p>\n<p style=\"text-align: justify;\">En un mundo lleno de influencias equivocadas <em>\u00bfEstamos siendo para ellos \u201c<strong>ejemplo de los creyentes en palabra, conducta, amor, esp\u00edritu, fe y pureza<\/strong>\u201d (1 Timoteo 4:12)?<\/em><\/p>\n<p style=\"text-align: justify;\">\u00a1Qu\u00e9 responsabilidad que tenemos!<\/p>\n<p style=\"text-align: justify;\">Clamemos sin cesar por nuestros ni\u00f1os, para que sean intachables y puros, hijos de Dios sin culpa en medio de una generaci\u00f3n torcida y depravada, para que, en ella, ellos brillen como estrellas en el firmamento. (Filipenses 2:5).<\/p>\n<p style=\"text-align: justify;\">Am\u00e9n<\/p>\n[\/et_pb_text][\/et_pb_column][\/et_pb_row][\/et_pb_section]\n","protected":false},"excerpt":{"rendered":"<p>Hace tiempo que me siento muy desafiada por el Se\u00f1or con la responsabilidad que tengo como mam\u00e1, de criar, educar y guiar a mis hijas en este tiempo y sociedad en la cual estamos viviendo. Pero no solo como mam\u00e1, sino tambi\u00e9n como persona adulta, considero que es fundamental pensar en los ni\u00f1os y en [&hellip;]<\/p>\n","protected":false},"author":2,"featured_media":6141,"comment_status":"open","ping_status":"open","sticky":false,"template":"","format":"standard","meta":{"_et_pb_use_builder":"on","_et_pb_old_content":"","_et_gb_content_width":"","footnotes":""},"categories":[4],"tags":[],"class_list":["post-6140","post","type-post","status-publish","format-standard","has-post-thumbnail","hentry","category-actualidades","et-has-post-format-content","et_post_format-et-post-format-standard"],"yoast_head":"<!-- This site is optimized with the Yoast SEO plugin v27.5 - https:\/\/yoast.com\/product\/yoast-seo-wordpress\/ -->\n<title>Desafiados - La Revista de Rinc&oacute;n<\/title>\n<meta name=\"description\" content=\"La familia dise\u00f1ada por Dios, ese lugar donde el ni\u00f1o crece y se desarrolla rodeado de amor, cuidado, disciplina y valores, es un bicho raro de encontrar.\" \/>\n<meta name=\"robots\" content=\"index, follow, max-snippet:-1, max-image-preview:large, max-video-preview:-1\" \/>\n<link rel=\"canonical\" href=\"https:\/\/iglesiarincon.org\/revista\/desafiados\/\" \/>\n<meta property=\"og:locale\" content=\"es_ES\" \/>\n<meta property=\"og:type\" content=\"article\" \/>\n<meta property=\"og:title\" content=\"Desafiados - La Revista de Rinc&oacute;n\" \/>\n<meta property=\"og:description\" content=\"La familia dise\u00f1ada por Dios, ese lugar donde el ni\u00f1o crece y se desarrolla rodeado de amor, cuidado, disciplina y valores, es un bicho raro de encontrar.\" \/>\n<meta property=\"og:url\" content=\"https:\/\/iglesiarincon.org\/revista\/desafiados\/\" \/>\n<meta property=\"og:site_name\" content=\"La Revista de Rinc&oacute;n\" \/>\n<meta property=\"article:published_time\" content=\"2021-08-15T03:00:00+00:00\" \/>\n<meta property=\"og:image\" content=\"https:\/\/iglesiarincon.org\/revista\/wp-content\/uploads\/2021\/08\/desafiados.jpg\" \/>\n\t<meta property=\"og:image:width\" content=\"1280\" \/>\n\t<meta property=\"og:image:height\" content=\"853\" \/>\n\t<meta property=\"og:image:type\" content=\"image\/jpeg\" \/>\n<meta name=\"author\" content=\"Eugenia Medaglia\" \/>\n<meta name=\"twitter:card\" content=\"summary_large_image\" \/>\n<meta name=\"twitter:label1\" content=\"Escrito por\" \/>\n\t<meta name=\"twitter:data1\" content=\"Eugenia Medaglia\" \/>\n\t<meta name=\"twitter:label2\" content=\"Tiempo de lectura\" \/>\n\t<meta name=\"twitter:data2\" content=\"2 minutos\" \/>\n<script type=\"application\/ld+json\" class=\"yoast-schema-graph\">{\"@context\":\"https:\\\/\\\/schema.org\",\"@graph\":[{\"@type\":\"Article\",\"@id\":\"https:\\\/\\\/iglesiarincon.org\\\/revista\\\/desafiados\\\/#article\",\"isPartOf\":{\"@id\":\"https:\\\/\\\/iglesiarincon.org\\\/revista\\\/desafiados\\\/\"},\"author\":{\"name\":\"Eugenia Medaglia\",\"@id\":\"https:\\\/\\\/iglesiarincon.org\\\/revista\\\/#\\\/schema\\\/person\\\/6555ee1987df7656f4b7ba4a7789706e\"},\"headline\":\"Desafiados\",\"datePublished\":\"2021-08-15T03:00:00+00:00\",\"mainEntityOfPage\":{\"@id\":\"https:\\\/\\\/iglesiarincon.org\\\/revista\\\/desafiados\\\/\"},\"wordCount\":425,\"commentCount\":5,\"image\":{\"@id\":\"https:\\\/\\\/iglesiarincon.org\\\/revista\\\/desafiados\\\/#primaryimage\"},\"thumbnailUrl\":\"https:\\\/\\\/iglesiarincon.org\\\/revista\\\/wp-content\\\/uploads\\\/2021\\\/08\\\/desafiados.jpg\",\"articleSection\":[\"Actualidades\"],\"inLanguage\":\"es\",\"potentialAction\":[{\"@type\":\"CommentAction\",\"name\":\"Comment\",\"target\":[\"https:\\\/\\\/iglesiarincon.org\\\/revista\\\/desafiados\\\/#respond\"]}]},{\"@type\":\"WebPage\",\"@id\":\"https:\\\/\\\/iglesiarincon.org\\\/revista\\\/desafiados\\\/\",\"url\":\"https:\\\/\\\/iglesiarincon.org\\\/revista\\\/desafiados\\\/\",\"name\":\"Desafiados - La Revista de Rinc&oacute;n\",\"isPartOf\":{\"@id\":\"https:\\\/\\\/iglesiarincon.org\\\/revista\\\/#website\"},\"primaryImageOfPage\":{\"@id\":\"https:\\\/\\\/iglesiarincon.org\\\/revista\\\/desafiados\\\/#primaryimage\"},\"image\":{\"@id\":\"https:\\\/\\\/iglesiarincon.org\\\/revista\\\/desafiados\\\/#primaryimage\"},\"thumbnailUrl\":\"https:\\\/\\\/iglesiarincon.org\\\/revista\\\/wp-content\\\/uploads\\\/2021\\\/08\\\/desafiados.jpg\",\"datePublished\":\"2021-08-15T03:00:00+00:00\",\"author\":{\"@id\":\"https:\\\/\\\/iglesiarincon.org\\\/revista\\\/#\\\/schema\\\/person\\\/6555ee1987df7656f4b7ba4a7789706e\"},\"description\":\"La familia dise\u00f1ada por Dios, ese lugar donde el ni\u00f1o crece y se desarrolla rodeado de amor, cuidado, disciplina y valores, es un bicho raro de encontrar.\",\"breadcrumb\":{\"@id\":\"https:\\\/\\\/iglesiarincon.org\\\/revista\\\/desafiados\\\/#breadcrumb\"},\"inLanguage\":\"es\",\"potentialAction\":[{\"@type\":\"ReadAction\",\"target\":[\"https:\\\/\\\/iglesiarincon.org\\\/revista\\\/desafiados\\\/\"]}]},{\"@type\":\"ImageObject\",\"inLanguage\":\"es\",\"@id\":\"https:\\\/\\\/iglesiarincon.org\\\/revista\\\/desafiados\\\/#primaryimage\",\"url\":\"https:\\\/\\\/iglesiarincon.org\\\/revista\\\/wp-content\\\/uploads\\\/2021\\\/08\\\/desafiados.jpg\",\"contentUrl\":\"https:\\\/\\\/iglesiarincon.org\\\/revista\\\/wp-content\\\/uploads\\\/2021\\\/08\\\/desafiados.jpg\",\"width\":1280,\"height\":853},{\"@type\":\"BreadcrumbList\",\"@id\":\"https:\\\/\\\/iglesiarincon.org\\\/revista\\\/desafiados\\\/#breadcrumb\",\"itemListElement\":[{\"@type\":\"ListItem\",\"position\":1,\"name\":\"Portada\",\"item\":\"https:\\\/\\\/iglesiarincon.org\\\/revista\\\/\"},{\"@type\":\"ListItem\",\"position\":2,\"name\":\"Desafiados\"}]},{\"@type\":\"WebSite\",\"@id\":\"https:\\\/\\\/iglesiarincon.org\\\/revista\\\/#website\",\"url\":\"https:\\\/\\\/iglesiarincon.org\\\/revista\\\/\",\"name\":\"La Revista de Rinc&oacute;n\",\"description\":\"Compartiendo lo mejor\",\"potentialAction\":[{\"@type\":\"SearchAction\",\"target\":{\"@type\":\"EntryPoint\",\"urlTemplate\":\"https:\\\/\\\/iglesiarincon.org\\\/revista\\\/?s={search_term_string}\"},\"query-input\":{\"@type\":\"PropertyValueSpecification\",\"valueRequired\":true,\"valueName\":\"search_term_string\"}}],\"inLanguage\":\"es\"},{\"@type\":\"Person\",\"@id\":\"https:\\\/\\\/iglesiarincon.org\\\/revista\\\/#\\\/schema\\\/person\\\/6555ee1987df7656f4b7ba4a7789706e\",\"name\":\"Eugenia Medaglia\",\"image\":{\"@type\":\"ImageObject\",\"inLanguage\":\"es\",\"@id\":\"https:\\\/\\\/iglesiarincon.org\\\/revista\\\/wp-content\\\/uploads\\\/2020\\\/08\\\/Euge-M.jpeg\",\"url\":\"https:\\\/\\\/iglesiarincon.org\\\/revista\\\/wp-content\\\/uploads\\\/2020\\\/08\\\/Euge-M.jpeg\",\"contentUrl\":\"https:\\\/\\\/iglesiarincon.org\\\/revista\\\/wp-content\\\/uploads\\\/2020\\\/08\\\/Euge-M.jpeg\",\"caption\":\"Eugenia Medaglia\"},\"url\":\"#molongui-disabled-link\"}]}<\/script>\n<!-- \/ Yoast SEO plugin. -->","yoast_head_json":{"title":"Desafiados - La Revista de Rinc&oacute;n","description":"La familia dise\u00f1ada por Dios, ese lugar donde el ni\u00f1o crece y se desarrolla rodeado de amor, cuidado, disciplina y valores, es un bicho raro de encontrar.","robots":{"index":"index","follow":"follow","max-snippet":"max-snippet:-1","max-image-preview":"max-image-preview:large","max-video-preview":"max-video-preview:-1"},"canonical":"https:\/\/iglesiarincon.org\/revista\/desafiados\/","og_locale":"es_ES","og_type":"article","og_title":"Desafiados - La Revista de Rinc&oacute;n","og_description":"La familia dise\u00f1ada por Dios, ese lugar donde el ni\u00f1o crece y se desarrolla rodeado de amor, cuidado, disciplina y valores, es un bicho raro de encontrar.","og_url":"https:\/\/iglesiarincon.org\/revista\/desafiados\/","og_site_name":"La Revista de Rinc&oacute;n","article_published_time":"2021-08-15T03:00:00+00:00","og_image":[{"width":1280,"height":853,"url":"https:\/\/iglesiarincon.org\/revista\/wp-content\/uploads\/2021\/08\/desafiados.jpg","type":"image\/jpeg"}],"author":"Eugenia Medaglia","twitter_card":"summary_large_image","twitter_misc":{"Escrito por":"Eugenia Medaglia","Tiempo de lectura":"2 minutos"},"schema":{"@context":"https:\/\/schema.org","@graph":[{"@type":"Article","@id":"https:\/\/iglesiarincon.org\/revista\/desafiados\/#article","isPartOf":{"@id":"https:\/\/iglesiarincon.org\/revista\/desafiados\/"},"author":{"name":"Eugenia Medaglia","@id":"https:\/\/iglesiarincon.org\/revista\/#\/schema\/person\/6555ee1987df7656f4b7ba4a7789706e"},"headline":"Desafiados","datePublished":"2021-08-15T03:00:00+00:00","mainEntityOfPage":{"@id":"https:\/\/iglesiarincon.org\/revista\/desafiados\/"},"wordCount":425,"commentCount":5,"image":{"@id":"https:\/\/iglesiarincon.org\/revista\/desafiados\/#primaryimage"},"thumbnailUrl":"https:\/\/iglesiarincon.org\/revista\/wp-content\/uploads\/2021\/08\/desafiados.jpg","articleSection":["Actualidades"],"inLanguage":"es","potentialAction":[{"@type":"CommentAction","name":"Comment","target":["https:\/\/iglesiarincon.org\/revista\/desafiados\/#respond"]}]},{"@type":"WebPage","@id":"https:\/\/iglesiarincon.org\/revista\/desafiados\/","url":"https:\/\/iglesiarincon.org\/revista\/desafiados\/","name":"Desafiados - La Revista de Rinc&oacute;n","isPartOf":{"@id":"https:\/\/iglesiarincon.org\/revista\/#website"},"primaryImageOfPage":{"@id":"https:\/\/iglesiarincon.org\/revista\/desafiados\/#primaryimage"},"image":{"@id":"https:\/\/iglesiarincon.org\/revista\/desafiados\/#primaryimage"},"thumbnailUrl":"https:\/\/iglesiarincon.org\/revista\/wp-content\/uploads\/2021\/08\/desafiados.jpg","datePublished":"2021-08-15T03:00:00+00:00","author":{"@id":"https:\/\/iglesiarincon.org\/revista\/#\/schema\/person\/6555ee1987df7656f4b7ba4a7789706e"},"description":"La familia dise\u00f1ada por Dios, ese lugar donde el ni\u00f1o crece y se desarrolla rodeado de amor, cuidado, disciplina y valores, es un bicho raro de encontrar.","breadcrumb":{"@id":"https:\/\/iglesiarincon.org\/revista\/desafiados\/#breadcrumb"},"inLanguage":"es","potentialAction":[{"@type":"ReadAction","target":["https:\/\/iglesiarincon.org\/revista\/desafiados\/"]}]},{"@type":"ImageObject","inLanguage":"es","@id":"https:\/\/iglesiarincon.org\/revista\/desafiados\/#primaryimage","url":"https:\/\/iglesiarincon.org\/revista\/wp-content\/uploads\/2021\/08\/desafiados.jpg","contentUrl":"https:\/\/iglesiarincon.org\/revista\/wp-content\/uploads\/2021\/08\/desafiados.jpg","width":1280,"height":853},{"@type":"BreadcrumbList","@id":"https:\/\/iglesiarincon.org\/revista\/desafiados\/#breadcrumb","itemListElement":[{"@type":"ListItem","position":1,"name":"Portada","item":"https:\/\/iglesiarincon.org\/revista\/"},{"@type":"ListItem","position":2,"name":"Desafiados"}]},{"@type":"WebSite","@id":"https:\/\/iglesiarincon.org\/revista\/#website","url":"https:\/\/iglesiarincon.org\/revista\/","name":"La Revista de Rinc&oacute;n","description":"Compartiendo lo mejor","potentialAction":[{"@type":"SearchAction","target":{"@type":"EntryPoint","urlTemplate":"https:\/\/iglesiarincon.org\/revista\/?s={search_term_string}"},"query-input":{"@type":"PropertyValueSpecification","valueRequired":true,"valueName":"search_term_string"}}],"inLanguage":"es"},{"@type":"Person","@id":"https:\/\/iglesiarincon.org\/revista\/#\/schema\/person\/6555ee1987df7656f4b7ba4a7789706e","name":"Eugenia Medaglia","image":{"@type":"ImageObject","inLanguage":"es","@id":"https:\/\/iglesiarincon.org\/revista\/wp-content\/uploads\/2020\/08\/Euge-M.jpeg","url":"https:\/\/iglesiarincon.org\/revista\/wp-content\/uploads\/2020\/08\/Euge-M.jpeg","contentUrl":"https:\/\/iglesiarincon.org\/revista\/wp-content\/uploads\/2020\/08\/Euge-M.jpeg","caption":"Eugenia Medaglia"},"url":"#molongui-disabled-link"}]}},"_links":{"self":[{"href":"https:\/\/iglesiarincon.org\/revista\/wp-json\/wp\/v2\/posts\/6140","targetHints":{"allow":["GET"]}}],"collection":[{"href":"https:\/\/iglesiarincon.org\/revista\/wp-json\/wp\/v2\/posts"}],"about":[{"href":"https:\/\/iglesiarincon.org\/revista\/wp-json\/wp\/v2\/types\/post"}],"author":[{"embeddable":true,"href":"https:\/\/iglesiarincon.org\/revista\/wp-json\/wp\/v2\/users\/2"}],"replies":[{"embeddable":true,"href":"https:\/\/iglesiarincon.org\/revista\/wp-json\/wp\/v2\/comments?post=6140"}],"version-history":[{"count":5,"href":"https:\/\/iglesiarincon.org\/revista\/wp-json\/wp\/v2\/posts\/6140\/revisions"}],"predecessor-version":[{"id":6154,"href":"https:\/\/iglesiarincon.org\/revista\/wp-json\/wp\/v2\/posts\/6140\/revisions\/6154"}],"wp:featuredmedia":[{"embeddable":true,"href":"https:\/\/iglesiarincon.org\/revista\/wp-json\/wp\/v2\/media\/6141"}],"wp:attachment":[{"href":"https:\/\/iglesiarincon.org\/revista\/wp-json\/wp\/v2\/media?parent=6140"}],"wp:term":[{"taxonomy":"category","embeddable":true,"href":"https:\/\/iglesiarincon.org\/revista\/wp-json\/wp\/v2\/categories?post=6140"},{"taxonomy":"post_tag","embeddable":true,"href":"https:\/\/iglesiarincon.org\/revista\/wp-json\/wp\/v2\/tags?post=6140"}],"curies":[{"name":"wp","href":"https:\/\/api.w.org\/{rel}","templated":true}]}}