{"id":6013,"date":"2021-07-22T09:48:24","date_gmt":"2021-07-22T12:48:24","guid":{"rendered":"https:\/\/iglesiarincon.org\/revista\/?p=6013"},"modified":"2021-07-22T09:48:24","modified_gmt":"2021-07-22T12:48:24","slug":"bueno","status":"publish","type":"post","link":"https:\/\/iglesiarincon.org\/revista\/bueno\/","title":{"rendered":"Bueno"},"content":{"rendered":"[et_pb_section fb_built=\u00bb1&#8243; _builder_version=\u00bb3.22&#8243; custom_padding=\u00bb0px|||||\u00bb][et_pb_row _builder_version=\u00bb3.25&#8243; background_size=\u00bbinitial\u00bb background_position=\u00bbtop_left\u00bb background_repeat=\u00bbrepeat\u00bb][et_pb_column type=\u00bb4_4&#8243; _builder_version=\u00bb3.25&#8243; custom_padding=\u00bb|||\u00bb custom_padding__hover=\u00bb|||\u00bb][et_pb_text _builder_version=\u00bb4.9.9&#8243; text_font=\u00bbTrebuchet|600|||||||\u00bb text_font_size=\u00bb18px\u00bb custom_padding=\u00bb37px||0px|||\u00bb]\n<p><strong>Cuando alguien consigue trabajo, o anuncia la llegada del tan ansiado beb\u00e9, o presenta a su novio\/a despu\u00e9s de varios a\u00f1os de oraci\u00f3n, o se recupera milagrosamente de una enfermedad, o compra la casa so\u00f1ada, o el auto 0km, o soluciona alguna situaci\u00f3n dif\u00edcil, se suele decir: \u201cDIOS ES BUENO\u201d.<\/strong><\/p>\n<p><strong>Pareciera que Dios es bueno SOLO cuando contesta favorablemente nuestras oraciones, pero cuando Dios dice que NO\u2026 \u00bfpodemos decir que \u00c9l es bueno?<\/strong><\/p>\n<p><strong>Solemos creer que alguien es \u201cbueno\u201d dependiendo de c\u00f3mo afecta nuestro ser, o sea, vos sos \u201cbueno\u201d seg\u00fan cu\u00e1n feliz y alegre me hac\u00e9s sentir.<\/strong><\/p>\n<p><strong>Como uno de los atributos de Dios es que \u00c9l es infinito, es imposible que Dios sea algo en forma parcial, por tal motivo, aunque no lo entendamos, Dios es infinitamente bueno siempre. NUNCA va a existir un momento en la vida en que Dios no sea BUENO, por lo tanto \u00c9l NO puede sentirse indiferente hacia nadie, nosotros podemos ser indiferentes, pero Dios no.<\/strong><\/p>\n<p><strong>\u00a1\u00a1Dios nos ama ilimitadamente!!<\/strong><\/p>\n<p><strong>Entreg\u00f3 lo m\u00e1s preciado que ten\u00eda, su \u00fanico Hijo, para morir en la cruz, limpiar nuestros pecados, darnos su incondicional compa\u00f1\u00eda y regalarnos la eternidad, \u00bfqu\u00e9 m\u00e1s podemos pedir? \u00bfNo es absoluta y totalmente bueno?<\/strong><\/p>\n<p><strong>\u00a1Demos gracias al Se\u00f1or, porque \u00c9l es bueno! Su fiel amor perdura para siempre. (Salmo 107:1)<\/strong><\/p>\n[\/et_pb_text][et_pb_video src=\u00bbhttps:\/\/02-revista.s3.sa-east-1.amazonaws.com\/Videos\/20210718_vid_GENERACION+12+Dios+Incomparable+junto+a+Marco+Barrientos.mp4&#8243; image_src=\u00bbhttps:\/\/iglesiarincon.org\/revista\/wp-content\/uploads\/2021\/07\/Dios_incomparable.jpg\u00bb play_icon_color=\u00bb#E02B20&#8243; thumbnail_overlay_color=\u00bbrgba(0,0,0,0.6)\u00bb _builder_version=\u00bb4.9.9&#8243; custom_margin=\u00bb66px||62px|||\u00bb custom_padding=\u00bb11px|||||\u00bb box_shadow_style=\u00bbpreset3&#8243;][\/et_pb_video][et_pb_text _builder_version=\u00bb4.9.9&#8243; _module_preset=\u00bbdefault\u00bb text_font_size=\u00bb10px\u00bb]\n<p>Fuente: Canal de Youtube<\/p>\n[\/et_pb_text][\/et_pb_column][\/et_pb_row][\/et_pb_section]\n","protected":false},"excerpt":{"rendered":"<p>Cuando alguien consigue trabajo, o anuncia la llegada del tan ansiado beb\u00e9, o presenta a su novio\/a despu\u00e9s de varios a\u00f1os de oraci\u00f3n, o se recupera milagrosamente de una enfermedad, o compra la casa so\u00f1ada, o el auto 0km, o soluciona alguna situaci\u00f3n dif\u00edcil, se suele decir: \u201cDIOS ES BUENO\u201d. Pareciera que Dios es bueno [&hellip;]<\/p>\n","protected":false},"author":3,"featured_media":6015,"comment_status":"open","ping_status":"open","sticky":false,"template":"","format":"standard","meta":{"_et_pb_use_builder":"on","_et_pb_old_content":"","_et_gb_content_width":"","footnotes":""},"categories":[60,3],"tags":[],"class_list":["post-6013","post","type-post","status-publish","format-standard","has-post-thumbnail","hentry","category-espacio-joven","category-reflexiones","et-has-post-format-content","et_post_format-et-post-format-standard"],"yoast_head":"<!-- This site is optimized with the Yoast SEO plugin v27.5 - https:\/\/yoast.com\/product\/yoast-seo-wordpress\/ -->\n<title>Bueno - La Revista de Rinc&oacute;n<\/title>\n<meta name=\"description\" content=\"Como dijo el salmista: \u00a1Demos gracias al Se\u00f1or, porque \u00e9l es bueno! Su fiel amor perdura para siempre. Salmo 107:1\" \/>\n<meta name=\"robots\" content=\"index, follow, max-snippet:-1, max-image-preview:large, max-video-preview:-1\" \/>\n<link rel=\"canonical\" href=\"https:\/\/iglesiarincon.org\/revista\/bueno\/\" \/>\n<meta property=\"og:locale\" content=\"es_ES\" \/>\n<meta property=\"og:type\" content=\"article\" \/>\n<meta property=\"og:title\" content=\"Bueno - La Revista de Rinc&oacute;n\" \/>\n<meta property=\"og:description\" content=\"Como dijo el salmista: \u00a1Demos gracias al Se\u00f1or, porque \u00e9l es bueno! Su fiel amor perdura para siempre. Salmo 107:1\" \/>\n<meta property=\"og:url\" content=\"https:\/\/iglesiarincon.org\/revista\/bueno\/\" \/>\n<meta property=\"og:site_name\" content=\"La Revista de Rinc&oacute;n\" \/>\n<meta property=\"article:published_time\" content=\"2021-07-22T12:48:24+00:00\" \/>\n<meta property=\"og:image\" content=\"https:\/\/iglesiarincon.org\/revista\/wp-content\/uploads\/2021\/07\/bueno.jpg\" \/>\n\t<meta property=\"og:image:width\" content=\"1280\" \/>\n\t<meta property=\"og:image:height\" content=\"853\" \/>\n\t<meta property=\"og:image:type\" content=\"image\/jpeg\" \/>\n<meta name=\"author\" content=\"Ricky Bisio\" \/>\n<meta name=\"twitter:card\" content=\"summary_large_image\" \/>\n<meta name=\"twitter:label1\" content=\"Escrito por\" \/>\n\t<meta name=\"twitter:data1\" content=\"Ricky Bisio\" \/>\n\t<meta name=\"twitter:label2\" content=\"Tiempo de lectura\" \/>\n\t<meta name=\"twitter:data2\" content=\"2 minutos\" \/>\n<script type=\"application\/ld+json\" class=\"yoast-schema-graph\">{\"@context\":\"https:\\\/\\\/schema.org\",\"@graph\":[{\"@type\":\"Article\",\"@id\":\"https:\\\/\\\/iglesiarincon.org\\\/revista\\\/bueno\\\/#article\",\"isPartOf\":{\"@id\":\"https:\\\/\\\/iglesiarincon.org\\\/revista\\\/bueno\\\/\"},\"author\":{\"name\":\"Ricky Bisio\",\"@id\":\"https:\\\/\\\/iglesiarincon.org\\\/revista\\\/#\\\/schema\\\/person\\\/a8b2fdd8f8efe2495a340a0febbe7df4\"},\"headline\":\"Bueno\",\"datePublished\":\"2021-07-22T12:48:24+00:00\",\"mainEntityOfPage\":{\"@id\":\"https:\\\/\\\/iglesiarincon.org\\\/revista\\\/bueno\\\/\"},\"wordCount\":373,\"commentCount\":0,\"image\":{\"@id\":\"https:\\\/\\\/iglesiarincon.org\\\/revista\\\/bueno\\\/#primaryimage\"},\"thumbnailUrl\":\"https:\\\/\\\/iglesiarincon.org\\\/revista\\\/wp-content\\\/uploads\\\/2021\\\/07\\\/bueno.jpg\",\"articleSection\":[\"Espacio joven\",\"Reflexiones\"],\"inLanguage\":\"es\",\"potentialAction\":[{\"@type\":\"CommentAction\",\"name\":\"Comment\",\"target\":[\"https:\\\/\\\/iglesiarincon.org\\\/revista\\\/bueno\\\/#respond\"]}]},{\"@type\":\"WebPage\",\"@id\":\"https:\\\/\\\/iglesiarincon.org\\\/revista\\\/bueno\\\/\",\"url\":\"https:\\\/\\\/iglesiarincon.org\\\/revista\\\/bueno\\\/\",\"name\":\"Bueno - La Revista de Rinc&oacute;n\",\"isPartOf\":{\"@id\":\"https:\\\/\\\/iglesiarincon.org\\\/revista\\\/#website\"},\"primaryImageOfPage\":{\"@id\":\"https:\\\/\\\/iglesiarincon.org\\\/revista\\\/bueno\\\/#primaryimage\"},\"image\":{\"@id\":\"https:\\\/\\\/iglesiarincon.org\\\/revista\\\/bueno\\\/#primaryimage\"},\"thumbnailUrl\":\"https:\\\/\\\/iglesiarincon.org\\\/revista\\\/wp-content\\\/uploads\\\/2021\\\/07\\\/bueno.jpg\",\"datePublished\":\"2021-07-22T12:48:24+00:00\",\"author\":{\"@id\":\"https:\\\/\\\/iglesiarincon.org\\\/revista\\\/#\\\/schema\\\/person\\\/a8b2fdd8f8efe2495a340a0febbe7df4\"},\"description\":\"Como dijo el salmista: \u00a1Demos gracias al Se\u00f1or, porque \u00e9l es bueno! Su fiel amor perdura para siempre. Salmo 107:1\",\"breadcrumb\":{\"@id\":\"https:\\\/\\\/iglesiarincon.org\\\/revista\\\/bueno\\\/#breadcrumb\"},\"inLanguage\":\"es\",\"potentialAction\":[{\"@type\":\"ReadAction\",\"target\":[\"https:\\\/\\\/iglesiarincon.org\\\/revista\\\/bueno\\\/\"]}]},{\"@type\":\"ImageObject\",\"inLanguage\":\"es\",\"@id\":\"https:\\\/\\\/iglesiarincon.org\\\/revista\\\/bueno\\\/#primaryimage\",\"url\":\"https:\\\/\\\/iglesiarincon.org\\\/revista\\\/wp-content\\\/uploads\\\/2021\\\/07\\\/bueno.jpg\",\"contentUrl\":\"https:\\\/\\\/iglesiarincon.org\\\/revista\\\/wp-content\\\/uploads\\\/2021\\\/07\\\/bueno.jpg\",\"width\":1280,\"height\":853},{\"@type\":\"BreadcrumbList\",\"@id\":\"https:\\\/\\\/iglesiarincon.org\\\/revista\\\/bueno\\\/#breadcrumb\",\"itemListElement\":[{\"@type\":\"ListItem\",\"position\":1,\"name\":\"Portada\",\"item\":\"https:\\\/\\\/iglesiarincon.org\\\/revista\\\/\"},{\"@type\":\"ListItem\",\"position\":2,\"name\":\"Bueno\"}]},{\"@type\":\"WebSite\",\"@id\":\"https:\\\/\\\/iglesiarincon.org\\\/revista\\\/#website\",\"url\":\"https:\\\/\\\/iglesiarincon.org\\\/revista\\\/\",\"name\":\"La Revista de Rinc&oacute;n\",\"description\":\"Compartiendo lo mejor\",\"potentialAction\":[{\"@type\":\"SearchAction\",\"target\":{\"@type\":\"EntryPoint\",\"urlTemplate\":\"https:\\\/\\\/iglesiarincon.org\\\/revista\\\/?s={search_term_string}\"},\"query-input\":{\"@type\":\"PropertyValueSpecification\",\"valueRequired\":true,\"valueName\":\"search_term_string\"}}],\"inLanguage\":\"es\"},{\"@type\":\"Person\",\"@id\":\"https:\\\/\\\/iglesiarincon.org\\\/revista\\\/#\\\/schema\\\/person\\\/a8b2fdd8f8efe2495a340a0febbe7df4\",\"name\":\"Ricky Bisio\",\"image\":{\"@type\":\"ImageObject\",\"inLanguage\":\"es\",\"@id\":\"https:\\\/\\\/iglesiarincon.org\\\/revista\\\/wp-content\\\/uploads\\\/2021\\\/07\\\/Ricky-Bisio.jpeg\",\"url\":\"https:\\\/\\\/iglesiarincon.org\\\/revista\\\/wp-content\\\/uploads\\\/2021\\\/07\\\/Ricky-Bisio.jpeg\",\"contentUrl\":\"https:\\\/\\\/iglesiarincon.org\\\/revista\\\/wp-content\\\/uploads\\\/2021\\\/07\\\/Ricky-Bisio.jpeg\",\"caption\":\"Ricky Bisio\"},\"url\":\"#molongui-disabled-link\"}]}<\/script>\n<!-- \/ Yoast SEO plugin. -->","yoast_head_json":{"title":"Bueno - La Revista de Rinc&oacute;n","description":"Como dijo el salmista: \u00a1Demos gracias al Se\u00f1or, porque \u00e9l es bueno! Su fiel amor perdura para siempre. Salmo 107:1","robots":{"index":"index","follow":"follow","max-snippet":"max-snippet:-1","max-image-preview":"max-image-preview:large","max-video-preview":"max-video-preview:-1"},"canonical":"https:\/\/iglesiarincon.org\/revista\/bueno\/","og_locale":"es_ES","og_type":"article","og_title":"Bueno - La Revista de Rinc&oacute;n","og_description":"Como dijo el salmista: \u00a1Demos gracias al Se\u00f1or, porque \u00e9l es bueno! Su fiel amor perdura para siempre. Salmo 107:1","og_url":"https:\/\/iglesiarincon.org\/revista\/bueno\/","og_site_name":"La Revista de Rinc&oacute;n","article_published_time":"2021-07-22T12:48:24+00:00","og_image":[{"width":1280,"height":853,"url":"https:\/\/iglesiarincon.org\/revista\/wp-content\/uploads\/2021\/07\/bueno.jpg","type":"image\/jpeg"}],"author":"Ricky Bisio","twitter_card":"summary_large_image","twitter_misc":{"Escrito por":"Ricky Bisio","Tiempo de lectura":"2 minutos"},"schema":{"@context":"https:\/\/schema.org","@graph":[{"@type":"Article","@id":"https:\/\/iglesiarincon.org\/revista\/bueno\/#article","isPartOf":{"@id":"https:\/\/iglesiarincon.org\/revista\/bueno\/"},"author":{"name":"Ricky Bisio","@id":"https:\/\/iglesiarincon.org\/revista\/#\/schema\/person\/a8b2fdd8f8efe2495a340a0febbe7df4"},"headline":"Bueno","datePublished":"2021-07-22T12:48:24+00:00","mainEntityOfPage":{"@id":"https:\/\/iglesiarincon.org\/revista\/bueno\/"},"wordCount":373,"commentCount":0,"image":{"@id":"https:\/\/iglesiarincon.org\/revista\/bueno\/#primaryimage"},"thumbnailUrl":"https:\/\/iglesiarincon.org\/revista\/wp-content\/uploads\/2021\/07\/bueno.jpg","articleSection":["Espacio joven","Reflexiones"],"inLanguage":"es","potentialAction":[{"@type":"CommentAction","name":"Comment","target":["https:\/\/iglesiarincon.org\/revista\/bueno\/#respond"]}]},{"@type":"WebPage","@id":"https:\/\/iglesiarincon.org\/revista\/bueno\/","url":"https:\/\/iglesiarincon.org\/revista\/bueno\/","name":"Bueno - La Revista de Rinc&oacute;n","isPartOf":{"@id":"https:\/\/iglesiarincon.org\/revista\/#website"},"primaryImageOfPage":{"@id":"https:\/\/iglesiarincon.org\/revista\/bueno\/#primaryimage"},"image":{"@id":"https:\/\/iglesiarincon.org\/revista\/bueno\/#primaryimage"},"thumbnailUrl":"https:\/\/iglesiarincon.org\/revista\/wp-content\/uploads\/2021\/07\/bueno.jpg","datePublished":"2021-07-22T12:48:24+00:00","author":{"@id":"https:\/\/iglesiarincon.org\/revista\/#\/schema\/person\/a8b2fdd8f8efe2495a340a0febbe7df4"},"description":"Como dijo el salmista: \u00a1Demos gracias al Se\u00f1or, porque \u00e9l es bueno! Su fiel amor perdura para siempre. Salmo 107:1","breadcrumb":{"@id":"https:\/\/iglesiarincon.org\/revista\/bueno\/#breadcrumb"},"inLanguage":"es","potentialAction":[{"@type":"ReadAction","target":["https:\/\/iglesiarincon.org\/revista\/bueno\/"]}]},{"@type":"ImageObject","inLanguage":"es","@id":"https:\/\/iglesiarincon.org\/revista\/bueno\/#primaryimage","url":"https:\/\/iglesiarincon.org\/revista\/wp-content\/uploads\/2021\/07\/bueno.jpg","contentUrl":"https:\/\/iglesiarincon.org\/revista\/wp-content\/uploads\/2021\/07\/bueno.jpg","width":1280,"height":853},{"@type":"BreadcrumbList","@id":"https:\/\/iglesiarincon.org\/revista\/bueno\/#breadcrumb","itemListElement":[{"@type":"ListItem","position":1,"name":"Portada","item":"https:\/\/iglesiarincon.org\/revista\/"},{"@type":"ListItem","position":2,"name":"Bueno"}]},{"@type":"WebSite","@id":"https:\/\/iglesiarincon.org\/revista\/#website","url":"https:\/\/iglesiarincon.org\/revista\/","name":"La Revista de Rinc&oacute;n","description":"Compartiendo lo mejor","potentialAction":[{"@type":"SearchAction","target":{"@type":"EntryPoint","urlTemplate":"https:\/\/iglesiarincon.org\/revista\/?s={search_term_string}"},"query-input":{"@type":"PropertyValueSpecification","valueRequired":true,"valueName":"search_term_string"}}],"inLanguage":"es"},{"@type":"Person","@id":"https:\/\/iglesiarincon.org\/revista\/#\/schema\/person\/a8b2fdd8f8efe2495a340a0febbe7df4","name":"Ricky Bisio","image":{"@type":"ImageObject","inLanguage":"es","@id":"https:\/\/iglesiarincon.org\/revista\/wp-content\/uploads\/2021\/07\/Ricky-Bisio.jpeg","url":"https:\/\/iglesiarincon.org\/revista\/wp-content\/uploads\/2021\/07\/Ricky-Bisio.jpeg","contentUrl":"https:\/\/iglesiarincon.org\/revista\/wp-content\/uploads\/2021\/07\/Ricky-Bisio.jpeg","caption":"Ricky Bisio"},"url":"#molongui-disabled-link"}]}},"_links":{"self":[{"href":"https:\/\/iglesiarincon.org\/revista\/wp-json\/wp\/v2\/posts\/6013","targetHints":{"allow":["GET"]}}],"collection":[{"href":"https:\/\/iglesiarincon.org\/revista\/wp-json\/wp\/v2\/posts"}],"about":[{"href":"https:\/\/iglesiarincon.org\/revista\/wp-json\/wp\/v2\/types\/post"}],"author":[{"embeddable":true,"href":"https:\/\/iglesiarincon.org\/revista\/wp-json\/wp\/v2\/users\/3"}],"replies":[{"embeddable":true,"href":"https:\/\/iglesiarincon.org\/revista\/wp-json\/wp\/v2\/comments?post=6013"}],"version-history":[{"count":5,"href":"https:\/\/iglesiarincon.org\/revista\/wp-json\/wp\/v2\/posts\/6013\/revisions"}],"predecessor-version":[{"id":6058,"href":"https:\/\/iglesiarincon.org\/revista\/wp-json\/wp\/v2\/posts\/6013\/revisions\/6058"}],"wp:featuredmedia":[{"embeddable":true,"href":"https:\/\/iglesiarincon.org\/revista\/wp-json\/wp\/v2\/media\/6015"}],"wp:attachment":[{"href":"https:\/\/iglesiarincon.org\/revista\/wp-json\/wp\/v2\/media?parent=6013"}],"wp:term":[{"taxonomy":"category","embeddable":true,"href":"https:\/\/iglesiarincon.org\/revista\/wp-json\/wp\/v2\/categories?post=6013"},{"taxonomy":"post_tag","embeddable":true,"href":"https:\/\/iglesiarincon.org\/revista\/wp-json\/wp\/v2\/tags?post=6013"}],"curies":[{"name":"wp","href":"https:\/\/api.w.org\/{rel}","templated":true}]}}