{"id":600,"date":"2020-03-21T12:00:55","date_gmt":"2020-03-21T15:00:55","guid":{"rendered":"https:\/\/iglesiarincon.org\/revista\/?p=600"},"modified":"2020-03-27T11:01:43","modified_gmt":"2020-03-27T14:01:43","slug":"clamando-proteccion","status":"publish","type":"post","link":"https:\/\/iglesiarincon.org\/revista\/clamando-proteccion\/","title":{"rendered":"Clamando protecci\u00f3n"},"content":{"rendered":"[et_pb_section fb_built=\u00bb1&#8243; _builder_version=\u00bb4.4.1&#8243;][et_pb_row _builder_version=\u00bb4.4.1&#8243;][et_pb_column type=\u00bb4_4&#8243; _builder_version=\u00bb4.4.1&#8243;][et_pb_audio audio=\u00bbhttps:\/\/rincon.s3-us-west-2.amazonaws.com\/Audios\/Audios+Raquel+V\/Devocionales\/Audo+02-Devocional.mp3&#8243; title=\u00bbClamando Protecci\u00f3n\u00bb artist_name=\u00bbRaquel V.\u00bb image_url=\u00bbhttps:\/\/iglesiarincon.org\/revista\/wp-content\/uploads\/2020\/03\/Clamando-Proteccion.jpg\u00bb _builder_version=\u00bb4.4.1&#8243; background_color=\u00bb#3e5062&#8243; hover_enabled=\u00bb0&#8243; border_radii=\u00bbon|3px|3px|3px|3px\u00bb border_width_all=\u00bb2px\u00bb border_color_all=\u00bb#a8a8a8&#8243; box_shadow_style=\u00bbpreset3&#8243; album_name=\u00bbAbrazos Virtuales\u00bb][\/et_pb_audio][et_pb_text _builder_version=\u00bb4.4.1&#8243; text_font=\u00bb||||||||\u00bb text_orientation=\u00bbjustified\u00bb]\n<p>\u00abEn \u00e9ste tiempo de aislamiento social obligatorio. Vivimos tiempos dif\u00edciles, esto es una realidad que abarca a todo el mundo, y aqu\u00ed \u201ctodo el mundo\u201d es literalmente todo el mundo: todo nuestro planeta tierra. &#8230;\u00bb<\/p>\n<p>\u00abPero Dios \u201ces Rey eternamente y para siempre\u201d Sl. 10:16. Los reyes o gobiernos de \u00e9ste mundo son pasajeros y falibles, Dios es eterno e infalible. \u00bfNo es hermoso confiar en un Dios as\u00ed?<\/p>\n<p><span>El nos escucha cuando vamos ante su trono con un coraz\u00f3n humilde, conscientes que por nosotras mismas nada podemos cambiar de ciertas circunstancias y que El s\u00ed tiene el poder para hacerlo<\/span>&#8230;\u00bb<\/p>\n[\/et_pb_text][\/et_pb_column][\/et_pb_row][\/et_pb_section]\n","protected":false},"excerpt":{"rendered":"<p>\u00abEn \u00e9ste tiempo de aislamiento social obligatorio. Vivimos tiempos dif\u00edciles, esto es una realidad que abarca a todo el mundo, y aqu\u00ed \u201ctodo el mundo\u201d es literalmente todo el mundo: todo nuestro planeta tierra. &#8230;\u00bb \u00abPero Dios \u201ces Rey eternamente y para siempre\u201d Sl. 10:16. Los reyes o gobiernos de \u00e9ste mundo son pasajeros y [&hellip;]<\/p>\n","protected":false},"author":1,"featured_media":609,"comment_status":"open","ping_status":"open","sticky":false,"template":"","format":"standard","meta":{"_et_pb_use_builder":"on","_et_pb_old_content":"","_et_gb_content_width":"","footnotes":""},"categories":[35,15],"tags":[],"class_list":["post-600","post","type-post","status-publish","format-standard","has-post-thumbnail","hentry","category-abrazos-virtuales","category-audios","et-has-post-format-content","et_post_format-et-post-format-standard"],"yoast_head":"<!-- This site is optimized with the Yoast SEO plugin v27.5 - https:\/\/yoast.com\/product\/yoast-seo-wordpress\/ -->\n<title>Clamando protecci\u00f3n - La Revista de Rinc&oacute;n<\/title>\n<meta name=\"robots\" content=\"index, follow, max-snippet:-1, max-image-preview:large, max-video-preview:-1\" \/>\n<link rel=\"canonical\" href=\"https:\/\/iglesiarincon.org\/revista\/clamando-proteccion\/\" \/>\n<meta property=\"og:locale\" content=\"es_ES\" \/>\n<meta property=\"og:type\" content=\"article\" \/>\n<meta property=\"og:title\" content=\"Clamando protecci\u00f3n - La Revista de Rinc&oacute;n\" \/>\n<meta property=\"og:description\" content=\"&quot;En \u00e9ste tiempo de aislamiento social obligatorio. Vivimos tiempos dif\u00edciles, esto es una realidad que abarca a todo el mundo, y aqu\u00ed \u201ctodo el mundo\u201d es literalmente todo el mundo: todo nuestro planeta tierra. ...&quot; &quot;Pero Dios \u201ces Rey eternamente y para siempre\u201d Sl. 10:16. Los reyes o gobiernos de \u00e9ste mundo son pasajeros y [&hellip;]\" \/>\n<meta property=\"og:url\" content=\"https:\/\/iglesiarincon.org\/revista\/clamando-proteccion\/\" \/>\n<meta property=\"og:site_name\" content=\"La Revista de Rinc&oacute;n\" \/>\n<meta property=\"article:published_time\" content=\"2020-03-21T15:00:55+00:00\" \/>\n<meta property=\"article:modified_time\" content=\"2020-03-27T14:01:43+00:00\" \/>\n<meta property=\"og:image\" content=\"https:\/\/iglesiarincon.org\/revista\/wp-content\/uploads\/2020\/03\/clamando-e1584827938848.jpg\" \/>\n\t<meta property=\"og:image:width\" content=\"1280\" \/>\n\t<meta property=\"og:image:height\" content=\"835\" \/>\n\t<meta property=\"og:image:type\" content=\"image\/jpeg\" \/>\n<meta name=\"author\" content=\"Raquel V\u00e1zquez\" \/>\n<meta name=\"twitter:card\" content=\"summary_large_image\" \/>\n<meta name=\"twitter:label1\" content=\"Escrito por\" \/>\n\t<meta name=\"twitter:data1\" content=\"Raquel V\u00e1zquez\" \/>\n\t<meta name=\"twitter:label2\" content=\"Tiempo de lectura\" \/>\n\t<meta name=\"twitter:data2\" content=\"1 minuto\" \/>\n<script type=\"application\/ld+json\" class=\"yoast-schema-graph\">{\"@context\":\"https:\\\/\\\/schema.org\",\"@graph\":[{\"@type\":\"Article\",\"@id\":\"https:\\\/\\\/iglesiarincon.org\\\/revista\\\/clamando-proteccion\\\/#article\",\"isPartOf\":{\"@id\":\"https:\\\/\\\/iglesiarincon.org\\\/revista\\\/clamando-proteccion\\\/\"},\"author\":{\"name\":\"Raquel V\u00e1zquez\",\"@id\":\"https:\\\/\\\/iglesiarincon.org\\\/revista\\\/#\\\/schema\\\/person\\\/af865a3a1c9300eb9cd611f46aba167d\"},\"headline\":\"Clamando protecci\u00f3n\",\"datePublished\":\"2020-03-21T15:00:55+00:00\",\"dateModified\":\"2020-03-27T14:01:43+00:00\",\"mainEntityOfPage\":{\"@id\":\"https:\\\/\\\/iglesiarincon.org\\\/revista\\\/clamando-proteccion\\\/\"},\"wordCount\":215,\"commentCount\":0,\"image\":{\"@id\":\"https:\\\/\\\/iglesiarincon.org\\\/revista\\\/clamando-proteccion\\\/#primaryimage\"},\"thumbnailUrl\":\"https:\\\/\\\/iglesiarincon.org\\\/revista\\\/wp-content\\\/uploads\\\/2020\\\/03\\\/clamando-e1584827938848.jpg\",\"articleSection\":[\"Abrazos Virtuales\",\"Audios\"],\"inLanguage\":\"es\",\"potentialAction\":[{\"@type\":\"CommentAction\",\"name\":\"Comment\",\"target\":[\"https:\\\/\\\/iglesiarincon.org\\\/revista\\\/clamando-proteccion\\\/#respond\"]}]},{\"@type\":\"WebPage\",\"@id\":\"https:\\\/\\\/iglesiarincon.org\\\/revista\\\/clamando-proteccion\\\/\",\"url\":\"https:\\\/\\\/iglesiarincon.org\\\/revista\\\/clamando-proteccion\\\/\",\"name\":\"Clamando protecci\u00f3n - La Revista de Rinc&oacute;n\",\"isPartOf\":{\"@id\":\"https:\\\/\\\/iglesiarincon.org\\\/revista\\\/#website\"},\"primaryImageOfPage\":{\"@id\":\"https:\\\/\\\/iglesiarincon.org\\\/revista\\\/clamando-proteccion\\\/#primaryimage\"},\"image\":{\"@id\":\"https:\\\/\\\/iglesiarincon.org\\\/revista\\\/clamando-proteccion\\\/#primaryimage\"},\"thumbnailUrl\":\"https:\\\/\\\/iglesiarincon.org\\\/revista\\\/wp-content\\\/uploads\\\/2020\\\/03\\\/clamando-e1584827938848.jpg\",\"datePublished\":\"2020-03-21T15:00:55+00:00\",\"dateModified\":\"2020-03-27T14:01:43+00:00\",\"author\":{\"@id\":\"https:\\\/\\\/iglesiarincon.org\\\/revista\\\/#\\\/schema\\\/person\\\/af865a3a1c9300eb9cd611f46aba167d\"},\"breadcrumb\":{\"@id\":\"https:\\\/\\\/iglesiarincon.org\\\/revista\\\/clamando-proteccion\\\/#breadcrumb\"},\"inLanguage\":\"es\",\"potentialAction\":[{\"@type\":\"ReadAction\",\"target\":[\"https:\\\/\\\/iglesiarincon.org\\\/revista\\\/clamando-proteccion\\\/\"]}]},{\"@type\":\"ImageObject\",\"inLanguage\":\"es\",\"@id\":\"https:\\\/\\\/iglesiarincon.org\\\/revista\\\/clamando-proteccion\\\/#primaryimage\",\"url\":\"https:\\\/\\\/iglesiarincon.org\\\/revista\\\/wp-content\\\/uploads\\\/2020\\\/03\\\/clamando-e1584827938848.jpg\",\"contentUrl\":\"https:\\\/\\\/iglesiarincon.org\\\/revista\\\/wp-content\\\/uploads\\\/2020\\\/03\\\/clamando-e1584827938848.jpg\",\"width\":1280,\"height\":835},{\"@type\":\"BreadcrumbList\",\"@id\":\"https:\\\/\\\/iglesiarincon.org\\\/revista\\\/clamando-proteccion\\\/#breadcrumb\",\"itemListElement\":[{\"@type\":\"ListItem\",\"position\":1,\"name\":\"Portada\",\"item\":\"https:\\\/\\\/iglesiarincon.org\\\/revista\\\/\"},{\"@type\":\"ListItem\",\"position\":2,\"name\":\"Clamando protecci\u00f3n\"}]},{\"@type\":\"WebSite\",\"@id\":\"https:\\\/\\\/iglesiarincon.org\\\/revista\\\/#website\",\"url\":\"https:\\\/\\\/iglesiarincon.org\\\/revista\\\/\",\"name\":\"La Revista de Rinc&oacute;n\",\"description\":\"Compartiendo lo mejor\",\"potentialAction\":[{\"@type\":\"SearchAction\",\"target\":{\"@type\":\"EntryPoint\",\"urlTemplate\":\"https:\\\/\\\/iglesiarincon.org\\\/revista\\\/?s={search_term_string}\"},\"query-input\":{\"@type\":\"PropertyValueSpecification\",\"valueRequired\":true,\"valueName\":\"search_term_string\"}}],\"inLanguage\":\"es\"},{\"@type\":\"Person\",\"@id\":\"https:\\\/\\\/iglesiarincon.org\\\/revista\\\/#\\\/schema\\\/person\\\/af865a3a1c9300eb9cd611f46aba167d\",\"name\":\"Raquel V\u00e1zquez\",\"image\":{\"@type\":\"ImageObject\",\"inLanguage\":\"es\",\"@id\":\"https:\\\/\\\/iglesiarincon.org\\\/revista\\\/wp-content\\\/uploads\\\/2019\\\/12\\\/mami.jpg\",\"url\":\"https:\\\/\\\/iglesiarincon.org\\\/revista\\\/wp-content\\\/uploads\\\/2019\\\/12\\\/mami.jpg\",\"contentUrl\":\"https:\\\/\\\/iglesiarincon.org\\\/revista\\\/wp-content\\\/uploads\\\/2019\\\/12\\\/mami.jpg\",\"caption\":\"Raquel V\u00e1zquez\"},\"url\":\"#molongui-disabled-link\"}]}<\/script>\n<!-- \/ Yoast SEO plugin. -->","yoast_head_json":{"title":"Clamando protecci\u00f3n - La Revista de Rinc&oacute;n","robots":{"index":"index","follow":"follow","max-snippet":"max-snippet:-1","max-image-preview":"max-image-preview:large","max-video-preview":"max-video-preview:-1"},"canonical":"https:\/\/iglesiarincon.org\/revista\/clamando-proteccion\/","og_locale":"es_ES","og_type":"article","og_title":"Clamando protecci\u00f3n - La Revista de Rinc&oacute;n","og_description":"\"En \u00e9ste tiempo de aislamiento social obligatorio. Vivimos tiempos dif\u00edciles, esto es una realidad que abarca a todo el mundo, y aqu\u00ed \u201ctodo el mundo\u201d es literalmente todo el mundo: todo nuestro planeta tierra. ...\" \"Pero Dios \u201ces Rey eternamente y para siempre\u201d Sl. 10:16. Los reyes o gobiernos de \u00e9ste mundo son pasajeros y [&hellip;]","og_url":"https:\/\/iglesiarincon.org\/revista\/clamando-proteccion\/","og_site_name":"La Revista de Rinc&oacute;n","article_published_time":"2020-03-21T15:00:55+00:00","article_modified_time":"2020-03-27T14:01:43+00:00","og_image":[{"width":1280,"height":835,"url":"https:\/\/iglesiarincon.org\/revista\/wp-content\/uploads\/2020\/03\/clamando-e1584827938848.jpg","type":"image\/jpeg"}],"author":"Raquel V\u00e1zquez","twitter_card":"summary_large_image","twitter_misc":{"Escrito por":"Raquel V\u00e1zquez","Tiempo de lectura":"1 minuto"},"schema":{"@context":"https:\/\/schema.org","@graph":[{"@type":"Article","@id":"https:\/\/iglesiarincon.org\/revista\/clamando-proteccion\/#article","isPartOf":{"@id":"https:\/\/iglesiarincon.org\/revista\/clamando-proteccion\/"},"author":{"name":"Raquel V\u00e1zquez","@id":"https:\/\/iglesiarincon.org\/revista\/#\/schema\/person\/af865a3a1c9300eb9cd611f46aba167d"},"headline":"Clamando protecci\u00f3n","datePublished":"2020-03-21T15:00:55+00:00","dateModified":"2020-03-27T14:01:43+00:00","mainEntityOfPage":{"@id":"https:\/\/iglesiarincon.org\/revista\/clamando-proteccion\/"},"wordCount":215,"commentCount":0,"image":{"@id":"https:\/\/iglesiarincon.org\/revista\/clamando-proteccion\/#primaryimage"},"thumbnailUrl":"https:\/\/iglesiarincon.org\/revista\/wp-content\/uploads\/2020\/03\/clamando-e1584827938848.jpg","articleSection":["Abrazos Virtuales","Audios"],"inLanguage":"es","potentialAction":[{"@type":"CommentAction","name":"Comment","target":["https:\/\/iglesiarincon.org\/revista\/clamando-proteccion\/#respond"]}]},{"@type":"WebPage","@id":"https:\/\/iglesiarincon.org\/revista\/clamando-proteccion\/","url":"https:\/\/iglesiarincon.org\/revista\/clamando-proteccion\/","name":"Clamando protecci\u00f3n - La Revista de Rinc&oacute;n","isPartOf":{"@id":"https:\/\/iglesiarincon.org\/revista\/#website"},"primaryImageOfPage":{"@id":"https:\/\/iglesiarincon.org\/revista\/clamando-proteccion\/#primaryimage"},"image":{"@id":"https:\/\/iglesiarincon.org\/revista\/clamando-proteccion\/#primaryimage"},"thumbnailUrl":"https:\/\/iglesiarincon.org\/revista\/wp-content\/uploads\/2020\/03\/clamando-e1584827938848.jpg","datePublished":"2020-03-21T15:00:55+00:00","dateModified":"2020-03-27T14:01:43+00:00","author":{"@id":"https:\/\/iglesiarincon.org\/revista\/#\/schema\/person\/af865a3a1c9300eb9cd611f46aba167d"},"breadcrumb":{"@id":"https:\/\/iglesiarincon.org\/revista\/clamando-proteccion\/#breadcrumb"},"inLanguage":"es","potentialAction":[{"@type":"ReadAction","target":["https:\/\/iglesiarincon.org\/revista\/clamando-proteccion\/"]}]},{"@type":"ImageObject","inLanguage":"es","@id":"https:\/\/iglesiarincon.org\/revista\/clamando-proteccion\/#primaryimage","url":"https:\/\/iglesiarincon.org\/revista\/wp-content\/uploads\/2020\/03\/clamando-e1584827938848.jpg","contentUrl":"https:\/\/iglesiarincon.org\/revista\/wp-content\/uploads\/2020\/03\/clamando-e1584827938848.jpg","width":1280,"height":835},{"@type":"BreadcrumbList","@id":"https:\/\/iglesiarincon.org\/revista\/clamando-proteccion\/#breadcrumb","itemListElement":[{"@type":"ListItem","position":1,"name":"Portada","item":"https:\/\/iglesiarincon.org\/revista\/"},{"@type":"ListItem","position":2,"name":"Clamando protecci\u00f3n"}]},{"@type":"WebSite","@id":"https:\/\/iglesiarincon.org\/revista\/#website","url":"https:\/\/iglesiarincon.org\/revista\/","name":"La Revista de Rinc&oacute;n","description":"Compartiendo lo mejor","potentialAction":[{"@type":"SearchAction","target":{"@type":"EntryPoint","urlTemplate":"https:\/\/iglesiarincon.org\/revista\/?s={search_term_string}"},"query-input":{"@type":"PropertyValueSpecification","valueRequired":true,"valueName":"search_term_string"}}],"inLanguage":"es"},{"@type":"Person","@id":"https:\/\/iglesiarincon.org\/revista\/#\/schema\/person\/af865a3a1c9300eb9cd611f46aba167d","name":"Raquel V\u00e1zquez","image":{"@type":"ImageObject","inLanguage":"es","@id":"https:\/\/iglesiarincon.org\/revista\/wp-content\/uploads\/2019\/12\/mami.jpg","url":"https:\/\/iglesiarincon.org\/revista\/wp-content\/uploads\/2019\/12\/mami.jpg","contentUrl":"https:\/\/iglesiarincon.org\/revista\/wp-content\/uploads\/2019\/12\/mami.jpg","caption":"Raquel V\u00e1zquez"},"url":"#molongui-disabled-link"}]}},"_links":{"self":[{"href":"https:\/\/iglesiarincon.org\/revista\/wp-json\/wp\/v2\/posts\/600","targetHints":{"allow":["GET"]}}],"collection":[{"href":"https:\/\/iglesiarincon.org\/revista\/wp-json\/wp\/v2\/posts"}],"about":[{"href":"https:\/\/iglesiarincon.org\/revista\/wp-json\/wp\/v2\/types\/post"}],"author":[{"embeddable":true,"href":"https:\/\/iglesiarincon.org\/revista\/wp-json\/wp\/v2\/users\/1"}],"replies":[{"embeddable":true,"href":"https:\/\/iglesiarincon.org\/revista\/wp-json\/wp\/v2\/comments?post=600"}],"version-history":[{"count":5,"href":"https:\/\/iglesiarincon.org\/revista\/wp-json\/wp\/v2\/posts\/600\/revisions"}],"predecessor-version":[{"id":780,"href":"https:\/\/iglesiarincon.org\/revista\/wp-json\/wp\/v2\/posts\/600\/revisions\/780"}],"wp:featuredmedia":[{"embeddable":true,"href":"https:\/\/iglesiarincon.org\/revista\/wp-json\/wp\/v2\/media\/609"}],"wp:attachment":[{"href":"https:\/\/iglesiarincon.org\/revista\/wp-json\/wp\/v2\/media?parent=600"}],"wp:term":[{"taxonomy":"category","embeddable":true,"href":"https:\/\/iglesiarincon.org\/revista\/wp-json\/wp\/v2\/categories?post=600"},{"taxonomy":"post_tag","embeddable":true,"href":"https:\/\/iglesiarincon.org\/revista\/wp-json\/wp\/v2\/tags?post=600"}],"curies":[{"name":"wp","href":"https:\/\/api.w.org\/{rel}","templated":true}]}}