{"id":5474,"date":"2021-05-13T10:33:19","date_gmt":"2021-05-13T13:33:19","guid":{"rendered":"https:\/\/iglesiarincon.org\/revista\/?p=5474"},"modified":"2021-05-13T10:33:21","modified_gmt":"2021-05-13T13:33:21","slug":"el-servicio-y-la-familia","status":"publish","type":"post","link":"https:\/\/iglesiarincon.org\/revista\/el-servicio-y-la-familia\/","title":{"rendered":"El Servicio y la Familia"},"content":{"rendered":"[et_pb_section fb_built=\u00bb1&#8243; _builder_version=\u00bb4.9.4&#8243; _module_preset=\u00bbdefault\u00bb][et_pb_row _builder_version=\u00bb4.9.4&#8243; _module_preset=\u00bbdefault\u00bb][et_pb_column type=\u00bb4_4&#8243; _builder_version=\u00bb4.9.4&#8243; _module_preset=\u00bbdefault\u00bb][et_pb_text _builder_version=\u00bb4.9.4&#8243; _module_preset=\u00bbdefault\u00bb hover_enabled=\u00bb0&#8243; text_font=\u00bbTrebuchet||||||||\u00bb text_font_size=\u00bb19px\u00bb sticky_enabled=\u00bb0&#8243;]\n<p>La mayor\u00eda de los padres ya sabemos que la familia es importante y la gran mayor\u00eda de los cristianos anhelamos tener una familia que ame a Dios y le sirva. Pero tambi\u00e9n sabemos que esto no es f\u00e1cil en una sociedad cada vez m\u00e1s individualista. Se nos hace cada vez m\u00e1s dif\u00edcil ense\u00f1arles a nuestros hijos a interesarse en el pr\u00f3jimo.<\/p>\n<p>\u00bfC\u00f3mo hacer para que nuestros hijos se despeguen de sus pantallas y se interesen por amar a Dios y servir al pr\u00f3jimo? En el libro TRABAJEMOS EN FAMILIA, los autores Rich Brown y Elisa Shannon nos dan ideas para activar nuestra familia y hacer una diferencia sirviendo a otros. Al recorrer las p\u00e1ginas de este libro encontrar\u00e1s distintas razones por la cuales es bueno servir como familia en la iglesia y en la sociedad. Tambi\u00e9n encontrar\u00e1s muchas ideas pr\u00e1cticas para hacerlo con tus hijos peque\u00f1os, preadolescentes, adolescentes o universitarios.<\/p>\n<p>Otra cosa interesante que podemos encontrar aqu\u00ed son los testimonios y an\u00e9cdotas de los hijos de Rich y Elisa. Ellos nos cuentan las experiencias vividas con sus padres, c\u00f3mo les ayud\u00f3 a ellos y, obviamente, a las personas que sirven.<\/p>\n<p>Compartimos los cuatro beneficios que el servicio brinda a la familia seg\u00fan los autores del libro.<\/p>\n<ul>\n<li>El servicio es un arma contra el enemigo<\/li>\n<li>El servicio nos une a Dios y a lo que \u00c9l est\u00e1 haciendo en este mundo<\/li>\n<li>El servicio une a la familia<\/li>\n<li>El servicio es un paso importante en el discipulado<\/li>\n<\/ul>\n<p>Los mejores padres son los que ayudan a sus hijos a hacer una diferencia positiva en el mundo y esto no se logra con deseos solamente sino con un plan e ideas precisas de servicio; de eso se trata este libro.<\/p>\n<p>&nbsp;<\/p>\n<p><strong><em>\u201cEl ayuno que he escogido, \u00bfno es m\u00e1s bien romper las cadenas de injusticia y desatar las correas del yugo, poner en libertad a los oprimidos y romper toda atadura?<\/em><em><br \/>\u00bfNo es acaso el ayuno compartir tu pan con el hambriento y dar refugio a los pobres sin techo,<br \/>vestir al desnudo y no dejar de lado a tus semejantes?\u201d Isa\u00edas 58:6-7 (NVI)<\/em><\/strong><\/p>\n[\/et_pb_text][\/et_pb_column][\/et_pb_row][\/et_pb_section]\n","protected":false},"excerpt":{"rendered":"<p>La mayor\u00eda de los padres ya sabemos que la familia es importante y la gran mayor\u00eda de los cristianos anhelamos tener una familia que ame a Dios y le sirva. Pero tambi\u00e9n sabemos que esto no es f\u00e1cil en una sociedad cada vez m\u00e1s individualista. Se nos hace cada vez m\u00e1s dif\u00edcil ense\u00f1arles a nuestros [&hellip;]<\/p>\n","protected":false},"author":3,"featured_media":5475,"comment_status":"open","ping_status":"open","sticky":false,"template":"","format":"standard","meta":{"_et_pb_use_builder":"on","_et_pb_old_content":"","_et_gb_content_width":"","footnotes":""},"categories":[9],"tags":[],"class_list":["post-5474","post","type-post","status-publish","format-standard","has-post-thumbnail","hentry","category-que-leer","et-has-post-format-content","et_post_format-et-post-format-standard"],"yoast_head":"<!-- This site is optimized with the Yoast SEO plugin v27.5 - https:\/\/yoast.com\/product\/yoast-seo-wordpress\/ -->\n<title>El Servicio y la Familia - La Revista de Rinc&oacute;n<\/title>\n<meta name=\"description\" content=\"En TRABAJEMOS EN FAMILIA los autores nos dan ideas para activar nuestra familia y hacer una diferencia sirviendo a otros.\" \/>\n<meta name=\"robots\" content=\"index, follow, max-snippet:-1, max-image-preview:large, max-video-preview:-1\" \/>\n<link rel=\"canonical\" href=\"https:\/\/iglesiarincon.org\/revista\/el-servicio-y-la-familia\/\" \/>\n<meta property=\"og:locale\" content=\"es_ES\" \/>\n<meta property=\"og:type\" content=\"article\" \/>\n<meta property=\"og:title\" content=\"El Servicio y la Familia - La Revista de Rinc&oacute;n\" \/>\n<meta property=\"og:description\" content=\"En TRABAJEMOS EN FAMILIA los autores nos dan ideas para activar nuestra familia y hacer una diferencia sirviendo a otros.\" \/>\n<meta property=\"og:url\" content=\"https:\/\/iglesiarincon.org\/revista\/el-servicio-y-la-familia\/\" \/>\n<meta property=\"og:site_name\" content=\"La Revista de Rinc&oacute;n\" \/>\n<meta property=\"article:published_time\" content=\"2021-05-13T13:33:19+00:00\" \/>\n<meta property=\"article:modified_time\" content=\"2021-05-13T13:33:21+00:00\" \/>\n<meta property=\"og:image\" content=\"https:\/\/iglesiarincon.org\/revista\/wp-content\/uploads\/2021\/05\/servicio-y-familia.jpg\" \/>\n\t<meta property=\"og:image:width\" content=\"1280\" \/>\n\t<meta property=\"og:image:height\" content=\"853\" \/>\n\t<meta property=\"og:image:type\" content=\"image\/jpeg\" \/>\n<meta name=\"author\" content=\"Edith Startari\" \/>\n<meta name=\"twitter:card\" content=\"summary_large_image\" \/>\n<meta name=\"twitter:label1\" content=\"Escrito por\" \/>\n\t<meta name=\"twitter:data1\" content=\"Edith Startari\" \/>\n<script type=\"application\/ld+json\" class=\"yoast-schema-graph\">{\"@context\":\"https:\\\/\\\/schema.org\",\"@graph\":[{\"@type\":\"Article\",\"@id\":\"https:\\\/\\\/iglesiarincon.org\\\/revista\\\/el-servicio-y-la-familia\\\/#article\",\"isPartOf\":{\"@id\":\"https:\\\/\\\/iglesiarincon.org\\\/revista\\\/el-servicio-y-la-familia\\\/\"},\"author\":{\"name\":\"Edith Startari\",\"@id\":\"https:\\\/\\\/iglesiarincon.org\\\/revista\\\/#\\\/schema\\\/person\\\/a8b2fdd8f8efe2495a340a0febbe7df4\"},\"headline\":\"El Servicio y la Familia\",\"datePublished\":\"2021-05-13T13:33:19+00:00\",\"dateModified\":\"2021-05-13T13:33:21+00:00\",\"mainEntityOfPage\":{\"@id\":\"https:\\\/\\\/iglesiarincon.org\\\/revista\\\/el-servicio-y-la-familia\\\/\"},\"wordCount\":435,\"commentCount\":0,\"image\":{\"@id\":\"https:\\\/\\\/iglesiarincon.org\\\/revista\\\/el-servicio-y-la-familia\\\/#primaryimage\"},\"thumbnailUrl\":\"https:\\\/\\\/iglesiarincon.org\\\/revista\\\/wp-content\\\/uploads\\\/2021\\\/05\\\/servicio-y-familia.jpg\",\"articleSection\":[\"Que Leer!\"],\"inLanguage\":\"es\",\"potentialAction\":[{\"@type\":\"CommentAction\",\"name\":\"Comment\",\"target\":[\"https:\\\/\\\/iglesiarincon.org\\\/revista\\\/el-servicio-y-la-familia\\\/#respond\"]}]},{\"@type\":\"WebPage\",\"@id\":\"https:\\\/\\\/iglesiarincon.org\\\/revista\\\/el-servicio-y-la-familia\\\/\",\"url\":\"https:\\\/\\\/iglesiarincon.org\\\/revista\\\/el-servicio-y-la-familia\\\/\",\"name\":\"El Servicio y la Familia - La Revista de Rinc&oacute;n\",\"isPartOf\":{\"@id\":\"https:\\\/\\\/iglesiarincon.org\\\/revista\\\/#website\"},\"primaryImageOfPage\":{\"@id\":\"https:\\\/\\\/iglesiarincon.org\\\/revista\\\/el-servicio-y-la-familia\\\/#primaryimage\"},\"image\":{\"@id\":\"https:\\\/\\\/iglesiarincon.org\\\/revista\\\/el-servicio-y-la-familia\\\/#primaryimage\"},\"thumbnailUrl\":\"https:\\\/\\\/iglesiarincon.org\\\/revista\\\/wp-content\\\/uploads\\\/2021\\\/05\\\/servicio-y-familia.jpg\",\"datePublished\":\"2021-05-13T13:33:19+00:00\",\"dateModified\":\"2021-05-13T13:33:21+00:00\",\"author\":{\"@id\":\"https:\\\/\\\/iglesiarincon.org\\\/revista\\\/#\\\/schema\\\/person\\\/a8b2fdd8f8efe2495a340a0febbe7df4\"},\"description\":\"En TRABAJEMOS EN FAMILIA los autores nos dan ideas para activar nuestra familia y hacer una diferencia sirviendo a otros.\",\"breadcrumb\":{\"@id\":\"https:\\\/\\\/iglesiarincon.org\\\/revista\\\/el-servicio-y-la-familia\\\/#breadcrumb\"},\"inLanguage\":\"es\",\"potentialAction\":[{\"@type\":\"ReadAction\",\"target\":[\"https:\\\/\\\/iglesiarincon.org\\\/revista\\\/el-servicio-y-la-familia\\\/\"]}]},{\"@type\":\"ImageObject\",\"inLanguage\":\"es\",\"@id\":\"https:\\\/\\\/iglesiarincon.org\\\/revista\\\/el-servicio-y-la-familia\\\/#primaryimage\",\"url\":\"https:\\\/\\\/iglesiarincon.org\\\/revista\\\/wp-content\\\/uploads\\\/2021\\\/05\\\/servicio-y-familia.jpg\",\"contentUrl\":\"https:\\\/\\\/iglesiarincon.org\\\/revista\\\/wp-content\\\/uploads\\\/2021\\\/05\\\/servicio-y-familia.jpg\",\"width\":1280,\"height\":853},{\"@type\":\"BreadcrumbList\",\"@id\":\"https:\\\/\\\/iglesiarincon.org\\\/revista\\\/el-servicio-y-la-familia\\\/#breadcrumb\",\"itemListElement\":[{\"@type\":\"ListItem\",\"position\":1,\"name\":\"Portada\",\"item\":\"https:\\\/\\\/iglesiarincon.org\\\/revista\\\/\"},{\"@type\":\"ListItem\",\"position\":2,\"name\":\"El Servicio y la Familia\"}]},{\"@type\":\"WebSite\",\"@id\":\"https:\\\/\\\/iglesiarincon.org\\\/revista\\\/#website\",\"url\":\"https:\\\/\\\/iglesiarincon.org\\\/revista\\\/\",\"name\":\"La Revista de Rinc&oacute;n\",\"description\":\"Compartiendo lo mejor\",\"potentialAction\":[{\"@type\":\"SearchAction\",\"target\":{\"@type\":\"EntryPoint\",\"urlTemplate\":\"https:\\\/\\\/iglesiarincon.org\\\/revista\\\/?s={search_term_string}\"},\"query-input\":{\"@type\":\"PropertyValueSpecification\",\"valueRequired\":true,\"valueName\":\"search_term_string\"}}],\"inLanguage\":\"es\"},{\"@type\":\"Person\",\"@id\":\"https:\\\/\\\/iglesiarincon.org\\\/revista\\\/#\\\/schema\\\/person\\\/a8b2fdd8f8efe2495a340a0febbe7df4\",\"name\":\"Edith Startari\",\"image\":{\"@type\":\"ImageObject\",\"inLanguage\":\"es\",\"@id\":\"https:\\\/\\\/iglesiarincon.org\\\/revista\\\/wp-content\\\/uploads\\\/2019\\\/12\\\/Edith-Startari.jpg\",\"url\":\"https:\\\/\\\/iglesiarincon.org\\\/revista\\\/wp-content\\\/uploads\\\/2019\\\/12\\\/Edith-Startari.jpg\",\"contentUrl\":\"https:\\\/\\\/iglesiarincon.org\\\/revista\\\/wp-content\\\/uploads\\\/2019\\\/12\\\/Edith-Startari.jpg\",\"caption\":\"Edith Startari\"},\"url\":\"#molongui-disabled-link\"}]}<\/script>\n<!-- \/ Yoast SEO plugin. -->","yoast_head_json":{"title":"El Servicio y la Familia - La Revista de Rinc&oacute;n","description":"En TRABAJEMOS EN FAMILIA los autores nos dan ideas para activar nuestra familia y hacer una diferencia sirviendo a otros.","robots":{"index":"index","follow":"follow","max-snippet":"max-snippet:-1","max-image-preview":"max-image-preview:large","max-video-preview":"max-video-preview:-1"},"canonical":"https:\/\/iglesiarincon.org\/revista\/el-servicio-y-la-familia\/","og_locale":"es_ES","og_type":"article","og_title":"El Servicio y la Familia - La Revista de Rinc&oacute;n","og_description":"En TRABAJEMOS EN FAMILIA los autores nos dan ideas para activar nuestra familia y hacer una diferencia sirviendo a otros.","og_url":"https:\/\/iglesiarincon.org\/revista\/el-servicio-y-la-familia\/","og_site_name":"La Revista de Rinc&oacute;n","article_published_time":"2021-05-13T13:33:19+00:00","article_modified_time":"2021-05-13T13:33:21+00:00","og_image":[{"width":1280,"height":853,"url":"https:\/\/iglesiarincon.org\/revista\/wp-content\/uploads\/2021\/05\/servicio-y-familia.jpg","type":"image\/jpeg"}],"author":"Edith Startari","twitter_card":"summary_large_image","twitter_misc":{"Escrito por":"Edith Startari"},"schema":{"@context":"https:\/\/schema.org","@graph":[{"@type":"Article","@id":"https:\/\/iglesiarincon.org\/revista\/el-servicio-y-la-familia\/#article","isPartOf":{"@id":"https:\/\/iglesiarincon.org\/revista\/el-servicio-y-la-familia\/"},"author":{"name":"Edith Startari","@id":"https:\/\/iglesiarincon.org\/revista\/#\/schema\/person\/a8b2fdd8f8efe2495a340a0febbe7df4"},"headline":"El Servicio y la Familia","datePublished":"2021-05-13T13:33:19+00:00","dateModified":"2021-05-13T13:33:21+00:00","mainEntityOfPage":{"@id":"https:\/\/iglesiarincon.org\/revista\/el-servicio-y-la-familia\/"},"wordCount":435,"commentCount":0,"image":{"@id":"https:\/\/iglesiarincon.org\/revista\/el-servicio-y-la-familia\/#primaryimage"},"thumbnailUrl":"https:\/\/iglesiarincon.org\/revista\/wp-content\/uploads\/2021\/05\/servicio-y-familia.jpg","articleSection":["Que Leer!"],"inLanguage":"es","potentialAction":[{"@type":"CommentAction","name":"Comment","target":["https:\/\/iglesiarincon.org\/revista\/el-servicio-y-la-familia\/#respond"]}]},{"@type":"WebPage","@id":"https:\/\/iglesiarincon.org\/revista\/el-servicio-y-la-familia\/","url":"https:\/\/iglesiarincon.org\/revista\/el-servicio-y-la-familia\/","name":"El Servicio y la Familia - La Revista de Rinc&oacute;n","isPartOf":{"@id":"https:\/\/iglesiarincon.org\/revista\/#website"},"primaryImageOfPage":{"@id":"https:\/\/iglesiarincon.org\/revista\/el-servicio-y-la-familia\/#primaryimage"},"image":{"@id":"https:\/\/iglesiarincon.org\/revista\/el-servicio-y-la-familia\/#primaryimage"},"thumbnailUrl":"https:\/\/iglesiarincon.org\/revista\/wp-content\/uploads\/2021\/05\/servicio-y-familia.jpg","datePublished":"2021-05-13T13:33:19+00:00","dateModified":"2021-05-13T13:33:21+00:00","author":{"@id":"https:\/\/iglesiarincon.org\/revista\/#\/schema\/person\/a8b2fdd8f8efe2495a340a0febbe7df4"},"description":"En TRABAJEMOS EN FAMILIA los autores nos dan ideas para activar nuestra familia y hacer una diferencia sirviendo a otros.","breadcrumb":{"@id":"https:\/\/iglesiarincon.org\/revista\/el-servicio-y-la-familia\/#breadcrumb"},"inLanguage":"es","potentialAction":[{"@type":"ReadAction","target":["https:\/\/iglesiarincon.org\/revista\/el-servicio-y-la-familia\/"]}]},{"@type":"ImageObject","inLanguage":"es","@id":"https:\/\/iglesiarincon.org\/revista\/el-servicio-y-la-familia\/#primaryimage","url":"https:\/\/iglesiarincon.org\/revista\/wp-content\/uploads\/2021\/05\/servicio-y-familia.jpg","contentUrl":"https:\/\/iglesiarincon.org\/revista\/wp-content\/uploads\/2021\/05\/servicio-y-familia.jpg","width":1280,"height":853},{"@type":"BreadcrumbList","@id":"https:\/\/iglesiarincon.org\/revista\/el-servicio-y-la-familia\/#breadcrumb","itemListElement":[{"@type":"ListItem","position":1,"name":"Portada","item":"https:\/\/iglesiarincon.org\/revista\/"},{"@type":"ListItem","position":2,"name":"El Servicio y la Familia"}]},{"@type":"WebSite","@id":"https:\/\/iglesiarincon.org\/revista\/#website","url":"https:\/\/iglesiarincon.org\/revista\/","name":"La Revista de Rinc&oacute;n","description":"Compartiendo lo mejor","potentialAction":[{"@type":"SearchAction","target":{"@type":"EntryPoint","urlTemplate":"https:\/\/iglesiarincon.org\/revista\/?s={search_term_string}"},"query-input":{"@type":"PropertyValueSpecification","valueRequired":true,"valueName":"search_term_string"}}],"inLanguage":"es"},{"@type":"Person","@id":"https:\/\/iglesiarincon.org\/revista\/#\/schema\/person\/a8b2fdd8f8efe2495a340a0febbe7df4","name":"Edith Startari","image":{"@type":"ImageObject","inLanguage":"es","@id":"https:\/\/iglesiarincon.org\/revista\/wp-content\/uploads\/2019\/12\/Edith-Startari.jpg","url":"https:\/\/iglesiarincon.org\/revista\/wp-content\/uploads\/2019\/12\/Edith-Startari.jpg","contentUrl":"https:\/\/iglesiarincon.org\/revista\/wp-content\/uploads\/2019\/12\/Edith-Startari.jpg","caption":"Edith Startari"},"url":"#molongui-disabled-link"}]}},"_links":{"self":[{"href":"https:\/\/iglesiarincon.org\/revista\/wp-json\/wp\/v2\/posts\/5474","targetHints":{"allow":["GET"]}}],"collection":[{"href":"https:\/\/iglesiarincon.org\/revista\/wp-json\/wp\/v2\/posts"}],"about":[{"href":"https:\/\/iglesiarincon.org\/revista\/wp-json\/wp\/v2\/types\/post"}],"author":[{"embeddable":true,"href":"https:\/\/iglesiarincon.org\/revista\/wp-json\/wp\/v2\/users\/3"}],"replies":[{"embeddable":true,"href":"https:\/\/iglesiarincon.org\/revista\/wp-json\/wp\/v2\/comments?post=5474"}],"version-history":[{"count":3,"href":"https:\/\/iglesiarincon.org\/revista\/wp-json\/wp\/v2\/posts\/5474\/revisions"}],"predecessor-version":[{"id":5503,"href":"https:\/\/iglesiarincon.org\/revista\/wp-json\/wp\/v2\/posts\/5474\/revisions\/5503"}],"wp:featuredmedia":[{"embeddable":true,"href":"https:\/\/iglesiarincon.org\/revista\/wp-json\/wp\/v2\/media\/5475"}],"wp:attachment":[{"href":"https:\/\/iglesiarincon.org\/revista\/wp-json\/wp\/v2\/media?parent=5474"}],"wp:term":[{"taxonomy":"category","embeddable":true,"href":"https:\/\/iglesiarincon.org\/revista\/wp-json\/wp\/v2\/categories?post=5474"},{"taxonomy":"post_tag","embeddable":true,"href":"https:\/\/iglesiarincon.org\/revista\/wp-json\/wp\/v2\/tags?post=5474"}],"curies":[{"name":"wp","href":"https:\/\/api.w.org\/{rel}","templated":true}]}}