{"id":5112,"date":"2021-03-31T12:34:36","date_gmt":"2021-03-31T00:00:00","guid":{"rendered":"https:\/\/iglesiarincon.org\/revista\/?p=5112&#038;preview=true&#038;preview_id=5112"},"modified":"2021-04-06T13:00:44","modified_gmt":"2021-04-06T16:00:44","slug":"cruz","status":"publish","type":"post","link":"https:\/\/iglesiarincon.org\/revista\/cruz\/","title":{"rendered":"Ibis Ad Crucem"},"content":{"rendered":"[et_pb_section fb_built=\u00bb1&#8243; _builder_version=\u00bb3.22&#8243; custom_padding=\u00bb0px|||||\u00bb][et_pb_row _builder_version=\u00bb3.25&#8243; background_size=\u00bbinitial\u00bb background_position=\u00bbtop_left\u00bb background_repeat=\u00bbrepeat\u00bb][et_pb_column type=\u00bb4_4&#8243; _builder_version=\u00bb3.25&#8243; custom_padding=\u00bb|||\u00bb custom_padding__hover=\u00bb|||\u00bb][et_pb_text _builder_version=\u00bb4.4.7&#8243; text_font=\u00bbTrebuchet|600|||||||\u00bb text_font_size=\u00bb18px\u00bb custom_padding=\u00bb2px|||||\u00bb]\n<p>En este tercer video Marcos Vidal desarrolla las situaciones durante la crucificci\u00f3n de Jesucristo, para traernos salvaci\u00f3n.<\/p>\n<p>\u00ab&#8230;Si confesares con tu boca que Jes\u00fas es el Se\u00f1or, y creyeres con el coraz\u00f3n que Dios le levant\u00f3 de los muertos, ser\u00e1s salvo\u00bb. Rom. 10:9<\/p>\n[\/et_pb_text][et_pb_video src=\u00bbhttps:\/\/02-revista.s3-sa-east-1.amazonaws.com\/Videos\/Marcos+Vidal\/20210311_vid_Marcos+Vidal+_+El+Crucificado+Pt.3+_+Ibis+Ad+Crucem.mp4&#8243; play_icon_color=\u00bb#E02B20&#8243; thumbnail_overlay_color=\u00bbrgba(0,0,0,0.6)\u00bb _builder_version=\u00bb4.9.2&#8243; custom_margin=\u00bb||62px|||\u00bb box_shadow_style=\u00bbpreset3&#8243;][\/et_pb_video][\/et_pb_column][\/et_pb_row][et_pb_row _builder_version=\u00bb4.7.4&#8243; _module_preset=\u00bbdefault\u00bb][et_pb_column type=\u00bb4_4&#8243; _builder_version=\u00bb4.7.4&#8243; _module_preset=\u00bbdefault\u00bb][et_pb_text _builder_version=\u00bb4.9.2&#8243; _module_preset=\u00bbdefault\u00bb]\n<p>Fuente: Canal de Youtube <span style=\"text-decoration: underline;\"><span style=\"color: #0000ff;\"><a href=\"https:\/\/www.youtube.com\/channel\/UC7_VoGLOoExannoIqdFHxhw\" target=\"_blank\" rel=\"noopener\" style=\"color: #0000ff; text-decoration: underline;\">Marcos Vidal DENKIA<\/a><\/span><\/span><\/p>\n[\/et_pb_text][\/et_pb_column][\/et_pb_row][\/et_pb_section]\n","protected":false},"excerpt":{"rendered":"<p>En este tercer video Marcos Vidal desarrolla las situaciones durante la crucificci\u00f3n de Jesucristo, para traernos salvaci\u00f3n. \u00ab&#8230;Si confesares con tu boca que Jes\u00fas es el Se\u00f1or, y creyeres con el coraz\u00f3n que Dios le levant\u00f3 de los muertos, ser\u00e1s salvo\u00bb. Rom. 10:9Fuente: Canal de Youtube Marcos Vidal DENKIA<\/p>\n","protected":false},"author":3,"featured_media":5135,"comment_status":"open","ping_status":"open","sticky":false,"template":"","format":"standard","meta":{"_et_pb_use_builder":"on","_et_pb_old_content":"","_et_gb_content_width":"","footnotes":""},"categories":[3,43],"tags":[],"class_list":["post-5112","post","type-post","status-publish","format-standard","has-post-thumbnail","hentry","category-reflexiones","category-videos","et-has-post-format-content","et_post_format-et-post-format-standard"],"yoast_head":"<!-- This site is optimized with the Yoast SEO plugin v27.5 - https:\/\/yoast.com\/product\/yoast-seo-wordpress\/ -->\n<title>Ibis Ad Crucem - La Revista de Rinc&oacute;n<\/title>\n<meta name=\"description\" content=\"&quot;Ir\u00e1s a la cruz&quot;, fue el veredicto y en este \u00faltimo video Marcos Vidal nos lleva a meditar en las razones del Se\u00f1or para obedecerlo.\" \/>\n<meta name=\"robots\" content=\"index, follow, max-snippet:-1, max-image-preview:large, max-video-preview:-1\" \/>\n<link rel=\"canonical\" href=\"https:\/\/iglesiarincon.org\/revista\/cruz\/\" \/>\n<meta property=\"og:locale\" content=\"es_ES\" \/>\n<meta property=\"og:type\" content=\"article\" \/>\n<meta property=\"og:title\" content=\"Ibis Ad Crucem - La Revista de Rinc&oacute;n\" \/>\n<meta property=\"og:description\" content=\"&quot;Ir\u00e1s a la cruz&quot;, fue el veredicto y en este \u00faltimo video Marcos Vidal nos lleva a meditar en las razones del Se\u00f1or para obedecerlo.\" \/>\n<meta property=\"og:url\" content=\"https:\/\/iglesiarincon.org\/revista\/cruz\/\" \/>\n<meta property=\"og:site_name\" content=\"La Revista de Rinc&oacute;n\" \/>\n<meta property=\"article:published_time\" content=\"2021-03-31T00:00:00+00:00\" \/>\n<meta property=\"article:modified_time\" content=\"2021-04-06T16:00:44+00:00\" \/>\n<meta property=\"og:image\" content=\"https:\/\/iglesiarincon.org\/revista\/wp-content\/uploads\/2021\/03\/El-crucificado-P3-scaled.jpg\" \/>\n\t<meta property=\"og:image:width\" content=\"2560\" \/>\n\t<meta property=\"og:image:height\" content=\"1440\" \/>\n\t<meta property=\"og:image:type\" content=\"image\/jpeg\" \/>\n<meta name=\"author\" content=\"Marcos Vidal\" \/>\n<meta name=\"twitter:card\" content=\"summary_large_image\" \/>\n<meta name=\"twitter:label1\" content=\"Escrito por\" \/>\n\t<meta name=\"twitter:data1\" content=\"Marcos Vidal\" \/>\n\t<meta name=\"twitter:label2\" content=\"Tiempo de lectura\" \/>\n\t<meta name=\"twitter:data2\" content=\"1 minuto\" \/>\n<script type=\"application\/ld+json\" class=\"yoast-schema-graph\">{\"@context\":\"https:\\\/\\\/schema.org\",\"@graph\":[{\"@type\":\"Article\",\"@id\":\"https:\\\/\\\/iglesiarincon.org\\\/revista\\\/cruz\\\/#article\",\"isPartOf\":{\"@id\":\"https:\\\/\\\/iglesiarincon.org\\\/revista\\\/cruz\\\/\"},\"author\":{\"name\":\"Marcos Vidal\",\"@id\":\"https:\\\/\\\/iglesiarincon.org\\\/revista\\\/#\\\/schema\\\/person\\\/a8b2fdd8f8efe2495a340a0febbe7df4\"},\"headline\":\"Ibis Ad Crucem\",\"datePublished\":\"2021-03-31T00:00:00+00:00\",\"dateModified\":\"2021-04-06T16:00:44+00:00\",\"mainEntityOfPage\":{\"@id\":\"https:\\\/\\\/iglesiarincon.org\\\/revista\\\/cruz\\\/\"},\"wordCount\":199,\"commentCount\":0,\"image\":{\"@id\":\"https:\\\/\\\/iglesiarincon.org\\\/revista\\\/cruz\\\/#primaryimage\"},\"thumbnailUrl\":\"https:\\\/\\\/iglesiarincon.org\\\/revista\\\/wp-content\\\/uploads\\\/2021\\\/03\\\/El-crucificado-P3-scaled.jpg\",\"articleSection\":[\"Reflexiones\",\"Videos\"],\"inLanguage\":\"es\",\"potentialAction\":[{\"@type\":\"CommentAction\",\"name\":\"Comment\",\"target\":[\"https:\\\/\\\/iglesiarincon.org\\\/revista\\\/cruz\\\/#respond\"]}]},{\"@type\":\"WebPage\",\"@id\":\"https:\\\/\\\/iglesiarincon.org\\\/revista\\\/cruz\\\/\",\"url\":\"https:\\\/\\\/iglesiarincon.org\\\/revista\\\/cruz\\\/\",\"name\":\"Ibis Ad Crucem - La Revista de Rinc&oacute;n\",\"isPartOf\":{\"@id\":\"https:\\\/\\\/iglesiarincon.org\\\/revista\\\/#website\"},\"primaryImageOfPage\":{\"@id\":\"https:\\\/\\\/iglesiarincon.org\\\/revista\\\/cruz\\\/#primaryimage\"},\"image\":{\"@id\":\"https:\\\/\\\/iglesiarincon.org\\\/revista\\\/cruz\\\/#primaryimage\"},\"thumbnailUrl\":\"https:\\\/\\\/iglesiarincon.org\\\/revista\\\/wp-content\\\/uploads\\\/2021\\\/03\\\/El-crucificado-P3-scaled.jpg\",\"datePublished\":\"2021-03-31T00:00:00+00:00\",\"dateModified\":\"2021-04-06T16:00:44+00:00\",\"author\":{\"@id\":\"https:\\\/\\\/iglesiarincon.org\\\/revista\\\/#\\\/schema\\\/person\\\/a8b2fdd8f8efe2495a340a0febbe7df4\"},\"description\":\"\\\"Ir\u00e1s a la cruz\\\", fue el veredicto y en este \u00faltimo video Marcos Vidal nos lleva a meditar en las razones del Se\u00f1or para obedecerlo.\",\"breadcrumb\":{\"@id\":\"https:\\\/\\\/iglesiarincon.org\\\/revista\\\/cruz\\\/#breadcrumb\"},\"inLanguage\":\"es\",\"potentialAction\":[{\"@type\":\"ReadAction\",\"target\":[\"https:\\\/\\\/iglesiarincon.org\\\/revista\\\/cruz\\\/\"]}]},{\"@type\":\"ImageObject\",\"inLanguage\":\"es\",\"@id\":\"https:\\\/\\\/iglesiarincon.org\\\/revista\\\/cruz\\\/#primaryimage\",\"url\":\"https:\\\/\\\/iglesiarincon.org\\\/revista\\\/wp-content\\\/uploads\\\/2021\\\/03\\\/El-crucificado-P3-scaled.jpg\",\"contentUrl\":\"https:\\\/\\\/iglesiarincon.org\\\/revista\\\/wp-content\\\/uploads\\\/2021\\\/03\\\/El-crucificado-P3-scaled.jpg\",\"width\":2560,\"height\":1440},{\"@type\":\"BreadcrumbList\",\"@id\":\"https:\\\/\\\/iglesiarincon.org\\\/revista\\\/cruz\\\/#breadcrumb\",\"itemListElement\":[{\"@type\":\"ListItem\",\"position\":1,\"name\":\"Portada\",\"item\":\"https:\\\/\\\/iglesiarincon.org\\\/revista\\\/\"},{\"@type\":\"ListItem\",\"position\":2,\"name\":\"Ibis Ad Crucem\"}]},{\"@type\":\"WebSite\",\"@id\":\"https:\\\/\\\/iglesiarincon.org\\\/revista\\\/#website\",\"url\":\"https:\\\/\\\/iglesiarincon.org\\\/revista\\\/\",\"name\":\"La Revista de Rinc&oacute;n\",\"description\":\"Compartiendo lo mejor\",\"potentialAction\":[{\"@type\":\"SearchAction\",\"target\":{\"@type\":\"EntryPoint\",\"urlTemplate\":\"https:\\\/\\\/iglesiarincon.org\\\/revista\\\/?s={search_term_string}\"},\"query-input\":{\"@type\":\"PropertyValueSpecification\",\"valueRequired\":true,\"valueName\":\"search_term_string\"}}],\"inLanguage\":\"es\"},{\"@type\":\"Person\",\"@id\":\"https:\\\/\\\/iglesiarincon.org\\\/revista\\\/#\\\/schema\\\/person\\\/a8b2fdd8f8efe2495a340a0febbe7df4\",\"name\":\"Marcos Vidal\",\"image\":{\"@type\":\"ImageObject\",\"inLanguage\":\"es\",\"@id\":\"https:\\\/\\\/iglesiarincon.org\\\/revista\\\/wp-content\\\/uploads\\\/2021\\\/03\\\/marcos-vidal.jpg\",\"url\":\"https:\\\/\\\/iglesiarincon.org\\\/revista\\\/wp-content\\\/uploads\\\/2021\\\/03\\\/marcos-vidal.jpg\",\"contentUrl\":\"https:\\\/\\\/iglesiarincon.org\\\/revista\\\/wp-content\\\/uploads\\\/2021\\\/03\\\/marcos-vidal.jpg\",\"caption\":\"Marcos Vidal\"},\"url\":\"#molongui-disabled-link\"}]}<\/script>\n<!-- \/ Yoast SEO plugin. -->","yoast_head_json":{"title":"Ibis Ad Crucem - La Revista de Rinc&oacute;n","description":"\"Ir\u00e1s a la cruz\", fue el veredicto y en este \u00faltimo video Marcos Vidal nos lleva a meditar en las razones del Se\u00f1or para obedecerlo.","robots":{"index":"index","follow":"follow","max-snippet":"max-snippet:-1","max-image-preview":"max-image-preview:large","max-video-preview":"max-video-preview:-1"},"canonical":"https:\/\/iglesiarincon.org\/revista\/cruz\/","og_locale":"es_ES","og_type":"article","og_title":"Ibis Ad Crucem - La Revista de Rinc&oacute;n","og_description":"\"Ir\u00e1s a la cruz\", fue el veredicto y en este \u00faltimo video Marcos Vidal nos lleva a meditar en las razones del Se\u00f1or para obedecerlo.","og_url":"https:\/\/iglesiarincon.org\/revista\/cruz\/","og_site_name":"La Revista de Rinc&oacute;n","article_published_time":"2021-03-31T00:00:00+00:00","article_modified_time":"2021-04-06T16:00:44+00:00","og_image":[{"width":2560,"height":1440,"url":"https:\/\/iglesiarincon.org\/revista\/wp-content\/uploads\/2021\/03\/El-crucificado-P3-scaled.jpg","type":"image\/jpeg"}],"author":"Marcos Vidal","twitter_card":"summary_large_image","twitter_misc":{"Escrito por":"Marcos Vidal","Tiempo de lectura":"1 minuto"},"schema":{"@context":"https:\/\/schema.org","@graph":[{"@type":"Article","@id":"https:\/\/iglesiarincon.org\/revista\/cruz\/#article","isPartOf":{"@id":"https:\/\/iglesiarincon.org\/revista\/cruz\/"},"author":{"name":"Marcos Vidal","@id":"https:\/\/iglesiarincon.org\/revista\/#\/schema\/person\/a8b2fdd8f8efe2495a340a0febbe7df4"},"headline":"Ibis Ad Crucem","datePublished":"2021-03-31T00:00:00+00:00","dateModified":"2021-04-06T16:00:44+00:00","mainEntityOfPage":{"@id":"https:\/\/iglesiarincon.org\/revista\/cruz\/"},"wordCount":199,"commentCount":0,"image":{"@id":"https:\/\/iglesiarincon.org\/revista\/cruz\/#primaryimage"},"thumbnailUrl":"https:\/\/iglesiarincon.org\/revista\/wp-content\/uploads\/2021\/03\/El-crucificado-P3-scaled.jpg","articleSection":["Reflexiones","Videos"],"inLanguage":"es","potentialAction":[{"@type":"CommentAction","name":"Comment","target":["https:\/\/iglesiarincon.org\/revista\/cruz\/#respond"]}]},{"@type":"WebPage","@id":"https:\/\/iglesiarincon.org\/revista\/cruz\/","url":"https:\/\/iglesiarincon.org\/revista\/cruz\/","name":"Ibis Ad Crucem - La Revista de Rinc&oacute;n","isPartOf":{"@id":"https:\/\/iglesiarincon.org\/revista\/#website"},"primaryImageOfPage":{"@id":"https:\/\/iglesiarincon.org\/revista\/cruz\/#primaryimage"},"image":{"@id":"https:\/\/iglesiarincon.org\/revista\/cruz\/#primaryimage"},"thumbnailUrl":"https:\/\/iglesiarincon.org\/revista\/wp-content\/uploads\/2021\/03\/El-crucificado-P3-scaled.jpg","datePublished":"2021-03-31T00:00:00+00:00","dateModified":"2021-04-06T16:00:44+00:00","author":{"@id":"https:\/\/iglesiarincon.org\/revista\/#\/schema\/person\/a8b2fdd8f8efe2495a340a0febbe7df4"},"description":"\"Ir\u00e1s a la cruz\", fue el veredicto y en este \u00faltimo video Marcos Vidal nos lleva a meditar en las razones del Se\u00f1or para obedecerlo.","breadcrumb":{"@id":"https:\/\/iglesiarincon.org\/revista\/cruz\/#breadcrumb"},"inLanguage":"es","potentialAction":[{"@type":"ReadAction","target":["https:\/\/iglesiarincon.org\/revista\/cruz\/"]}]},{"@type":"ImageObject","inLanguage":"es","@id":"https:\/\/iglesiarincon.org\/revista\/cruz\/#primaryimage","url":"https:\/\/iglesiarincon.org\/revista\/wp-content\/uploads\/2021\/03\/El-crucificado-P3-scaled.jpg","contentUrl":"https:\/\/iglesiarincon.org\/revista\/wp-content\/uploads\/2021\/03\/El-crucificado-P3-scaled.jpg","width":2560,"height":1440},{"@type":"BreadcrumbList","@id":"https:\/\/iglesiarincon.org\/revista\/cruz\/#breadcrumb","itemListElement":[{"@type":"ListItem","position":1,"name":"Portada","item":"https:\/\/iglesiarincon.org\/revista\/"},{"@type":"ListItem","position":2,"name":"Ibis Ad Crucem"}]},{"@type":"WebSite","@id":"https:\/\/iglesiarincon.org\/revista\/#website","url":"https:\/\/iglesiarincon.org\/revista\/","name":"La Revista de Rinc&oacute;n","description":"Compartiendo lo mejor","potentialAction":[{"@type":"SearchAction","target":{"@type":"EntryPoint","urlTemplate":"https:\/\/iglesiarincon.org\/revista\/?s={search_term_string}"},"query-input":{"@type":"PropertyValueSpecification","valueRequired":true,"valueName":"search_term_string"}}],"inLanguage":"es"},{"@type":"Person","@id":"https:\/\/iglesiarincon.org\/revista\/#\/schema\/person\/a8b2fdd8f8efe2495a340a0febbe7df4","name":"Marcos Vidal","image":{"@type":"ImageObject","inLanguage":"es","@id":"https:\/\/iglesiarincon.org\/revista\/wp-content\/uploads\/2021\/03\/marcos-vidal.jpg","url":"https:\/\/iglesiarincon.org\/revista\/wp-content\/uploads\/2021\/03\/marcos-vidal.jpg","contentUrl":"https:\/\/iglesiarincon.org\/revista\/wp-content\/uploads\/2021\/03\/marcos-vidal.jpg","caption":"Marcos Vidal"},"url":"#molongui-disabled-link"}]}},"_links":{"self":[{"href":"https:\/\/iglesiarincon.org\/revista\/wp-json\/wp\/v2\/posts\/5112","targetHints":{"allow":["GET"]}}],"collection":[{"href":"https:\/\/iglesiarincon.org\/revista\/wp-json\/wp\/v2\/posts"}],"about":[{"href":"https:\/\/iglesiarincon.org\/revista\/wp-json\/wp\/v2\/types\/post"}],"author":[{"embeddable":true,"href":"https:\/\/iglesiarincon.org\/revista\/wp-json\/wp\/v2\/users\/3"}],"replies":[{"embeddable":true,"href":"https:\/\/iglesiarincon.org\/revista\/wp-json\/wp\/v2\/comments?post=5112"}],"version-history":[{"count":5,"href":"https:\/\/iglesiarincon.org\/revista\/wp-json\/wp\/v2\/posts\/5112\/revisions"}],"predecessor-version":[{"id":5327,"href":"https:\/\/iglesiarincon.org\/revista\/wp-json\/wp\/v2\/posts\/5112\/revisions\/5327"}],"wp:featuredmedia":[{"embeddable":true,"href":"https:\/\/iglesiarincon.org\/revista\/wp-json\/wp\/v2\/media\/5135"}],"wp:attachment":[{"href":"https:\/\/iglesiarincon.org\/revista\/wp-json\/wp\/v2\/media?parent=5112"}],"wp:term":[{"taxonomy":"category","embeddable":true,"href":"https:\/\/iglesiarincon.org\/revista\/wp-json\/wp\/v2\/categories?post=5112"},{"taxonomy":"post_tag","embeddable":true,"href":"https:\/\/iglesiarincon.org\/revista\/wp-json\/wp\/v2\/tags?post=5112"}],"curies":[{"name":"wp","href":"https:\/\/api.w.org\/{rel}","templated":true}]}}