{"id":5110,"date":"2021-03-29T12:39:10","date_gmt":"2021-03-29T15:39:10","guid":{"rendered":"https:\/\/iglesiarincon.org\/revista\/?p=5110&#038;preview=true&#038;preview_id=5110"},"modified":"2021-03-20T20:31:35","modified_gmt":"2021-03-20T23:31:35","slug":"el-dilema-de-su-muerte","status":"publish","type":"post","link":"https:\/\/iglesiarincon.org\/revista\/el-dilema-de-su-muerte\/","title":{"rendered":"El dilema de su muerte"},"content":{"rendered":"\n[et_pb_section fb_built=\u00bb1&#8243; _builder_version=\u00bb3.22&#8243; custom_padding=\u00bb0px|||||\u00bb][et_pb_row _builder_version=\u00bb3.25&#8243; background_size=\u00bbinitial\u00bb background_position=\u00bbtop_left\u00bb background_repeat=\u00bbrepeat\u00bb][et_pb_column type=\u00bb4_4&#8243; _builder_version=\u00bb3.25&#8243; custom_padding=\u00bb|||\u00bb custom_padding__hover=\u00bb|||\u00bb][et_pb_text _builder_version=\u00bb4.9.2&#8243; text_font=\u00bbTrebuchet|600|||||||\u00bb text_font_size=\u00bb18px\u00bb hover_enabled=\u00bb0&#8243; sticky_enabled=\u00bb0&#8243;]<p style=\"text-align: justify;\">En estos videos Marcos Vidal habla de la vida y la muerte. Propone pensar c\u00f3mo vivir\u00edamos nuestra vida si supi\u00e9ramos el d\u00eda de nuestra muerte y nos lleva a mirar hacia la muerte m\u00e1s importante de la historia: la de Jes\u00fas.<\/p>\n<p style=\"text-align: justify;\">Nos muestra c\u00f3mo \u00c9l eligi\u00f3 esa muerte para traernos vida a nosotros y c\u00f3mo su sacrificio se atraves\u00f3 no solo en nuestras vidas, sino en las de toda la humanidad.<\/p>\n<p style=\"text-align: justify;\">\u00ab&#8230;<span>Quien llev\u00f3 \u00e9l mismo nuestros pecados en su cuerpo sobre el madero, para que nosotros, estando muertos a los pecados, vivamos a la justicia; y por cuya herida fuisteis sanados.<\/span>\u00ab. 1\u00baPedro 2:24<\/p>[\/et_pb_text][et_pb_video src=\u00bbhttps:\/\/02-revista.s3-sa-east-1.amazonaws.com\/Videos\/Marcos+Vidal\/20210311_vid_Marcos+Vidal+-+El+Crucificado+Pt.1+_+El+Dilema+De+Su+Muerte.mp4&#8243; play_icon_color=\u00bb#E02B20&#8243; thumbnail_overlay_color=\u00bbrgba(0,0,0,0.6)\u00bb _builder_version=\u00bb4.9.2&#8243; custom_margin=\u00bb||62px|||\u00bb box_shadow_style=\u00bbpreset3&#8243;][\/et_pb_video][\/et_pb_column][\/et_pb_row][et_pb_row _builder_version=\u00bb4.7.4&#8243; _module_preset=\u00bbdefault\u00bb][et_pb_column type=\u00bb4_4&#8243; _builder_version=\u00bb4.7.4&#8243; _module_preset=\u00bbdefault\u00bb][et_pb_text _builder_version=\u00bb4.9.2&#8243; _module_preset=\u00bbdefault\u00bb]<p>Fuente: Canal de Youtube <a href=\"https:\/\/www.youtube.com\/channel\/UC7_VoGLOoExannoIqdFHxhw\" target=\"_blank\" rel=\"noopener\"><span style=\"text-decoration: underline;\"><span style=\"color: #0000ff; text-decoration: underline;\">Marcos Vidal DENKIA<\/span><\/span><\/a><\/p>[\/et_pb_text][\/et_pb_column][\/et_pb_row][\/et_pb_section]\n","protected":false},"excerpt":{"rendered":"<p>En estos videos Marcos Vidal habla de la vida y la muerte. Propone pensar c\u00f3mo vivir\u00edamos nuestra vida si supi\u00e9ramos el d\u00eda de nuestra muerte y nos lleva a mirar hacia la muerte m\u00e1s importante de la historia: la de Jes\u00fas. Nos muestra c\u00f3mo \u00c9l eligi\u00f3 esa muerte para traernos vida a nosotros y c\u00f3mo [&hellip;]<\/p>\n","protected":false},"author":3,"featured_media":5130,"comment_status":"open","ping_status":"open","sticky":false,"template":"","format":"standard","meta":{"_et_pb_use_builder":"on","_et_pb_old_content":"","_et_gb_content_width":"","footnotes":""},"categories":[3,43],"tags":[],"class_list":["post-5110","post","type-post","status-publish","format-standard","has-post-thumbnail","hentry","category-reflexiones","category-videos","et-has-post-format-content","et_post_format-et-post-format-standard"],"yoast_head":"<!-- This site is optimized with the Yoast SEO plugin v27.5 - https:\/\/yoast.com\/product\/yoast-seo-wordpress\/ -->\n<title>El dilema de su muerte - La Revista de Rinc&oacute;n<\/title>\n<meta name=\"description\" content=\"En esta primera charla Marcos Vidal medita sobre las razones para la muerte de Cristo, a fin de traernos salvaci\u00f3n y paz\" \/>\n<meta name=\"robots\" content=\"index, follow, max-snippet:-1, max-image-preview:large, max-video-preview:-1\" \/>\n<link rel=\"canonical\" href=\"https:\/\/iglesiarincon.org\/revista\/el-dilema-de-su-muerte\/\" \/>\n<meta property=\"og:locale\" content=\"es_ES\" \/>\n<meta property=\"og:type\" content=\"article\" \/>\n<meta property=\"og:title\" content=\"El dilema de su muerte - La Revista de Rinc&oacute;n\" \/>\n<meta property=\"og:description\" content=\"En esta primera charla Marcos Vidal medita sobre las razones para la muerte de Cristo, a fin de traernos salvaci\u00f3n y paz\" \/>\n<meta property=\"og:url\" content=\"https:\/\/iglesiarincon.org\/revista\/el-dilema-de-su-muerte\/\" \/>\n<meta property=\"og:site_name\" content=\"La Revista de Rinc&oacute;n\" \/>\n<meta property=\"article:published_time\" content=\"2021-03-29T15:39:10+00:00\" \/>\n<meta property=\"og:image\" content=\"https:\/\/iglesiarincon.org\/revista\/wp-content\/uploads\/2021\/03\/El-crucificado-P1-scaled.jpg\" \/>\n\t<meta property=\"og:image:width\" content=\"2560\" \/>\n\t<meta property=\"og:image:height\" content=\"1440\" \/>\n\t<meta property=\"og:image:type\" content=\"image\/jpeg\" \/>\n<meta name=\"author\" content=\"Marcos Vidal\" \/>\n<meta name=\"twitter:card\" content=\"summary_large_image\" \/>\n<meta name=\"twitter:label1\" content=\"Escrito por\" \/>\n\t<meta name=\"twitter:data1\" content=\"Marcos Vidal\" \/>\n\t<meta name=\"twitter:label2\" content=\"Tiempo de lectura\" \/>\n\t<meta name=\"twitter:data2\" content=\"1 minuto\" \/>\n<script type=\"application\/ld+json\" class=\"yoast-schema-graph\">{\"@context\":\"https:\\\/\\\/schema.org\",\"@graph\":[{\"@type\":\"Article\",\"@id\":\"https:\\\/\\\/iglesiarincon.org\\\/revista\\\/el-dilema-de-su-muerte\\\/#article\",\"isPartOf\":{\"@id\":\"https:\\\/\\\/iglesiarincon.org\\\/revista\\\/el-dilema-de-su-muerte\\\/\"},\"author\":{\"name\":\"Marcos Vidal\",\"@id\":\"https:\\\/\\\/iglesiarincon.org\\\/revista\\\/#\\\/schema\\\/person\\\/a8b2fdd8f8efe2495a340a0febbe7df4\"},\"headline\":\"El dilema de su muerte\",\"datePublished\":\"2021-03-29T15:39:10+00:00\",\"mainEntityOfPage\":{\"@id\":\"https:\\\/\\\/iglesiarincon.org\\\/revista\\\/el-dilema-de-su-muerte\\\/\"},\"wordCount\":267,\"commentCount\":0,\"image\":{\"@id\":\"https:\\\/\\\/iglesiarincon.org\\\/revista\\\/el-dilema-de-su-muerte\\\/#primaryimage\"},\"thumbnailUrl\":\"https:\\\/\\\/iglesiarincon.org\\\/revista\\\/wp-content\\\/uploads\\\/2021\\\/03\\\/El-crucificado-P1-scaled.jpg\",\"articleSection\":[\"Reflexiones\",\"Videos\"],\"inLanguage\":\"es\",\"potentialAction\":[{\"@type\":\"CommentAction\",\"name\":\"Comment\",\"target\":[\"https:\\\/\\\/iglesiarincon.org\\\/revista\\\/el-dilema-de-su-muerte\\\/#respond\"]}]},{\"@type\":\"WebPage\",\"@id\":\"https:\\\/\\\/iglesiarincon.org\\\/revista\\\/el-dilema-de-su-muerte\\\/\",\"url\":\"https:\\\/\\\/iglesiarincon.org\\\/revista\\\/el-dilema-de-su-muerte\\\/\",\"name\":\"El dilema de su muerte - La Revista de Rinc&oacute;n\",\"isPartOf\":{\"@id\":\"https:\\\/\\\/iglesiarincon.org\\\/revista\\\/#website\"},\"primaryImageOfPage\":{\"@id\":\"https:\\\/\\\/iglesiarincon.org\\\/revista\\\/el-dilema-de-su-muerte\\\/#primaryimage\"},\"image\":{\"@id\":\"https:\\\/\\\/iglesiarincon.org\\\/revista\\\/el-dilema-de-su-muerte\\\/#primaryimage\"},\"thumbnailUrl\":\"https:\\\/\\\/iglesiarincon.org\\\/revista\\\/wp-content\\\/uploads\\\/2021\\\/03\\\/El-crucificado-P1-scaled.jpg\",\"datePublished\":\"2021-03-29T15:39:10+00:00\",\"author\":{\"@id\":\"https:\\\/\\\/iglesiarincon.org\\\/revista\\\/#\\\/schema\\\/person\\\/a8b2fdd8f8efe2495a340a0febbe7df4\"},\"description\":\"En esta primera charla Marcos Vidal medita sobre las razones para la muerte de Cristo, a fin de traernos salvaci\u00f3n y paz\",\"breadcrumb\":{\"@id\":\"https:\\\/\\\/iglesiarincon.org\\\/revista\\\/el-dilema-de-su-muerte\\\/#breadcrumb\"},\"inLanguage\":\"es\",\"potentialAction\":[{\"@type\":\"ReadAction\",\"target\":[\"https:\\\/\\\/iglesiarincon.org\\\/revista\\\/el-dilema-de-su-muerte\\\/\"]}]},{\"@type\":\"ImageObject\",\"inLanguage\":\"es\",\"@id\":\"https:\\\/\\\/iglesiarincon.org\\\/revista\\\/el-dilema-de-su-muerte\\\/#primaryimage\",\"url\":\"https:\\\/\\\/iglesiarincon.org\\\/revista\\\/wp-content\\\/uploads\\\/2021\\\/03\\\/El-crucificado-P1-scaled.jpg\",\"contentUrl\":\"https:\\\/\\\/iglesiarincon.org\\\/revista\\\/wp-content\\\/uploads\\\/2021\\\/03\\\/El-crucificado-P1-scaled.jpg\",\"width\":2560,\"height\":1440},{\"@type\":\"BreadcrumbList\",\"@id\":\"https:\\\/\\\/iglesiarincon.org\\\/revista\\\/el-dilema-de-su-muerte\\\/#breadcrumb\",\"itemListElement\":[{\"@type\":\"ListItem\",\"position\":1,\"name\":\"Portada\",\"item\":\"https:\\\/\\\/iglesiarincon.org\\\/revista\\\/\"},{\"@type\":\"ListItem\",\"position\":2,\"name\":\"El dilema de su muerte\"}]},{\"@type\":\"WebSite\",\"@id\":\"https:\\\/\\\/iglesiarincon.org\\\/revista\\\/#website\",\"url\":\"https:\\\/\\\/iglesiarincon.org\\\/revista\\\/\",\"name\":\"La Revista de Rinc&oacute;n\",\"description\":\"Compartiendo lo mejor\",\"potentialAction\":[{\"@type\":\"SearchAction\",\"target\":{\"@type\":\"EntryPoint\",\"urlTemplate\":\"https:\\\/\\\/iglesiarincon.org\\\/revista\\\/?s={search_term_string}\"},\"query-input\":{\"@type\":\"PropertyValueSpecification\",\"valueRequired\":true,\"valueName\":\"search_term_string\"}}],\"inLanguage\":\"es\"},{\"@type\":\"Person\",\"@id\":\"https:\\\/\\\/iglesiarincon.org\\\/revista\\\/#\\\/schema\\\/person\\\/a8b2fdd8f8efe2495a340a0febbe7df4\",\"name\":\"Marcos Vidal\",\"image\":{\"@type\":\"ImageObject\",\"inLanguage\":\"es\",\"@id\":\"https:\\\/\\\/iglesiarincon.org\\\/revista\\\/wp-content\\\/uploads\\\/2021\\\/03\\\/marcos-vidal.jpg\",\"url\":\"https:\\\/\\\/iglesiarincon.org\\\/revista\\\/wp-content\\\/uploads\\\/2021\\\/03\\\/marcos-vidal.jpg\",\"contentUrl\":\"https:\\\/\\\/iglesiarincon.org\\\/revista\\\/wp-content\\\/uploads\\\/2021\\\/03\\\/marcos-vidal.jpg\",\"caption\":\"Marcos Vidal\"},\"url\":\"#molongui-disabled-link\"}]}<\/script>\n<!-- \/ Yoast SEO plugin. -->","yoast_head_json":{"title":"El dilema de su muerte - La Revista de Rinc&oacute;n","description":"En esta primera charla Marcos Vidal medita sobre las razones para la muerte de Cristo, a fin de traernos salvaci\u00f3n y paz","robots":{"index":"index","follow":"follow","max-snippet":"max-snippet:-1","max-image-preview":"max-image-preview:large","max-video-preview":"max-video-preview:-1"},"canonical":"https:\/\/iglesiarincon.org\/revista\/el-dilema-de-su-muerte\/","og_locale":"es_ES","og_type":"article","og_title":"El dilema de su muerte - La Revista de Rinc&oacute;n","og_description":"En esta primera charla Marcos Vidal medita sobre las razones para la muerte de Cristo, a fin de traernos salvaci\u00f3n y paz","og_url":"https:\/\/iglesiarincon.org\/revista\/el-dilema-de-su-muerte\/","og_site_name":"La Revista de Rinc&oacute;n","article_published_time":"2021-03-29T15:39:10+00:00","og_image":[{"width":2560,"height":1440,"url":"https:\/\/iglesiarincon.org\/revista\/wp-content\/uploads\/2021\/03\/El-crucificado-P1-scaled.jpg","type":"image\/jpeg"}],"author":"Marcos Vidal","twitter_card":"summary_large_image","twitter_misc":{"Escrito por":"Marcos Vidal","Tiempo de lectura":"1 minuto"},"schema":{"@context":"https:\/\/schema.org","@graph":[{"@type":"Article","@id":"https:\/\/iglesiarincon.org\/revista\/el-dilema-de-su-muerte\/#article","isPartOf":{"@id":"https:\/\/iglesiarincon.org\/revista\/el-dilema-de-su-muerte\/"},"author":{"name":"Marcos Vidal","@id":"https:\/\/iglesiarincon.org\/revista\/#\/schema\/person\/a8b2fdd8f8efe2495a340a0febbe7df4"},"headline":"El dilema de su muerte","datePublished":"2021-03-29T15:39:10+00:00","mainEntityOfPage":{"@id":"https:\/\/iglesiarincon.org\/revista\/el-dilema-de-su-muerte\/"},"wordCount":267,"commentCount":0,"image":{"@id":"https:\/\/iglesiarincon.org\/revista\/el-dilema-de-su-muerte\/#primaryimage"},"thumbnailUrl":"https:\/\/iglesiarincon.org\/revista\/wp-content\/uploads\/2021\/03\/El-crucificado-P1-scaled.jpg","articleSection":["Reflexiones","Videos"],"inLanguage":"es","potentialAction":[{"@type":"CommentAction","name":"Comment","target":["https:\/\/iglesiarincon.org\/revista\/el-dilema-de-su-muerte\/#respond"]}]},{"@type":"WebPage","@id":"https:\/\/iglesiarincon.org\/revista\/el-dilema-de-su-muerte\/","url":"https:\/\/iglesiarincon.org\/revista\/el-dilema-de-su-muerte\/","name":"El dilema de su muerte - La Revista de Rinc&oacute;n","isPartOf":{"@id":"https:\/\/iglesiarincon.org\/revista\/#website"},"primaryImageOfPage":{"@id":"https:\/\/iglesiarincon.org\/revista\/el-dilema-de-su-muerte\/#primaryimage"},"image":{"@id":"https:\/\/iglesiarincon.org\/revista\/el-dilema-de-su-muerte\/#primaryimage"},"thumbnailUrl":"https:\/\/iglesiarincon.org\/revista\/wp-content\/uploads\/2021\/03\/El-crucificado-P1-scaled.jpg","datePublished":"2021-03-29T15:39:10+00:00","author":{"@id":"https:\/\/iglesiarincon.org\/revista\/#\/schema\/person\/a8b2fdd8f8efe2495a340a0febbe7df4"},"description":"En esta primera charla Marcos Vidal medita sobre las razones para la muerte de Cristo, a fin de traernos salvaci\u00f3n y paz","breadcrumb":{"@id":"https:\/\/iglesiarincon.org\/revista\/el-dilema-de-su-muerte\/#breadcrumb"},"inLanguage":"es","potentialAction":[{"@type":"ReadAction","target":["https:\/\/iglesiarincon.org\/revista\/el-dilema-de-su-muerte\/"]}]},{"@type":"ImageObject","inLanguage":"es","@id":"https:\/\/iglesiarincon.org\/revista\/el-dilema-de-su-muerte\/#primaryimage","url":"https:\/\/iglesiarincon.org\/revista\/wp-content\/uploads\/2021\/03\/El-crucificado-P1-scaled.jpg","contentUrl":"https:\/\/iglesiarincon.org\/revista\/wp-content\/uploads\/2021\/03\/El-crucificado-P1-scaled.jpg","width":2560,"height":1440},{"@type":"BreadcrumbList","@id":"https:\/\/iglesiarincon.org\/revista\/el-dilema-de-su-muerte\/#breadcrumb","itemListElement":[{"@type":"ListItem","position":1,"name":"Portada","item":"https:\/\/iglesiarincon.org\/revista\/"},{"@type":"ListItem","position":2,"name":"El dilema de su muerte"}]},{"@type":"WebSite","@id":"https:\/\/iglesiarincon.org\/revista\/#website","url":"https:\/\/iglesiarincon.org\/revista\/","name":"La Revista de Rinc&oacute;n","description":"Compartiendo lo mejor","potentialAction":[{"@type":"SearchAction","target":{"@type":"EntryPoint","urlTemplate":"https:\/\/iglesiarincon.org\/revista\/?s={search_term_string}"},"query-input":{"@type":"PropertyValueSpecification","valueRequired":true,"valueName":"search_term_string"}}],"inLanguage":"es"},{"@type":"Person","@id":"https:\/\/iglesiarincon.org\/revista\/#\/schema\/person\/a8b2fdd8f8efe2495a340a0febbe7df4","name":"Marcos Vidal","image":{"@type":"ImageObject","inLanguage":"es","@id":"https:\/\/iglesiarincon.org\/revista\/wp-content\/uploads\/2021\/03\/marcos-vidal.jpg","url":"https:\/\/iglesiarincon.org\/revista\/wp-content\/uploads\/2021\/03\/marcos-vidal.jpg","contentUrl":"https:\/\/iglesiarincon.org\/revista\/wp-content\/uploads\/2021\/03\/marcos-vidal.jpg","caption":"Marcos Vidal"},"url":"#molongui-disabled-link"}]}},"_links":{"self":[{"href":"https:\/\/iglesiarincon.org\/revista\/wp-json\/wp\/v2\/posts\/5110","targetHints":{"allow":["GET"]}}],"collection":[{"href":"https:\/\/iglesiarincon.org\/revista\/wp-json\/wp\/v2\/posts"}],"about":[{"href":"https:\/\/iglesiarincon.org\/revista\/wp-json\/wp\/v2\/types\/post"}],"author":[{"embeddable":true,"href":"https:\/\/iglesiarincon.org\/revista\/wp-json\/wp\/v2\/users\/3"}],"replies":[{"embeddable":true,"href":"https:\/\/iglesiarincon.org\/revista\/wp-json\/wp\/v2\/comments?post=5110"}],"version-history":[{"count":5,"href":"https:\/\/iglesiarincon.org\/revista\/wp-json\/wp\/v2\/posts\/5110\/revisions"}],"predecessor-version":[{"id":5274,"href":"https:\/\/iglesiarincon.org\/revista\/wp-json\/wp\/v2\/posts\/5110\/revisions\/5274"}],"wp:featuredmedia":[{"embeddable":true,"href":"https:\/\/iglesiarincon.org\/revista\/wp-json\/wp\/v2\/media\/5130"}],"wp:attachment":[{"href":"https:\/\/iglesiarincon.org\/revista\/wp-json\/wp\/v2\/media?parent=5110"}],"wp:term":[{"taxonomy":"category","embeddable":true,"href":"https:\/\/iglesiarincon.org\/revista\/wp-json\/wp\/v2\/categories?post=5110"},{"taxonomy":"post_tag","embeddable":true,"href":"https:\/\/iglesiarincon.org\/revista\/wp-json\/wp\/v2\/tags?post=5110"}],"curies":[{"name":"wp","href":"https:\/\/api.w.org\/{rel}","templated":true}]}}