{"id":4925,"date":"2021-03-08T07:01:37","date_gmt":"2021-03-08T10:01:37","guid":{"rendered":"https:\/\/iglesiarincon.org\/revista\/?p=4925&#038;preview=true&#038;preview_id=4925"},"modified":"2021-03-08T06:43:21","modified_gmt":"2021-03-08T09:43:21","slug":"el-equilibrio-justo","status":"publish","type":"post","link":"https:\/\/iglesiarincon.org\/revista\/el-equilibrio-justo\/","title":{"rendered":"El Equilibrio Justo"},"content":{"rendered":"\n[et_pb_section fb_built=\u00bb1&#8243; _builder_version=\u00bb4.9.1&#8243; _module_preset=\u00bbdefault\u00bb][et_pb_row _builder_version=\u00bb4.9.1&#8243; _module_preset=\u00bbdefault\u00bb][et_pb_column type=\u00bb4_4&#8243; _builder_version=\u00bb4.9.1&#8243; _module_preset=\u00bbdefault\u00bb][et_pb_text _builder_version=\u00bb4.9.1&#8243; _module_preset=\u00bbdefault\u00bb custom_padding=\u00bb|||2px||\u00bb hover_enabled=\u00bb0&#8243; sticky_enabled=\u00bb0&#8243;]<p><em>\u201c\u00a1Me encantan los subibajas! Mi hermana y yo jug\u00e1bamos durante horas en una vieja plancha de madera asegurada a una barra de metal en el campamento de la Iglesia al que asist\u00edamos todos los veranos. Como yo era la mayor, era m\u00e1s pesada, as\u00ed que ten\u00eda que sentarme un poco m\u00e1s hacia adentro, mientras que ella se sentaba justo en el borde. Y ya est\u00e1bamos listas para empezar. Arriba y abajo, arriba y abajo, en esas tardes llenas de sol, entre los pinos del campamento b\u00edblico del Glaciar. Pero disfrut\u00e1bamos especialmente cuando encontr\u00e1bamos el punto exacto de sincronizaci\u00f3n en el que ambas pod\u00edamos quedar suspendidas en el aire.\u00a0 Un momento puro, de exquisito equilibrio.\u201d<\/em><\/p>\n<p>As\u00ed comienza la autora <strong>Joanna Weaver<\/strong> uno de los cap\u00edtulos de su libro titulado: <strong>\u201c<em>C\u00f3mo tener un coraz\u00f3n de Mar\u00eda en un mundo de Marta\u201d. <\/em><\/strong>A trav\u00e9s de esta an\u00e9cdota intenta mostrarnos cu\u00e1n agradable resulta estar en equilibrio. \u00a1Y no solo sobre un subibaja! Sino tener equilibrio en cada \u00e1mbito de nuestras vidas.<\/p>\n<p>Este libro, que se vale de la conocida historia del encuentro de Jes\u00fas con Marta y Mar\u00eda en su hogar, nos lleva a reflexionar sobre c\u00f3mo encontrar intimidad con Dios en medio de las ocupaciones de la vida. Nos insta a encontrar el equilibrio justo entre la adoraci\u00f3n y el servicio, entre el amor a Dios y el amor al pr\u00f3jimo. Estos ser\u00edan los dos extremos de nuestro subibaja. Y aunque el amor por Dios est\u00e1 primero, no es posible separar estos amores. Uno fluye del otro y vuelve. Eso es lo que significa vivir una vida equilibrada, una vida como la de Cristo.<\/p>\n<p>Si queremos vivir una vida equilibrada, deber\u00edamos seguir el ejemplo de nuestro Jes\u00fas, quien a pesar de tener una agenda llena de compromisos, siempre separaba un tiempo para estar a solas con su Padre, profundizando as\u00ed su relaci\u00f3n personal e \u00edntima con Dios y fortaleci\u00e9ndose para el servicio de amor que realizaba.<\/p>\n<p><strong><em>\u201cAmar\u00e1s al Se\u00f1or tu Dios con todo tu coraz\u00f3n, y con toda tu alma, y con todas tus fuerzas, y con toda tu mente; y a tu pr\u00f3jimo como a ti mismo.\u201d <\/em>Lucas 10:27<\/strong><\/p>[\/et_pb_text][et_pb_text _builder_version=\u00bb4.9.1&#8243; _module_preset=\u00bbdefault\u00bb text_font_size=\u00bb12px\u00bb custom_margin=\u00bb62px|||||\u00bb]<div>JOANNA WEAVER es escritora, esposa de pastor y madre de dos hijos. Ha escrito art\u00edculos para publicaciones como Enfoque a la familiay Guideposts<\/div>[\/et_pb_text][\/et_pb_column][\/et_pb_row][\/et_pb_section]\n","protected":false},"excerpt":{"rendered":"<p>\u201c\u00a1Me encantan los subibajas! Mi hermana y yo jug\u00e1bamos durante horas en una vieja plancha de madera asegurada a una barra de metal en el campamento de la Iglesia al que asist\u00edamos todos los veranos. Como yo era la mayor, era m\u00e1s pesada, as\u00ed que ten\u00eda que sentarme un poco m\u00e1s hacia adentro, mientras que [&hellip;]<\/p>\n","protected":false},"author":3,"featured_media":5044,"comment_status":"open","ping_status":"open","sticky":false,"template":"","format":"standard","meta":{"_et_pb_use_builder":"on","_et_pb_old_content":"","_et_gb_content_width":"","footnotes":""},"categories":[9],"tags":[],"class_list":["post-4925","post","type-post","status-publish","format-standard","has-post-thumbnail","hentry","category-que-leer","et-has-post-format-content","et_post_format-et-post-format-standard"],"yoast_head":"<!-- This site is optimized with the Yoast SEO plugin v27.5 - https:\/\/yoast.com\/product\/yoast-seo-wordpress\/ -->\n<title>El Equilibrio Justo - La Revista de Rinc&oacute;n<\/title>\n<meta name=\"description\" content=\"Para vivir una vida equilibrada, deber\u00edamos seguir el ejemplo de Jes\u00fas, quien siempre separaba un tiempo para estar a solas con su Padre,\" \/>\n<meta name=\"robots\" content=\"index, follow, max-snippet:-1, max-image-preview:large, max-video-preview:-1\" \/>\n<link rel=\"canonical\" href=\"https:\/\/iglesiarincon.org\/revista\/el-equilibrio-justo\/\" \/>\n<meta property=\"og:locale\" content=\"es_ES\" \/>\n<meta property=\"og:type\" content=\"article\" \/>\n<meta property=\"og:title\" content=\"El Equilibrio Justo - La Revista de Rinc&oacute;n\" \/>\n<meta property=\"og:description\" content=\"Para vivir una vida equilibrada, deber\u00edamos seguir el ejemplo de Jes\u00fas, quien siempre separaba un tiempo para estar a solas con su Padre,\" \/>\n<meta property=\"og:url\" content=\"https:\/\/iglesiarincon.org\/revista\/el-equilibrio-justo\/\" \/>\n<meta property=\"og:site_name\" content=\"La Revista de Rinc&oacute;n\" \/>\n<meta property=\"article:published_time\" content=\"2021-03-08T10:01:37+00:00\" \/>\n<meta property=\"og:image\" content=\"https:\/\/iglesiarincon.org\/revista\/wp-content\/uploads\/2021\/03\/equilibrio-1.jpg\" \/>\n\t<meta property=\"og:image:width\" content=\"448\" \/>\n\t<meta property=\"og:image:height\" content=\"310\" \/>\n\t<meta property=\"og:image:type\" content=\"image\/jpeg\" \/>\n<meta name=\"author\" content=\"Edith Startari\" \/>\n<meta name=\"twitter:card\" content=\"summary_large_image\" \/>\n<meta name=\"twitter:label1\" content=\"Escrito por\" \/>\n\t<meta name=\"twitter:data1\" content=\"Edith Startari\" \/>\n\t<meta name=\"twitter:label2\" content=\"Tiempo de lectura\" \/>\n\t<meta name=\"twitter:data2\" content=\"2 minutos\" \/>\n<script type=\"application\/ld+json\" class=\"yoast-schema-graph\">{\"@context\":\"https:\\\/\\\/schema.org\",\"@graph\":[{\"@type\":\"Article\",\"@id\":\"https:\\\/\\\/iglesiarincon.org\\\/revista\\\/el-equilibrio-justo\\\/#article\",\"isPartOf\":{\"@id\":\"https:\\\/\\\/iglesiarincon.org\\\/revista\\\/el-equilibrio-justo\\\/\"},\"author\":{\"name\":\"Edith Startari\",\"@id\":\"https:\\\/\\\/iglesiarincon.org\\\/revista\\\/#\\\/schema\\\/person\\\/a8b2fdd8f8efe2495a340a0febbe7df4\"},\"headline\":\"El Equilibrio Justo\",\"datePublished\":\"2021-03-08T10:01:37+00:00\",\"mainEntityOfPage\":{\"@id\":\"https:\\\/\\\/iglesiarincon.org\\\/revista\\\/el-equilibrio-justo\\\/\"},\"wordCount\":487,\"commentCount\":1,\"image\":{\"@id\":\"https:\\\/\\\/iglesiarincon.org\\\/revista\\\/el-equilibrio-justo\\\/#primaryimage\"},\"thumbnailUrl\":\"https:\\\/\\\/iglesiarincon.org\\\/revista\\\/wp-content\\\/uploads\\\/2021\\\/03\\\/equilibrio-1.jpg\",\"articleSection\":[\"Que Leer!\"],\"inLanguage\":\"es\",\"potentialAction\":[{\"@type\":\"CommentAction\",\"name\":\"Comment\",\"target\":[\"https:\\\/\\\/iglesiarincon.org\\\/revista\\\/el-equilibrio-justo\\\/#respond\"]}]},{\"@type\":\"WebPage\",\"@id\":\"https:\\\/\\\/iglesiarincon.org\\\/revista\\\/el-equilibrio-justo\\\/\",\"url\":\"https:\\\/\\\/iglesiarincon.org\\\/revista\\\/el-equilibrio-justo\\\/\",\"name\":\"El Equilibrio Justo - La Revista de Rinc&oacute;n\",\"isPartOf\":{\"@id\":\"https:\\\/\\\/iglesiarincon.org\\\/revista\\\/#website\"},\"primaryImageOfPage\":{\"@id\":\"https:\\\/\\\/iglesiarincon.org\\\/revista\\\/el-equilibrio-justo\\\/#primaryimage\"},\"image\":{\"@id\":\"https:\\\/\\\/iglesiarincon.org\\\/revista\\\/el-equilibrio-justo\\\/#primaryimage\"},\"thumbnailUrl\":\"https:\\\/\\\/iglesiarincon.org\\\/revista\\\/wp-content\\\/uploads\\\/2021\\\/03\\\/equilibrio-1.jpg\",\"datePublished\":\"2021-03-08T10:01:37+00:00\",\"author\":{\"@id\":\"https:\\\/\\\/iglesiarincon.org\\\/revista\\\/#\\\/schema\\\/person\\\/a8b2fdd8f8efe2495a340a0febbe7df4\"},\"description\":\"Para vivir una vida equilibrada, deber\u00edamos seguir el ejemplo de Jes\u00fas, quien siempre separaba un tiempo para estar a solas con su Padre,\",\"breadcrumb\":{\"@id\":\"https:\\\/\\\/iglesiarincon.org\\\/revista\\\/el-equilibrio-justo\\\/#breadcrumb\"},\"inLanguage\":\"es\",\"potentialAction\":[{\"@type\":\"ReadAction\",\"target\":[\"https:\\\/\\\/iglesiarincon.org\\\/revista\\\/el-equilibrio-justo\\\/\"]}]},{\"@type\":\"ImageObject\",\"inLanguage\":\"es\",\"@id\":\"https:\\\/\\\/iglesiarincon.org\\\/revista\\\/el-equilibrio-justo\\\/#primaryimage\",\"url\":\"https:\\\/\\\/iglesiarincon.org\\\/revista\\\/wp-content\\\/uploads\\\/2021\\\/03\\\/equilibrio-1.jpg\",\"contentUrl\":\"https:\\\/\\\/iglesiarincon.org\\\/revista\\\/wp-content\\\/uploads\\\/2021\\\/03\\\/equilibrio-1.jpg\",\"width\":448,\"height\":310},{\"@type\":\"BreadcrumbList\",\"@id\":\"https:\\\/\\\/iglesiarincon.org\\\/revista\\\/el-equilibrio-justo\\\/#breadcrumb\",\"itemListElement\":[{\"@type\":\"ListItem\",\"position\":1,\"name\":\"Portada\",\"item\":\"https:\\\/\\\/iglesiarincon.org\\\/revista\\\/\"},{\"@type\":\"ListItem\",\"position\":2,\"name\":\"El Equilibrio Justo\"}]},{\"@type\":\"WebSite\",\"@id\":\"https:\\\/\\\/iglesiarincon.org\\\/revista\\\/#website\",\"url\":\"https:\\\/\\\/iglesiarincon.org\\\/revista\\\/\",\"name\":\"La Revista de Rinc&oacute;n\",\"description\":\"Compartiendo lo mejor\",\"potentialAction\":[{\"@type\":\"SearchAction\",\"target\":{\"@type\":\"EntryPoint\",\"urlTemplate\":\"https:\\\/\\\/iglesiarincon.org\\\/revista\\\/?s={search_term_string}\"},\"query-input\":{\"@type\":\"PropertyValueSpecification\",\"valueRequired\":true,\"valueName\":\"search_term_string\"}}],\"inLanguage\":\"es\"},{\"@type\":\"Person\",\"@id\":\"https:\\\/\\\/iglesiarincon.org\\\/revista\\\/#\\\/schema\\\/person\\\/a8b2fdd8f8efe2495a340a0febbe7df4\",\"name\":\"Edith Startari\",\"image\":{\"@type\":\"ImageObject\",\"inLanguage\":\"es\",\"@id\":\"https:\\\/\\\/iglesiarincon.org\\\/revista\\\/wp-content\\\/uploads\\\/2019\\\/12\\\/Edith-Startari.jpg\",\"url\":\"https:\\\/\\\/iglesiarincon.org\\\/revista\\\/wp-content\\\/uploads\\\/2019\\\/12\\\/Edith-Startari.jpg\",\"contentUrl\":\"https:\\\/\\\/iglesiarincon.org\\\/revista\\\/wp-content\\\/uploads\\\/2019\\\/12\\\/Edith-Startari.jpg\",\"caption\":\"Edith Startari\"},\"url\":\"#molongui-disabled-link\"}]}<\/script>\n<!-- \/ Yoast SEO plugin. -->","yoast_head_json":{"title":"El Equilibrio Justo - La Revista de Rinc&oacute;n","description":"Para vivir una vida equilibrada, deber\u00edamos seguir el ejemplo de Jes\u00fas, quien siempre separaba un tiempo para estar a solas con su Padre,","robots":{"index":"index","follow":"follow","max-snippet":"max-snippet:-1","max-image-preview":"max-image-preview:large","max-video-preview":"max-video-preview:-1"},"canonical":"https:\/\/iglesiarincon.org\/revista\/el-equilibrio-justo\/","og_locale":"es_ES","og_type":"article","og_title":"El Equilibrio Justo - La Revista de Rinc&oacute;n","og_description":"Para vivir una vida equilibrada, deber\u00edamos seguir el ejemplo de Jes\u00fas, quien siempre separaba un tiempo para estar a solas con su Padre,","og_url":"https:\/\/iglesiarincon.org\/revista\/el-equilibrio-justo\/","og_site_name":"La Revista de Rinc&oacute;n","article_published_time":"2021-03-08T10:01:37+00:00","og_image":[{"width":448,"height":310,"url":"https:\/\/iglesiarincon.org\/revista\/wp-content\/uploads\/2021\/03\/equilibrio-1.jpg","type":"image\/jpeg"}],"author":"Edith Startari","twitter_card":"summary_large_image","twitter_misc":{"Escrito por":"Edith Startari","Tiempo de lectura":"2 minutos"},"schema":{"@context":"https:\/\/schema.org","@graph":[{"@type":"Article","@id":"https:\/\/iglesiarincon.org\/revista\/el-equilibrio-justo\/#article","isPartOf":{"@id":"https:\/\/iglesiarincon.org\/revista\/el-equilibrio-justo\/"},"author":{"name":"Edith Startari","@id":"https:\/\/iglesiarincon.org\/revista\/#\/schema\/person\/a8b2fdd8f8efe2495a340a0febbe7df4"},"headline":"El Equilibrio Justo","datePublished":"2021-03-08T10:01:37+00:00","mainEntityOfPage":{"@id":"https:\/\/iglesiarincon.org\/revista\/el-equilibrio-justo\/"},"wordCount":487,"commentCount":1,"image":{"@id":"https:\/\/iglesiarincon.org\/revista\/el-equilibrio-justo\/#primaryimage"},"thumbnailUrl":"https:\/\/iglesiarincon.org\/revista\/wp-content\/uploads\/2021\/03\/equilibrio-1.jpg","articleSection":["Que Leer!"],"inLanguage":"es","potentialAction":[{"@type":"CommentAction","name":"Comment","target":["https:\/\/iglesiarincon.org\/revista\/el-equilibrio-justo\/#respond"]}]},{"@type":"WebPage","@id":"https:\/\/iglesiarincon.org\/revista\/el-equilibrio-justo\/","url":"https:\/\/iglesiarincon.org\/revista\/el-equilibrio-justo\/","name":"El Equilibrio Justo - La Revista de Rinc&oacute;n","isPartOf":{"@id":"https:\/\/iglesiarincon.org\/revista\/#website"},"primaryImageOfPage":{"@id":"https:\/\/iglesiarincon.org\/revista\/el-equilibrio-justo\/#primaryimage"},"image":{"@id":"https:\/\/iglesiarincon.org\/revista\/el-equilibrio-justo\/#primaryimage"},"thumbnailUrl":"https:\/\/iglesiarincon.org\/revista\/wp-content\/uploads\/2021\/03\/equilibrio-1.jpg","datePublished":"2021-03-08T10:01:37+00:00","author":{"@id":"https:\/\/iglesiarincon.org\/revista\/#\/schema\/person\/a8b2fdd8f8efe2495a340a0febbe7df4"},"description":"Para vivir una vida equilibrada, deber\u00edamos seguir el ejemplo de Jes\u00fas, quien siempre separaba un tiempo para estar a solas con su Padre,","breadcrumb":{"@id":"https:\/\/iglesiarincon.org\/revista\/el-equilibrio-justo\/#breadcrumb"},"inLanguage":"es","potentialAction":[{"@type":"ReadAction","target":["https:\/\/iglesiarincon.org\/revista\/el-equilibrio-justo\/"]}]},{"@type":"ImageObject","inLanguage":"es","@id":"https:\/\/iglesiarincon.org\/revista\/el-equilibrio-justo\/#primaryimage","url":"https:\/\/iglesiarincon.org\/revista\/wp-content\/uploads\/2021\/03\/equilibrio-1.jpg","contentUrl":"https:\/\/iglesiarincon.org\/revista\/wp-content\/uploads\/2021\/03\/equilibrio-1.jpg","width":448,"height":310},{"@type":"BreadcrumbList","@id":"https:\/\/iglesiarincon.org\/revista\/el-equilibrio-justo\/#breadcrumb","itemListElement":[{"@type":"ListItem","position":1,"name":"Portada","item":"https:\/\/iglesiarincon.org\/revista\/"},{"@type":"ListItem","position":2,"name":"El Equilibrio Justo"}]},{"@type":"WebSite","@id":"https:\/\/iglesiarincon.org\/revista\/#website","url":"https:\/\/iglesiarincon.org\/revista\/","name":"La Revista de Rinc&oacute;n","description":"Compartiendo lo mejor","potentialAction":[{"@type":"SearchAction","target":{"@type":"EntryPoint","urlTemplate":"https:\/\/iglesiarincon.org\/revista\/?s={search_term_string}"},"query-input":{"@type":"PropertyValueSpecification","valueRequired":true,"valueName":"search_term_string"}}],"inLanguage":"es"},{"@type":"Person","@id":"https:\/\/iglesiarincon.org\/revista\/#\/schema\/person\/a8b2fdd8f8efe2495a340a0febbe7df4","name":"Edith Startari","image":{"@type":"ImageObject","inLanguage":"es","@id":"https:\/\/iglesiarincon.org\/revista\/wp-content\/uploads\/2019\/12\/Edith-Startari.jpg","url":"https:\/\/iglesiarincon.org\/revista\/wp-content\/uploads\/2019\/12\/Edith-Startari.jpg","contentUrl":"https:\/\/iglesiarincon.org\/revista\/wp-content\/uploads\/2019\/12\/Edith-Startari.jpg","caption":"Edith Startari"},"url":"#molongui-disabled-link"}]}},"_links":{"self":[{"href":"https:\/\/iglesiarincon.org\/revista\/wp-json\/wp\/v2\/posts\/4925","targetHints":{"allow":["GET"]}}],"collection":[{"href":"https:\/\/iglesiarincon.org\/revista\/wp-json\/wp\/v2\/posts"}],"about":[{"href":"https:\/\/iglesiarincon.org\/revista\/wp-json\/wp\/v2\/types\/post"}],"author":[{"embeddable":true,"href":"https:\/\/iglesiarincon.org\/revista\/wp-json\/wp\/v2\/users\/3"}],"replies":[{"embeddable":true,"href":"https:\/\/iglesiarincon.org\/revista\/wp-json\/wp\/v2\/comments?post=4925"}],"version-history":[{"count":5,"href":"https:\/\/iglesiarincon.org\/revista\/wp-json\/wp\/v2\/posts\/4925\/revisions"}],"predecessor-version":[{"id":5055,"href":"https:\/\/iglesiarincon.org\/revista\/wp-json\/wp\/v2\/posts\/4925\/revisions\/5055"}],"wp:featuredmedia":[{"embeddable":true,"href":"https:\/\/iglesiarincon.org\/revista\/wp-json\/wp\/v2\/media\/5044"}],"wp:attachment":[{"href":"https:\/\/iglesiarincon.org\/revista\/wp-json\/wp\/v2\/media?parent=4925"}],"wp:term":[{"taxonomy":"category","embeddable":true,"href":"https:\/\/iglesiarincon.org\/revista\/wp-json\/wp\/v2\/categories?post=4925"},{"taxonomy":"post_tag","embeddable":true,"href":"https:\/\/iglesiarincon.org\/revista\/wp-json\/wp\/v2\/tags?post=4925"}],"curies":[{"name":"wp","href":"https:\/\/api.w.org\/{rel}","templated":true}]}}