{"id":4605,"date":"2020-12-22T19:21:02","date_gmt":"2020-12-22T22:21:02","guid":{"rendered":"https:\/\/iglesiarincon.org\/revista\/?p=4605"},"modified":"2020-12-13T19:58:11","modified_gmt":"2020-12-13T22:58:11","slug":"el-regalo-de-dios","status":"publish","type":"post","link":"https:\/\/iglesiarincon.org\/revista\/el-regalo-de-dios\/","title":{"rendered":"El Regalo de Dios"},"content":{"rendered":"\n\n[et_pb_section fb_built=\u00bb1&#8243; _builder_version=\u00bb3.22&#8243; custom_padding=\u00bb0px|||||\u00bb][et_pb_row _builder_version=\u00bb3.25&#8243; background_size=\u00bbinitial\u00bb background_position=\u00bbtop_left\u00bb background_repeat=\u00bbrepeat\u00bb][et_pb_column type=\u00bb4_4&#8243; _builder_version=\u00bb3.25&#8243; custom_padding=\u00bb|||\u00bb custom_padding__hover=\u00bb|||\u00bb][et_pb_text _builder_version=\u00bb4.7.6&#8243; text_font=\u00bbTrebuchet|600|||||||\u00bb text_font_size=\u00bb18px\u00bb custom_margin=\u00bb||74px|||\u00bb custom_padding=\u00bb49px||0px|||\u00bb]<div dir=\"auto\">\n<div><\/div>\n<div style=\"text-align: center;\">\u00ab\u00a1Gracias a Dios por su don inefable!\u00bb (RV)<\/div>\n<div style=\"text-align: center;\"><\/div>\n<div><\/div>\n<div style=\"text-align: center;\"><span>\u00ab\u00a1Gracias a Dios, porque nos ha hecho un regalo tan grande que no tenemos palabras para expresarlo!\u00bb\u00a0 (DHH)<\/span><\/div>\n<\/div>[\/et_pb_text][et_pb_video src=\u00bbhttps:\/\/02-revista.s3-sa-east-1.amazonaws.com\/Videos\/Samuel+Perez+Millo\/20201210_vid_El_regalo_de_Dios.mp4&#8243; play_icon_color=\u00bb#E02B20&#8243; thumbnail_overlay_color=\u00bbrgba(0,0,0,0.6)\u00bb _builder_version=\u00bb4.7.6&#8243; custom_margin=\u00bb||62px|||\u00bb box_shadow_style=\u00bbpreset3&#8243;][\/et_pb_video][et_pb_text _builder_version=\u00bb4.7.6&#8243; text_font=\u00bbTrebuchet|600|||||||\u00bb text_font_size=\u00bb18px\u00bb custom_padding=\u00bb0px|||||\u00bb hover_enabled=\u00bb0&#8243; sticky_enabled=\u00bb0&#8243;]<div>Segunda Corintios 9:15 nos habla del gran Regalo de Dios.<\/div>\n<div>Este Regalo es un DON INEFABLE, es decir que no puede expresarse con palabras, es indescriptible.<\/div>\n<div>No hay palabras, pensamientos ni comparaciones que podamos formular que puedan describir siquiera un poco de su inmensidad y profundidad, sobrepasa todo esto, porque es infinito, \u00a1porque es la misma persona del Se\u00f1or Jesucristo!<\/div>\n<div>No entra en nuestra cabeza, no podemos entenderlo, y ante tanto amor y gracia solo podemos decir GRACIAS&#8230;<\/div>\n<div>\u00a1Tanta entrega! \u00a1Cristo! \u00a1Dios con nosotros! \u00a1Nuestra esperanza de Gloria!<\/div>[\/et_pb_text][\/et_pb_column][\/et_pb_row][\/et_pb_section]\n\n","protected":false},"excerpt":{"rendered":"<p>\u00ab\u00a1Gracias a Dios por su don inefable!\u00bb (RV) \u00ab\u00a1Gracias a Dios, porque nos ha hecho un regalo tan grande que no tenemos palabras para expresarlo!\u00bb\u00a0 (DHH) Segunda Corintios 9:15 nos habla del gran Regalo de Dios. Este Regalo es un DON INEFABLE, es decir que no puede expresarse con palabras, es indescriptible. No hay palabras, [&hellip;]<\/p>\n","protected":false},"author":2,"featured_media":4635,"comment_status":"open","ping_status":"open","sticky":false,"template":"","format":"standard","meta":{"_et_pb_use_builder":"on","_et_pb_old_content":"","_et_gb_content_width":"","footnotes":""},"categories":[3,43],"tags":[],"class_list":["post-4605","post","type-post","status-publish","format-standard","has-post-thumbnail","hentry","category-reflexiones","category-videos","et-has-post-format-content","et_post_format-et-post-format-standard"],"yoast_head":"<!-- This site is optimized with the Yoast SEO plugin v27.5 - https:\/\/yoast.com\/product\/yoast-seo-wordpress\/ -->\n<title>El Regalo de Dios - La Revista de Rinc&oacute;n<\/title>\n<meta name=\"description\" content=\"El Regalo de Dios es inefable , no hay palabras, pensamientos ni comparaciones para expresarlo ,,, la misma persona del Se\u00f1or Jesucristo!\" \/>\n<meta name=\"robots\" content=\"index, follow, max-snippet:-1, max-image-preview:large, max-video-preview:-1\" \/>\n<link rel=\"canonical\" href=\"https:\/\/iglesiarincon.org\/revista\/el-regalo-de-dios\/\" \/>\n<meta property=\"og:locale\" content=\"es_ES\" \/>\n<meta property=\"og:type\" content=\"article\" \/>\n<meta property=\"og:title\" content=\"El Regalo de Dios - La Revista de Rinc&oacute;n\" \/>\n<meta property=\"og:description\" content=\"El Regalo de Dios es inefable , no hay palabras, pensamientos ni comparaciones para expresarlo ,,, la misma persona del Se\u00f1or Jesucristo!\" \/>\n<meta property=\"og:url\" content=\"https:\/\/iglesiarincon.org\/revista\/el-regalo-de-dios\/\" \/>\n<meta property=\"og:site_name\" content=\"La Revista de Rinc&oacute;n\" \/>\n<meta property=\"article:published_time\" content=\"2020-12-22T22:21:02+00:00\" \/>\n<meta property=\"og:image\" content=\"https:\/\/iglesiarincon.org\/revista\/wp-content\/uploads\/2020\/12\/regalo.jpg\" \/>\n\t<meta property=\"og:image:width\" content=\"1280\" \/>\n\t<meta property=\"og:image:height\" content=\"782\" \/>\n\t<meta property=\"og:image:type\" content=\"image\/jpeg\" \/>\n<meta name=\"author\" content=\"Samuel Perez Millo\" \/>\n<meta name=\"twitter:card\" content=\"summary_large_image\" \/>\n<meta name=\"twitter:label1\" content=\"Escrito por\" \/>\n\t<meta name=\"twitter:data1\" content=\"Samuel Perez Millo\" \/>\n\t<meta name=\"twitter:label2\" content=\"Tiempo de lectura\" \/>\n\t<meta name=\"twitter:data2\" content=\"1 minuto\" \/>\n<script type=\"application\/ld+json\" class=\"yoast-schema-graph\">{\"@context\":\"https:\\\/\\\/schema.org\",\"@graph\":[{\"@type\":\"Article\",\"@id\":\"https:\\\/\\\/iglesiarincon.org\\\/revista\\\/el-regalo-de-dios\\\/#article\",\"isPartOf\":{\"@id\":\"https:\\\/\\\/iglesiarincon.org\\\/revista\\\/el-regalo-de-dios\\\/\"},\"author\":{\"name\":\"Samuel Perez Millo\",\"@id\":\"https:\\\/\\\/iglesiarincon.org\\\/revista\\\/#\\\/schema\\\/person\\\/6555ee1987df7656f4b7ba4a7789706e\"},\"headline\":\"El Regalo de Dios\",\"datePublished\":\"2020-12-22T22:21:02+00:00\",\"mainEntityOfPage\":{\"@id\":\"https:\\\/\\\/iglesiarincon.org\\\/revista\\\/el-regalo-de-dios\\\/\"},\"wordCount\":248,\"commentCount\":0,\"image\":{\"@id\":\"https:\\\/\\\/iglesiarincon.org\\\/revista\\\/el-regalo-de-dios\\\/#primaryimage\"},\"thumbnailUrl\":\"https:\\\/\\\/iglesiarincon.org\\\/revista\\\/wp-content\\\/uploads\\\/2020\\\/12\\\/regalo.jpg\",\"articleSection\":[\"Reflexiones\",\"Videos\"],\"inLanguage\":\"es\",\"potentialAction\":[{\"@type\":\"CommentAction\",\"name\":\"Comment\",\"target\":[\"https:\\\/\\\/iglesiarincon.org\\\/revista\\\/el-regalo-de-dios\\\/#respond\"]}]},{\"@type\":\"WebPage\",\"@id\":\"https:\\\/\\\/iglesiarincon.org\\\/revista\\\/el-regalo-de-dios\\\/\",\"url\":\"https:\\\/\\\/iglesiarincon.org\\\/revista\\\/el-regalo-de-dios\\\/\",\"name\":\"El Regalo de Dios - La Revista de Rinc&oacute;n\",\"isPartOf\":{\"@id\":\"https:\\\/\\\/iglesiarincon.org\\\/revista\\\/#website\"},\"primaryImageOfPage\":{\"@id\":\"https:\\\/\\\/iglesiarincon.org\\\/revista\\\/el-regalo-de-dios\\\/#primaryimage\"},\"image\":{\"@id\":\"https:\\\/\\\/iglesiarincon.org\\\/revista\\\/el-regalo-de-dios\\\/#primaryimage\"},\"thumbnailUrl\":\"https:\\\/\\\/iglesiarincon.org\\\/revista\\\/wp-content\\\/uploads\\\/2020\\\/12\\\/regalo.jpg\",\"datePublished\":\"2020-12-22T22:21:02+00:00\",\"author\":{\"@id\":\"https:\\\/\\\/iglesiarincon.org\\\/revista\\\/#\\\/schema\\\/person\\\/6555ee1987df7656f4b7ba4a7789706e\"},\"description\":\"El Regalo de Dios es inefable , no hay palabras, pensamientos ni comparaciones para expresarlo ,,, la misma persona del Se\u00f1or Jesucristo!\",\"breadcrumb\":{\"@id\":\"https:\\\/\\\/iglesiarincon.org\\\/revista\\\/el-regalo-de-dios\\\/#breadcrumb\"},\"inLanguage\":\"es\",\"potentialAction\":[{\"@type\":\"ReadAction\",\"target\":[\"https:\\\/\\\/iglesiarincon.org\\\/revista\\\/el-regalo-de-dios\\\/\"]}]},{\"@type\":\"ImageObject\",\"inLanguage\":\"es\",\"@id\":\"https:\\\/\\\/iglesiarincon.org\\\/revista\\\/el-regalo-de-dios\\\/#primaryimage\",\"url\":\"https:\\\/\\\/iglesiarincon.org\\\/revista\\\/wp-content\\\/uploads\\\/2020\\\/12\\\/regalo.jpg\",\"contentUrl\":\"https:\\\/\\\/iglesiarincon.org\\\/revista\\\/wp-content\\\/uploads\\\/2020\\\/12\\\/regalo.jpg\",\"width\":1280,\"height\":782},{\"@type\":\"BreadcrumbList\",\"@id\":\"https:\\\/\\\/iglesiarincon.org\\\/revista\\\/el-regalo-de-dios\\\/#breadcrumb\",\"itemListElement\":[{\"@type\":\"ListItem\",\"position\":1,\"name\":\"Portada\",\"item\":\"https:\\\/\\\/iglesiarincon.org\\\/revista\\\/\"},{\"@type\":\"ListItem\",\"position\":2,\"name\":\"El Regalo de Dios\"}]},{\"@type\":\"WebSite\",\"@id\":\"https:\\\/\\\/iglesiarincon.org\\\/revista\\\/#website\",\"url\":\"https:\\\/\\\/iglesiarincon.org\\\/revista\\\/\",\"name\":\"La Revista de Rinc&oacute;n\",\"description\":\"Compartiendo lo mejor\",\"potentialAction\":[{\"@type\":\"SearchAction\",\"target\":{\"@type\":\"EntryPoint\",\"urlTemplate\":\"https:\\\/\\\/iglesiarincon.org\\\/revista\\\/?s={search_term_string}\"},\"query-input\":{\"@type\":\"PropertyValueSpecification\",\"valueRequired\":true,\"valueName\":\"search_term_string\"}}],\"inLanguage\":\"es\"},{\"@type\":\"Person\",\"@id\":\"https:\\\/\\\/iglesiarincon.org\\\/revista\\\/#\\\/schema\\\/person\\\/6555ee1987df7656f4b7ba4a7789706e\",\"name\":\"Samuel Perez Millo\",\"image\":{\"@type\":\"ImageObject\",\"inLanguage\":\"es\",\"@id\":\"https:\\\/\\\/iglesiarincon.org\\\/revista\\\/wp-content\\\/uploads\\\/2020\\\/05\\\/samuel_perez_millos.jpeg\",\"url\":\"https:\\\/\\\/iglesiarincon.org\\\/revista\\\/wp-content\\\/uploads\\\/2020\\\/05\\\/samuel_perez_millos.jpeg\",\"contentUrl\":\"https:\\\/\\\/iglesiarincon.org\\\/revista\\\/wp-content\\\/uploads\\\/2020\\\/05\\\/samuel_perez_millos.jpeg\",\"caption\":\"Samuel Perez Millo\"},\"description\":\"Pastor de la Iglesia Evang\u00e9lica Unida, de Vigo, Espa\u00f1a desde el a\u00f1o 1981. Licenciado en Teolog\u00eda, Master en Cristolog\u00eda, Master en Espiritualidad Trinitaria, por el Instituto y Seminario B\u00edblico Evang\u00e9lico. Profesor en varias instituciones acad\u00e9micas de teolog\u00eda. Escritor de m\u00e1s de 50 libros de estudio b\u00edblico, autor del Comentario Exeg\u00e9tico al Texto Griego del Nuevo Testamento en 19 vol\u00famenes. Expositor, participando en conferencias en Hispanoam\u00e9rica, EE.UU., Australia, Europa.\",\"url\":\"#molongui-disabled-link\"}]}<\/script>\n<!-- \/ Yoast SEO plugin. -->","yoast_head_json":{"title":"El Regalo de Dios - La Revista de Rinc&oacute;n","description":"El Regalo de Dios es inefable , no hay palabras, pensamientos ni comparaciones para expresarlo ,,, la misma persona del Se\u00f1or Jesucristo!","robots":{"index":"index","follow":"follow","max-snippet":"max-snippet:-1","max-image-preview":"max-image-preview:large","max-video-preview":"max-video-preview:-1"},"canonical":"https:\/\/iglesiarincon.org\/revista\/el-regalo-de-dios\/","og_locale":"es_ES","og_type":"article","og_title":"El Regalo de Dios - La Revista de Rinc&oacute;n","og_description":"El Regalo de Dios es inefable , no hay palabras, pensamientos ni comparaciones para expresarlo ,,, la misma persona del Se\u00f1or Jesucristo!","og_url":"https:\/\/iglesiarincon.org\/revista\/el-regalo-de-dios\/","og_site_name":"La Revista de Rinc&oacute;n","article_published_time":"2020-12-22T22:21:02+00:00","og_image":[{"width":1280,"height":782,"url":"https:\/\/iglesiarincon.org\/revista\/wp-content\/uploads\/2020\/12\/regalo.jpg","type":"image\/jpeg"}],"author":"Samuel Perez Millo","twitter_card":"summary_large_image","twitter_misc":{"Escrito por":"Samuel Perez Millo","Tiempo de lectura":"1 minuto"},"schema":{"@context":"https:\/\/schema.org","@graph":[{"@type":"Article","@id":"https:\/\/iglesiarincon.org\/revista\/el-regalo-de-dios\/#article","isPartOf":{"@id":"https:\/\/iglesiarincon.org\/revista\/el-regalo-de-dios\/"},"author":{"name":"Samuel Perez Millo","@id":"https:\/\/iglesiarincon.org\/revista\/#\/schema\/person\/6555ee1987df7656f4b7ba4a7789706e"},"headline":"El Regalo de Dios","datePublished":"2020-12-22T22:21:02+00:00","mainEntityOfPage":{"@id":"https:\/\/iglesiarincon.org\/revista\/el-regalo-de-dios\/"},"wordCount":248,"commentCount":0,"image":{"@id":"https:\/\/iglesiarincon.org\/revista\/el-regalo-de-dios\/#primaryimage"},"thumbnailUrl":"https:\/\/iglesiarincon.org\/revista\/wp-content\/uploads\/2020\/12\/regalo.jpg","articleSection":["Reflexiones","Videos"],"inLanguage":"es","potentialAction":[{"@type":"CommentAction","name":"Comment","target":["https:\/\/iglesiarincon.org\/revista\/el-regalo-de-dios\/#respond"]}]},{"@type":"WebPage","@id":"https:\/\/iglesiarincon.org\/revista\/el-regalo-de-dios\/","url":"https:\/\/iglesiarincon.org\/revista\/el-regalo-de-dios\/","name":"El Regalo de Dios - La Revista de Rinc&oacute;n","isPartOf":{"@id":"https:\/\/iglesiarincon.org\/revista\/#website"},"primaryImageOfPage":{"@id":"https:\/\/iglesiarincon.org\/revista\/el-regalo-de-dios\/#primaryimage"},"image":{"@id":"https:\/\/iglesiarincon.org\/revista\/el-regalo-de-dios\/#primaryimage"},"thumbnailUrl":"https:\/\/iglesiarincon.org\/revista\/wp-content\/uploads\/2020\/12\/regalo.jpg","datePublished":"2020-12-22T22:21:02+00:00","author":{"@id":"https:\/\/iglesiarincon.org\/revista\/#\/schema\/person\/6555ee1987df7656f4b7ba4a7789706e"},"description":"El Regalo de Dios es inefable , no hay palabras, pensamientos ni comparaciones para expresarlo ,,, la misma persona del Se\u00f1or Jesucristo!","breadcrumb":{"@id":"https:\/\/iglesiarincon.org\/revista\/el-regalo-de-dios\/#breadcrumb"},"inLanguage":"es","potentialAction":[{"@type":"ReadAction","target":["https:\/\/iglesiarincon.org\/revista\/el-regalo-de-dios\/"]}]},{"@type":"ImageObject","inLanguage":"es","@id":"https:\/\/iglesiarincon.org\/revista\/el-regalo-de-dios\/#primaryimage","url":"https:\/\/iglesiarincon.org\/revista\/wp-content\/uploads\/2020\/12\/regalo.jpg","contentUrl":"https:\/\/iglesiarincon.org\/revista\/wp-content\/uploads\/2020\/12\/regalo.jpg","width":1280,"height":782},{"@type":"BreadcrumbList","@id":"https:\/\/iglesiarincon.org\/revista\/el-regalo-de-dios\/#breadcrumb","itemListElement":[{"@type":"ListItem","position":1,"name":"Portada","item":"https:\/\/iglesiarincon.org\/revista\/"},{"@type":"ListItem","position":2,"name":"El Regalo de Dios"}]},{"@type":"WebSite","@id":"https:\/\/iglesiarincon.org\/revista\/#website","url":"https:\/\/iglesiarincon.org\/revista\/","name":"La Revista de Rinc&oacute;n","description":"Compartiendo lo mejor","potentialAction":[{"@type":"SearchAction","target":{"@type":"EntryPoint","urlTemplate":"https:\/\/iglesiarincon.org\/revista\/?s={search_term_string}"},"query-input":{"@type":"PropertyValueSpecification","valueRequired":true,"valueName":"search_term_string"}}],"inLanguage":"es"},{"@type":"Person","@id":"https:\/\/iglesiarincon.org\/revista\/#\/schema\/person\/6555ee1987df7656f4b7ba4a7789706e","name":"Samuel Perez Millo","image":{"@type":"ImageObject","inLanguage":"es","@id":"https:\/\/iglesiarincon.org\/revista\/wp-content\/uploads\/2020\/05\/samuel_perez_millos.jpeg","url":"https:\/\/iglesiarincon.org\/revista\/wp-content\/uploads\/2020\/05\/samuel_perez_millos.jpeg","contentUrl":"https:\/\/iglesiarincon.org\/revista\/wp-content\/uploads\/2020\/05\/samuel_perez_millos.jpeg","caption":"Samuel Perez Millo"},"description":"Pastor de la Iglesia Evang\u00e9lica Unida, de Vigo, Espa\u00f1a desde el a\u00f1o 1981. Licenciado en Teolog\u00eda, Master en Cristolog\u00eda, Master en Espiritualidad Trinitaria, por el Instituto y Seminario B\u00edblico Evang\u00e9lico. Profesor en varias instituciones acad\u00e9micas de teolog\u00eda. Escritor de m\u00e1s de 50 libros de estudio b\u00edblico, autor del Comentario Exeg\u00e9tico al Texto Griego del Nuevo Testamento en 19 vol\u00famenes. Expositor, participando en conferencias en Hispanoam\u00e9rica, EE.UU., Australia, Europa.","url":"#molongui-disabled-link"}]}},"_links":{"self":[{"href":"https:\/\/iglesiarincon.org\/revista\/wp-json\/wp\/v2\/posts\/4605","targetHints":{"allow":["GET"]}}],"collection":[{"href":"https:\/\/iglesiarincon.org\/revista\/wp-json\/wp\/v2\/posts"}],"about":[{"href":"https:\/\/iglesiarincon.org\/revista\/wp-json\/wp\/v2\/types\/post"}],"author":[{"embeddable":true,"href":"https:\/\/iglesiarincon.org\/revista\/wp-json\/wp\/v2\/users\/2"}],"replies":[{"embeddable":true,"href":"https:\/\/iglesiarincon.org\/revista\/wp-json\/wp\/v2\/comments?post=4605"}],"version-history":[{"count":5,"href":"https:\/\/iglesiarincon.org\/revista\/wp-json\/wp\/v2\/posts\/4605\/revisions"}],"predecessor-version":[{"id":4679,"href":"https:\/\/iglesiarincon.org\/revista\/wp-json\/wp\/v2\/posts\/4605\/revisions\/4679"}],"wp:featuredmedia":[{"embeddable":true,"href":"https:\/\/iglesiarincon.org\/revista\/wp-json\/wp\/v2\/media\/4635"}],"wp:attachment":[{"href":"https:\/\/iglesiarincon.org\/revista\/wp-json\/wp\/v2\/media?parent=4605"}],"wp:term":[{"taxonomy":"category","embeddable":true,"href":"https:\/\/iglesiarincon.org\/revista\/wp-json\/wp\/v2\/categories?post=4605"},{"taxonomy":"post_tag","embeddable":true,"href":"https:\/\/iglesiarincon.org\/revista\/wp-json\/wp\/v2\/tags?post=4605"}],"curies":[{"name":"wp","href":"https:\/\/api.w.org\/{rel}","templated":true}]}}