{"id":4590,"date":"2020-12-21T19:16:52","date_gmt":"2020-12-21T22:16:52","guid":{"rendered":"https:\/\/iglesiarincon.org\/revista\/?p=4590"},"modified":"2020-12-12T19:16:01","modified_gmt":"2020-12-12T22:16:01","slug":"corazon-pesebre","status":"publish","type":"post","link":"https:\/\/iglesiarincon.org\/revista\/corazon-pesebre\/","title":{"rendered":"Coraz\u00f3n Pesebre"},"content":{"rendered":"\n[et_pb_section fb_built=\u00bb1&#8243; _builder_version=\u00bb3.22&#8243; custom_padding=\u00bb0px|||||\u00bb][et_pb_row _builder_version=\u00bb3.25&#8243; background_size=\u00bbinitial\u00bb background_position=\u00bbtop_left\u00bb background_repeat=\u00bbrepeat\u00bb][et_pb_column type=\u00bb4_4&#8243; _builder_version=\u00bb3.25&#8243; custom_padding=\u00bb|||\u00bb custom_padding__hover=\u00bb|||\u00bb][et_pb_text _builder_version=\u00bb4.7.6&#8243; text_font=\u00bbTrebuchet|600|||||||\u00bb text_font_size=\u00bb18px\u00bb custom_margin=\u00bb||74px|||\u00bb custom_padding=\u00bb49px||0px|||\u00bb]<div dir=\"auto\" style=\"text-align: center;\">\u201cAconteci\u00f3 que estando ellos all\u00ed se le cumplieron los d\u00edas de su alumbramiento. Y dio a luz a su hijo primog\u00e9nito, y lo envolvi\u00f3 en pa\u00f1ales y lo acost\u00f3 en un pesebre, porque no hab\u00eda lugar para ellos en el mes\u00f3n.\u201d<\/div>\n<div dir=\"auto\" style=\"text-align: center;\">Lucas. 2:6-7<\/div>[\/et_pb_text][et_pb_video src=\u00bbhttps:\/\/02-revista.s3-sa-east-1.amazonaws.com\/Videos\/20201210_vid_Corazon_Pesebre_Rescate.mp4&#8243; play_icon_color=\u00bb#E02B20&#8243; thumbnail_overlay_color=\u00bbrgba(0,0,0,0.6)\u00bb _builder_version=\u00bb4.7.6&#8243; custom_margin=\u00bb||62px|||\u00bb box_shadow_style=\u00bbpreset3&#8243;][\/et_pb_video][et_pb_text _builder_version=\u00bb4.7.6&#8243; text_font=\u00bbTrebuchet|600|||||||\u00bb text_font_size=\u00bb18px\u00bb hover_enabled=\u00bb0&#8243; sticky_enabled=\u00bb0&#8243;]<div class=\"o9v6fnle cxmmr5t8 oygrvhab hcukyx3x c1et5uql ii04i59q\">\n<div dir=\"auto\">\n<div>\u00a1Haz un lugar para Jes\u00fas en tu coraz\u00f3n!<\/div>\n<div>Hay muchos corazones cerrados a Jes\u00fas porque est\u00e1n ocupados en otras cosas. Pero aun<\/div>\n<div>as\u00ed, \u00c9l quiere ser parte de sus vidas.<\/div>\n<div>No importa si tu coraz\u00f3n no est\u00e1 prolijo, no importa si est\u00e1 resquebrajado, o qued\u00f3 a la<\/div>\n<div>intemperie a causa de diferentes situaciones de la vida. No importa si est\u00e1 sucio o si est\u00e1<\/div>\n<div>lleno de cosas que consideras indignas de recibir a un rey. S\u00f3lo ten\u00e9s que invitarlo a ser<\/div>\n<div>parte de tu vida y \u00c9l lo transformar\u00e1.<\/div>\n<div>A trav\u00e9s del mensaje de Navidad, Dios quiere cumplir sus promesas de salvaci\u00f3n en tu<\/div>\n<div>vida y en la vida de tu familia. Quiere nacer y reinar. Quiere gobernar tu vida para que<\/div>\n<div>todo lo que vivas, lo vivas bajo su reino de gracia, de amor y constante cuidado. Sus<\/div>\n<div>palabras y ense\u00f1anzas son justas y oportunas para vivir en el presente y eternamente.<\/div>\n<div>Y por \u00faltimo, en tu coraz\u00f3n Jes\u00fas quiere encontrar un lugar en donde nacer. Es bueno<\/div>\n<div>celebrar y regocijarnos en Navidad, pero m\u00e1s importante es darle un lugar en el coraz\u00f3n<\/div>\n<div>a Jes\u00fas.<\/div>\n<div>\u00a1En esta Navidad Jes\u00fas quiere nacer en los corazones, trayendo salvaci\u00f3n, esperanza y<\/div>\n<div>as\u00ed cambiar nuestra vida para siempre!<\/div>\n<p>.<\/div>\n<\/div>\n[\/et_pb_text][\/et_pb_column][\/et_pb_row][\/et_pb_section]\n","protected":false},"excerpt":{"rendered":"<p>\u201cAconteci\u00f3 que estando ellos all\u00ed se le cumplieron los d\u00edas de su alumbramiento. Y dio a luz a su hijo primog\u00e9nito, y lo envolvi\u00f3 en pa\u00f1ales y lo acost\u00f3 en un pesebre, porque no hab\u00eda lugar para ellos en el mes\u00f3n.\u201d Lucas. 2:6-7 \u00a1Haz un lugar para Jes\u00fas en tu coraz\u00f3n! Hay muchos corazones cerrados [&hellip;]<\/p>\n","protected":false},"author":3,"featured_media":4592,"comment_status":"open","ping_status":"open","sticky":false,"template":"","format":"standard","meta":{"_et_pb_use_builder":"on","_et_pb_old_content":"","_et_gb_content_width":"","footnotes":""},"categories":[43],"tags":[],"class_list":["post-4590","post","type-post","status-publish","format-standard","has-post-thumbnail","hentry","category-videos","et-has-post-format-content","et_post_format-et-post-format-standard"],"yoast_head":"<!-- This site is optimized with the Yoast SEO plugin v27.5 - https:\/\/yoast.com\/product\/yoast-seo-wordpress\/ -->\n<title>Coraz\u00f3n Pesebre - La Revista de Rinc&oacute;n<\/title>\n<meta name=\"description\" content=\"En esta Navidad Jes\u00fas quiere nacer en los corazones, trayendo salvaci\u00f3n, esperanza y as\u00ed cambiar nuestra vida para siempre!\" \/>\n<meta name=\"robots\" content=\"index, follow, max-snippet:-1, max-image-preview:large, max-video-preview:-1\" \/>\n<link rel=\"canonical\" href=\"https:\/\/iglesiarincon.org\/revista\/corazon-pesebre\/\" \/>\n<meta property=\"og:locale\" content=\"es_ES\" \/>\n<meta property=\"og:type\" content=\"article\" \/>\n<meta property=\"og:title\" content=\"Coraz\u00f3n Pesebre - La Revista de Rinc&oacute;n\" \/>\n<meta property=\"og:description\" content=\"En esta Navidad Jes\u00fas quiere nacer en los corazones, trayendo salvaci\u00f3n, esperanza y as\u00ed cambiar nuestra vida para siempre!\" \/>\n<meta property=\"og:url\" content=\"https:\/\/iglesiarincon.org\/revista\/corazon-pesebre\/\" \/>\n<meta property=\"og:site_name\" content=\"La Revista de Rinc&oacute;n\" \/>\n<meta property=\"article:published_time\" content=\"2020-12-21T22:16:52+00:00\" \/>\n<meta property=\"og:image\" content=\"https:\/\/iglesiarincon.org\/revista\/wp-content\/uploads\/2020\/12\/corazon-pesebre.jpg\" \/>\n\t<meta property=\"og:image:width\" content=\"1134\" \/>\n\t<meta property=\"og:image:height\" content=\"661\" \/>\n\t<meta property=\"og:image:type\" content=\"image\/jpeg\" \/>\n<meta name=\"author\" content=\"David Rodriguez\" \/>\n<meta name=\"twitter:card\" content=\"summary_large_image\" \/>\n<meta name=\"twitter:label1\" content=\"Escrito por\" \/>\n\t<meta name=\"twitter:data1\" content=\"David Rodriguez\" \/>\n\t<meta name=\"twitter:label2\" content=\"Tiempo de lectura\" \/>\n\t<meta name=\"twitter:data2\" content=\"2 minutos\" \/>\n<script type=\"application\/ld+json\" class=\"yoast-schema-graph\">{\"@context\":\"https:\\\/\\\/schema.org\",\"@graph\":[{\"@type\":\"Article\",\"@id\":\"https:\\\/\\\/iglesiarincon.org\\\/revista\\\/corazon-pesebre\\\/#article\",\"isPartOf\":{\"@id\":\"https:\\\/\\\/iglesiarincon.org\\\/revista\\\/corazon-pesebre\\\/\"},\"author\":{\"name\":\"David Rodriguez\",\"@id\":\"https:\\\/\\\/iglesiarincon.org\\\/revista\\\/#\\\/schema\\\/person\\\/a8b2fdd8f8efe2495a340a0febbe7df4\"},\"headline\":\"Coraz\u00f3n Pesebre\",\"datePublished\":\"2020-12-21T22:16:52+00:00\",\"mainEntityOfPage\":{\"@id\":\"https:\\\/\\\/iglesiarincon.org\\\/revista\\\/corazon-pesebre\\\/\"},\"wordCount\":396,\"commentCount\":0,\"image\":{\"@id\":\"https:\\\/\\\/iglesiarincon.org\\\/revista\\\/corazon-pesebre\\\/#primaryimage\"},\"thumbnailUrl\":\"https:\\\/\\\/iglesiarincon.org\\\/revista\\\/wp-content\\\/uploads\\\/2020\\\/12\\\/corazon-pesebre.jpg\",\"articleSection\":[\"Videos\"],\"inLanguage\":\"es\",\"potentialAction\":[{\"@type\":\"CommentAction\",\"name\":\"Comment\",\"target\":[\"https:\\\/\\\/iglesiarincon.org\\\/revista\\\/corazon-pesebre\\\/#respond\"]}]},{\"@type\":\"WebPage\",\"@id\":\"https:\\\/\\\/iglesiarincon.org\\\/revista\\\/corazon-pesebre\\\/\",\"url\":\"https:\\\/\\\/iglesiarincon.org\\\/revista\\\/corazon-pesebre\\\/\",\"name\":\"Coraz\u00f3n Pesebre - La Revista de Rinc&oacute;n\",\"isPartOf\":{\"@id\":\"https:\\\/\\\/iglesiarincon.org\\\/revista\\\/#website\"},\"primaryImageOfPage\":{\"@id\":\"https:\\\/\\\/iglesiarincon.org\\\/revista\\\/corazon-pesebre\\\/#primaryimage\"},\"image\":{\"@id\":\"https:\\\/\\\/iglesiarincon.org\\\/revista\\\/corazon-pesebre\\\/#primaryimage\"},\"thumbnailUrl\":\"https:\\\/\\\/iglesiarincon.org\\\/revista\\\/wp-content\\\/uploads\\\/2020\\\/12\\\/corazon-pesebre.jpg\",\"datePublished\":\"2020-12-21T22:16:52+00:00\",\"author\":{\"@id\":\"https:\\\/\\\/iglesiarincon.org\\\/revista\\\/#\\\/schema\\\/person\\\/a8b2fdd8f8efe2495a340a0febbe7df4\"},\"description\":\"En esta Navidad Jes\u00fas quiere nacer en los corazones, trayendo salvaci\u00f3n, esperanza y as\u00ed cambiar nuestra vida para siempre!\",\"breadcrumb\":{\"@id\":\"https:\\\/\\\/iglesiarincon.org\\\/revista\\\/corazon-pesebre\\\/#breadcrumb\"},\"inLanguage\":\"es\",\"potentialAction\":[{\"@type\":\"ReadAction\",\"target\":[\"https:\\\/\\\/iglesiarincon.org\\\/revista\\\/corazon-pesebre\\\/\"]}]},{\"@type\":\"ImageObject\",\"inLanguage\":\"es\",\"@id\":\"https:\\\/\\\/iglesiarincon.org\\\/revista\\\/corazon-pesebre\\\/#primaryimage\",\"url\":\"https:\\\/\\\/iglesiarincon.org\\\/revista\\\/wp-content\\\/uploads\\\/2020\\\/12\\\/corazon-pesebre.jpg\",\"contentUrl\":\"https:\\\/\\\/iglesiarincon.org\\\/revista\\\/wp-content\\\/uploads\\\/2020\\\/12\\\/corazon-pesebre.jpg\",\"width\":1134,\"height\":661},{\"@type\":\"BreadcrumbList\",\"@id\":\"https:\\\/\\\/iglesiarincon.org\\\/revista\\\/corazon-pesebre\\\/#breadcrumb\",\"itemListElement\":[{\"@type\":\"ListItem\",\"position\":1,\"name\":\"Portada\",\"item\":\"https:\\\/\\\/iglesiarincon.org\\\/revista\\\/\"},{\"@type\":\"ListItem\",\"position\":2,\"name\":\"Coraz\u00f3n Pesebre\"}]},{\"@type\":\"WebSite\",\"@id\":\"https:\\\/\\\/iglesiarincon.org\\\/revista\\\/#website\",\"url\":\"https:\\\/\\\/iglesiarincon.org\\\/revista\\\/\",\"name\":\"La Revista de Rinc&oacute;n\",\"description\":\"Compartiendo lo mejor\",\"potentialAction\":[{\"@type\":\"SearchAction\",\"target\":{\"@type\":\"EntryPoint\",\"urlTemplate\":\"https:\\\/\\\/iglesiarincon.org\\\/revista\\\/?s={search_term_string}\"},\"query-input\":{\"@type\":\"PropertyValueSpecification\",\"valueRequired\":true,\"valueName\":\"search_term_string\"}}],\"inLanguage\":\"es\"},{\"@type\":\"Person\",\"@id\":\"https:\\\/\\\/iglesiarincon.org\\\/revista\\\/#\\\/schema\\\/person\\\/a8b2fdd8f8efe2495a340a0febbe7df4\",\"name\":\"David Rodriguez\",\"image\":{\"@type\":\"ImageObject\",\"inLanguage\":\"es\",\"@id\":\"https:\\\/\\\/secure.gravatar.com\\\/avatar\\\/?s=96&d=mm&r=g\",\"url\":\"https:\\\/\\\/secure.gravatar.com\\\/avatar\\\/?s=96&d=mm&r=g\",\"contentUrl\":\"https:\\\/\\\/secure.gravatar.com\\\/avatar\\\/?s=96&d=mm&r=g\",\"caption\":\"David Rodriguez\"},\"url\":\"#molongui-disabled-link\"}]}<\/script>\n<!-- \/ Yoast SEO plugin. -->","yoast_head_json":{"title":"Coraz\u00f3n Pesebre - La Revista de Rinc&oacute;n","description":"En esta Navidad Jes\u00fas quiere nacer en los corazones, trayendo salvaci\u00f3n, esperanza y as\u00ed cambiar nuestra vida para siempre!","robots":{"index":"index","follow":"follow","max-snippet":"max-snippet:-1","max-image-preview":"max-image-preview:large","max-video-preview":"max-video-preview:-1"},"canonical":"https:\/\/iglesiarincon.org\/revista\/corazon-pesebre\/","og_locale":"es_ES","og_type":"article","og_title":"Coraz\u00f3n Pesebre - La Revista de Rinc&oacute;n","og_description":"En esta Navidad Jes\u00fas quiere nacer en los corazones, trayendo salvaci\u00f3n, esperanza y as\u00ed cambiar nuestra vida para siempre!","og_url":"https:\/\/iglesiarincon.org\/revista\/corazon-pesebre\/","og_site_name":"La Revista de Rinc&oacute;n","article_published_time":"2020-12-21T22:16:52+00:00","og_image":[{"width":1134,"height":661,"url":"https:\/\/iglesiarincon.org\/revista\/wp-content\/uploads\/2020\/12\/corazon-pesebre.jpg","type":"image\/jpeg"}],"author":"David Rodriguez","twitter_card":"summary_large_image","twitter_misc":{"Escrito por":"David Rodriguez","Tiempo de lectura":"2 minutos"},"schema":{"@context":"https:\/\/schema.org","@graph":[{"@type":"Article","@id":"https:\/\/iglesiarincon.org\/revista\/corazon-pesebre\/#article","isPartOf":{"@id":"https:\/\/iglesiarincon.org\/revista\/corazon-pesebre\/"},"author":{"name":"David Rodriguez","@id":"https:\/\/iglesiarincon.org\/revista\/#\/schema\/person\/a8b2fdd8f8efe2495a340a0febbe7df4"},"headline":"Coraz\u00f3n Pesebre","datePublished":"2020-12-21T22:16:52+00:00","mainEntityOfPage":{"@id":"https:\/\/iglesiarincon.org\/revista\/corazon-pesebre\/"},"wordCount":396,"commentCount":0,"image":{"@id":"https:\/\/iglesiarincon.org\/revista\/corazon-pesebre\/#primaryimage"},"thumbnailUrl":"https:\/\/iglesiarincon.org\/revista\/wp-content\/uploads\/2020\/12\/corazon-pesebre.jpg","articleSection":["Videos"],"inLanguage":"es","potentialAction":[{"@type":"CommentAction","name":"Comment","target":["https:\/\/iglesiarincon.org\/revista\/corazon-pesebre\/#respond"]}]},{"@type":"WebPage","@id":"https:\/\/iglesiarincon.org\/revista\/corazon-pesebre\/","url":"https:\/\/iglesiarincon.org\/revista\/corazon-pesebre\/","name":"Coraz\u00f3n Pesebre - La Revista de Rinc&oacute;n","isPartOf":{"@id":"https:\/\/iglesiarincon.org\/revista\/#website"},"primaryImageOfPage":{"@id":"https:\/\/iglesiarincon.org\/revista\/corazon-pesebre\/#primaryimage"},"image":{"@id":"https:\/\/iglesiarincon.org\/revista\/corazon-pesebre\/#primaryimage"},"thumbnailUrl":"https:\/\/iglesiarincon.org\/revista\/wp-content\/uploads\/2020\/12\/corazon-pesebre.jpg","datePublished":"2020-12-21T22:16:52+00:00","author":{"@id":"https:\/\/iglesiarincon.org\/revista\/#\/schema\/person\/a8b2fdd8f8efe2495a340a0febbe7df4"},"description":"En esta Navidad Jes\u00fas quiere nacer en los corazones, trayendo salvaci\u00f3n, esperanza y as\u00ed cambiar nuestra vida para siempre!","breadcrumb":{"@id":"https:\/\/iglesiarincon.org\/revista\/corazon-pesebre\/#breadcrumb"},"inLanguage":"es","potentialAction":[{"@type":"ReadAction","target":["https:\/\/iglesiarincon.org\/revista\/corazon-pesebre\/"]}]},{"@type":"ImageObject","inLanguage":"es","@id":"https:\/\/iglesiarincon.org\/revista\/corazon-pesebre\/#primaryimage","url":"https:\/\/iglesiarincon.org\/revista\/wp-content\/uploads\/2020\/12\/corazon-pesebre.jpg","contentUrl":"https:\/\/iglesiarincon.org\/revista\/wp-content\/uploads\/2020\/12\/corazon-pesebre.jpg","width":1134,"height":661},{"@type":"BreadcrumbList","@id":"https:\/\/iglesiarincon.org\/revista\/corazon-pesebre\/#breadcrumb","itemListElement":[{"@type":"ListItem","position":1,"name":"Portada","item":"https:\/\/iglesiarincon.org\/revista\/"},{"@type":"ListItem","position":2,"name":"Coraz\u00f3n Pesebre"}]},{"@type":"WebSite","@id":"https:\/\/iglesiarincon.org\/revista\/#website","url":"https:\/\/iglesiarincon.org\/revista\/","name":"La Revista de Rinc&oacute;n","description":"Compartiendo lo mejor","potentialAction":[{"@type":"SearchAction","target":{"@type":"EntryPoint","urlTemplate":"https:\/\/iglesiarincon.org\/revista\/?s={search_term_string}"},"query-input":{"@type":"PropertyValueSpecification","valueRequired":true,"valueName":"search_term_string"}}],"inLanguage":"es"},{"@type":"Person","@id":"https:\/\/iglesiarincon.org\/revista\/#\/schema\/person\/a8b2fdd8f8efe2495a340a0febbe7df4","name":"David Rodriguez","image":{"@type":"ImageObject","inLanguage":"es","@id":"https:\/\/secure.gravatar.com\/avatar\/?s=96&d=mm&r=g","url":"https:\/\/secure.gravatar.com\/avatar\/?s=96&d=mm&r=g","contentUrl":"https:\/\/secure.gravatar.com\/avatar\/?s=96&d=mm&r=g","caption":"David Rodriguez"},"url":"#molongui-disabled-link"}]}},"_links":{"self":[{"href":"https:\/\/iglesiarincon.org\/revista\/wp-json\/wp\/v2\/posts\/4590","targetHints":{"allow":["GET"]}}],"collection":[{"href":"https:\/\/iglesiarincon.org\/revista\/wp-json\/wp\/v2\/posts"}],"about":[{"href":"https:\/\/iglesiarincon.org\/revista\/wp-json\/wp\/v2\/types\/post"}],"author":[{"embeddable":true,"href":"https:\/\/iglesiarincon.org\/revista\/wp-json\/wp\/v2\/users\/3"}],"replies":[{"embeddable":true,"href":"https:\/\/iglesiarincon.org\/revista\/wp-json\/wp\/v2\/comments?post=4590"}],"version-history":[{"count":5,"href":"https:\/\/iglesiarincon.org\/revista\/wp-json\/wp\/v2\/posts\/4590\/revisions"}],"predecessor-version":[{"id":4675,"href":"https:\/\/iglesiarincon.org\/revista\/wp-json\/wp\/v2\/posts\/4590\/revisions\/4675"}],"wp:featuredmedia":[{"embeddable":true,"href":"https:\/\/iglesiarincon.org\/revista\/wp-json\/wp\/v2\/media\/4592"}],"wp:attachment":[{"href":"https:\/\/iglesiarincon.org\/revista\/wp-json\/wp\/v2\/media?parent=4590"}],"wp:term":[{"taxonomy":"category","embeddable":true,"href":"https:\/\/iglesiarincon.org\/revista\/wp-json\/wp\/v2\/categories?post=4590"},{"taxonomy":"post_tag","embeddable":true,"href":"https:\/\/iglesiarincon.org\/revista\/wp-json\/wp\/v2\/tags?post=4590"}],"curies":[{"name":"wp","href":"https:\/\/api.w.org\/{rel}","templated":true}]}}