{"id":4543,"date":"2020-12-08T19:24:21","date_gmt":"2020-12-08T22:24:21","guid":{"rendered":"https:\/\/iglesiarincon.org\/revista\/?p=4543"},"modified":"2020-12-08T19:24:24","modified_gmt":"2020-12-08T22:24:24","slug":"amar-a-dios","status":"publish","type":"post","link":"https:\/\/iglesiarincon.org\/revista\/amar-a-dios\/","title":{"rendered":"Amar a Dios"},"content":{"rendered":"\n[et_pb_section fb_built=\u00bb1&#8243; _builder_version=\u00bb4.7.4&#8243; _module_preset=\u00bbdefault\u00bb][et_pb_row _builder_version=\u00bb4.7.4&#8243; _module_preset=\u00bbdefault\u00bb][et_pb_column type=\u00bb4_4&#8243; _builder_version=\u00bb4.7.4&#8243; _module_preset=\u00bbdefault\u00bb][et_pb_text _builder_version=\u00bb4.7.4&#8243; _module_preset=\u00bbdefault\u00bb custom_padding=\u00bb||0px|||\u00bb hover_enabled=\u00bb0&#8243; sticky_enabled=\u00bb0&#8243;]<p><strong><em>\u00a0 \u201c\u2026le invocar\u00e9 todos mis d\u00edas\u201d Salmo 116:2<\/em><\/strong><\/p>\n<p><em>\u00a0<\/em><\/p>\n<p>Los meses fueron cayendo del calendario hasta llegar a este Diciembre que ve irse sus d\u00edas para llegar al final de un a\u00f1o diferente, por los grandes desaf\u00edos que trajo.<\/p>\n<p>Como un \u00e1rbol que queda sin hojas cumpliendo su ciclo, para luego reverdecer con la esperanza que traen siempre los inicios; proseguimos\u00a0 a meta. Sabemos que este es un tiempo marcado en el que cada momento, por dif\u00edcil que sea, es s\u00f3lo un tramo del viaje que realizamos como aprendizaje y crecimiento en nuestra preparaci\u00f3n para la verdadera vida que nos espera.<\/p>\n<p>Una traves\u00eda de fe, de purificaci\u00f3n, de conexi\u00f3n \u00edntima con el Se\u00f1or. Un ejercicio de soledad y a la vez de nuevas formas\u00a0 de vivir y relacionarnos. Hemos pasado d\u00edas oscuros, y\u00a0 en\u00a0 la oscuridad\u00a0 germina lo nuevo. \u00a1Es un privilegio vivir una prueba de fuego inscripta en la\u00a0 incertidumbre, donde la \u00fanica certeza es nuestro Se\u00f1or!<\/p>\n<p>En el <strong>Salmo 116<\/strong>\u00a0 hay un agradecimiento intensamente personal\u00a0 por la salud\u00a0 restaurada del salmista. Hoy, todos necesitamos esa restauraci\u00f3n de un modo u otro por lo que nos podemos deleitar con su lectura, de la que consideraremos ahora los vers\u00edculos iniciales:<\/p>\n<p><strong><em>1 \u201cAmo a Jehov\u00e1 , pues ha o\u00eddo mi voz y mis s\u00faplicas , <\/em><\/strong><\/p>\n<p><strong><span style=\"font-family: inherit;\"><em>2 Porque ha inclinado a m\u00ed su o\u00eddo, por tanto le invocar\u00e9 todos mis d\u00edas<\/em>\u201d<\/span><\/strong><\/p>\n<h4><\/h4>\n<p>Comienza diciendo \u00abAmo a Dios\u201d. Algo fundamental en nuestra\u00a0 vida cristiana tiene que ver con esa\u00a0 relaci\u00f3n real\u00a0 y vital. Le amamos, porque \u00c9l nos am\u00f3 primero (1 Juan 4:19).<\/p>\n<p>El vers\u00edculo que abre el salmo\u00a0 explica tambi\u00e9n la raz\u00f3n de esa actitud de gratitud y amor hacia Dios,<em> \u00abha o\u00eddo mi voz y mis<\/em> <em>s\u00faplicas<\/em>\u00ab. Luego, la expresi\u00f3n,\u00a0\u201c<em>inclina\u00a0 su o\u00eddo hacia m\u00ed\u201d, <\/em>nos habla de un o\u00edr atento y concentrado.<\/p>\n<p>Cuando escuchamos, el cuerpo del oyente acompa\u00f1a a su mente, est\u00e1 totalmente entregado y comprometido con aquel que habla. En la inclinaci\u00f3n hay un lenguaje corporal\u00a0 de amor,\u00a0 de cercan\u00eda, de atenci\u00f3n; es lo que hacemos por ejemplo, cuando un ni\u00f1o nos habla y nos inclinamos para estar a su altura y escucharlo.<\/p>\n<p>Dios no \u00fanicamente nos oye, tambi\u00e9n nos escucha, ofreci\u00e9ndonos todo su inter\u00e9s. Nada de nuestra experiencia humana le es indiferente, nos entiende.<br \/> \u00c9l es Santo, Justo y Compasivo, y nos dice: \u00abVen, que puedo recibirte\u00bb.<\/p>\n<p>Por lo tanto, si Dios escucha y\u00a0 entiende, tambi\u00e9n\u00a0 ayuda. En d\u00edas agobiantes como los que vivimos, necesitamos encontrar un lugar tranquilo donde leer la Palabra de Dios y hablar con \u00c9l. Este es el santuario del alma.<\/p>\n<p>\u00a1Cu\u00e1nto necesitamos todos experimentarlo! \u00a1Cu\u00e1nto debemos amarlo por todo lo que nos ha dado!<\/p>\n<p>Primero, por la preciosa salvaci\u00f3n que nos dio por nuestra fe puesta en Cristo\u00a0 Jes\u00fas, para que fu\u00e9ramos perdonados y limpios y goz\u00e1ramos\u00a0 as\u00ed de toda su misericordia. Por lo que podemos\u00a0 decir:<\/p>\n<p><strong>Amamos a Dios<\/strong> por su compa\u00f1\u00eda diaria: Si buscamos su rostro en oraci\u00f3n y encomendamos cada d\u00eda en sus manos, aunque tengamos problemas, tristezas, incertidumbre, \u00c9l se encargar\u00e1 de\u00a0 suavizar todo eso con su infinito amor.<\/p>\n<p><strong>Amamos a Dios<\/strong> por su paciencia: Cu\u00e1ntas veces, como la oveja que se aleja del pastor,\u00a0 retrocedemos o nos mantenemos a distancia; sea en\u00a0 pensamientos\u00a0 o actitudes que no nos edifican. Sin embargo \u00c9l\u00a0 cada d\u00eda espera nuestro regreso y nos gu\u00eda en ese retorno hasta centrarnos y recuperar\u00a0 el enfoque.<\/p>\n<p><strong>Amamos a\u00a0 Dios<\/strong> porque nos comprende: Aunque es un Dios tres veces santo se acuerda de que somos polvo, d\u00e9biles, y viene a nuestro socorro cuando Satan\u00e1s acecha. \u00c9l sabe que el tentador quiso vencer a su propio hijo Jesucristo cuando\u00a0 vivi\u00f3 en la carne,\u00a0 y del mismo modo quiere vencer a cada hijo suyo;\u00a0 no olvidemos que Jes\u00fas\u00a0 lo derrot\u00f3 usando pasajes b\u00edblicos que tambi\u00e9n nosotros podemos utilizar en nuestra lucha.<\/p>\n<p><strong>Amamos a Dios<\/strong> porque no nos deja solos en las pruebas: \u00c9l las permite pero sabe hasta d\u00f3nde somos capaces de soportar, las dirige\u00a0 y marca el l\u00edmite de las mismas. Tampoco nos da una prueba sin un prop\u00f3sito, aunque a veces no entendemos el\u00a0 por qu\u00e9,\u00a0 siempre confiamos que es para nuestro bien.<\/p>\n<p><strong>Amamos a Dios<\/strong> porque est\u00e1 con nosotros en el valle de las sombras:<\/p>\n<p>Su Hijo prepar\u00f3 para nosotros el camino, y junto a multitudes de redimidos podremos unir nuestras voces en perpetua alabanza. \u00a1Esperanza bendita, en medio de la tribulaci\u00f3n!<\/p>\n<p>Esta es una breve enumeraci\u00f3n no exhaustiva, a la que podemos agregar infinitas razones para <strong>decirle a\u00a0\u00a0 Dios \u201cTE AMO<\/strong>\u201d. \u00bfLo hemos dicho hoy? \u00bfCu\u00e1ntas veces\u00a0 lo hemos\u00a0 hecho en este a\u00f1o? \u00a1No demoremos, antes de que\u00a0 termine!<\/p>\n<p>Que esas sean nuestras palabras al amanecer y al anochecer de cada d\u00eda, de modo que crucemos el puente de a\u00f1o viejo a un a\u00f1o nuevo,\u00a0 expres\u00e1ndole nuestro amor y gratitud a Dios, y dici\u00e9ndole: <em>\u201cPor\u00a0 tanto\u00a0 le invocar\u00e9 todos mis\u00a0 d\u00edas.\u201d \u00a1Am\u00e9n!<\/em><\/p>\n[\/et_pb_text][\/et_pb_column][\/et_pb_row][\/et_pb_section]\n","protected":false},"excerpt":{"rendered":"<p>\u00a0 \u201c\u2026le invocar\u00e9 todos mis d\u00edas\u201d Salmo 116:2 \u00a0 Los meses fueron cayendo del calendario hasta llegar a este Diciembre que ve irse sus d\u00edas para llegar al final de un a\u00f1o diferente, por los grandes desaf\u00edos que trajo. Como un \u00e1rbol que queda sin hojas cumpliendo su ciclo, para luego reverdecer con la esperanza [&hellip;]<\/p>\n","protected":false},"author":3,"featured_media":4545,"comment_status":"open","ping_status":"open","sticky":false,"template":"","format":"standard","meta":{"_et_pb_use_builder":"on","_et_pb_old_content":"","_et_gb_content_width":"","footnotes":""},"categories":[8],"tags":[],"class_list":["post-4543","post","type-post","status-publish","format-standard","has-post-thumbnail","hentry","category-mujeres-virtuosas","et-has-post-format-content","et_post_format-et-post-format-standard"],"yoast_head":"<!-- This site is optimized with the Yoast SEO plugin v27.5 - https:\/\/yoast.com\/product\/yoast-seo-wordpress\/ -->\n<title>Amar a Dios - La Revista de Rinc&oacute;n<\/title>\n<meta name=\"description\" content=\"Que en este nuevo a\u00f1o pronto a comenzar, amar a Dios sea nuestro sentir con palabras de gratitud al amanecer y al anochecer de cada d\u00eda.\" \/>\n<meta name=\"robots\" content=\"index, follow, max-snippet:-1, max-image-preview:large, max-video-preview:-1\" \/>\n<link rel=\"canonical\" href=\"https:\/\/iglesiarincon.org\/revista\/amar-a-dios\/\" \/>\n<meta property=\"og:locale\" content=\"es_ES\" \/>\n<meta property=\"og:type\" content=\"article\" \/>\n<meta property=\"og:title\" content=\"Amar a Dios - La Revista de Rinc&oacute;n\" \/>\n<meta property=\"og:description\" content=\"Que en este nuevo a\u00f1o pronto a comenzar, amar a Dios sea nuestro sentir con palabras de gratitud al amanecer y al anochecer de cada d\u00eda.\" \/>\n<meta property=\"og:url\" content=\"https:\/\/iglesiarincon.org\/revista\/amar-a-dios\/\" \/>\n<meta property=\"og:site_name\" content=\"La Revista de Rinc&oacute;n\" \/>\n<meta property=\"article:published_time\" content=\"2020-12-08T22:24:21+00:00\" \/>\n<meta property=\"article:modified_time\" content=\"2020-12-08T22:24:24+00:00\" \/>\n<meta property=\"og:image\" content=\"https:\/\/iglesiarincon.org\/revista\/wp-content\/uploads\/2020\/12\/DIOS.jpg\" \/>\n\t<meta property=\"og:image:width\" content=\"1280\" \/>\n\t<meta property=\"og:image:height\" content=\"856\" \/>\n\t<meta property=\"og:image:type\" content=\"image\/jpeg\" \/>\n<meta name=\"author\" content=\"Olga de Pedernera\" \/>\n<meta name=\"twitter:card\" content=\"summary_large_image\" \/>\n<meta name=\"twitter:label1\" content=\"Escrito por\" \/>\n\t<meta name=\"twitter:data1\" content=\"Olga de Pedernera\" \/>\n\t<meta name=\"twitter:label2\" content=\"Tiempo de lectura\" \/>\n\t<meta name=\"twitter:data2\" content=\"5 minutos\" \/>\n<script type=\"application\/ld+json\" class=\"yoast-schema-graph\">{\"@context\":\"https:\\\/\\\/schema.org\",\"@graph\":[{\"@type\":\"Article\",\"@id\":\"https:\\\/\\\/iglesiarincon.org\\\/revista\\\/amar-a-dios\\\/#article\",\"isPartOf\":{\"@id\":\"https:\\\/\\\/iglesiarincon.org\\\/revista\\\/amar-a-dios\\\/\"},\"author\":{\"name\":\"Olga de Pedernera\",\"@id\":\"https:\\\/\\\/iglesiarincon.org\\\/revista\\\/#\\\/schema\\\/person\\\/a8b2fdd8f8efe2495a340a0febbe7df4\"},\"headline\":\"Amar a Dios\",\"datePublished\":\"2020-12-08T22:24:21+00:00\",\"dateModified\":\"2020-12-08T22:24:24+00:00\",\"mainEntityOfPage\":{\"@id\":\"https:\\\/\\\/iglesiarincon.org\\\/revista\\\/amar-a-dios\\\/\"},\"wordCount\":924,\"commentCount\":0,\"image\":{\"@id\":\"https:\\\/\\\/iglesiarincon.org\\\/revista\\\/amar-a-dios\\\/#primaryimage\"},\"thumbnailUrl\":\"https:\\\/\\\/iglesiarincon.org\\\/revista\\\/wp-content\\\/uploads\\\/2020\\\/12\\\/DIOS.jpg\",\"articleSection\":[\"Mujeres virtuosas\"],\"inLanguage\":\"es\",\"potentialAction\":[{\"@type\":\"CommentAction\",\"name\":\"Comment\",\"target\":[\"https:\\\/\\\/iglesiarincon.org\\\/revista\\\/amar-a-dios\\\/#respond\"]}]},{\"@type\":\"WebPage\",\"@id\":\"https:\\\/\\\/iglesiarincon.org\\\/revista\\\/amar-a-dios\\\/\",\"url\":\"https:\\\/\\\/iglesiarincon.org\\\/revista\\\/amar-a-dios\\\/\",\"name\":\"Amar a Dios - La Revista de Rinc&oacute;n\",\"isPartOf\":{\"@id\":\"https:\\\/\\\/iglesiarincon.org\\\/revista\\\/#website\"},\"primaryImageOfPage\":{\"@id\":\"https:\\\/\\\/iglesiarincon.org\\\/revista\\\/amar-a-dios\\\/#primaryimage\"},\"image\":{\"@id\":\"https:\\\/\\\/iglesiarincon.org\\\/revista\\\/amar-a-dios\\\/#primaryimage\"},\"thumbnailUrl\":\"https:\\\/\\\/iglesiarincon.org\\\/revista\\\/wp-content\\\/uploads\\\/2020\\\/12\\\/DIOS.jpg\",\"datePublished\":\"2020-12-08T22:24:21+00:00\",\"dateModified\":\"2020-12-08T22:24:24+00:00\",\"author\":{\"@id\":\"https:\\\/\\\/iglesiarincon.org\\\/revista\\\/#\\\/schema\\\/person\\\/a8b2fdd8f8efe2495a340a0febbe7df4\"},\"description\":\"Que en este nuevo a\u00f1o pronto a comenzar, amar a Dios sea nuestro sentir con palabras de gratitud al amanecer y al anochecer de cada d\u00eda.\",\"breadcrumb\":{\"@id\":\"https:\\\/\\\/iglesiarincon.org\\\/revista\\\/amar-a-dios\\\/#breadcrumb\"},\"inLanguage\":\"es\",\"potentialAction\":[{\"@type\":\"ReadAction\",\"target\":[\"https:\\\/\\\/iglesiarincon.org\\\/revista\\\/amar-a-dios\\\/\"]}]},{\"@type\":\"ImageObject\",\"inLanguage\":\"es\",\"@id\":\"https:\\\/\\\/iglesiarincon.org\\\/revista\\\/amar-a-dios\\\/#primaryimage\",\"url\":\"https:\\\/\\\/iglesiarincon.org\\\/revista\\\/wp-content\\\/uploads\\\/2020\\\/12\\\/DIOS.jpg\",\"contentUrl\":\"https:\\\/\\\/iglesiarincon.org\\\/revista\\\/wp-content\\\/uploads\\\/2020\\\/12\\\/DIOS.jpg\",\"width\":1280,\"height\":856},{\"@type\":\"BreadcrumbList\",\"@id\":\"https:\\\/\\\/iglesiarincon.org\\\/revista\\\/amar-a-dios\\\/#breadcrumb\",\"itemListElement\":[{\"@type\":\"ListItem\",\"position\":1,\"name\":\"Portada\",\"item\":\"https:\\\/\\\/iglesiarincon.org\\\/revista\\\/\"},{\"@type\":\"ListItem\",\"position\":2,\"name\":\"Amar a Dios\"}]},{\"@type\":\"WebSite\",\"@id\":\"https:\\\/\\\/iglesiarincon.org\\\/revista\\\/#website\",\"url\":\"https:\\\/\\\/iglesiarincon.org\\\/revista\\\/\",\"name\":\"La Revista de Rinc&oacute;n\",\"description\":\"Compartiendo lo mejor\",\"potentialAction\":[{\"@type\":\"SearchAction\",\"target\":{\"@type\":\"EntryPoint\",\"urlTemplate\":\"https:\\\/\\\/iglesiarincon.org\\\/revista\\\/?s={search_term_string}\"},\"query-input\":{\"@type\":\"PropertyValueSpecification\",\"valueRequired\":true,\"valueName\":\"search_term_string\"}}],\"inLanguage\":\"es\"},{\"@type\":\"Person\",\"@id\":\"https:\\\/\\\/iglesiarincon.org\\\/revista\\\/#\\\/schema\\\/person\\\/a8b2fdd8f8efe2495a340a0febbe7df4\",\"name\":\"Olga de Pedernera\",\"image\":{\"@type\":\"ImageObject\",\"inLanguage\":\"es\",\"@id\":\"https:\\\/\\\/iglesiarincon.org\\\/revista\\\/wp-content\\\/uploads\\\/2020\\\/05\\\/OLGA-PEDERNERA.jpeg\",\"url\":\"https:\\\/\\\/iglesiarincon.org\\\/revista\\\/wp-content\\\/uploads\\\/2020\\\/05\\\/OLGA-PEDERNERA.jpeg\",\"contentUrl\":\"https:\\\/\\\/iglesiarincon.org\\\/revista\\\/wp-content\\\/uploads\\\/2020\\\/05\\\/OLGA-PEDERNERA.jpeg\",\"caption\":\"Olga de Pedernera\"},\"url\":\"#molongui-disabled-link\"}]}<\/script>\n<!-- \/ Yoast SEO plugin. -->","yoast_head_json":{"title":"Amar a Dios - La Revista de Rinc&oacute;n","description":"Que en este nuevo a\u00f1o pronto a comenzar, amar a Dios sea nuestro sentir con palabras de gratitud al amanecer y al anochecer de cada d\u00eda.","robots":{"index":"index","follow":"follow","max-snippet":"max-snippet:-1","max-image-preview":"max-image-preview:large","max-video-preview":"max-video-preview:-1"},"canonical":"https:\/\/iglesiarincon.org\/revista\/amar-a-dios\/","og_locale":"es_ES","og_type":"article","og_title":"Amar a Dios - La Revista de Rinc&oacute;n","og_description":"Que en este nuevo a\u00f1o pronto a comenzar, amar a Dios sea nuestro sentir con palabras de gratitud al amanecer y al anochecer de cada d\u00eda.","og_url":"https:\/\/iglesiarincon.org\/revista\/amar-a-dios\/","og_site_name":"La Revista de Rinc&oacute;n","article_published_time":"2020-12-08T22:24:21+00:00","article_modified_time":"2020-12-08T22:24:24+00:00","og_image":[{"width":1280,"height":856,"url":"https:\/\/iglesiarincon.org\/revista\/wp-content\/uploads\/2020\/12\/DIOS.jpg","type":"image\/jpeg"}],"author":"Olga de Pedernera","twitter_card":"summary_large_image","twitter_misc":{"Escrito por":"Olga de Pedernera","Tiempo de lectura":"5 minutos"},"schema":{"@context":"https:\/\/schema.org","@graph":[{"@type":"Article","@id":"https:\/\/iglesiarincon.org\/revista\/amar-a-dios\/#article","isPartOf":{"@id":"https:\/\/iglesiarincon.org\/revista\/amar-a-dios\/"},"author":{"name":"Olga de Pedernera","@id":"https:\/\/iglesiarincon.org\/revista\/#\/schema\/person\/a8b2fdd8f8efe2495a340a0febbe7df4"},"headline":"Amar a Dios","datePublished":"2020-12-08T22:24:21+00:00","dateModified":"2020-12-08T22:24:24+00:00","mainEntityOfPage":{"@id":"https:\/\/iglesiarincon.org\/revista\/amar-a-dios\/"},"wordCount":924,"commentCount":0,"image":{"@id":"https:\/\/iglesiarincon.org\/revista\/amar-a-dios\/#primaryimage"},"thumbnailUrl":"https:\/\/iglesiarincon.org\/revista\/wp-content\/uploads\/2020\/12\/DIOS.jpg","articleSection":["Mujeres virtuosas"],"inLanguage":"es","potentialAction":[{"@type":"CommentAction","name":"Comment","target":["https:\/\/iglesiarincon.org\/revista\/amar-a-dios\/#respond"]}]},{"@type":"WebPage","@id":"https:\/\/iglesiarincon.org\/revista\/amar-a-dios\/","url":"https:\/\/iglesiarincon.org\/revista\/amar-a-dios\/","name":"Amar a Dios - La Revista de Rinc&oacute;n","isPartOf":{"@id":"https:\/\/iglesiarincon.org\/revista\/#website"},"primaryImageOfPage":{"@id":"https:\/\/iglesiarincon.org\/revista\/amar-a-dios\/#primaryimage"},"image":{"@id":"https:\/\/iglesiarincon.org\/revista\/amar-a-dios\/#primaryimage"},"thumbnailUrl":"https:\/\/iglesiarincon.org\/revista\/wp-content\/uploads\/2020\/12\/DIOS.jpg","datePublished":"2020-12-08T22:24:21+00:00","dateModified":"2020-12-08T22:24:24+00:00","author":{"@id":"https:\/\/iglesiarincon.org\/revista\/#\/schema\/person\/a8b2fdd8f8efe2495a340a0febbe7df4"},"description":"Que en este nuevo a\u00f1o pronto a comenzar, amar a Dios sea nuestro sentir con palabras de gratitud al amanecer y al anochecer de cada d\u00eda.","breadcrumb":{"@id":"https:\/\/iglesiarincon.org\/revista\/amar-a-dios\/#breadcrumb"},"inLanguage":"es","potentialAction":[{"@type":"ReadAction","target":["https:\/\/iglesiarincon.org\/revista\/amar-a-dios\/"]}]},{"@type":"ImageObject","inLanguage":"es","@id":"https:\/\/iglesiarincon.org\/revista\/amar-a-dios\/#primaryimage","url":"https:\/\/iglesiarincon.org\/revista\/wp-content\/uploads\/2020\/12\/DIOS.jpg","contentUrl":"https:\/\/iglesiarincon.org\/revista\/wp-content\/uploads\/2020\/12\/DIOS.jpg","width":1280,"height":856},{"@type":"BreadcrumbList","@id":"https:\/\/iglesiarincon.org\/revista\/amar-a-dios\/#breadcrumb","itemListElement":[{"@type":"ListItem","position":1,"name":"Portada","item":"https:\/\/iglesiarincon.org\/revista\/"},{"@type":"ListItem","position":2,"name":"Amar a Dios"}]},{"@type":"WebSite","@id":"https:\/\/iglesiarincon.org\/revista\/#website","url":"https:\/\/iglesiarincon.org\/revista\/","name":"La Revista de Rinc&oacute;n","description":"Compartiendo lo mejor","potentialAction":[{"@type":"SearchAction","target":{"@type":"EntryPoint","urlTemplate":"https:\/\/iglesiarincon.org\/revista\/?s={search_term_string}"},"query-input":{"@type":"PropertyValueSpecification","valueRequired":true,"valueName":"search_term_string"}}],"inLanguage":"es"},{"@type":"Person","@id":"https:\/\/iglesiarincon.org\/revista\/#\/schema\/person\/a8b2fdd8f8efe2495a340a0febbe7df4","name":"Olga de Pedernera","image":{"@type":"ImageObject","inLanguage":"es","@id":"https:\/\/iglesiarincon.org\/revista\/wp-content\/uploads\/2020\/05\/OLGA-PEDERNERA.jpeg","url":"https:\/\/iglesiarincon.org\/revista\/wp-content\/uploads\/2020\/05\/OLGA-PEDERNERA.jpeg","contentUrl":"https:\/\/iglesiarincon.org\/revista\/wp-content\/uploads\/2020\/05\/OLGA-PEDERNERA.jpeg","caption":"Olga de Pedernera"},"url":"#molongui-disabled-link"}]}},"_links":{"self":[{"href":"https:\/\/iglesiarincon.org\/revista\/wp-json\/wp\/v2\/posts\/4543","targetHints":{"allow":["GET"]}}],"collection":[{"href":"https:\/\/iglesiarincon.org\/revista\/wp-json\/wp\/v2\/posts"}],"about":[{"href":"https:\/\/iglesiarincon.org\/revista\/wp-json\/wp\/v2\/types\/post"}],"author":[{"embeddable":true,"href":"https:\/\/iglesiarincon.org\/revista\/wp-json\/wp\/v2\/users\/3"}],"replies":[{"embeddable":true,"href":"https:\/\/iglesiarincon.org\/revista\/wp-json\/wp\/v2\/comments?post=4543"}],"version-history":[{"count":5,"href":"https:\/\/iglesiarincon.org\/revista\/wp-json\/wp\/v2\/posts\/4543\/revisions"}],"predecessor-version":[{"id":4552,"href":"https:\/\/iglesiarincon.org\/revista\/wp-json\/wp\/v2\/posts\/4543\/revisions\/4552"}],"wp:featuredmedia":[{"embeddable":true,"href":"https:\/\/iglesiarincon.org\/revista\/wp-json\/wp\/v2\/media\/4545"}],"wp:attachment":[{"href":"https:\/\/iglesiarincon.org\/revista\/wp-json\/wp\/v2\/media?parent=4543"}],"wp:term":[{"taxonomy":"category","embeddable":true,"href":"https:\/\/iglesiarincon.org\/revista\/wp-json\/wp\/v2\/categories?post=4543"},{"taxonomy":"post_tag","embeddable":true,"href":"https:\/\/iglesiarincon.org\/revista\/wp-json\/wp\/v2\/tags?post=4543"}],"curies":[{"name":"wp","href":"https:\/\/api.w.org\/{rel}","templated":true}]}}