{"id":4270,"date":"2020-11-19T11:16:17","date_gmt":"2020-11-19T14:16:17","guid":{"rendered":"https:\/\/iglesiarincon.org\/revista\/?p=4270"},"modified":"2020-11-19T11:16:19","modified_gmt":"2020-11-19T14:16:19","slug":"estudio-de-1o-tesalonicenses-clase-3","status":"publish","type":"post","link":"https:\/\/iglesiarincon.org\/revista\/estudio-de-1o-tesalonicenses-clase-3\/","title":{"rendered":"Estudio de 1\u00ba Tesalonicenses &#8211; Clase 3"},"content":{"rendered":"[et_pb_section fb_built=\u00bb1&#8243; _builder_version=\u00bb4.4.1&#8243;][et_pb_row _builder_version=\u00bb4.7.1&#8243; _module_preset=\u00bbdefault\u00bb][et_pb_column type=\u00bb4_4&#8243; _builder_version=\u00bb4.6.6&#8243; _module_preset=\u00bbdefault\u00bb][et_pb_text _builder_version=\u00bb4.7.1&#8243; _module_preset=\u00bbdefault\u00bb]\n<p><span>En esta Segunda clase se contin\u00faa dando datos sobre el autor, el tiempo y el lugar donde se escribi\u00f3 la ep\u00edstola, tratando principalmente la importancia de la afirmaci\u00f3n de los hermanos en el \u00e1mbito de la vida de Iglesia.<\/span><\/p>\n[\/et_pb_text][\/et_pb_column][\/et_pb_row][et_pb_row _builder_version=\u00bb4.6.6&#8243;][et_pb_column type=\u00bb4_4&#8243; _builder_version=\u00bb4.4.1&#8243;][et_pb_text _builder_version=\u00bb4.6.6&#8243; _module_preset=\u00bbdefault\u00bb text_font=\u00bb|800|||||||\u00bb text_font_size=\u00bb18px\u00bb custom_margin=\u00bb||5px|||\u00bb]\n<p>1\u00b0 audio:<\/p>\n[\/et_pb_text][et_pb_audio audio=\u00bbhttps:\/\/02-revista.s3-sa-east-1.amazonaws.com\/Audios\/Audio+Estudios\/Escuela+Biblica+IBEW\/20201117_Estudio1raTesalonis_Clase3_P1_DATOS+HISTORICOS+DE+LA+CARTA.mp3&#8243; title=\u00bbDatos Hist\u00f3ricos de la carta\u00bb artist_name=\u00bbEscuela B\u00edblica Ibew\u00bb album_name=\u00bbAudio 1 &#8211; Clase 3&#8243; image_url=\u00bbhttps:\/\/iglesiarincon.org\/revista\/wp-content\/uploads\/2020\/10\/1Tesalonisenses.jpg\u00bb _builder_version=\u00bb4.7.1&#8243; background_color=\u00bb#3e5062&#8243; border_radii=\u00bbon|3px|3px|3px|3px\u00bb border_width_all=\u00bb2px\u00bb border_color_all=\u00bb#a8a8a8&#8243; box_shadow_style=\u00bbpreset3&#8243;][\/et_pb_audio][et_pb_text _builder_version=\u00bb4.7.1&#8243; custom_padding=\u00bb20px|||||\u00bb]\n<p><span>En el primer audio nos aporta los datos sobre los autores de la carta (Pablo, en acuerdo con Silvano y Timoteo), dando claro ejemplo que son un equipo unido, siendo de un mismo sentir, impactan a\u00fan m\u00e1s con el mensaje.<\/span><\/p>\n[\/et_pb_text][\/et_pb_column][\/et_pb_row][et_pb_row _builder_version=\u00bb4.6.6&#8243;][et_pb_column type=\u00bb4_4&#8243; _builder_version=\u00bb4.4.1&#8243;][et_pb_text _builder_version=\u00bb4.6.6&#8243; _module_preset=\u00bbdefault\u00bb text_font=\u00bb|800|||||||\u00bb text_font_size=\u00bb18px\u00bb custom_margin=\u00bb||5px|||\u00bb]\n<p>2\u00b0 audio:<\/p>\n[\/et_pb_text][et_pb_audio audio=\u00bbhttps:\/\/02-revista.s3-sa-east-1.amazonaws.com\/Audios\/Audio+Estudios\/Escuela+Biblica+IBEW\/20201117_Estudio1raTesalonis_Clase3_P2_LA+ESTRUCTURA+DE+LA+CARTA+A+LOS+TESALONICENSES.mp3&#8243; title=\u00bbLa estructura de la carta a los Tesalonicenses\u00bb artist_name=\u00bbEscuela B\u00edblica Ibew\u00bb album_name=\u00bbAudio 2 &#8211; Clase 3&#8243; image_url=\u00bbhttps:\/\/iglesiarincon.org\/revista\/wp-content\/uploads\/2020\/10\/1Tesalonisenses.jpg\u00bb _builder_version=\u00bb4.7.1&#8243; background_color=\u00bb#3e5062&#8243; border_radii=\u00bbon|3px|3px|3px|3px\u00bb border_width_all=\u00bb2px\u00bb border_color_all=\u00bb#a8a8a8&#8243; box_shadow_style=\u00bbpreset3&#8243;][\/et_pb_audio][et_pb_text _builder_version=\u00bb4.7.1&#8243; custom_padding=\u00bb20px|||||\u00bb]\n<p><span>En este segundo audio sobre la estructura de la carta, se va analizando el mensaje principal a la Iglesia en cada cap\u00edtulo, llegando a la conclusi\u00f3n de que el principal objetivo es dar \u00e1nimo y afirmaci\u00f3n a los hermanos.<\/span><\/p>\n[\/et_pb_text][\/et_pb_column][\/et_pb_row][et_pb_row _builder_version=\u00bb4.6.6&#8243;][et_pb_column type=\u00bb4_4&#8243; _builder_version=\u00bb4.4.1&#8243;][et_pb_text _builder_version=\u00bb4.6.6&#8243; _module_preset=\u00bbdefault\u00bb text_font=\u00bb|800|||||||\u00bb text_font_size=\u00bb18px\u00bb custom_margin=\u00bb||5px|||\u00bb]\n<p>3\u00b0 audio:<\/p>\n[\/et_pb_text][et_pb_audio audio=\u00bbhttps:\/\/02-revista.s3-sa-east-1.amazonaws.com\/Audios\/Audio+Estudios\/Escuela+Biblica+IBEW\/20201117_Estudio1raTesalonis_Clase3_P3_AFIRMANDO+LA+VIDA+DE+LA+IGLESIA.mp3&#8243; title=\u00bbAfirmando la Vida de la Iglesia\u00bb artist_name=\u00bbEscuela B\u00edblica Ibew\u00bb album_name=\u00bbAudio 3 &#8211; Clase 3&#8243; image_url=\u00bbhttps:\/\/iglesiarincon.org\/revista\/wp-content\/uploads\/2020\/10\/1Tesalonisenses.jpg\u00bb _builder_version=\u00bb4.7.1&#8243; background_color=\u00bb#3e5062&#8243; border_radii=\u00bbon|3px|3px|3px|3px\u00bb border_width_all=\u00bb2px\u00bb border_color_all=\u00bb#a8a8a8&#8243; box_shadow_style=\u00bbpreset3&#8243;][\/et_pb_audio][et_pb_text _builder_version=\u00bb4.7.1&#8243; custom_padding=\u00bb20px|||||\u00bb]\n<p><span>En este tercer audio se desglosa 1\u00baTesalonicenses 3:2, donde leemos: \u00abEnviamos a Timoteo, nuestro hermano y colaborador de Dios en el evangelio de Cristo, para fortaleceros y alentaros respecto a vuestra fe.\u00bb. La oraci\u00f3n de Pablo y su accionar es para afirmar los corazones de los hermanos.<\/span><\/p>\n[\/et_pb_text][\/et_pb_column][\/et_pb_row][et_pb_row _builder_version=\u00bb4.6.6&#8243;][et_pb_column type=\u00bb4_4&#8243; _builder_version=\u00bb4.4.1&#8243;][et_pb_text _builder_version=\u00bb4.6.6&#8243; _module_preset=\u00bbdefault\u00bb text_font=\u00bb|800|||||||\u00bb text_font_size=\u00bb18px\u00bb custom_margin=\u00bb||5px|||\u00bb]\n<p>4\u00b0 audio:<\/p>\n[\/et_pb_text][et_pb_audio audio=\u00bbhttps:\/\/02-revista.s3-sa-east-1.amazonaws.com\/Audios\/Audio+Estudios\/Escuela+Biblica+IBEW\/20201117_Estudio1raTesalonis_Clase3_P4_GRATITUD+POR+LOS+FRUTOS+Y+FE.mp3&#8243; title=\u00bbGratitud por los frutos y Fe\u00bb artist_name=\u00bbEscuela B\u00edblica Ibew\u00bb album_name=\u00bbAudio 4 &#8211; Clase 3 \u00bb image_url=\u00bbhttps:\/\/iglesiarincon.org\/revista\/wp-content\/uploads\/2020\/10\/1Tesalonisenses.jpg\u00bb _builder_version=\u00bb4.7.1&#8243; background_color=\u00bb#3e5062&#8243; border_radii=\u00bbon|3px|3px|3px|3px\u00bb border_width_all=\u00bb2px\u00bb border_color_all=\u00bb#a8a8a8&#8243; box_shadow_style=\u00bbpreset3&#8243;][\/et_pb_audio][et_pb_text _builder_version=\u00bb4.7.1&#8243; custom_padding=\u00bb20px|||||\u00bb]\n<p><span>En este audio podemos ver la gratitud de Pablo por los frutos en las vidas de\u00a0los hermanos (en\u00a01:2) que tuvieron impacto en su propia vida y en las vidas de los dem\u00e1s dando testimonio de una fe activa. Planteando tambi\u00e9n el tema de las verdades absolutas de la Palabra para guiar nuestra forma de pensar y actuar.<\/span><\/p>\n[\/et_pb_text][\/et_pb_column][\/et_pb_row][et_pb_row _builder_version=\u00bb4.6.6&#8243;][et_pb_column type=\u00bb4_4&#8243; _builder_version=\u00bb4.4.1&#8243;][et_pb_text _builder_version=\u00bb4.7.1&#8243; _module_preset=\u00bbdefault\u00bb text_font=\u00bb|800|||||||\u00bb text_font_size=\u00bb18px\u00bb custom_margin=\u00bb||5px|||\u00bb]\n<p>5\u00b0 audio:<\/p>\n[\/et_pb_text][et_pb_audio audio=\u00bbhttps:\/\/02-revista.s3-sa-east-1.amazonaws.com\/Audios\/Audio+Estudios\/Escuela+Biblica+IBEW\/20201117_Estudio1raTesalonis_Clase3_P5_VIVIMOS+POR+FE.mp3&#8243; title=\u00bbvivimos por Fe?\u00bb artist_name=\u00bbEscuela B\u00edblica Ibew\u00bb album_name=\u00bbAudio 5 &#8211; Clase 3&#8243; image_url=\u00bbhttps:\/\/iglesiarincon.org\/revista\/wp-content\/uploads\/2020\/10\/1Tesalonisenses.jpg\u00bb _builder_version=\u00bb4.7.1&#8243; background_color=\u00bb#3e5062&#8243; border_radii=\u00bbon|3px|3px|3px|3px\u00bb border_width_all=\u00bb2px\u00bb border_color_all=\u00bb#a8a8a8&#8243; box_shadow_style=\u00bbpreset3&#8243;][\/et_pb_audio][et_pb_text _builder_version=\u00bb4.7.1&#8243; custom_padding=\u00bb20px||0px|||\u00bb]\n<p><span>Como conclusi\u00f3n se plantea la forma en que estamos viviendo la vida cristiana, si nuestra fe es genuina, si nuestro amor es incondicional a los hermanos, si estamos esperando en Cristo, y si nuestra conducta va madurando por la esperanza puesta en \u00c9l, para darle Gloria<\/span><\/p>\n[\/et_pb_text][\/et_pb_column][\/et_pb_row][et_pb_row _builder_version=\u00bb4.6.6&#8243; _module_preset=\u00bbdefault\u00bb][et_pb_column type=\u00bb4_4&#8243; _builder_version=\u00bb4.6.6&#8243; _module_preset=\u00bbdefault\u00bb][et_pb_text _builder_version=\u00bb4.7.2&#8243; _module_preset=\u00bbdefault\u00bb custom_margin=\u00bb54px||15px|||\u00bb]\n<p>Apuntes disponibles. Haz click en el siguiente enlace para visualizar y descargar el archivo.<\/p>\n<p><em style=\"color: rgba(37, 14, 242, 0.95);\"><strong><a href=\"https:\/\/iglesiarincon.org\/revista\/wp-content\/uploads\/2020\/11\/1-Tesalonicenses-dia-3-IBEW.pdf\" target=\"_blank\" rel=\"noopener noreferrer\" style=\"color: rgba(37, 14, 242, 0.95); text-decoration-line: underline;\">1-Tesalonicenses-clase-3.pdf<\/a><\/strong><\/em><\/p>\n[\/et_pb_text][\/et_pb_column][\/et_pb_row][\/et_pb_section]\n","protected":false},"excerpt":{"rendered":"<p>En esta Segunda clase se contin\u00faa dando datos sobre el autor, el tiempo y el lugar donde se escribi\u00f3 la ep\u00edstola, tratando principalmente la importancia de la afirmaci\u00f3n de los hermanos en el \u00e1mbito de la vida de Iglesia.1\u00b0 audio:En el primer audio nos aporta los datos sobre los autores de la carta (Pablo, en [&hellip;]<\/p>\n","protected":false},"author":3,"featured_media":4295,"comment_status":"open","ping_status":"open","sticky":false,"template":"","format":"standard","meta":{"_et_pb_use_builder":"on","_et_pb_old_content":"","_et_gb_content_width":"","footnotes":""},"categories":[56,49],"tags":[],"class_list":["post-4270","post","type-post","status-publish","format-standard","has-post-thumbnail","hentry","category-1-tesalonicenses","category-audioestudios","et-has-post-format-content","et_post_format-et-post-format-standard"],"yoast_head":"<!-- This site is optimized with the Yoast SEO plugin v27.5 - https:\/\/yoast.com\/product\/yoast-seo-wordpress\/ -->\n<title>Estudio de 1\u00ba Tesalonicenses - Clase 3 - La Revista de Rinc&oacute;n<\/title>\n<meta name=\"description\" content=\"En el tercer estudio de la carta a los Tesalonicenses se ve el objetivo principal de la carta , que es animar y afirmar.\" \/>\n<meta name=\"robots\" content=\"index, follow, max-snippet:-1, max-image-preview:large, max-video-preview:-1\" \/>\n<link rel=\"canonical\" href=\"https:\/\/iglesiarincon.org\/revista\/estudio-de-1o-tesalonicenses-clase-3\/\" \/>\n<meta property=\"og:locale\" content=\"es_ES\" \/>\n<meta property=\"og:type\" content=\"article\" \/>\n<meta property=\"og:title\" content=\"Estudio de 1\u00ba Tesalonicenses - Clase 3 - La Revista de Rinc&oacute;n\" \/>\n<meta property=\"og:description\" content=\"En el tercer estudio de la carta a los Tesalonicenses se ve el objetivo principal de la carta , que es animar y afirmar.\" \/>\n<meta property=\"og:url\" content=\"https:\/\/iglesiarincon.org\/revista\/estudio-de-1o-tesalonicenses-clase-3\/\" \/>\n<meta property=\"og:site_name\" content=\"La Revista de Rinc&oacute;n\" \/>\n<meta property=\"article:published_time\" content=\"2020-11-19T14:16:17+00:00\" \/>\n<meta property=\"article:modified_time\" content=\"2020-11-19T14:16:19+00:00\" \/>\n<meta property=\"og:image\" content=\"https:\/\/iglesiarincon.org\/revista\/wp-content\/uploads\/2020\/11\/tercera-clase-tesalonicenses-scaled.jpg\" \/>\n\t<meta property=\"og:image:width\" content=\"2560\" \/>\n\t<meta property=\"og:image:height\" content=\"1532\" \/>\n\t<meta property=\"og:image:type\" content=\"image\/jpeg\" \/>\n<meta name=\"author\" content=\"Escuela B\u00edblica IBEW\" \/>\n<meta name=\"twitter:card\" content=\"summary_large_image\" \/>\n<meta name=\"twitter:label1\" content=\"Escrito por\" \/>\n\t<meta name=\"twitter:data1\" content=\"Escuela B\u00edblica IBEW\" \/>\n\t<meta name=\"twitter:label2\" content=\"Tiempo de lectura\" \/>\n\t<meta name=\"twitter:data2\" content=\"5 minutos\" \/>\n<script type=\"application\/ld+json\" class=\"yoast-schema-graph\">{\"@context\":\"https:\\\/\\\/schema.org\",\"@graph\":[{\"@type\":\"Article\",\"@id\":\"https:\\\/\\\/iglesiarincon.org\\\/revista\\\/estudio-de-1o-tesalonicenses-clase-3\\\/#article\",\"isPartOf\":{\"@id\":\"https:\\\/\\\/iglesiarincon.org\\\/revista\\\/estudio-de-1o-tesalonicenses-clase-3\\\/\"},\"author\":{\"name\":\"Escuela B\u00edblica IBEW\",\"@id\":\"https:\\\/\\\/iglesiarincon.org\\\/revista\\\/#\\\/schema\\\/person\\\/a8b2fdd8f8efe2495a340a0febbe7df4\"},\"headline\":\"Estudio de 1\u00ba Tesalonicenses &#8211; Clase 3\",\"datePublished\":\"2020-11-19T14:16:17+00:00\",\"dateModified\":\"2020-11-19T14:16:19+00:00\",\"mainEntityOfPage\":{\"@id\":\"https:\\\/\\\/iglesiarincon.org\\\/revista\\\/estudio-de-1o-tesalonicenses-clase-3\\\/\"},\"wordCount\":1046,\"commentCount\":0,\"image\":{\"@id\":\"https:\\\/\\\/iglesiarincon.org\\\/revista\\\/estudio-de-1o-tesalonicenses-clase-3\\\/#primaryimage\"},\"thumbnailUrl\":\"https:\\\/\\\/iglesiarincon.org\\\/revista\\\/wp-content\\\/uploads\\\/2020\\\/11\\\/tercera-clase-tesalonicenses-scaled.jpg\",\"articleSection\":[\"1\u00b0 Tesalonicenses\",\"Audioestudios\"],\"inLanguage\":\"es\",\"potentialAction\":[{\"@type\":\"CommentAction\",\"name\":\"Comment\",\"target\":[\"https:\\\/\\\/iglesiarincon.org\\\/revista\\\/estudio-de-1o-tesalonicenses-clase-3\\\/#respond\"]}]},{\"@type\":\"WebPage\",\"@id\":\"https:\\\/\\\/iglesiarincon.org\\\/revista\\\/estudio-de-1o-tesalonicenses-clase-3\\\/\",\"url\":\"https:\\\/\\\/iglesiarincon.org\\\/revista\\\/estudio-de-1o-tesalonicenses-clase-3\\\/\",\"name\":\"Estudio de 1\u00ba Tesalonicenses - Clase 3 - La Revista de Rinc&oacute;n\",\"isPartOf\":{\"@id\":\"https:\\\/\\\/iglesiarincon.org\\\/revista\\\/#website\"},\"primaryImageOfPage\":{\"@id\":\"https:\\\/\\\/iglesiarincon.org\\\/revista\\\/estudio-de-1o-tesalonicenses-clase-3\\\/#primaryimage\"},\"image\":{\"@id\":\"https:\\\/\\\/iglesiarincon.org\\\/revista\\\/estudio-de-1o-tesalonicenses-clase-3\\\/#primaryimage\"},\"thumbnailUrl\":\"https:\\\/\\\/iglesiarincon.org\\\/revista\\\/wp-content\\\/uploads\\\/2020\\\/11\\\/tercera-clase-tesalonicenses-scaled.jpg\",\"datePublished\":\"2020-11-19T14:16:17+00:00\",\"dateModified\":\"2020-11-19T14:16:19+00:00\",\"author\":{\"@id\":\"https:\\\/\\\/iglesiarincon.org\\\/revista\\\/#\\\/schema\\\/person\\\/a8b2fdd8f8efe2495a340a0febbe7df4\"},\"description\":\"En el tercer estudio de la carta a los Tesalonicenses se ve el objetivo principal de la carta , que es animar y afirmar.\",\"breadcrumb\":{\"@id\":\"https:\\\/\\\/iglesiarincon.org\\\/revista\\\/estudio-de-1o-tesalonicenses-clase-3\\\/#breadcrumb\"},\"inLanguage\":\"es\",\"potentialAction\":[{\"@type\":\"ReadAction\",\"target\":[\"https:\\\/\\\/iglesiarincon.org\\\/revista\\\/estudio-de-1o-tesalonicenses-clase-3\\\/\"]}]},{\"@type\":\"ImageObject\",\"inLanguage\":\"es\",\"@id\":\"https:\\\/\\\/iglesiarincon.org\\\/revista\\\/estudio-de-1o-tesalonicenses-clase-3\\\/#primaryimage\",\"url\":\"https:\\\/\\\/iglesiarincon.org\\\/revista\\\/wp-content\\\/uploads\\\/2020\\\/11\\\/tercera-clase-tesalonicenses-scaled.jpg\",\"contentUrl\":\"https:\\\/\\\/iglesiarincon.org\\\/revista\\\/wp-content\\\/uploads\\\/2020\\\/11\\\/tercera-clase-tesalonicenses-scaled.jpg\",\"width\":2560,\"height\":1532},{\"@type\":\"BreadcrumbList\",\"@id\":\"https:\\\/\\\/iglesiarincon.org\\\/revista\\\/estudio-de-1o-tesalonicenses-clase-3\\\/#breadcrumb\",\"itemListElement\":[{\"@type\":\"ListItem\",\"position\":1,\"name\":\"Portada\",\"item\":\"https:\\\/\\\/iglesiarincon.org\\\/revista\\\/\"},{\"@type\":\"ListItem\",\"position\":2,\"name\":\"Estudio de 1\u00ba Tesalonicenses &#8211; Clase 3\"}]},{\"@type\":\"WebSite\",\"@id\":\"https:\\\/\\\/iglesiarincon.org\\\/revista\\\/#website\",\"url\":\"https:\\\/\\\/iglesiarincon.org\\\/revista\\\/\",\"name\":\"La Revista de Rinc&oacute;n\",\"description\":\"Compartiendo lo mejor\",\"potentialAction\":[{\"@type\":\"SearchAction\",\"target\":{\"@type\":\"EntryPoint\",\"urlTemplate\":\"https:\\\/\\\/iglesiarincon.org\\\/revista\\\/?s={search_term_string}\"},\"query-input\":{\"@type\":\"PropertyValueSpecification\",\"valueRequired\":true,\"valueName\":\"search_term_string\"}}],\"inLanguage\":\"es\"},{\"@type\":\"Person\",\"@id\":\"https:\\\/\\\/iglesiarincon.org\\\/revista\\\/#\\\/schema\\\/person\\\/a8b2fdd8f8efe2495a340a0febbe7df4\",\"name\":\"Escuela B\u00edblica IBEW\",\"image\":{\"@type\":\"ImageObject\",\"inLanguage\":\"es\",\"@id\":\"https:\\\/\\\/iglesiarincon.org\\\/revista\\\/wp-content\\\/uploads\\\/2020\\\/04\\\/escuela-IBEW-1.jpg\",\"url\":\"https:\\\/\\\/iglesiarincon.org\\\/revista\\\/wp-content\\\/uploads\\\/2020\\\/04\\\/escuela-IBEW-1.jpg\",\"contentUrl\":\"https:\\\/\\\/iglesiarincon.org\\\/revista\\\/wp-content\\\/uploads\\\/2020\\\/04\\\/escuela-IBEW-1.jpg\",\"caption\":\"Escuela B\u00edblica IBEW\"},\"url\":\"#molongui-disabled-link\"}]}<\/script>\n<!-- \/ Yoast SEO plugin. -->","yoast_head_json":{"title":"Estudio de 1\u00ba Tesalonicenses - Clase 3 - La Revista de Rinc&oacute;n","description":"En el tercer estudio de la carta a los Tesalonicenses se ve el objetivo principal de la carta , que es animar y afirmar.","robots":{"index":"index","follow":"follow","max-snippet":"max-snippet:-1","max-image-preview":"max-image-preview:large","max-video-preview":"max-video-preview:-1"},"canonical":"https:\/\/iglesiarincon.org\/revista\/estudio-de-1o-tesalonicenses-clase-3\/","og_locale":"es_ES","og_type":"article","og_title":"Estudio de 1\u00ba Tesalonicenses - Clase 3 - La Revista de Rinc&oacute;n","og_description":"En el tercer estudio de la carta a los Tesalonicenses se ve el objetivo principal de la carta , que es animar y afirmar.","og_url":"https:\/\/iglesiarincon.org\/revista\/estudio-de-1o-tesalonicenses-clase-3\/","og_site_name":"La Revista de Rinc&oacute;n","article_published_time":"2020-11-19T14:16:17+00:00","article_modified_time":"2020-11-19T14:16:19+00:00","og_image":[{"width":2560,"height":1532,"url":"https:\/\/iglesiarincon.org\/revista\/wp-content\/uploads\/2020\/11\/tercera-clase-tesalonicenses-scaled.jpg","type":"image\/jpeg"}],"author":"Escuela B\u00edblica IBEW","twitter_card":"summary_large_image","twitter_misc":{"Escrito por":"Escuela B\u00edblica IBEW","Tiempo de lectura":"5 minutos"},"schema":{"@context":"https:\/\/schema.org","@graph":[{"@type":"Article","@id":"https:\/\/iglesiarincon.org\/revista\/estudio-de-1o-tesalonicenses-clase-3\/#article","isPartOf":{"@id":"https:\/\/iglesiarincon.org\/revista\/estudio-de-1o-tesalonicenses-clase-3\/"},"author":{"name":"Escuela B\u00edblica IBEW","@id":"https:\/\/iglesiarincon.org\/revista\/#\/schema\/person\/a8b2fdd8f8efe2495a340a0febbe7df4"},"headline":"Estudio de 1\u00ba Tesalonicenses &#8211; Clase 3","datePublished":"2020-11-19T14:16:17+00:00","dateModified":"2020-11-19T14:16:19+00:00","mainEntityOfPage":{"@id":"https:\/\/iglesiarincon.org\/revista\/estudio-de-1o-tesalonicenses-clase-3\/"},"wordCount":1046,"commentCount":0,"image":{"@id":"https:\/\/iglesiarincon.org\/revista\/estudio-de-1o-tesalonicenses-clase-3\/#primaryimage"},"thumbnailUrl":"https:\/\/iglesiarincon.org\/revista\/wp-content\/uploads\/2020\/11\/tercera-clase-tesalonicenses-scaled.jpg","articleSection":["1\u00b0 Tesalonicenses","Audioestudios"],"inLanguage":"es","potentialAction":[{"@type":"CommentAction","name":"Comment","target":["https:\/\/iglesiarincon.org\/revista\/estudio-de-1o-tesalonicenses-clase-3\/#respond"]}]},{"@type":"WebPage","@id":"https:\/\/iglesiarincon.org\/revista\/estudio-de-1o-tesalonicenses-clase-3\/","url":"https:\/\/iglesiarincon.org\/revista\/estudio-de-1o-tesalonicenses-clase-3\/","name":"Estudio de 1\u00ba Tesalonicenses - Clase 3 - La Revista de Rinc&oacute;n","isPartOf":{"@id":"https:\/\/iglesiarincon.org\/revista\/#website"},"primaryImageOfPage":{"@id":"https:\/\/iglesiarincon.org\/revista\/estudio-de-1o-tesalonicenses-clase-3\/#primaryimage"},"image":{"@id":"https:\/\/iglesiarincon.org\/revista\/estudio-de-1o-tesalonicenses-clase-3\/#primaryimage"},"thumbnailUrl":"https:\/\/iglesiarincon.org\/revista\/wp-content\/uploads\/2020\/11\/tercera-clase-tesalonicenses-scaled.jpg","datePublished":"2020-11-19T14:16:17+00:00","dateModified":"2020-11-19T14:16:19+00:00","author":{"@id":"https:\/\/iglesiarincon.org\/revista\/#\/schema\/person\/a8b2fdd8f8efe2495a340a0febbe7df4"},"description":"En el tercer estudio de la carta a los Tesalonicenses se ve el objetivo principal de la carta , que es animar y afirmar.","breadcrumb":{"@id":"https:\/\/iglesiarincon.org\/revista\/estudio-de-1o-tesalonicenses-clase-3\/#breadcrumb"},"inLanguage":"es","potentialAction":[{"@type":"ReadAction","target":["https:\/\/iglesiarincon.org\/revista\/estudio-de-1o-tesalonicenses-clase-3\/"]}]},{"@type":"ImageObject","inLanguage":"es","@id":"https:\/\/iglesiarincon.org\/revista\/estudio-de-1o-tesalonicenses-clase-3\/#primaryimage","url":"https:\/\/iglesiarincon.org\/revista\/wp-content\/uploads\/2020\/11\/tercera-clase-tesalonicenses-scaled.jpg","contentUrl":"https:\/\/iglesiarincon.org\/revista\/wp-content\/uploads\/2020\/11\/tercera-clase-tesalonicenses-scaled.jpg","width":2560,"height":1532},{"@type":"BreadcrumbList","@id":"https:\/\/iglesiarincon.org\/revista\/estudio-de-1o-tesalonicenses-clase-3\/#breadcrumb","itemListElement":[{"@type":"ListItem","position":1,"name":"Portada","item":"https:\/\/iglesiarincon.org\/revista\/"},{"@type":"ListItem","position":2,"name":"Estudio de 1\u00ba Tesalonicenses &#8211; Clase 3"}]},{"@type":"WebSite","@id":"https:\/\/iglesiarincon.org\/revista\/#website","url":"https:\/\/iglesiarincon.org\/revista\/","name":"La Revista de Rinc&oacute;n","description":"Compartiendo lo mejor","potentialAction":[{"@type":"SearchAction","target":{"@type":"EntryPoint","urlTemplate":"https:\/\/iglesiarincon.org\/revista\/?s={search_term_string}"},"query-input":{"@type":"PropertyValueSpecification","valueRequired":true,"valueName":"search_term_string"}}],"inLanguage":"es"},{"@type":"Person","@id":"https:\/\/iglesiarincon.org\/revista\/#\/schema\/person\/a8b2fdd8f8efe2495a340a0febbe7df4","name":"Escuela B\u00edblica IBEW","image":{"@type":"ImageObject","inLanguage":"es","@id":"https:\/\/iglesiarincon.org\/revista\/wp-content\/uploads\/2020\/04\/escuela-IBEW-1.jpg","url":"https:\/\/iglesiarincon.org\/revista\/wp-content\/uploads\/2020\/04\/escuela-IBEW-1.jpg","contentUrl":"https:\/\/iglesiarincon.org\/revista\/wp-content\/uploads\/2020\/04\/escuela-IBEW-1.jpg","caption":"Escuela B\u00edblica IBEW"},"url":"#molongui-disabled-link"}]}},"_links":{"self":[{"href":"https:\/\/iglesiarincon.org\/revista\/wp-json\/wp\/v2\/posts\/4270","targetHints":{"allow":["GET"]}}],"collection":[{"href":"https:\/\/iglesiarincon.org\/revista\/wp-json\/wp\/v2\/posts"}],"about":[{"href":"https:\/\/iglesiarincon.org\/revista\/wp-json\/wp\/v2\/types\/post"}],"author":[{"embeddable":true,"href":"https:\/\/iglesiarincon.org\/revista\/wp-json\/wp\/v2\/users\/3"}],"replies":[{"embeddable":true,"href":"https:\/\/iglesiarincon.org\/revista\/wp-json\/wp\/v2\/comments?post=4270"}],"version-history":[{"count":5,"href":"https:\/\/iglesiarincon.org\/revista\/wp-json\/wp\/v2\/posts\/4270\/revisions"}],"predecessor-version":[{"id":4322,"href":"https:\/\/iglesiarincon.org\/revista\/wp-json\/wp\/v2\/posts\/4270\/revisions\/4322"}],"wp:featuredmedia":[{"embeddable":true,"href":"https:\/\/iglesiarincon.org\/revista\/wp-json\/wp\/v2\/media\/4295"}],"wp:attachment":[{"href":"https:\/\/iglesiarincon.org\/revista\/wp-json\/wp\/v2\/media?parent=4270"}],"wp:term":[{"taxonomy":"category","embeddable":true,"href":"https:\/\/iglesiarincon.org\/revista\/wp-json\/wp\/v2\/categories?post=4270"},{"taxonomy":"post_tag","embeddable":true,"href":"https:\/\/iglesiarincon.org\/revista\/wp-json\/wp\/v2\/tags?post=4270"}],"curies":[{"name":"wp","href":"https:\/\/api.w.org\/{rel}","templated":true}]}}