{"id":425,"date":"2020-03-17T11:57:49","date_gmt":"2020-03-17T11:57:49","guid":{"rendered":"https:\/\/iglesiarincon.org\/revista\/?p=425"},"modified":"2020-03-17T18:11:10","modified_gmt":"2020-03-17T18:11:10","slug":"quedate-en-casa-y-escucha-al-senor","status":"publish","type":"post","link":"https:\/\/iglesiarincon.org\/revista\/quedate-en-casa-y-escucha-al-senor\/","title":{"rendered":"Qu\u00e9date en casa&#8230;y Escucha al Se\u00f1or"},"content":{"rendered":"\n<figure class=\"wp-block-video aligncenter\"><video controls src=\"https:\/\/rincon.s3-us-west-2.amazonaws.com\/Videos\/Video+Dr.+P%C3%A9rez+Millo.mp4\"><\/video><figcaption>Dr. Samuel P\u00e9rez Millo<\/figcaption><\/figure>\n\n\n\n<p class=\"has-text-align-center has-medium-font-size\"><strong>\u00ab<em>Pero he aqu\u00ed que yo la atraer\u00e9 y la llevar\u00e9 al desierto,  y hablar\u00e9 a su coraz\u00f3n<\/em>.\u00bb<\/strong><\/p>\n\n\n\n<p class=\"has-text-align-center\">Oseas 2:14<\/p>\n","protected":false},"excerpt":{"rendered":"<p>\u00abPero he aqu\u00ed que yo la atraer\u00e9 y la llevar\u00e9 al desierto, y hablar\u00e9 a su coraz\u00f3n.\u00bb Oseas 2:14<\/p>\n","protected":false},"author":1,"featured_media":438,"comment_status":"open","ping_status":"open","sticky":false,"template":"","format":"standard","meta":{"_et_pb_use_builder":"off","_et_pb_old_content":"","_et_gb_content_width":"","footnotes":""},"categories":[3],"tags":[13,14],"class_list":["post-425","post","type-post","status-publish","format-standard","has-post-thumbnail","hentry","category-reflexiones","tag-corona-virus","tag-tiempo-de-reflexion","et-has-post-format-content","et_post_format-et-post-format-standard"],"yoast_head":"<!-- This site is optimized with the Yoast SEO plugin v27.5 - https:\/\/yoast.com\/product\/yoast-seo-wordpress\/ -->\n<title>Qu\u00e9date en casa...y Escucha al Se\u00f1or - La Revista de Rinc&oacute;n<\/title>\n<meta name=\"robots\" content=\"index, follow, max-snippet:-1, max-image-preview:large, max-video-preview:-1\" \/>\n<link rel=\"canonical\" href=\"https:\/\/iglesiarincon.org\/revista\/quedate-en-casa-y-escucha-al-senor\/\" \/>\n<meta property=\"og:locale\" content=\"es_ES\" \/>\n<meta property=\"og:type\" content=\"article\" \/>\n<meta property=\"og:title\" content=\"Qu\u00e9date en casa...y Escucha al Se\u00f1or - La Revista de Rinc&oacute;n\" \/>\n<meta property=\"og:description\" content=\"\u00abPero he aqu\u00ed que yo la atraer\u00e9 y la llevar\u00e9 al desierto, y hablar\u00e9 a su coraz\u00f3n.\u00bb Oseas 2:14\" \/>\n<meta property=\"og:url\" content=\"https:\/\/iglesiarincon.org\/revista\/quedate-en-casa-y-escucha-al-senor\/\" \/>\n<meta property=\"og:site_name\" content=\"La Revista de Rinc&oacute;n\" \/>\n<meta property=\"article:published_time\" content=\"2020-03-17T11:57:49+00:00\" \/>\n<meta property=\"article:modified_time\" content=\"2020-03-17T18:11:10+00:00\" \/>\n<meta property=\"og:image\" content=\"https:\/\/iglesiarincon.org\/revista\/wp-content\/uploads\/2020\/03\/Samuel-P\u00e9rez-Millo.jpg\" \/>\n\t<meta property=\"og:image:width\" content=\"1056\" \/>\n\t<meta property=\"og:image:height\" content=\"683\" \/>\n\t<meta property=\"og:image:type\" content=\"image\/jpeg\" \/>\n<meta name=\"author\" content=\"Alex M.\" \/>\n<meta name=\"twitter:card\" content=\"summary_large_image\" \/>\n<meta name=\"twitter:label1\" content=\"Escrito por\" \/>\n\t<meta name=\"twitter:data1\" content=\"Alex M.\" \/>\n<script type=\"application\/ld+json\" class=\"yoast-schema-graph\">{\"@context\":\"https:\\\/\\\/schema.org\",\"@graph\":[{\"@type\":\"Article\",\"@id\":\"https:\\\/\\\/iglesiarincon.org\\\/revista\\\/quedate-en-casa-y-escucha-al-senor\\\/#article\",\"isPartOf\":{\"@id\":\"https:\\\/\\\/iglesiarincon.org\\\/revista\\\/quedate-en-casa-y-escucha-al-senor\\\/\"},\"author\":{\"name\":\"Alex M.\",\"@id\":\"https:\\\/\\\/iglesiarincon.org\\\/revista\\\/#\\\/schema\\\/person\\\/af865a3a1c9300eb9cd611f46aba167d\"},\"headline\":\"Qu\u00e9date en casa&#8230;y Escucha al Se\u00f1or\",\"datePublished\":\"2020-03-17T11:57:49+00:00\",\"dateModified\":\"2020-03-17T18:11:10+00:00\",\"mainEntityOfPage\":{\"@id\":\"https:\\\/\\\/iglesiarincon.org\\\/revista\\\/quedate-en-casa-y-escucha-al-senor\\\/\"},\"wordCount\":33,\"commentCount\":2,\"image\":{\"@id\":\"https:\\\/\\\/iglesiarincon.org\\\/revista\\\/quedate-en-casa-y-escucha-al-senor\\\/#primaryimage\"},\"thumbnailUrl\":\"https:\\\/\\\/iglesiarincon.org\\\/revista\\\/wp-content\\\/uploads\\\/2020\\\/03\\\/Samuel-P\u00e9rez-Millo.jpg\",\"keywords\":[\"Corona Virus\",\"Tiempo de reflexi\u00f3n\"],\"articleSection\":[\"Reflexiones\"],\"inLanguage\":\"es\",\"potentialAction\":[{\"@type\":\"CommentAction\",\"name\":\"Comment\",\"target\":[\"https:\\\/\\\/iglesiarincon.org\\\/revista\\\/quedate-en-casa-y-escucha-al-senor\\\/#respond\"]}]},{\"@type\":\"WebPage\",\"@id\":\"https:\\\/\\\/iglesiarincon.org\\\/revista\\\/quedate-en-casa-y-escucha-al-senor\\\/\",\"url\":\"https:\\\/\\\/iglesiarincon.org\\\/revista\\\/quedate-en-casa-y-escucha-al-senor\\\/\",\"name\":\"Qu\u00e9date en casa...y Escucha al Se\u00f1or - La Revista de Rinc&oacute;n\",\"isPartOf\":{\"@id\":\"https:\\\/\\\/iglesiarincon.org\\\/revista\\\/#website\"},\"primaryImageOfPage\":{\"@id\":\"https:\\\/\\\/iglesiarincon.org\\\/revista\\\/quedate-en-casa-y-escucha-al-senor\\\/#primaryimage\"},\"image\":{\"@id\":\"https:\\\/\\\/iglesiarincon.org\\\/revista\\\/quedate-en-casa-y-escucha-al-senor\\\/#primaryimage\"},\"thumbnailUrl\":\"https:\\\/\\\/iglesiarincon.org\\\/revista\\\/wp-content\\\/uploads\\\/2020\\\/03\\\/Samuel-P\u00e9rez-Millo.jpg\",\"datePublished\":\"2020-03-17T11:57:49+00:00\",\"dateModified\":\"2020-03-17T18:11:10+00:00\",\"author\":{\"@id\":\"https:\\\/\\\/iglesiarincon.org\\\/revista\\\/#\\\/schema\\\/person\\\/af865a3a1c9300eb9cd611f46aba167d\"},\"breadcrumb\":{\"@id\":\"https:\\\/\\\/iglesiarincon.org\\\/revista\\\/quedate-en-casa-y-escucha-al-senor\\\/#breadcrumb\"},\"inLanguage\":\"es\",\"potentialAction\":[{\"@type\":\"ReadAction\",\"target\":[\"https:\\\/\\\/iglesiarincon.org\\\/revista\\\/quedate-en-casa-y-escucha-al-senor\\\/\"]}]},{\"@type\":\"ImageObject\",\"inLanguage\":\"es\",\"@id\":\"https:\\\/\\\/iglesiarincon.org\\\/revista\\\/quedate-en-casa-y-escucha-al-senor\\\/#primaryimage\",\"url\":\"https:\\\/\\\/iglesiarincon.org\\\/revista\\\/wp-content\\\/uploads\\\/2020\\\/03\\\/Samuel-P\u00e9rez-Millo.jpg\",\"contentUrl\":\"https:\\\/\\\/iglesiarincon.org\\\/revista\\\/wp-content\\\/uploads\\\/2020\\\/03\\\/Samuel-P\u00e9rez-Millo.jpg\",\"width\":1056,\"height\":683,\"caption\":\"Dr. Samuel P\u00e9rez Millo\"},{\"@type\":\"BreadcrumbList\",\"@id\":\"https:\\\/\\\/iglesiarincon.org\\\/revista\\\/quedate-en-casa-y-escucha-al-senor\\\/#breadcrumb\",\"itemListElement\":[{\"@type\":\"ListItem\",\"position\":1,\"name\":\"Portada\",\"item\":\"https:\\\/\\\/iglesiarincon.org\\\/revista\\\/\"},{\"@type\":\"ListItem\",\"position\":2,\"name\":\"Qu\u00e9date en casa&#8230;y Escucha al Se\u00f1or\"}]},{\"@type\":\"WebSite\",\"@id\":\"https:\\\/\\\/iglesiarincon.org\\\/revista\\\/#website\",\"url\":\"https:\\\/\\\/iglesiarincon.org\\\/revista\\\/\",\"name\":\"La Revista de Rinc&oacute;n\",\"description\":\"Compartiendo lo mejor\",\"potentialAction\":[{\"@type\":\"SearchAction\",\"target\":{\"@type\":\"EntryPoint\",\"urlTemplate\":\"https:\\\/\\\/iglesiarincon.org\\\/revista\\\/?s={search_term_string}\"},\"query-input\":{\"@type\":\"PropertyValueSpecification\",\"valueRequired\":true,\"valueName\":\"search_term_string\"}}],\"inLanguage\":\"es\"},{\"@type\":\"Person\",\"@id\":\"https:\\\/\\\/iglesiarincon.org\\\/revista\\\/#\\\/schema\\\/person\\\/af865a3a1c9300eb9cd611f46aba167d\",\"name\":\"Alex M.\",\"image\":{\"@type\":\"ImageObject\",\"inLanguage\":\"es\",\"@id\":\"https:\\\/\\\/secure.gravatar.com\\\/avatar\\\/5c377b557eee12d4c3d00db2b00cc9bcbcaebd9f03b7f0404f65bfe5a77a5ece?s=96&d=mm&r=g\",\"url\":\"https:\\\/\\\/secure.gravatar.com\\\/avatar\\\/5c377b557eee12d4c3d00db2b00cc9bcbcaebd9f03b7f0404f65bfe5a77a5ece?s=96&d=mm&r=g\",\"contentUrl\":\"https:\\\/\\\/secure.gravatar.com\\\/avatar\\\/5c377b557eee12d4c3d00db2b00cc9bcbcaebd9f03b7f0404f65bfe5a77a5ece?s=96&d=mm&r=g\",\"caption\":\"Alex M.\"},\"url\":\"https:\\\/\\\/iglesiarincon.org\\\/revista\\\/author\\\/admin\\\/\"}]}<\/script>\n<!-- \/ Yoast SEO plugin. -->","yoast_head_json":{"title":"Qu\u00e9date en casa...y Escucha al Se\u00f1or - La Revista de Rinc&oacute;n","robots":{"index":"index","follow":"follow","max-snippet":"max-snippet:-1","max-image-preview":"max-image-preview:large","max-video-preview":"max-video-preview:-1"},"canonical":"https:\/\/iglesiarincon.org\/revista\/quedate-en-casa-y-escucha-al-senor\/","og_locale":"es_ES","og_type":"article","og_title":"Qu\u00e9date en casa...y Escucha al Se\u00f1or - La Revista de Rinc&oacute;n","og_description":"\u00abPero he aqu\u00ed que yo la atraer\u00e9 y la llevar\u00e9 al desierto, y hablar\u00e9 a su coraz\u00f3n.\u00bb Oseas 2:14","og_url":"https:\/\/iglesiarincon.org\/revista\/quedate-en-casa-y-escucha-al-senor\/","og_site_name":"La Revista de Rinc&oacute;n","article_published_time":"2020-03-17T11:57:49+00:00","article_modified_time":"2020-03-17T18:11:10+00:00","og_image":[{"width":1056,"height":683,"url":"https:\/\/iglesiarincon.org\/revista\/wp-content\/uploads\/2020\/03\/Samuel-P\u00e9rez-Millo.jpg","type":"image\/jpeg"}],"author":"Alex M.","twitter_card":"summary_large_image","twitter_misc":{"Escrito por":"Alex M."},"schema":{"@context":"https:\/\/schema.org","@graph":[{"@type":"Article","@id":"https:\/\/iglesiarincon.org\/revista\/quedate-en-casa-y-escucha-al-senor\/#article","isPartOf":{"@id":"https:\/\/iglesiarincon.org\/revista\/quedate-en-casa-y-escucha-al-senor\/"},"author":{"name":"Alex M.","@id":"https:\/\/iglesiarincon.org\/revista\/#\/schema\/person\/af865a3a1c9300eb9cd611f46aba167d"},"headline":"Qu\u00e9date en casa&#8230;y Escucha al Se\u00f1or","datePublished":"2020-03-17T11:57:49+00:00","dateModified":"2020-03-17T18:11:10+00:00","mainEntityOfPage":{"@id":"https:\/\/iglesiarincon.org\/revista\/quedate-en-casa-y-escucha-al-senor\/"},"wordCount":33,"commentCount":2,"image":{"@id":"https:\/\/iglesiarincon.org\/revista\/quedate-en-casa-y-escucha-al-senor\/#primaryimage"},"thumbnailUrl":"https:\/\/iglesiarincon.org\/revista\/wp-content\/uploads\/2020\/03\/Samuel-P\u00e9rez-Millo.jpg","keywords":["Corona Virus","Tiempo de reflexi\u00f3n"],"articleSection":["Reflexiones"],"inLanguage":"es","potentialAction":[{"@type":"CommentAction","name":"Comment","target":["https:\/\/iglesiarincon.org\/revista\/quedate-en-casa-y-escucha-al-senor\/#respond"]}]},{"@type":"WebPage","@id":"https:\/\/iglesiarincon.org\/revista\/quedate-en-casa-y-escucha-al-senor\/","url":"https:\/\/iglesiarincon.org\/revista\/quedate-en-casa-y-escucha-al-senor\/","name":"Qu\u00e9date en casa...y Escucha al Se\u00f1or - La Revista de Rinc&oacute;n","isPartOf":{"@id":"https:\/\/iglesiarincon.org\/revista\/#website"},"primaryImageOfPage":{"@id":"https:\/\/iglesiarincon.org\/revista\/quedate-en-casa-y-escucha-al-senor\/#primaryimage"},"image":{"@id":"https:\/\/iglesiarincon.org\/revista\/quedate-en-casa-y-escucha-al-senor\/#primaryimage"},"thumbnailUrl":"https:\/\/iglesiarincon.org\/revista\/wp-content\/uploads\/2020\/03\/Samuel-P\u00e9rez-Millo.jpg","datePublished":"2020-03-17T11:57:49+00:00","dateModified":"2020-03-17T18:11:10+00:00","author":{"@id":"https:\/\/iglesiarincon.org\/revista\/#\/schema\/person\/af865a3a1c9300eb9cd611f46aba167d"},"breadcrumb":{"@id":"https:\/\/iglesiarincon.org\/revista\/quedate-en-casa-y-escucha-al-senor\/#breadcrumb"},"inLanguage":"es","potentialAction":[{"@type":"ReadAction","target":["https:\/\/iglesiarincon.org\/revista\/quedate-en-casa-y-escucha-al-senor\/"]}]},{"@type":"ImageObject","inLanguage":"es","@id":"https:\/\/iglesiarincon.org\/revista\/quedate-en-casa-y-escucha-al-senor\/#primaryimage","url":"https:\/\/iglesiarincon.org\/revista\/wp-content\/uploads\/2020\/03\/Samuel-P\u00e9rez-Millo.jpg","contentUrl":"https:\/\/iglesiarincon.org\/revista\/wp-content\/uploads\/2020\/03\/Samuel-P\u00e9rez-Millo.jpg","width":1056,"height":683,"caption":"Dr. Samuel P\u00e9rez Millo"},{"@type":"BreadcrumbList","@id":"https:\/\/iglesiarincon.org\/revista\/quedate-en-casa-y-escucha-al-senor\/#breadcrumb","itemListElement":[{"@type":"ListItem","position":1,"name":"Portada","item":"https:\/\/iglesiarincon.org\/revista\/"},{"@type":"ListItem","position":2,"name":"Qu\u00e9date en casa&#8230;y Escucha al Se\u00f1or"}]},{"@type":"WebSite","@id":"https:\/\/iglesiarincon.org\/revista\/#website","url":"https:\/\/iglesiarincon.org\/revista\/","name":"La Revista de Rinc&oacute;n","description":"Compartiendo lo mejor","potentialAction":[{"@type":"SearchAction","target":{"@type":"EntryPoint","urlTemplate":"https:\/\/iglesiarincon.org\/revista\/?s={search_term_string}"},"query-input":{"@type":"PropertyValueSpecification","valueRequired":true,"valueName":"search_term_string"}}],"inLanguage":"es"},{"@type":"Person","@id":"https:\/\/iglesiarincon.org\/revista\/#\/schema\/person\/af865a3a1c9300eb9cd611f46aba167d","name":"Alex M.","image":{"@type":"ImageObject","inLanguage":"es","@id":"https:\/\/secure.gravatar.com\/avatar\/5c377b557eee12d4c3d00db2b00cc9bcbcaebd9f03b7f0404f65bfe5a77a5ece?s=96&d=mm&r=g","url":"https:\/\/secure.gravatar.com\/avatar\/5c377b557eee12d4c3d00db2b00cc9bcbcaebd9f03b7f0404f65bfe5a77a5ece?s=96&d=mm&r=g","contentUrl":"https:\/\/secure.gravatar.com\/avatar\/5c377b557eee12d4c3d00db2b00cc9bcbcaebd9f03b7f0404f65bfe5a77a5ece?s=96&d=mm&r=g","caption":"Alex M."},"url":"https:\/\/iglesiarincon.org\/revista\/author\/admin\/"}]}},"_links":{"self":[{"href":"https:\/\/iglesiarincon.org\/revista\/wp-json\/wp\/v2\/posts\/425","targetHints":{"allow":["GET"]}}],"collection":[{"href":"https:\/\/iglesiarincon.org\/revista\/wp-json\/wp\/v2\/posts"}],"about":[{"href":"https:\/\/iglesiarincon.org\/revista\/wp-json\/wp\/v2\/types\/post"}],"author":[{"embeddable":true,"href":"https:\/\/iglesiarincon.org\/revista\/wp-json\/wp\/v2\/users\/1"}],"replies":[{"embeddable":true,"href":"https:\/\/iglesiarincon.org\/revista\/wp-json\/wp\/v2\/comments?post=425"}],"version-history":[{"count":5,"href":"https:\/\/iglesiarincon.org\/revista\/wp-json\/wp\/v2\/posts\/425\/revisions"}],"predecessor-version":[{"id":451,"href":"https:\/\/iglesiarincon.org\/revista\/wp-json\/wp\/v2\/posts\/425\/revisions\/451"}],"wp:featuredmedia":[{"embeddable":true,"href":"https:\/\/iglesiarincon.org\/revista\/wp-json\/wp\/v2\/media\/438"}],"wp:attachment":[{"href":"https:\/\/iglesiarincon.org\/revista\/wp-json\/wp\/v2\/media?parent=425"}],"wp:term":[{"taxonomy":"category","embeddable":true,"href":"https:\/\/iglesiarincon.org\/revista\/wp-json\/wp\/v2\/categories?post=425"},{"taxonomy":"post_tag","embeddable":true,"href":"https:\/\/iglesiarincon.org\/revista\/wp-json\/wp\/v2\/tags?post=425"}],"curies":[{"name":"wp","href":"https:\/\/api.w.org\/{rel}","templated":true}]}}