{"id":3408,"date":"2020-09-06T23:13:00","date_gmt":"2020-09-07T02:13:00","guid":{"rendered":"https:\/\/iglesiarincon.org\/revista\/?p=3408"},"modified":"2020-10-22T20:06:17","modified_gmt":"2020-10-22T23:06:17","slug":"ustedes-los-que-aman-al-senor","status":"publish","type":"post","link":"https:\/\/iglesiarincon.org\/revista\/ustedes-los-que-aman-al-senor\/","title":{"rendered":"Ustedes los que aman al Se\u00f1or&#8230;"},"content":{"rendered":"[et_pb_section fb_built=\u00bb1&#8243; _builder_version=\u00bb4.4.1&#8243;][et_pb_row _builder_version=\u00bb4.4.1&#8243;][et_pb_column type=\u00bb4_4&#8243; _builder_version=\u00bb4.4.1&#8243;][et_pb_text _builder_version=\u00bb4.6.0&#8243; text_orientation=\u00bbjustified\u00bb]\n<p>Hay un texto muy significativo que se encuentra en el Salmo 97:10 y que quiero compartir con ustedes hoy. Dice as\u00ed: \u00ab<strong> Ustedes, los que aman al\u00a0Se\u00f1or, odien el mal! \u00c9l protege la vida de sus justos\u00a0y los rescata del poder de los perversos.<\/strong>\u00ab. NTV<\/p>\n<p>Sus santos son aquellos que hemos sido perdonados por la sangre que Cristo verti\u00f3 en la cruz para estar cerca de nuestro Dios que es SANTO, hemos sido apartados para El. Nuestras maldades o pecados son la causa por la cual nuestro Se\u00f1or muri\u00f3 para salvarnos, por lo tanto debemos aborrecer el mal.<\/p>\n<p>El pecado impide nuestra comuni\u00f3n con nuestro Padre Celestial, debilita nuestra vida espiritual, debemos ser conscientes de ello para arrepentirnos de todo coraz\u00f3n y odiar el pecado.<\/p>\n<p>El pensamiento dubitativo en cuanto a lo que es pecado, hace que nuestro testimonio sea ineficaz,no mostramos con nuestras vidas lo que significa Seguir al Se\u00f1or, por lo tanto podemos ser de tropiezo a otros.<\/p>\n<p>El problema se presenta muchas veces cuando tenemos que odiar el mal que vemos en otros .Confundimos odiar el mal con odiar a las personas y \u00e9sto no debe ser as\u00ed porque la Palabra de Dios se contradecir\u00eda cuando nos pide que amemos a nuestro pr\u00f3jimo y a\u00fan a nuestros enemigos.<\/p>\n<p>Se trata de odiar el mal, no a las personas y \u00bfc\u00f3mo ser\u00eda esto en la pr\u00e1ctica? Por ejemplo no deber\u00edamos festejar chistes sucios o palabras que ofendan el nombre de Dios. Adem\u00e1s debemos ser conscientes que el plan de Dios es que aquel que est\u00e1 extraviado en sus caminos vuelva a Dios arrepentido, debemos se\u00f1alar el peligro que\u00a0 es seguir haciendo aquello que ofende a Dios.<\/p>\n<p>Por supuesto el se\u00f1alar \u00e9sto en la vida de otros nos acarrear\u00e1 enemigos , all\u00ed se aplica la segunda parte del texto: \u00bb <strong>El cuida las almas de sus santos; los libra de las manos de los imp\u00edos<\/strong>\u00ab, porque siempre habr\u00e1 personas que no quieren arrepentirse.<\/p>\n<p>\u00a0Tengamos presente entonces que\u00a0 hay dos mandamientos que Dios nos pide y no se contradicen: amar a nuestro pr\u00f3jimo y aborrecer el mal. Que el Se\u00f1or nos bendiga.<\/p>\n<p>Abrazos virtuales para todas!.<\/p>\n[\/et_pb_text][\/et_pb_column][\/et_pb_row][et_pb_row _builder_version=\u00bb4.6.1&#8243; _module_preset=\u00bbdefault\u00bb][et_pb_column type=\u00bb4_4&#8243; _builder_version=\u00bb4.6.1&#8243; _module_preset=\u00bbdefault\u00bb][et_pb_text _builder_version=\u00bb4.6.1&#8243; _module_preset=\u00bbdefault\u00bb text_font=\u00bb|700|||||||\u00bb text_font_size=\u00bb18px\u00bb]\n<p>Disfruta el art. en versi\u00f3n de audio:<\/p>\n[\/et_pb_text][et_pb_audio audio=\u00bbhttps:\/\/02-revista.s3-sa-east-1.amazonaws.com\/Audios\/Series\/Raquel+Vazquez\/Abrazos+Virtuales\/20200609_aud_AbrazosVirtuales_UstedeslosqueamanalSe%C3%B1or.mp3&#8243; title=\u00bbUstedes los que aman al Se\u00f1or\u00bb artist_name=\u00bbRaquel V.\u00bb image_url=\u00bbhttps:\/\/iglesiarincon.org\/revista\/wp-content\/uploads\/2020\/09\/Aman-al-Senor.jpg\u00bb _builder_version=\u00bb4.6.6&#8243; _module_preset=\u00bbdefault\u00bb hover_enabled=\u00bb0&#8243; border_width_all=\u00bb2px\u00bb border_color_all=\u00bb#7a7a7a\u00bb box_shadow_style=\u00bbpreset3&#8243; sticky_enabled=\u00bb0&#8243;][\/et_pb_audio][\/et_pb_column][\/et_pb_row][\/et_pb_section]\n","protected":false},"excerpt":{"rendered":"<p>Hay un texto muy significativo que se encuentra en el Salmo 97:10 y que quiero compartir con ustedes hoy. Dice as\u00ed: \u00bb Ustedes, los que aman al\u00a0Se\u00f1or, odien el mal! \u00c9l protege la vida de sus justos\u00a0y los rescata del poder de los perversos.\u00bb. NTV Sus santos son aquellos que hemos sido perdonados por la [&hellip;]<\/p>\n","protected":false},"author":3,"featured_media":1404,"comment_status":"open","ping_status":"open","sticky":false,"template":"","format":"standard","meta":{"_et_pb_use_builder":"on","_et_pb_old_content":"<!-- wp:divi\/placeholder \/-->","_et_gb_content_width":"","footnotes":""},"categories":[35,8],"tags":[],"class_list":["post-3408","post","type-post","status-publish","format-standard","has-post-thumbnail","hentry","category-abrazos-virtuales","category-mujeres-virtuosas","et-has-post-format-content","et_post_format-et-post-format-standard"],"yoast_head":"<!-- This site is optimized with the Yoast SEO plugin v27.5 - https:\/\/yoast.com\/product\/yoast-seo-wordpress\/ -->\n<title>Ustedes los que aman al Se\u00f1or... - La Revista de Rinc&oacute;n<\/title>\n<meta name=\"description\" content=\"Amar a Dios implica no amar las cosas que ofenden su persona, sin\u00f3 m\u00e1s bien odiar el mal, como dice el Salmo 97:10\" \/>\n<meta name=\"robots\" content=\"index, follow, max-snippet:-1, max-image-preview:large, max-video-preview:-1\" \/>\n<link rel=\"canonical\" href=\"https:\/\/iglesiarincon.org\/revista\/ustedes-los-que-aman-al-senor\/\" \/>\n<meta property=\"og:locale\" content=\"es_ES\" \/>\n<meta property=\"og:type\" content=\"article\" \/>\n<meta property=\"og:title\" content=\"Ustedes los que aman al Se\u00f1or... - La Revista de Rinc&oacute;n\" \/>\n<meta property=\"og:description\" content=\"Amar a Dios implica no amar las cosas que ofenden su persona, sin\u00f3 m\u00e1s bien odiar el mal, como dice el Salmo 97:10\" \/>\n<meta property=\"og:url\" content=\"https:\/\/iglesiarincon.org\/revista\/ustedes-los-que-aman-al-senor\/\" \/>\n<meta property=\"og:site_name\" content=\"La Revista de Rinc&oacute;n\" \/>\n<meta property=\"article:published_time\" content=\"2020-09-07T02:13:00+00:00\" \/>\n<meta property=\"article:modified_time\" content=\"2020-10-22T23:06:17+00:00\" \/>\n<meta property=\"og:image\" content=\"https:\/\/iglesiarincon.org\/revista\/wp-content\/uploads\/2020\/04\/amor-pr\u00e1ctico.jpg\" \/>\n\t<meta property=\"og:image:width\" content=\"1280\" \/>\n\t<meta property=\"og:image:height\" content=\"853\" \/>\n\t<meta property=\"og:image:type\" content=\"image\/jpeg\" \/>\n<meta name=\"author\" content=\"Raquel V\u00e1zquez\" \/>\n<meta name=\"twitter:card\" content=\"summary_large_image\" \/>\n<meta name=\"twitter:label1\" content=\"Escrito por\" \/>\n\t<meta name=\"twitter:data1\" content=\"Raquel V\u00e1zquez\" \/>\n\t<meta name=\"twitter:label2\" content=\"Tiempo de lectura\" \/>\n\t<meta name=\"twitter:data2\" content=\"3 minutos\" \/>\n<script type=\"application\/ld+json\" class=\"yoast-schema-graph\">{\"@context\":\"https:\\\/\\\/schema.org\",\"@graph\":[{\"@type\":\"Article\",\"@id\":\"https:\\\/\\\/iglesiarincon.org\\\/revista\\\/ustedes-los-que-aman-al-senor\\\/#article\",\"isPartOf\":{\"@id\":\"https:\\\/\\\/iglesiarincon.org\\\/revista\\\/ustedes-los-que-aman-al-senor\\\/\"},\"author\":{\"name\":\"Raquel V\u00e1zquez\",\"@id\":\"https:\\\/\\\/iglesiarincon.org\\\/revista\\\/#\\\/schema\\\/person\\\/a8b2fdd8f8efe2495a340a0febbe7df4\"},\"headline\":\"Ustedes los que aman al Se\u00f1or&#8230;\",\"datePublished\":\"2020-09-07T02:13:00+00:00\",\"dateModified\":\"2020-10-22T23:06:17+00:00\",\"mainEntityOfPage\":{\"@id\":\"https:\\\/\\\/iglesiarincon.org\\\/revista\\\/ustedes-los-que-aman-al-senor\\\/\"},\"wordCount\":537,\"commentCount\":0,\"image\":{\"@id\":\"https:\\\/\\\/iglesiarincon.org\\\/revista\\\/ustedes-los-que-aman-al-senor\\\/#primaryimage\"},\"thumbnailUrl\":\"https:\\\/\\\/iglesiarincon.org\\\/revista\\\/wp-content\\\/uploads\\\/2020\\\/04\\\/amor-pr\u00e1ctico.jpg\",\"articleSection\":[\"Abrazos Virtuales\",\"Mujeres virtuosas\"],\"inLanguage\":\"es\",\"potentialAction\":[{\"@type\":\"CommentAction\",\"name\":\"Comment\",\"target\":[\"https:\\\/\\\/iglesiarincon.org\\\/revista\\\/ustedes-los-que-aman-al-senor\\\/#respond\"]}]},{\"@type\":\"WebPage\",\"@id\":\"https:\\\/\\\/iglesiarincon.org\\\/revista\\\/ustedes-los-que-aman-al-senor\\\/\",\"url\":\"https:\\\/\\\/iglesiarincon.org\\\/revista\\\/ustedes-los-que-aman-al-senor\\\/\",\"name\":\"Ustedes los que aman al Se\u00f1or... - La Revista de Rinc&oacute;n\",\"isPartOf\":{\"@id\":\"https:\\\/\\\/iglesiarincon.org\\\/revista\\\/#website\"},\"primaryImageOfPage\":{\"@id\":\"https:\\\/\\\/iglesiarincon.org\\\/revista\\\/ustedes-los-que-aman-al-senor\\\/#primaryimage\"},\"image\":{\"@id\":\"https:\\\/\\\/iglesiarincon.org\\\/revista\\\/ustedes-los-que-aman-al-senor\\\/#primaryimage\"},\"thumbnailUrl\":\"https:\\\/\\\/iglesiarincon.org\\\/revista\\\/wp-content\\\/uploads\\\/2020\\\/04\\\/amor-pr\u00e1ctico.jpg\",\"datePublished\":\"2020-09-07T02:13:00+00:00\",\"dateModified\":\"2020-10-22T23:06:17+00:00\",\"author\":{\"@id\":\"https:\\\/\\\/iglesiarincon.org\\\/revista\\\/#\\\/schema\\\/person\\\/a8b2fdd8f8efe2495a340a0febbe7df4\"},\"description\":\"Amar a Dios implica no amar las cosas que ofenden su persona, sin\u00f3 m\u00e1s bien odiar el mal, como dice el Salmo 97:10\",\"breadcrumb\":{\"@id\":\"https:\\\/\\\/iglesiarincon.org\\\/revista\\\/ustedes-los-que-aman-al-senor\\\/#breadcrumb\"},\"inLanguage\":\"es\",\"potentialAction\":[{\"@type\":\"ReadAction\",\"target\":[\"https:\\\/\\\/iglesiarincon.org\\\/revista\\\/ustedes-los-que-aman-al-senor\\\/\"]}]},{\"@type\":\"ImageObject\",\"inLanguage\":\"es\",\"@id\":\"https:\\\/\\\/iglesiarincon.org\\\/revista\\\/ustedes-los-que-aman-al-senor\\\/#primaryimage\",\"url\":\"https:\\\/\\\/iglesiarincon.org\\\/revista\\\/wp-content\\\/uploads\\\/2020\\\/04\\\/amor-pr\u00e1ctico.jpg\",\"contentUrl\":\"https:\\\/\\\/iglesiarincon.org\\\/revista\\\/wp-content\\\/uploads\\\/2020\\\/04\\\/amor-pr\u00e1ctico.jpg\",\"width\":1280,\"height\":853},{\"@type\":\"BreadcrumbList\",\"@id\":\"https:\\\/\\\/iglesiarincon.org\\\/revista\\\/ustedes-los-que-aman-al-senor\\\/#breadcrumb\",\"itemListElement\":[{\"@type\":\"ListItem\",\"position\":1,\"name\":\"Portada\",\"item\":\"https:\\\/\\\/iglesiarincon.org\\\/revista\\\/\"},{\"@type\":\"ListItem\",\"position\":2,\"name\":\"Ustedes los que aman al Se\u00f1or&#8230;\"}]},{\"@type\":\"WebSite\",\"@id\":\"https:\\\/\\\/iglesiarincon.org\\\/revista\\\/#website\",\"url\":\"https:\\\/\\\/iglesiarincon.org\\\/revista\\\/\",\"name\":\"La Revista de Rinc&oacute;n\",\"description\":\"Compartiendo lo mejor\",\"potentialAction\":[{\"@type\":\"SearchAction\",\"target\":{\"@type\":\"EntryPoint\",\"urlTemplate\":\"https:\\\/\\\/iglesiarincon.org\\\/revista\\\/?s={search_term_string}\"},\"query-input\":{\"@type\":\"PropertyValueSpecification\",\"valueRequired\":true,\"valueName\":\"search_term_string\"}}],\"inLanguage\":\"es\"},{\"@type\":\"Person\",\"@id\":\"https:\\\/\\\/iglesiarincon.org\\\/revista\\\/#\\\/schema\\\/person\\\/a8b2fdd8f8efe2495a340a0febbe7df4\",\"name\":\"Raquel V\u00e1zquez\",\"image\":{\"@type\":\"ImageObject\",\"inLanguage\":\"es\",\"@id\":\"https:\\\/\\\/iglesiarincon.org\\\/revista\\\/wp-content\\\/uploads\\\/2019\\\/12\\\/mami.jpg\",\"url\":\"https:\\\/\\\/iglesiarincon.org\\\/revista\\\/wp-content\\\/uploads\\\/2019\\\/12\\\/mami.jpg\",\"contentUrl\":\"https:\\\/\\\/iglesiarincon.org\\\/revista\\\/wp-content\\\/uploads\\\/2019\\\/12\\\/mami.jpg\",\"caption\":\"Raquel V\u00e1zquez\"},\"url\":\"#molongui-disabled-link\"}]}<\/script>\n<!-- \/ Yoast SEO plugin. -->","yoast_head_json":{"title":"Ustedes los que aman al Se\u00f1or... - La Revista de Rinc&oacute;n","description":"Amar a Dios implica no amar las cosas que ofenden su persona, sin\u00f3 m\u00e1s bien odiar el mal, como dice el Salmo 97:10","robots":{"index":"index","follow":"follow","max-snippet":"max-snippet:-1","max-image-preview":"max-image-preview:large","max-video-preview":"max-video-preview:-1"},"canonical":"https:\/\/iglesiarincon.org\/revista\/ustedes-los-que-aman-al-senor\/","og_locale":"es_ES","og_type":"article","og_title":"Ustedes los que aman al Se\u00f1or... - La Revista de Rinc&oacute;n","og_description":"Amar a Dios implica no amar las cosas que ofenden su persona, sin\u00f3 m\u00e1s bien odiar el mal, como dice el Salmo 97:10","og_url":"https:\/\/iglesiarincon.org\/revista\/ustedes-los-que-aman-al-senor\/","og_site_name":"La Revista de Rinc&oacute;n","article_published_time":"2020-09-07T02:13:00+00:00","article_modified_time":"2020-10-22T23:06:17+00:00","og_image":[{"width":1280,"height":853,"url":"https:\/\/iglesiarincon.org\/revista\/wp-content\/uploads\/2020\/04\/amor-pr\u00e1ctico.jpg","type":"image\/jpeg"}],"author":"Raquel V\u00e1zquez","twitter_card":"summary_large_image","twitter_misc":{"Escrito por":"Raquel V\u00e1zquez","Tiempo de lectura":"3 minutos"},"schema":{"@context":"https:\/\/schema.org","@graph":[{"@type":"Article","@id":"https:\/\/iglesiarincon.org\/revista\/ustedes-los-que-aman-al-senor\/#article","isPartOf":{"@id":"https:\/\/iglesiarincon.org\/revista\/ustedes-los-que-aman-al-senor\/"},"author":{"name":"Raquel V\u00e1zquez","@id":"https:\/\/iglesiarincon.org\/revista\/#\/schema\/person\/a8b2fdd8f8efe2495a340a0febbe7df4"},"headline":"Ustedes los que aman al Se\u00f1or&#8230;","datePublished":"2020-09-07T02:13:00+00:00","dateModified":"2020-10-22T23:06:17+00:00","mainEntityOfPage":{"@id":"https:\/\/iglesiarincon.org\/revista\/ustedes-los-que-aman-al-senor\/"},"wordCount":537,"commentCount":0,"image":{"@id":"https:\/\/iglesiarincon.org\/revista\/ustedes-los-que-aman-al-senor\/#primaryimage"},"thumbnailUrl":"https:\/\/iglesiarincon.org\/revista\/wp-content\/uploads\/2020\/04\/amor-pr\u00e1ctico.jpg","articleSection":["Abrazos Virtuales","Mujeres virtuosas"],"inLanguage":"es","potentialAction":[{"@type":"CommentAction","name":"Comment","target":["https:\/\/iglesiarincon.org\/revista\/ustedes-los-que-aman-al-senor\/#respond"]}]},{"@type":"WebPage","@id":"https:\/\/iglesiarincon.org\/revista\/ustedes-los-que-aman-al-senor\/","url":"https:\/\/iglesiarincon.org\/revista\/ustedes-los-que-aman-al-senor\/","name":"Ustedes los que aman al Se\u00f1or... - La Revista de Rinc&oacute;n","isPartOf":{"@id":"https:\/\/iglesiarincon.org\/revista\/#website"},"primaryImageOfPage":{"@id":"https:\/\/iglesiarincon.org\/revista\/ustedes-los-que-aman-al-senor\/#primaryimage"},"image":{"@id":"https:\/\/iglesiarincon.org\/revista\/ustedes-los-que-aman-al-senor\/#primaryimage"},"thumbnailUrl":"https:\/\/iglesiarincon.org\/revista\/wp-content\/uploads\/2020\/04\/amor-pr\u00e1ctico.jpg","datePublished":"2020-09-07T02:13:00+00:00","dateModified":"2020-10-22T23:06:17+00:00","author":{"@id":"https:\/\/iglesiarincon.org\/revista\/#\/schema\/person\/a8b2fdd8f8efe2495a340a0febbe7df4"},"description":"Amar a Dios implica no amar las cosas que ofenden su persona, sin\u00f3 m\u00e1s bien odiar el mal, como dice el Salmo 97:10","breadcrumb":{"@id":"https:\/\/iglesiarincon.org\/revista\/ustedes-los-que-aman-al-senor\/#breadcrumb"},"inLanguage":"es","potentialAction":[{"@type":"ReadAction","target":["https:\/\/iglesiarincon.org\/revista\/ustedes-los-que-aman-al-senor\/"]}]},{"@type":"ImageObject","inLanguage":"es","@id":"https:\/\/iglesiarincon.org\/revista\/ustedes-los-que-aman-al-senor\/#primaryimage","url":"https:\/\/iglesiarincon.org\/revista\/wp-content\/uploads\/2020\/04\/amor-pr\u00e1ctico.jpg","contentUrl":"https:\/\/iglesiarincon.org\/revista\/wp-content\/uploads\/2020\/04\/amor-pr\u00e1ctico.jpg","width":1280,"height":853},{"@type":"BreadcrumbList","@id":"https:\/\/iglesiarincon.org\/revista\/ustedes-los-que-aman-al-senor\/#breadcrumb","itemListElement":[{"@type":"ListItem","position":1,"name":"Portada","item":"https:\/\/iglesiarincon.org\/revista\/"},{"@type":"ListItem","position":2,"name":"Ustedes los que aman al Se\u00f1or&#8230;"}]},{"@type":"WebSite","@id":"https:\/\/iglesiarincon.org\/revista\/#website","url":"https:\/\/iglesiarincon.org\/revista\/","name":"La Revista de Rinc&oacute;n","description":"Compartiendo lo mejor","potentialAction":[{"@type":"SearchAction","target":{"@type":"EntryPoint","urlTemplate":"https:\/\/iglesiarincon.org\/revista\/?s={search_term_string}"},"query-input":{"@type":"PropertyValueSpecification","valueRequired":true,"valueName":"search_term_string"}}],"inLanguage":"es"},{"@type":"Person","@id":"https:\/\/iglesiarincon.org\/revista\/#\/schema\/person\/a8b2fdd8f8efe2495a340a0febbe7df4","name":"Raquel V\u00e1zquez","image":{"@type":"ImageObject","inLanguage":"es","@id":"https:\/\/iglesiarincon.org\/revista\/wp-content\/uploads\/2019\/12\/mami.jpg","url":"https:\/\/iglesiarincon.org\/revista\/wp-content\/uploads\/2019\/12\/mami.jpg","contentUrl":"https:\/\/iglesiarincon.org\/revista\/wp-content\/uploads\/2019\/12\/mami.jpg","caption":"Raquel V\u00e1zquez"},"url":"#molongui-disabled-link"}]}},"_links":{"self":[{"href":"https:\/\/iglesiarincon.org\/revista\/wp-json\/wp\/v2\/posts\/3408","targetHints":{"allow":["GET"]}}],"collection":[{"href":"https:\/\/iglesiarincon.org\/revista\/wp-json\/wp\/v2\/posts"}],"about":[{"href":"https:\/\/iglesiarincon.org\/revista\/wp-json\/wp\/v2\/types\/post"}],"author":[{"embeddable":true,"href":"https:\/\/iglesiarincon.org\/revista\/wp-json\/wp\/v2\/users\/3"}],"replies":[{"embeddable":true,"href":"https:\/\/iglesiarincon.org\/revista\/wp-json\/wp\/v2\/comments?post=3408"}],"version-history":[{"count":5,"href":"https:\/\/iglesiarincon.org\/revista\/wp-json\/wp\/v2\/posts\/3408\/revisions"}],"predecessor-version":[{"id":3892,"href":"https:\/\/iglesiarincon.org\/revista\/wp-json\/wp\/v2\/posts\/3408\/revisions\/3892"}],"wp:featuredmedia":[{"embeddable":true,"href":"https:\/\/iglesiarincon.org\/revista\/wp-json\/wp\/v2\/media\/1404"}],"wp:attachment":[{"href":"https:\/\/iglesiarincon.org\/revista\/wp-json\/wp\/v2\/media?parent=3408"}],"wp:term":[{"taxonomy":"category","embeddable":true,"href":"https:\/\/iglesiarincon.org\/revista\/wp-json\/wp\/v2\/categories?post=3408"},{"taxonomy":"post_tag","embeddable":true,"href":"https:\/\/iglesiarincon.org\/revista\/wp-json\/wp\/v2\/tags?post=3408"}],"curies":[{"name":"wp","href":"https:\/\/api.w.org\/{rel}","templated":true}]}}