{"id":2897,"date":"2020-07-16T12:06:37","date_gmt":"2020-07-16T15:06:37","guid":{"rendered":"https:\/\/iglesiarincon.org\/revista\/?p=2897"},"modified":"2020-07-19T20:23:18","modified_gmt":"2020-07-19T23:23:18","slug":"servicio-espiritual","status":"publish","type":"post","link":"https:\/\/iglesiarincon.org\/revista\/servicio-espiritual\/","title":{"rendered":"Servicio Espiritual"},"content":{"rendered":"[et_pb_section fb_built=\u00bb1&#8243; _builder_version=\u00bb4.5.1&#8243; _module_preset=\u00bbdefault\u00bb][et_pb_row _builder_version=\u00bb4.5.1&#8243; _module_preset=\u00bbdefault\u00bb custom_margin=\u00bb-65px|auto||auto||\u00bb][et_pb_column type=\u00bb4_4&#8243; _builder_version=\u00bb4.5.1&#8243; _module_preset=\u00bbdefault\u00bb][et_pb_image _builder_version=\u00bb4.5.1&#8243; _module_preset=\u00bbdefault\u00bb title_text=\u00bbespiritual\u00bb src=\u00bbhttps:\/\/iglesiarincon.org\/revista\/wp-content\/uploads\/2020\/07\/espiritual.jpg\u00bb hover_enabled=\u00bb0&#8243;][\/et_pb_image][et_pb_text _builder_version=\u00bb4.5.1&#8243; _module_preset=\u00bbdefault\u00bb custom_margin=\u00bb58px|||||\u00bb custom_padding=\u00bb||0px|||\u00bb]\n<p>Dios es Esp\u00edritu y es preciso que el servicio rendido a \u00c9l sea espiritual (Jn. 4:23, 24). Al ap\u00f3stol Pablo puede consider\u00e1rsele como un excelente ejemplo de servidor espiritual. \u00c9l testific\u00f3:\u201cTestigo me es Dios al cual sirvo en mi esp\u00edritu en el evangelio de su Hijo, que sin cesar me acuerdo de vosotros en mis oraciones\u201d (Rom. 1:9).<\/p>\n<p>Su servicio para Dios emanaba de su esp\u00edritu, manifest\u00e1ndose en la administraci\u00f3n del mensaje que ten\u00eda como su exclusivo tema la Persona de su Amado<\/p>\n<p>Hijo. Tal servicio halla su expresi\u00f3n en <strong>\u201coraciones\u201d<\/strong>, pues surgiendo del esp\u00edritu se expresa en ejercicios del alma a favor del objeto que domina su ser entero. Tal es el servicio espiritual, haciendo contraste con un servicio mec\u00e1nico. El servicio del ap\u00f3stol, de la manera testificada por \u00e9l, ten\u00eda un car\u00e1cter sacerdotal delante de Dios (Rom. 15:16).<\/p>\n<p>Testifica adem\u00e1s el ap\u00f3stol: <strong><em>\u201c\u2026Dios, del cual soy y al cual sirvo\u2026\u201d<\/em> <\/strong>(Hch. 27:23). Dios debe poseer totalmente al instrumento que estar\u00e1 en sus manos para sus usos, y a su vez, el siervo debe ser consciente de su responsabilidad hacia \u00c9l yla dignidad de su posici\u00f3n como quien sirve a Dios.<\/p>\n<p>Otro honrado siervo de Dios hab\u00eda dicho siglos antes:<em><strong> \u201cVive Jehov\u00e1 Dios\u2026 delante del cual estoy\u201d<\/strong><\/em> (1\u00b0 R. 17:1). En un servicio de esa \u00edndole, el gran m\u00f3vil que controla todo otro sentimiento es el reconocimiento de la absoluta autoridad de Dios y sus derechos de manejar a su siervo de acuerdo a su voluntad y su Palabra revelada. El lenguaje de los tales es:<strong><em> \u201c\u2026si todav\u00eda agradara a los hombres, no ser\u00eda siervo de Cristo\u201d (<\/em><\/strong>G\u00e1l. 1:10).<\/p>\n<p>Dios es santo y su servicio debe ser ejecutado en santidad. En su exhortaci\u00f3n a Timoteo, dice el ap\u00f3stol: \u201c\u2026 si alguno se limpiare de estas cosas, ser\u00e1 vaso para honra, santificado y \u00fatil para los usos del Se\u00f1or\u2026\u201d y \u00e9l mismo se pone de ejemplo cuando dice: \u201cDoy gracias a Dios, al cual sirvo\u2026con limpia conciencia\u201d (2\u00b0 Tim. 1:3 y 2:21). Dios no admitir\u00e1 un servicio contaminado (Lev. 11:44).<\/p>\n<p>Los sacerdotes, en su desempe\u00f1o del servicio divino, deb\u00edan observar con santo temor este detalle, pues era cosa grav\u00edsima <strong><em>\u201ccontaminar el nombre santo de su Dios\u201d<\/em> <\/strong>(Lev. 21:6). Mois\u00e9s, antes de emprender su servicio para Dios tuvo una visi\u00f3n de su santidad, ante cuya gloriosa presencia debi\u00f3 quitarse los zapatos. Pero eso no fue todo, pues al acercarse a Egipto tuvo una terrible lecci\u00f3n que le ense\u00f1\u00f3 t\u00edpicamente que la carne deb\u00eda ser juzgada y que el servicio para Dios reclamaba santidad en la vida: \u201cLe sali\u00f3 al encuentro Jehov\u00e1 y quiso matarlo\u201d (Ex. 4:24 y 25). \u00c9l no hab\u00eda dado importancia a la circuncisi\u00f3n, lo cual era cosa muy seria para Dios. Otra vez escuchemos al ap\u00f3stol: <strong><em>\u201c\u2026nosotros somos la circuncisi\u00f3n, los que servimos en esp\u00edritu a Dios y nos gloriamos en Cristo Jes\u00fas, no teniendo confianza en la carne\u201d<\/em><\/strong><\/p>\n<p>(Fil. 3:3). En otras palabras, la carne pecaminosa, fuente de contaminaci\u00f3n ininterrumpida, deb\u00eda ser excluida totalmente y juzgada por la cruz de Cristo. Semejante servicio es siempre consumado en la energ\u00eda y el poder del Esp\u00edritu Santo, persiguiendo sin cesar su fin leg\u00edtimo de ministrar la verdad que es en Cristo Jes\u00fas para <strong><em>\u201cpresentar a todo hombre perfecto en Cristo Jes\u00fas\u201d; y en esa tarea tan sublime y grande, el siervo no es dejado a sus propias fuerzas: \u201cen lo cual a\u00fan trabajo, combatiendo seg\u00fan la operaci\u00f3n de \u00c9l, la cual obra en m\u00ed poderosamente\u201d<\/em> <\/strong>(Col.1:28 y 29).<\/p>\n<p>Nuestro trabajo para Dios ser\u00e1 siempre el resultado de su obra en nosotros y por nosotros. \u00a1Ay\u00fadanos, Se\u00f1or, a ser SIERVOS DE DIOS.<\/p>\n[\/et_pb_text][et_pb_text _builder_version=\u00bb4.5.1&#8243; _module_preset=\u00bbdefault\u00bb text_font=\u00bb|600|||||||\u00bb text_font_size=\u00bb13px\u00bb custom_padding=\u00bb85px|||||\u00bb]\n<p>\u00a0\u201cAgua Viva\u201d Estudios, pensamientos, reflexiones: Jorge L. Meresh\u00ed\u00e1n<\/p>\n<p>Recopiladora Noem\u00ed Mereshi\u00e1n<\/p>\n[\/et_pb_text][\/et_pb_column][\/et_pb_row][\/et_pb_section]\n","protected":false},"excerpt":{"rendered":"<p>Dios es Esp\u00edritu y es preciso que el servicio rendido a \u00c9l sea espiritual (Jn. 4:23, 24). Al ap\u00f3stol Pablo puede consider\u00e1rsele como un excelente ejemplo de servidor espiritual. \u00c9l testific\u00f3:\u201cTestigo me es Dios al cual sirvo en mi esp\u00edritu en el evangelio de su Hijo, que sin cesar me acuerdo de vosotros en mis [&hellip;]<\/p>\n","protected":false},"author":3,"featured_media":2902,"comment_status":"open","ping_status":"open","sticky":false,"template":"","format":"standard","meta":{"_et_pb_use_builder":"on","_et_pb_old_content":"<!-- wp:divi\/placeholder \/-->","_et_gb_content_width":"","footnotes":""},"categories":[3],"tags":[],"class_list":["post-2897","post","type-post","status-publish","format-standard","has-post-thumbnail","hentry","category-reflexiones","et-has-post-format-content","et_post_format-et-post-format-standard"],"yoast_head":"<!-- This site is optimized with the Yoast SEO plugin v27.5 - https:\/\/yoast.com\/product\/yoast-seo-wordpress\/ -->\n<title>Servicio Espiritual - La Revista de Rinc&oacute;n<\/title>\n<meta name=\"robots\" content=\"index, follow, max-snippet:-1, max-image-preview:large, max-video-preview:-1\" \/>\n<link rel=\"canonical\" href=\"https:\/\/iglesiarincon.org\/revista\/servicio-espiritual\/\" \/>\n<meta property=\"og:locale\" content=\"es_ES\" \/>\n<meta property=\"og:type\" content=\"article\" \/>\n<meta property=\"og:title\" content=\"Servicio Espiritual - La Revista de Rinc&oacute;n\" \/>\n<meta property=\"og:description\" content=\"Dios es Esp\u00edritu y es preciso que el servicio rendido a \u00c9l sea espiritual (Jn. 4:23, 24). Al ap\u00f3stol Pablo puede consider\u00e1rsele como un excelente ejemplo de servidor espiritual. \u00c9l testific\u00f3:\u201cTestigo me es Dios al cual sirvo en mi esp\u00edritu en el evangelio de su Hijo, que sin cesar me acuerdo de vosotros en mis [&hellip;]\" \/>\n<meta property=\"og:url\" content=\"https:\/\/iglesiarincon.org\/revista\/servicio-espiritual\/\" \/>\n<meta property=\"og:site_name\" content=\"La Revista de Rinc&oacute;n\" \/>\n<meta property=\"article:published_time\" content=\"2020-07-16T15:06:37+00:00\" \/>\n<meta property=\"article:modified_time\" content=\"2020-07-19T23:23:18+00:00\" \/>\n<meta property=\"og:image\" content=\"https:\/\/iglesiarincon.org\/revista\/wp-content\/uploads\/2020\/07\/servicio.jpg\" \/>\n\t<meta property=\"og:image:width\" content=\"1280\" \/>\n\t<meta property=\"og:image:height\" content=\"853\" \/>\n\t<meta property=\"og:image:type\" content=\"image\/jpeg\" \/>\n<meta name=\"author\" content=\"Olga de Pedernera\" \/>\n<meta name=\"twitter:card\" content=\"summary_large_image\" \/>\n<meta name=\"twitter:label1\" content=\"Escrito por\" \/>\n\t<meta name=\"twitter:data1\" content=\"Olga de Pedernera\" \/>\n\t<meta name=\"twitter:label2\" content=\"Tiempo de lectura\" \/>\n\t<meta name=\"twitter:data2\" content=\"4 minutos\" \/>\n<script type=\"application\/ld+json\" class=\"yoast-schema-graph\">{\"@context\":\"https:\\\/\\\/schema.org\",\"@graph\":[{\"@type\":\"Article\",\"@id\":\"https:\\\/\\\/iglesiarincon.org\\\/revista\\\/servicio-espiritual\\\/#article\",\"isPartOf\":{\"@id\":\"https:\\\/\\\/iglesiarincon.org\\\/revista\\\/servicio-espiritual\\\/\"},\"author\":{\"name\":\"Olga de Pedernera\",\"@id\":\"https:\\\/\\\/iglesiarincon.org\\\/revista\\\/#\\\/schema\\\/person\\\/a8b2fdd8f8efe2495a340a0febbe7df4\"},\"headline\":\"Servicio Espiritual\",\"datePublished\":\"2020-07-16T15:06:37+00:00\",\"dateModified\":\"2020-07-19T23:23:18+00:00\",\"mainEntityOfPage\":{\"@id\":\"https:\\\/\\\/iglesiarincon.org\\\/revista\\\/servicio-espiritual\\\/\"},\"wordCount\":756,\"commentCount\":0,\"image\":{\"@id\":\"https:\\\/\\\/iglesiarincon.org\\\/revista\\\/servicio-espiritual\\\/#primaryimage\"},\"thumbnailUrl\":\"https:\\\/\\\/iglesiarincon.org\\\/revista\\\/wp-content\\\/uploads\\\/2020\\\/07\\\/servicio.jpg\",\"articleSection\":[\"Reflexiones\"],\"inLanguage\":\"es\",\"potentialAction\":[{\"@type\":\"CommentAction\",\"name\":\"Comment\",\"target\":[\"https:\\\/\\\/iglesiarincon.org\\\/revista\\\/servicio-espiritual\\\/#respond\"]}]},{\"@type\":\"WebPage\",\"@id\":\"https:\\\/\\\/iglesiarincon.org\\\/revista\\\/servicio-espiritual\\\/\",\"url\":\"https:\\\/\\\/iglesiarincon.org\\\/revista\\\/servicio-espiritual\\\/\",\"name\":\"Servicio Espiritual - La Revista de Rinc&oacute;n\",\"isPartOf\":{\"@id\":\"https:\\\/\\\/iglesiarincon.org\\\/revista\\\/#website\"},\"primaryImageOfPage\":{\"@id\":\"https:\\\/\\\/iglesiarincon.org\\\/revista\\\/servicio-espiritual\\\/#primaryimage\"},\"image\":{\"@id\":\"https:\\\/\\\/iglesiarincon.org\\\/revista\\\/servicio-espiritual\\\/#primaryimage\"},\"thumbnailUrl\":\"https:\\\/\\\/iglesiarincon.org\\\/revista\\\/wp-content\\\/uploads\\\/2020\\\/07\\\/servicio.jpg\",\"datePublished\":\"2020-07-16T15:06:37+00:00\",\"dateModified\":\"2020-07-19T23:23:18+00:00\",\"author\":{\"@id\":\"https:\\\/\\\/iglesiarincon.org\\\/revista\\\/#\\\/schema\\\/person\\\/a8b2fdd8f8efe2495a340a0febbe7df4\"},\"breadcrumb\":{\"@id\":\"https:\\\/\\\/iglesiarincon.org\\\/revista\\\/servicio-espiritual\\\/#breadcrumb\"},\"inLanguage\":\"es\",\"potentialAction\":[{\"@type\":\"ReadAction\",\"target\":[\"https:\\\/\\\/iglesiarincon.org\\\/revista\\\/servicio-espiritual\\\/\"]}]},{\"@type\":\"ImageObject\",\"inLanguage\":\"es\",\"@id\":\"https:\\\/\\\/iglesiarincon.org\\\/revista\\\/servicio-espiritual\\\/#primaryimage\",\"url\":\"https:\\\/\\\/iglesiarincon.org\\\/revista\\\/wp-content\\\/uploads\\\/2020\\\/07\\\/servicio.jpg\",\"contentUrl\":\"https:\\\/\\\/iglesiarincon.org\\\/revista\\\/wp-content\\\/uploads\\\/2020\\\/07\\\/servicio.jpg\",\"width\":1280,\"height\":853},{\"@type\":\"BreadcrumbList\",\"@id\":\"https:\\\/\\\/iglesiarincon.org\\\/revista\\\/servicio-espiritual\\\/#breadcrumb\",\"itemListElement\":[{\"@type\":\"ListItem\",\"position\":1,\"name\":\"Portada\",\"item\":\"https:\\\/\\\/iglesiarincon.org\\\/revista\\\/\"},{\"@type\":\"ListItem\",\"position\":2,\"name\":\"Servicio Espiritual\"}]},{\"@type\":\"WebSite\",\"@id\":\"https:\\\/\\\/iglesiarincon.org\\\/revista\\\/#website\",\"url\":\"https:\\\/\\\/iglesiarincon.org\\\/revista\\\/\",\"name\":\"La Revista de Rinc&oacute;n\",\"description\":\"Compartiendo lo mejor\",\"potentialAction\":[{\"@type\":\"SearchAction\",\"target\":{\"@type\":\"EntryPoint\",\"urlTemplate\":\"https:\\\/\\\/iglesiarincon.org\\\/revista\\\/?s={search_term_string}\"},\"query-input\":{\"@type\":\"PropertyValueSpecification\",\"valueRequired\":true,\"valueName\":\"search_term_string\"}}],\"inLanguage\":\"es\"},{\"@type\":\"Person\",\"@id\":\"https:\\\/\\\/iglesiarincon.org\\\/revista\\\/#\\\/schema\\\/person\\\/a8b2fdd8f8efe2495a340a0febbe7df4\",\"name\":\"Olga de Pedernera\",\"image\":{\"@type\":\"ImageObject\",\"inLanguage\":\"es\",\"@id\":\"https:\\\/\\\/iglesiarincon.org\\\/revista\\\/wp-content\\\/uploads\\\/2020\\\/05\\\/OLGA-PEDERNERA.jpeg\",\"url\":\"https:\\\/\\\/iglesiarincon.org\\\/revista\\\/wp-content\\\/uploads\\\/2020\\\/05\\\/OLGA-PEDERNERA.jpeg\",\"contentUrl\":\"https:\\\/\\\/iglesiarincon.org\\\/revista\\\/wp-content\\\/uploads\\\/2020\\\/05\\\/OLGA-PEDERNERA.jpeg\",\"caption\":\"Olga de Pedernera\"},\"url\":\"#molongui-disabled-link\"}]}<\/script>\n<!-- \/ Yoast SEO plugin. -->","yoast_head_json":{"title":"Servicio Espiritual - La Revista de Rinc&oacute;n","robots":{"index":"index","follow":"follow","max-snippet":"max-snippet:-1","max-image-preview":"max-image-preview:large","max-video-preview":"max-video-preview:-1"},"canonical":"https:\/\/iglesiarincon.org\/revista\/servicio-espiritual\/","og_locale":"es_ES","og_type":"article","og_title":"Servicio Espiritual - La Revista de Rinc&oacute;n","og_description":"Dios es Esp\u00edritu y es preciso que el servicio rendido a \u00c9l sea espiritual (Jn. 4:23, 24). Al ap\u00f3stol Pablo puede consider\u00e1rsele como un excelente ejemplo de servidor espiritual. \u00c9l testific\u00f3:\u201cTestigo me es Dios al cual sirvo en mi esp\u00edritu en el evangelio de su Hijo, que sin cesar me acuerdo de vosotros en mis [&hellip;]","og_url":"https:\/\/iglesiarincon.org\/revista\/servicio-espiritual\/","og_site_name":"La Revista de Rinc&oacute;n","article_published_time":"2020-07-16T15:06:37+00:00","article_modified_time":"2020-07-19T23:23:18+00:00","og_image":[{"width":1280,"height":853,"url":"https:\/\/iglesiarincon.org\/revista\/wp-content\/uploads\/2020\/07\/servicio.jpg","type":"image\/jpeg"}],"author":"Olga de Pedernera","twitter_card":"summary_large_image","twitter_misc":{"Escrito por":"Olga de Pedernera","Tiempo de lectura":"4 minutos"},"schema":{"@context":"https:\/\/schema.org","@graph":[{"@type":"Article","@id":"https:\/\/iglesiarincon.org\/revista\/servicio-espiritual\/#article","isPartOf":{"@id":"https:\/\/iglesiarincon.org\/revista\/servicio-espiritual\/"},"author":{"name":"Olga de Pedernera","@id":"https:\/\/iglesiarincon.org\/revista\/#\/schema\/person\/a8b2fdd8f8efe2495a340a0febbe7df4"},"headline":"Servicio Espiritual","datePublished":"2020-07-16T15:06:37+00:00","dateModified":"2020-07-19T23:23:18+00:00","mainEntityOfPage":{"@id":"https:\/\/iglesiarincon.org\/revista\/servicio-espiritual\/"},"wordCount":756,"commentCount":0,"image":{"@id":"https:\/\/iglesiarincon.org\/revista\/servicio-espiritual\/#primaryimage"},"thumbnailUrl":"https:\/\/iglesiarincon.org\/revista\/wp-content\/uploads\/2020\/07\/servicio.jpg","articleSection":["Reflexiones"],"inLanguage":"es","potentialAction":[{"@type":"CommentAction","name":"Comment","target":["https:\/\/iglesiarincon.org\/revista\/servicio-espiritual\/#respond"]}]},{"@type":"WebPage","@id":"https:\/\/iglesiarincon.org\/revista\/servicio-espiritual\/","url":"https:\/\/iglesiarincon.org\/revista\/servicio-espiritual\/","name":"Servicio Espiritual - La Revista de Rinc&oacute;n","isPartOf":{"@id":"https:\/\/iglesiarincon.org\/revista\/#website"},"primaryImageOfPage":{"@id":"https:\/\/iglesiarincon.org\/revista\/servicio-espiritual\/#primaryimage"},"image":{"@id":"https:\/\/iglesiarincon.org\/revista\/servicio-espiritual\/#primaryimage"},"thumbnailUrl":"https:\/\/iglesiarincon.org\/revista\/wp-content\/uploads\/2020\/07\/servicio.jpg","datePublished":"2020-07-16T15:06:37+00:00","dateModified":"2020-07-19T23:23:18+00:00","author":{"@id":"https:\/\/iglesiarincon.org\/revista\/#\/schema\/person\/a8b2fdd8f8efe2495a340a0febbe7df4"},"breadcrumb":{"@id":"https:\/\/iglesiarincon.org\/revista\/servicio-espiritual\/#breadcrumb"},"inLanguage":"es","potentialAction":[{"@type":"ReadAction","target":["https:\/\/iglesiarincon.org\/revista\/servicio-espiritual\/"]}]},{"@type":"ImageObject","inLanguage":"es","@id":"https:\/\/iglesiarincon.org\/revista\/servicio-espiritual\/#primaryimage","url":"https:\/\/iglesiarincon.org\/revista\/wp-content\/uploads\/2020\/07\/servicio.jpg","contentUrl":"https:\/\/iglesiarincon.org\/revista\/wp-content\/uploads\/2020\/07\/servicio.jpg","width":1280,"height":853},{"@type":"BreadcrumbList","@id":"https:\/\/iglesiarincon.org\/revista\/servicio-espiritual\/#breadcrumb","itemListElement":[{"@type":"ListItem","position":1,"name":"Portada","item":"https:\/\/iglesiarincon.org\/revista\/"},{"@type":"ListItem","position":2,"name":"Servicio Espiritual"}]},{"@type":"WebSite","@id":"https:\/\/iglesiarincon.org\/revista\/#website","url":"https:\/\/iglesiarincon.org\/revista\/","name":"La Revista de Rinc&oacute;n","description":"Compartiendo lo mejor","potentialAction":[{"@type":"SearchAction","target":{"@type":"EntryPoint","urlTemplate":"https:\/\/iglesiarincon.org\/revista\/?s={search_term_string}"},"query-input":{"@type":"PropertyValueSpecification","valueRequired":true,"valueName":"search_term_string"}}],"inLanguage":"es"},{"@type":"Person","@id":"https:\/\/iglesiarincon.org\/revista\/#\/schema\/person\/a8b2fdd8f8efe2495a340a0febbe7df4","name":"Olga de Pedernera","image":{"@type":"ImageObject","inLanguage":"es","@id":"https:\/\/iglesiarincon.org\/revista\/wp-content\/uploads\/2020\/05\/OLGA-PEDERNERA.jpeg","url":"https:\/\/iglesiarincon.org\/revista\/wp-content\/uploads\/2020\/05\/OLGA-PEDERNERA.jpeg","contentUrl":"https:\/\/iglesiarincon.org\/revista\/wp-content\/uploads\/2020\/05\/OLGA-PEDERNERA.jpeg","caption":"Olga de Pedernera"},"url":"#molongui-disabled-link"}]}},"_links":{"self":[{"href":"https:\/\/iglesiarincon.org\/revista\/wp-json\/wp\/v2\/posts\/2897","targetHints":{"allow":["GET"]}}],"collection":[{"href":"https:\/\/iglesiarincon.org\/revista\/wp-json\/wp\/v2\/posts"}],"about":[{"href":"https:\/\/iglesiarincon.org\/revista\/wp-json\/wp\/v2\/types\/post"}],"author":[{"embeddable":true,"href":"https:\/\/iglesiarincon.org\/revista\/wp-json\/wp\/v2\/users\/3"}],"replies":[{"embeddable":true,"href":"https:\/\/iglesiarincon.org\/revista\/wp-json\/wp\/v2\/comments?post=2897"}],"version-history":[{"count":5,"href":"https:\/\/iglesiarincon.org\/revista\/wp-json\/wp\/v2\/posts\/2897\/revisions"}],"predecessor-version":[{"id":2946,"href":"https:\/\/iglesiarincon.org\/revista\/wp-json\/wp\/v2\/posts\/2897\/revisions\/2946"}],"wp:featuredmedia":[{"embeddable":true,"href":"https:\/\/iglesiarincon.org\/revista\/wp-json\/wp\/v2\/media\/2902"}],"wp:attachment":[{"href":"https:\/\/iglesiarincon.org\/revista\/wp-json\/wp\/v2\/media?parent=2897"}],"wp:term":[{"taxonomy":"category","embeddable":true,"href":"https:\/\/iglesiarincon.org\/revista\/wp-json\/wp\/v2\/categories?post=2897"},{"taxonomy":"post_tag","embeddable":true,"href":"https:\/\/iglesiarincon.org\/revista\/wp-json\/wp\/v2\/tags?post=2897"}],"curies":[{"name":"wp","href":"https:\/\/api.w.org\/{rel}","templated":true}]}}