{"id":197,"date":"2019-12-10T03:56:42","date_gmt":"2019-12-10T03:56:42","guid":{"rendered":"https:\/\/iglesiarincon.org\/revista\/?p=197"},"modified":"2019-12-13T23:31:03","modified_gmt":"2019-12-13T23:31:03","slug":"metas-y-planes","status":"publish","type":"post","link":"https:\/\/iglesiarincon.org\/revista\/metas-y-planes\/","title":{"rendered":"metas y planes"},"content":{"rendered":"\n[et_pb_section fb_built=\u00bb1&#8243; admin_label=\u00bbsection\u00bb _builder_version=\u00bb3.22&#8243;][et_pb_row admin_label=\u00bbrow\u00bb _builder_version=\u00bb4.0.8&#8243; background_size=\u00bbinitial\u00bb background_position=\u00bbtop_left\u00bb background_repeat=\u00bbrepeat\u00bb hover_enabled=\u00bb0&#8243;][et_pb_column type=\u00bb4_4&#8243; _builder_version=\u00bb3.25&#8243; custom_padding=\u00bb|||\u00bb custom_padding__hover=\u00bb|||\u00bb][et_pb_text admin_label=\u00bbText\u00bb _builder_version=\u00bb4.0.8&#8243; background_size=\u00bbinitial\u00bb background_position=\u00bbtop_left\u00bb background_repeat=\u00bbrepeat\u00bb hover_enabled=\u00bb0&#8243;]<p><em>Querida Florencia:<\/em><\/p>\n<p><em>Siempre que termina un a\u00f1o y comienza otro, hacemos un recuento de lo pasado y nos llenamos de planes par el futuro\u2026Cuando en todo lo pasado hemos podido cumplir con las metas que nos propusimos, sentimos alivio y agradecimiento al Se\u00f1or.<\/em><\/p>\n<p><em>Pero casi siempre ocurre que quedan algunas metas sin alcanzar.<\/em><\/p>\n<p><em>Seguramente este a\u00f1o hemos tenido objetivos personales, en el estudio, en proyectos, viajes, salidas de paseo, a comer, etc. y ojal\u00e1 vos hayas podido cumplir todas tus metas!, seguramente si es as\u00ed estar\u00e1s contenta y lo que no se pudo hacer\u00a0 te puede traer tristeza\u2026pero son consecuencias pasajeras, cierto?<\/em><\/p>\n<p><em>Pero cuando las metas incumplidas son espirituales, las consecuencias son eternas: habremos aprovechado o no el tiempo que el Se\u00f1or nos dio de vida en este mundo para servirle, habr\u00e1 premio o no a nuestra labor, seremos aprobados o no en lo que hicimos, pensamos, dijimos, \u2026y esto es para siempre.<\/em><\/p>\n<p><em>El Ap\u00f3stol Pablo exhorta a aprovechar bien el tiempo, en Efesios 5:17, y que le glorifiquemos en todo lo que hagamos, \u201cGlorificad, pues a Dios en vuestro cuerpo y en vuestro esp\u00edritu, los cuales son de Dios.\u201d dice en 1 Cor 6:20<\/em><\/p>\n<p><em>Por eso, querida sobrina es importante que sepas que en todos los objetivos que tengas para el a\u00f1o pr\u00f3ximo tanto personales, y m\u00e1s a\u00fan en los de servicio espiritual, busques darle Gloria a Dios en todo lo que hagas, aprovechando bien el tiempo y usando bien las oportunidades que tengas de dar testimonio con tu vida y honrarle con tu conducta.<\/em><\/p>\n<p><em>Te mando un abrazo grande, seguramente nos vemos en Navidad,<\/em><\/p>\n<p><em>muchos cari\u00f1os!<\/em><\/p>\n<p><em>\u00a0<\/em><em>Tu t\u00eda Adela<\/em><\/p>\n<p><\/p>[\/et_pb_text][\/et_pb_column][\/et_pb_row][\/et_pb_section]\n","protected":false},"excerpt":{"rendered":"<p>Querida Florencia: Siempre que termina un a\u00f1o y comienza otro, hacemos un recuento de lo pasado y nos llenamos de planes par el futuro\u2026Cuando en todo lo pasado hemos podido cumplir con las metas que nos propusimos, sentimos alivio y agradecimiento al Se\u00f1or. Pero casi siempre ocurre que quedan algunas metas sin alcanzar. Seguramente este [&hellip;]<\/p>\n","protected":false},"author":3,"featured_media":198,"comment_status":"open","ping_status":"open","sticky":false,"template":"","format":"standard","meta":{"_et_pb_use_builder":"on","_et_pb_old_content":"<!-- wp:divi\/placeholder \/-->","_et_gb_content_width":"","footnotes":""},"categories":[6],"tags":[],"class_list":["post-197","post","type-post","status-publish","format-standard","has-post-thumbnail","hentry","category-cartas-a-florencia","et-has-post-format-content","et_post_format-et-post-format-standard"],"yoast_head":"<!-- This site is optimized with the Yoast SEO plugin v27.5 - https:\/\/yoast.com\/product\/yoast-seo-wordpress\/ -->\n<title>metas y planes - La Revista de Rinc&oacute;n<\/title>\n<meta name=\"robots\" content=\"index, follow, max-snippet:-1, max-image-preview:large, max-video-preview:-1\" \/>\n<link rel=\"canonical\" href=\"https:\/\/iglesiarincon.org\/revista\/metas-y-planes\/\" \/>\n<meta property=\"og:locale\" content=\"es_ES\" \/>\n<meta property=\"og:type\" content=\"article\" \/>\n<meta property=\"og:title\" content=\"metas y planes - La Revista de Rinc&oacute;n\" \/>\n<meta property=\"og:description\" content=\"Querida Florencia: Siempre que termina un a\u00f1o y comienza otro, hacemos un recuento de lo pasado y nos llenamos de planes par el futuro\u2026Cuando en todo lo pasado hemos podido cumplir con las metas que nos propusimos, sentimos alivio y agradecimiento al Se\u00f1or. Pero casi siempre ocurre que quedan algunas metas sin alcanzar. Seguramente este [&hellip;]\" \/>\n<meta property=\"og:url\" content=\"https:\/\/iglesiarincon.org\/revista\/metas-y-planes\/\" \/>\n<meta property=\"og:site_name\" content=\"La Revista de Rinc&oacute;n\" \/>\n<meta property=\"article:published_time\" content=\"2019-12-10T03:56:42+00:00\" \/>\n<meta property=\"article:modified_time\" content=\"2019-12-13T23:31:03+00:00\" \/>\n<meta property=\"og:image\" content=\"https:\/\/iglesiarincon.org\/revista\/wp-content\/uploads\/2019\/12\/metas.jpg\" \/>\n\t<meta property=\"og:image:width\" content=\"1280\" \/>\n\t<meta property=\"og:image:height\" content=\"853\" \/>\n\t<meta property=\"og:image:type\" content=\"image\/jpeg\" \/>\n<meta name=\"author\" content=\"Romina C.\" \/>\n<meta name=\"twitter:card\" content=\"summary_large_image\" \/>\n<meta name=\"twitter:label1\" content=\"Escrito por\" \/>\n\t<meta name=\"twitter:data1\" content=\"Romina C.\" \/>\n\t<meta name=\"twitter:label2\" content=\"Tiempo de lectura\" \/>\n\t<meta name=\"twitter:data2\" content=\"2 minutos\" \/>\n<script type=\"application\/ld+json\" class=\"yoast-schema-graph\">{\"@context\":\"https:\\\/\\\/schema.org\",\"@graph\":[{\"@type\":\"Article\",\"@id\":\"https:\\\/\\\/iglesiarincon.org\\\/revista\\\/metas-y-planes\\\/#article\",\"isPartOf\":{\"@id\":\"https:\\\/\\\/iglesiarincon.org\\\/revista\\\/metas-y-planes\\\/\"},\"author\":{\"name\":\"Romina C.\",\"@id\":\"https:\\\/\\\/iglesiarincon.org\\\/revista\\\/#\\\/schema\\\/person\\\/a8b2fdd8f8efe2495a340a0febbe7df4\"},\"headline\":\"metas y planes\",\"datePublished\":\"2019-12-10T03:56:42+00:00\",\"dateModified\":\"2019-12-13T23:31:03+00:00\",\"mainEntityOfPage\":{\"@id\":\"https:\\\/\\\/iglesiarincon.org\\\/revista\\\/metas-y-planes\\\/\"},\"wordCount\":359,\"commentCount\":0,\"image\":{\"@id\":\"https:\\\/\\\/iglesiarincon.org\\\/revista\\\/metas-y-planes\\\/#primaryimage\"},\"thumbnailUrl\":\"https:\\\/\\\/iglesiarincon.org\\\/revista\\\/wp-content\\\/uploads\\\/2019\\\/12\\\/metas.jpg\",\"articleSection\":[\"Cartas a Florencia\"],\"inLanguage\":\"es\",\"potentialAction\":[{\"@type\":\"CommentAction\",\"name\":\"Comment\",\"target\":[\"https:\\\/\\\/iglesiarincon.org\\\/revista\\\/metas-y-planes\\\/#respond\"]}]},{\"@type\":\"WebPage\",\"@id\":\"https:\\\/\\\/iglesiarincon.org\\\/revista\\\/metas-y-planes\\\/\",\"url\":\"https:\\\/\\\/iglesiarincon.org\\\/revista\\\/metas-y-planes\\\/\",\"name\":\"metas y planes - La Revista de Rinc&oacute;n\",\"isPartOf\":{\"@id\":\"https:\\\/\\\/iglesiarincon.org\\\/revista\\\/#website\"},\"primaryImageOfPage\":{\"@id\":\"https:\\\/\\\/iglesiarincon.org\\\/revista\\\/metas-y-planes\\\/#primaryimage\"},\"image\":{\"@id\":\"https:\\\/\\\/iglesiarincon.org\\\/revista\\\/metas-y-planes\\\/#primaryimage\"},\"thumbnailUrl\":\"https:\\\/\\\/iglesiarincon.org\\\/revista\\\/wp-content\\\/uploads\\\/2019\\\/12\\\/metas.jpg\",\"datePublished\":\"2019-12-10T03:56:42+00:00\",\"dateModified\":\"2019-12-13T23:31:03+00:00\",\"author\":{\"@id\":\"https:\\\/\\\/iglesiarincon.org\\\/revista\\\/#\\\/schema\\\/person\\\/a8b2fdd8f8efe2495a340a0febbe7df4\"},\"breadcrumb\":{\"@id\":\"https:\\\/\\\/iglesiarincon.org\\\/revista\\\/metas-y-planes\\\/#breadcrumb\"},\"inLanguage\":\"es\",\"potentialAction\":[{\"@type\":\"ReadAction\",\"target\":[\"https:\\\/\\\/iglesiarincon.org\\\/revista\\\/metas-y-planes\\\/\"]}]},{\"@type\":\"ImageObject\",\"inLanguage\":\"es\",\"@id\":\"https:\\\/\\\/iglesiarincon.org\\\/revista\\\/metas-y-planes\\\/#primaryimage\",\"url\":\"https:\\\/\\\/iglesiarincon.org\\\/revista\\\/wp-content\\\/uploads\\\/2019\\\/12\\\/metas.jpg\",\"contentUrl\":\"https:\\\/\\\/iglesiarincon.org\\\/revista\\\/wp-content\\\/uploads\\\/2019\\\/12\\\/metas.jpg\",\"width\":1280,\"height\":853},{\"@type\":\"BreadcrumbList\",\"@id\":\"https:\\\/\\\/iglesiarincon.org\\\/revista\\\/metas-y-planes\\\/#breadcrumb\",\"itemListElement\":[{\"@type\":\"ListItem\",\"position\":1,\"name\":\"Portada\",\"item\":\"https:\\\/\\\/iglesiarincon.org\\\/revista\\\/\"},{\"@type\":\"ListItem\",\"position\":2,\"name\":\"metas y planes\"}]},{\"@type\":\"WebSite\",\"@id\":\"https:\\\/\\\/iglesiarincon.org\\\/revista\\\/#website\",\"url\":\"https:\\\/\\\/iglesiarincon.org\\\/revista\\\/\",\"name\":\"La Revista de Rinc&oacute;n\",\"description\":\"Compartiendo lo mejor\",\"potentialAction\":[{\"@type\":\"SearchAction\",\"target\":{\"@type\":\"EntryPoint\",\"urlTemplate\":\"https:\\\/\\\/iglesiarincon.org\\\/revista\\\/?s={search_term_string}\"},\"query-input\":{\"@type\":\"PropertyValueSpecification\",\"valueRequired\":true,\"valueName\":\"search_term_string\"}}],\"inLanguage\":\"es\"},{\"@type\":\"Person\",\"@id\":\"https:\\\/\\\/iglesiarincon.org\\\/revista\\\/#\\\/schema\\\/person\\\/a8b2fdd8f8efe2495a340a0febbe7df4\",\"name\":\"Romina C.\",\"image\":{\"@type\":\"ImageObject\",\"inLanguage\":\"es\",\"@id\":\"https:\\\/\\\/secure.gravatar.com\\\/avatar\\\/ee5f1636ac9c9cee41877d3709d1d83364afc6a75a9dfd95fed8a9decdc11d00?s=96&d=mm&r=g\",\"url\":\"https:\\\/\\\/secure.gravatar.com\\\/avatar\\\/ee5f1636ac9c9cee41877d3709d1d83364afc6a75a9dfd95fed8a9decdc11d00?s=96&d=mm&r=g\",\"contentUrl\":\"https:\\\/\\\/secure.gravatar.com\\\/avatar\\\/ee5f1636ac9c9cee41877d3709d1d83364afc6a75a9dfd95fed8a9decdc11d00?s=96&d=mm&r=g\",\"caption\":\"Romina C.\"},\"url\":\"https:\\\/\\\/iglesiarincon.org\\\/revista\\\/author\\\/romicampi\\\/\"}]}<\/script>\n<!-- \/ Yoast SEO plugin. -->","yoast_head_json":{"title":"metas y planes - La Revista de Rinc&oacute;n","robots":{"index":"index","follow":"follow","max-snippet":"max-snippet:-1","max-image-preview":"max-image-preview:large","max-video-preview":"max-video-preview:-1"},"canonical":"https:\/\/iglesiarincon.org\/revista\/metas-y-planes\/","og_locale":"es_ES","og_type":"article","og_title":"metas y planes - La Revista de Rinc&oacute;n","og_description":"Querida Florencia: Siempre que termina un a\u00f1o y comienza otro, hacemos un recuento de lo pasado y nos llenamos de planes par el futuro\u2026Cuando en todo lo pasado hemos podido cumplir con las metas que nos propusimos, sentimos alivio y agradecimiento al Se\u00f1or. Pero casi siempre ocurre que quedan algunas metas sin alcanzar. Seguramente este [&hellip;]","og_url":"https:\/\/iglesiarincon.org\/revista\/metas-y-planes\/","og_site_name":"La Revista de Rinc&oacute;n","article_published_time":"2019-12-10T03:56:42+00:00","article_modified_time":"2019-12-13T23:31:03+00:00","og_image":[{"width":1280,"height":853,"url":"https:\/\/iglesiarincon.org\/revista\/wp-content\/uploads\/2019\/12\/metas.jpg","type":"image\/jpeg"}],"author":"Romina C.","twitter_card":"summary_large_image","twitter_misc":{"Escrito por":"Romina C.","Tiempo de lectura":"2 minutos"},"schema":{"@context":"https:\/\/schema.org","@graph":[{"@type":"Article","@id":"https:\/\/iglesiarincon.org\/revista\/metas-y-planes\/#article","isPartOf":{"@id":"https:\/\/iglesiarincon.org\/revista\/metas-y-planes\/"},"author":{"name":"Romina C.","@id":"https:\/\/iglesiarincon.org\/revista\/#\/schema\/person\/a8b2fdd8f8efe2495a340a0febbe7df4"},"headline":"metas y planes","datePublished":"2019-12-10T03:56:42+00:00","dateModified":"2019-12-13T23:31:03+00:00","mainEntityOfPage":{"@id":"https:\/\/iglesiarincon.org\/revista\/metas-y-planes\/"},"wordCount":359,"commentCount":0,"image":{"@id":"https:\/\/iglesiarincon.org\/revista\/metas-y-planes\/#primaryimage"},"thumbnailUrl":"https:\/\/iglesiarincon.org\/revista\/wp-content\/uploads\/2019\/12\/metas.jpg","articleSection":["Cartas a Florencia"],"inLanguage":"es","potentialAction":[{"@type":"CommentAction","name":"Comment","target":["https:\/\/iglesiarincon.org\/revista\/metas-y-planes\/#respond"]}]},{"@type":"WebPage","@id":"https:\/\/iglesiarincon.org\/revista\/metas-y-planes\/","url":"https:\/\/iglesiarincon.org\/revista\/metas-y-planes\/","name":"metas y planes - La Revista de Rinc&oacute;n","isPartOf":{"@id":"https:\/\/iglesiarincon.org\/revista\/#website"},"primaryImageOfPage":{"@id":"https:\/\/iglesiarincon.org\/revista\/metas-y-planes\/#primaryimage"},"image":{"@id":"https:\/\/iglesiarincon.org\/revista\/metas-y-planes\/#primaryimage"},"thumbnailUrl":"https:\/\/iglesiarincon.org\/revista\/wp-content\/uploads\/2019\/12\/metas.jpg","datePublished":"2019-12-10T03:56:42+00:00","dateModified":"2019-12-13T23:31:03+00:00","author":{"@id":"https:\/\/iglesiarincon.org\/revista\/#\/schema\/person\/a8b2fdd8f8efe2495a340a0febbe7df4"},"breadcrumb":{"@id":"https:\/\/iglesiarincon.org\/revista\/metas-y-planes\/#breadcrumb"},"inLanguage":"es","potentialAction":[{"@type":"ReadAction","target":["https:\/\/iglesiarincon.org\/revista\/metas-y-planes\/"]}]},{"@type":"ImageObject","inLanguage":"es","@id":"https:\/\/iglesiarincon.org\/revista\/metas-y-planes\/#primaryimage","url":"https:\/\/iglesiarincon.org\/revista\/wp-content\/uploads\/2019\/12\/metas.jpg","contentUrl":"https:\/\/iglesiarincon.org\/revista\/wp-content\/uploads\/2019\/12\/metas.jpg","width":1280,"height":853},{"@type":"BreadcrumbList","@id":"https:\/\/iglesiarincon.org\/revista\/metas-y-planes\/#breadcrumb","itemListElement":[{"@type":"ListItem","position":1,"name":"Portada","item":"https:\/\/iglesiarincon.org\/revista\/"},{"@type":"ListItem","position":2,"name":"metas y planes"}]},{"@type":"WebSite","@id":"https:\/\/iglesiarincon.org\/revista\/#website","url":"https:\/\/iglesiarincon.org\/revista\/","name":"La Revista de Rinc&oacute;n","description":"Compartiendo lo mejor","potentialAction":[{"@type":"SearchAction","target":{"@type":"EntryPoint","urlTemplate":"https:\/\/iglesiarincon.org\/revista\/?s={search_term_string}"},"query-input":{"@type":"PropertyValueSpecification","valueRequired":true,"valueName":"search_term_string"}}],"inLanguage":"es"},{"@type":"Person","@id":"https:\/\/iglesiarincon.org\/revista\/#\/schema\/person\/a8b2fdd8f8efe2495a340a0febbe7df4","name":"Romina C.","image":{"@type":"ImageObject","inLanguage":"es","@id":"https:\/\/secure.gravatar.com\/avatar\/ee5f1636ac9c9cee41877d3709d1d83364afc6a75a9dfd95fed8a9decdc11d00?s=96&d=mm&r=g","url":"https:\/\/secure.gravatar.com\/avatar\/ee5f1636ac9c9cee41877d3709d1d83364afc6a75a9dfd95fed8a9decdc11d00?s=96&d=mm&r=g","contentUrl":"https:\/\/secure.gravatar.com\/avatar\/ee5f1636ac9c9cee41877d3709d1d83364afc6a75a9dfd95fed8a9decdc11d00?s=96&d=mm&r=g","caption":"Romina C."},"url":"https:\/\/iglesiarincon.org\/revista\/author\/romicampi\/"}]}},"_links":{"self":[{"href":"https:\/\/iglesiarincon.org\/revista\/wp-json\/wp\/v2\/posts\/197","targetHints":{"allow":["GET"]}}],"collection":[{"href":"https:\/\/iglesiarincon.org\/revista\/wp-json\/wp\/v2\/posts"}],"about":[{"href":"https:\/\/iglesiarincon.org\/revista\/wp-json\/wp\/v2\/types\/post"}],"author":[{"embeddable":true,"href":"https:\/\/iglesiarincon.org\/revista\/wp-json\/wp\/v2\/users\/3"}],"replies":[{"embeddable":true,"href":"https:\/\/iglesiarincon.org\/revista\/wp-json\/wp\/v2\/comments?post=197"}],"version-history":[{"count":5,"href":"https:\/\/iglesiarincon.org\/revista\/wp-json\/wp\/v2\/posts\/197\/revisions"}],"predecessor-version":[{"id":207,"href":"https:\/\/iglesiarincon.org\/revista\/wp-json\/wp\/v2\/posts\/197\/revisions\/207"}],"wp:featuredmedia":[{"embeddable":true,"href":"https:\/\/iglesiarincon.org\/revista\/wp-json\/wp\/v2\/media\/198"}],"wp:attachment":[{"href":"https:\/\/iglesiarincon.org\/revista\/wp-json\/wp\/v2\/media?parent=197"}],"wp:term":[{"taxonomy":"category","embeddable":true,"href":"https:\/\/iglesiarincon.org\/revista\/wp-json\/wp\/v2\/categories?post=197"},{"taxonomy":"post_tag","embeddable":true,"href":"https:\/\/iglesiarincon.org\/revista\/wp-json\/wp\/v2\/tags?post=197"}],"curies":[{"name":"wp","href":"https:\/\/api.w.org\/{rel}","templated":true}]}}