{"id":1710,"date":"2020-05-09T09:52:41","date_gmt":"2020-05-09T12:52:41","guid":{"rendered":"https:\/\/iglesiarincon.org\/revista\/?p=1710&#038;preview=true&#038;preview_id=1710"},"modified":"2020-10-18T11:49:04","modified_gmt":"2020-10-18T14:49:04","slug":"la-segunda-venida-1-parte","status":"publish","type":"post","link":"https:\/\/iglesiarincon.org\/revista\/la-segunda-venida-1-parte\/","title":{"rendered":"El Futuro Seg\u00fan la Biblia 1\u00b0parte"},"content":{"rendered":"\n[et_pb_section fb_built=\u00bb1&#8243; _builder_version=\u00bb4.4.1&#8243;][et_pb_row _builder_version=\u00bb4.4.5&#8243;][et_pb_column type=\u00bb4_4&#8243; _builder_version=\u00bb4.4.5&#8243;][et_pb_video src=\u00bbhttps:\/\/02-revista.s3-sa-east-1.amazonaws.com\/Videos\/Samuel+Perez+Millo\/20200509_Vid_EFSB_01_Introducci%C3%B3n+Profec%C3%ADa+B%C3%ADblica.mp4&#8243; play_icon_color=\u00bb#E02B20&#8243; thumbnail_overlay_color=\u00bbrgba(0,0,0,0.6)\u00bb _builder_version=\u00bb4.6.6&#8243; hover_enabled=\u00bb0&#8243; border_radii=\u00bbon|3px|3px|3px|3px\u00bb border_width_all=\u00bb3px\u00bb border_color_all=\u00bb#8f8f8f\u00bb box_shadow_style=\u00bbpreset3&#8243; sticky_enabled=\u00bb0&#8243;][\/et_pb_video][et_pb_post_title date=\u00bboff\u00bb featured_image=\u00bboff\u00bb _builder_version=\u00bb4.4.5&#8243;][\/et_pb_post_title][\/et_pb_column][\/et_pb_row][et_pb_row _builder_version=\u00bb4.4.1&#8243;][et_pb_column type=\u00bb4_4&#8243; _builder_version=\u00bb4.4.1&#8243;][et_pb_text _builder_version=\u00bb4.4.5&#8243;]<p>Samuel Perez Millo introduce su estudio de los eventos futuros, haciendo incapi\u00e9 en la revelaci\u00f3n de las profec\u00edas y de su voluntad basadas solo en La Palabra de Dios, y no en revelaci\u00f3n humana, siendo esta misma eficaz y eficiente para obrar lo que Dios quiere y para lo que es enviada.<\/p>\n<p>Se explaya en explicar c\u00f3mo interpretar correctamente La Palabra de Dios, especialmente en las profec\u00edas y los eventos futuros, teniendo que ser el objetivo del estudio, vivir a la luz de la esperanza de Dios con el conocimiento panor\u00e1mico de lo que va a acontecer.<\/p>\n<p>&nbsp;<\/p>\n<p>&nbsp;<\/p>[\/et_pb_text][\/et_pb_column][\/et_pb_row][et_pb_row _builder_version=\u00bb4.4.5&#8243;][et_pb_column type=\u00bb4_4&#8243; _builder_version=\u00bb4.4.5&#8243;][et_pb_button button_url=\u00bbhttps:\/\/02-revista.s3-sa-east-1.amazonaws.com\/Videos\/Samuel+Perez+Millo\/20200509_Doc_EFSB_Escatolog%C3%ADa_1.pdf\u00bb url_new_window=\u00bbon\u00bb button_text=\u00bbDescargar apuntes\u00bb _builder_version=\u00bb4.6.6&#8243; hover_enabled=\u00bb0&#8243; sticky_enabled=\u00bb0&#8243;][\/et_pb_button][et_pb_text _builder_version=\u00bb4.4.5&#8243; text_font_size=\u00bb12px\u00bb]<p>Fuente: canal de Youtube <a href=\"https:\/\/youtu.be\/mhMl309lTyU\" target=\"_blank\" rel=\"noopener noreferrer\">Samuel Perez Millo<\/a><\/p>[\/et_pb_text][\/et_pb_column][\/et_pb_row][\/et_pb_section]\n","protected":false},"excerpt":{"rendered":"<p>Samuel Perez Millo introduce su estudio de los eventos futuros, haciendo incapi\u00e9 en la revelaci\u00f3n de las profec\u00edas y de su voluntad basadas solo en La Palabra de Dios, y no en revelaci\u00f3n humana, siendo esta misma eficaz y eficiente para obrar lo que Dios quiere y para lo que es enviada. Se explaya en [&hellip;]<\/p>\n","protected":false},"author":1,"featured_media":1784,"comment_status":"open","ping_status":"open","sticky":false,"template":"","format":"standard","meta":{"_et_pb_use_builder":"on","_et_pb_old_content":"","_et_gb_content_width":"","footnotes":""},"categories":[53,43],"tags":[],"class_list":["post-1710","post","type-post","status-publish","format-standard","has-post-thumbnail","hentry","category-la-2-venida","category-videos","et-has-post-format-content","et_post_format-et-post-format-standard"],"yoast_head":"<!-- This site is optimized with the Yoast SEO plugin v27.5 - https:\/\/yoast.com\/product\/yoast-seo-wordpress\/ -->\n<title>El Futuro Seg\u00fan la Biblia 1\u00b0parte - La Revista de Rinc&oacute;n<\/title>\n<meta name=\"description\" content=\"Introducci\u00f3n al estudio de los eventos futuros, haciendo incapi\u00e9 en la revelaci\u00f3n de las profec\u00edas basadas solo en La Palabra de Dios,\" \/>\n<meta name=\"robots\" content=\"index, follow, max-snippet:-1, max-image-preview:large, max-video-preview:-1\" \/>\n<link rel=\"canonical\" href=\"https:\/\/iglesiarincon.org\/revista\/la-segunda-venida-1-parte\/\" \/>\n<meta property=\"og:locale\" content=\"es_ES\" \/>\n<meta property=\"og:type\" content=\"article\" \/>\n<meta property=\"og:title\" content=\"El Futuro Seg\u00fan la Biblia 1\u00b0parte - La Revista de Rinc&oacute;n\" \/>\n<meta property=\"og:description\" content=\"Introducci\u00f3n al estudio de los eventos futuros, haciendo incapi\u00e9 en la revelaci\u00f3n de las profec\u00edas basadas solo en La Palabra de Dios,\" \/>\n<meta property=\"og:url\" content=\"https:\/\/iglesiarincon.org\/revista\/la-segunda-venida-1-parte\/\" \/>\n<meta property=\"og:site_name\" content=\"La Revista de Rinc&oacute;n\" \/>\n<meta property=\"article:published_time\" content=\"2020-05-09T12:52:41+00:00\" \/>\n<meta property=\"article:modified_time\" content=\"2020-10-18T14:49:04+00:00\" \/>\n<meta property=\"og:image\" content=\"https:\/\/iglesiarincon.org\/revista\/wp-content\/uploads\/2020\/05\/La-segunda-venida.png\" \/>\n\t<meta property=\"og:image:width\" content=\"512\" \/>\n\t<meta property=\"og:image:height\" content=\"281\" \/>\n\t<meta property=\"og:image:type\" content=\"image\/png\" \/>\n<meta name=\"author\" content=\"Samuel Perez Millo\" \/>\n<meta name=\"twitter:card\" content=\"summary_large_image\" \/>\n<meta name=\"twitter:label1\" content=\"Escrito por\" \/>\n\t<meta name=\"twitter:data1\" content=\"Samuel Perez Millo\" \/>\n\t<meta name=\"twitter:label2\" content=\"Tiempo de lectura\" \/>\n\t<meta name=\"twitter:data2\" content=\"2 minutos\" \/>\n<script type=\"application\/ld+json\" class=\"yoast-schema-graph\">{\"@context\":\"https:\\\/\\\/schema.org\",\"@graph\":[{\"@type\":\"Article\",\"@id\":\"https:\\\/\\\/iglesiarincon.org\\\/revista\\\/la-segunda-venida-1-parte\\\/#article\",\"isPartOf\":{\"@id\":\"https:\\\/\\\/iglesiarincon.org\\\/revista\\\/la-segunda-venida-1-parte\\\/\"},\"author\":{\"name\":\"Samuel Perez Millo\",\"@id\":\"https:\\\/\\\/iglesiarincon.org\\\/revista\\\/#\\\/schema\\\/person\\\/af865a3a1c9300eb9cd611f46aba167d\"},\"headline\":\"El Futuro Seg\u00fan la Biblia 1\u00b0parte\",\"datePublished\":\"2020-05-09T12:52:41+00:00\",\"dateModified\":\"2020-10-18T14:49:04+00:00\",\"mainEntityOfPage\":{\"@id\":\"https:\\\/\\\/iglesiarincon.org\\\/revista\\\/la-segunda-venida-1-parte\\\/\"},\"wordCount\":319,\"commentCount\":0,\"image\":{\"@id\":\"https:\\\/\\\/iglesiarincon.org\\\/revista\\\/la-segunda-venida-1-parte\\\/#primaryimage\"},\"thumbnailUrl\":\"https:\\\/\\\/iglesiarincon.org\\\/revista\\\/wp-content\\\/uploads\\\/2020\\\/05\\\/La-segunda-venida.png\",\"articleSection\":[\"La 2\u00b0 Venida\",\"Videos\"],\"inLanguage\":\"es\",\"potentialAction\":[{\"@type\":\"CommentAction\",\"name\":\"Comment\",\"target\":[\"https:\\\/\\\/iglesiarincon.org\\\/revista\\\/la-segunda-venida-1-parte\\\/#respond\"]}]},{\"@type\":\"WebPage\",\"@id\":\"https:\\\/\\\/iglesiarincon.org\\\/revista\\\/la-segunda-venida-1-parte\\\/\",\"url\":\"https:\\\/\\\/iglesiarincon.org\\\/revista\\\/la-segunda-venida-1-parte\\\/\",\"name\":\"El Futuro Seg\u00fan la Biblia 1\u00b0parte - La Revista de Rinc&oacute;n\",\"isPartOf\":{\"@id\":\"https:\\\/\\\/iglesiarincon.org\\\/revista\\\/#website\"},\"primaryImageOfPage\":{\"@id\":\"https:\\\/\\\/iglesiarincon.org\\\/revista\\\/la-segunda-venida-1-parte\\\/#primaryimage\"},\"image\":{\"@id\":\"https:\\\/\\\/iglesiarincon.org\\\/revista\\\/la-segunda-venida-1-parte\\\/#primaryimage\"},\"thumbnailUrl\":\"https:\\\/\\\/iglesiarincon.org\\\/revista\\\/wp-content\\\/uploads\\\/2020\\\/05\\\/La-segunda-venida.png\",\"datePublished\":\"2020-05-09T12:52:41+00:00\",\"dateModified\":\"2020-10-18T14:49:04+00:00\",\"author\":{\"@id\":\"https:\\\/\\\/iglesiarincon.org\\\/revista\\\/#\\\/schema\\\/person\\\/af865a3a1c9300eb9cd611f46aba167d\"},\"description\":\"Introducci\u00f3n al estudio de los eventos futuros, haciendo incapi\u00e9 en la revelaci\u00f3n de las profec\u00edas basadas solo en La Palabra de Dios,\",\"breadcrumb\":{\"@id\":\"https:\\\/\\\/iglesiarincon.org\\\/revista\\\/la-segunda-venida-1-parte\\\/#breadcrumb\"},\"inLanguage\":\"es\",\"potentialAction\":[{\"@type\":\"ReadAction\",\"target\":[\"https:\\\/\\\/iglesiarincon.org\\\/revista\\\/la-segunda-venida-1-parte\\\/\"]}]},{\"@type\":\"ImageObject\",\"inLanguage\":\"es\",\"@id\":\"https:\\\/\\\/iglesiarincon.org\\\/revista\\\/la-segunda-venida-1-parte\\\/#primaryimage\",\"url\":\"https:\\\/\\\/iglesiarincon.org\\\/revista\\\/wp-content\\\/uploads\\\/2020\\\/05\\\/La-segunda-venida.png\",\"contentUrl\":\"https:\\\/\\\/iglesiarincon.org\\\/revista\\\/wp-content\\\/uploads\\\/2020\\\/05\\\/La-segunda-venida.png\",\"width\":512,\"height\":281,\"caption\":\"La Segunda Venida\"},{\"@type\":\"BreadcrumbList\",\"@id\":\"https:\\\/\\\/iglesiarincon.org\\\/revista\\\/la-segunda-venida-1-parte\\\/#breadcrumb\",\"itemListElement\":[{\"@type\":\"ListItem\",\"position\":1,\"name\":\"Portada\",\"item\":\"https:\\\/\\\/iglesiarincon.org\\\/revista\\\/\"},{\"@type\":\"ListItem\",\"position\":2,\"name\":\"El Futuro Seg\u00fan la Biblia 1\u00b0parte\"}]},{\"@type\":\"WebSite\",\"@id\":\"https:\\\/\\\/iglesiarincon.org\\\/revista\\\/#website\",\"url\":\"https:\\\/\\\/iglesiarincon.org\\\/revista\\\/\",\"name\":\"La Revista de Rinc&oacute;n\",\"description\":\"Compartiendo lo mejor\",\"potentialAction\":[{\"@type\":\"SearchAction\",\"target\":{\"@type\":\"EntryPoint\",\"urlTemplate\":\"https:\\\/\\\/iglesiarincon.org\\\/revista\\\/?s={search_term_string}\"},\"query-input\":{\"@type\":\"PropertyValueSpecification\",\"valueRequired\":true,\"valueName\":\"search_term_string\"}}],\"inLanguage\":\"es\"},{\"@type\":\"Person\",\"@id\":\"https:\\\/\\\/iglesiarincon.org\\\/revista\\\/#\\\/schema\\\/person\\\/af865a3a1c9300eb9cd611f46aba167d\",\"name\":\"Samuel Perez Millo\",\"image\":{\"@type\":\"ImageObject\",\"inLanguage\":\"es\",\"@id\":\"https:\\\/\\\/iglesiarincon.org\\\/revista\\\/wp-content\\\/uploads\\\/2020\\\/05\\\/samuel_perez_millos.jpeg\",\"url\":\"https:\\\/\\\/iglesiarincon.org\\\/revista\\\/wp-content\\\/uploads\\\/2020\\\/05\\\/samuel_perez_millos.jpeg\",\"contentUrl\":\"https:\\\/\\\/iglesiarincon.org\\\/revista\\\/wp-content\\\/uploads\\\/2020\\\/05\\\/samuel_perez_millos.jpeg\",\"caption\":\"Samuel Perez Millo\"},\"description\":\"Pastor de la Iglesia Evang\u00e9lica Unida, de Vigo, Espa\u00f1a desde el a\u00f1o 1981. Licenciado en Teolog\u00eda, Master en Cristolog\u00eda, Master en Espiritualidad Trinitaria, por el Instituto y Seminario B\u00edblico Evang\u00e9lico. Profesor en varias instituciones acad\u00e9micas de teolog\u00eda. Escritor de m\u00e1s de 50 libros de estudio b\u00edblico, autor del Comentario Exeg\u00e9tico al Texto Griego del Nuevo Testamento en 19 vol\u00famenes. Expositor, participando en conferencias en Hispanoam\u00e9rica, EE.UU., Australia, Europa.\",\"url\":\"#molongui-disabled-link\"}]}<\/script>\n<!-- \/ Yoast SEO plugin. -->","yoast_head_json":{"title":"El Futuro Seg\u00fan la Biblia 1\u00b0parte - La Revista de Rinc&oacute;n","description":"Introducci\u00f3n al estudio de los eventos futuros, haciendo incapi\u00e9 en la revelaci\u00f3n de las profec\u00edas basadas solo en La Palabra de Dios,","robots":{"index":"index","follow":"follow","max-snippet":"max-snippet:-1","max-image-preview":"max-image-preview:large","max-video-preview":"max-video-preview:-1"},"canonical":"https:\/\/iglesiarincon.org\/revista\/la-segunda-venida-1-parte\/","og_locale":"es_ES","og_type":"article","og_title":"El Futuro Seg\u00fan la Biblia 1\u00b0parte - La Revista de Rinc&oacute;n","og_description":"Introducci\u00f3n al estudio de los eventos futuros, haciendo incapi\u00e9 en la revelaci\u00f3n de las profec\u00edas basadas solo en La Palabra de Dios,","og_url":"https:\/\/iglesiarincon.org\/revista\/la-segunda-venida-1-parte\/","og_site_name":"La Revista de Rinc&oacute;n","article_published_time":"2020-05-09T12:52:41+00:00","article_modified_time":"2020-10-18T14:49:04+00:00","og_image":[{"width":512,"height":281,"url":"https:\/\/iglesiarincon.org\/revista\/wp-content\/uploads\/2020\/05\/La-segunda-venida.png","type":"image\/png"}],"author":"Samuel Perez Millo","twitter_card":"summary_large_image","twitter_misc":{"Escrito por":"Samuel Perez Millo","Tiempo de lectura":"2 minutos"},"schema":{"@context":"https:\/\/schema.org","@graph":[{"@type":"Article","@id":"https:\/\/iglesiarincon.org\/revista\/la-segunda-venida-1-parte\/#article","isPartOf":{"@id":"https:\/\/iglesiarincon.org\/revista\/la-segunda-venida-1-parte\/"},"author":{"name":"Samuel Perez Millo","@id":"https:\/\/iglesiarincon.org\/revista\/#\/schema\/person\/af865a3a1c9300eb9cd611f46aba167d"},"headline":"El Futuro Seg\u00fan la Biblia 1\u00b0parte","datePublished":"2020-05-09T12:52:41+00:00","dateModified":"2020-10-18T14:49:04+00:00","mainEntityOfPage":{"@id":"https:\/\/iglesiarincon.org\/revista\/la-segunda-venida-1-parte\/"},"wordCount":319,"commentCount":0,"image":{"@id":"https:\/\/iglesiarincon.org\/revista\/la-segunda-venida-1-parte\/#primaryimage"},"thumbnailUrl":"https:\/\/iglesiarincon.org\/revista\/wp-content\/uploads\/2020\/05\/La-segunda-venida.png","articleSection":["La 2\u00b0 Venida","Videos"],"inLanguage":"es","potentialAction":[{"@type":"CommentAction","name":"Comment","target":["https:\/\/iglesiarincon.org\/revista\/la-segunda-venida-1-parte\/#respond"]}]},{"@type":"WebPage","@id":"https:\/\/iglesiarincon.org\/revista\/la-segunda-venida-1-parte\/","url":"https:\/\/iglesiarincon.org\/revista\/la-segunda-venida-1-parte\/","name":"El Futuro Seg\u00fan la Biblia 1\u00b0parte - La Revista de Rinc&oacute;n","isPartOf":{"@id":"https:\/\/iglesiarincon.org\/revista\/#website"},"primaryImageOfPage":{"@id":"https:\/\/iglesiarincon.org\/revista\/la-segunda-venida-1-parte\/#primaryimage"},"image":{"@id":"https:\/\/iglesiarincon.org\/revista\/la-segunda-venida-1-parte\/#primaryimage"},"thumbnailUrl":"https:\/\/iglesiarincon.org\/revista\/wp-content\/uploads\/2020\/05\/La-segunda-venida.png","datePublished":"2020-05-09T12:52:41+00:00","dateModified":"2020-10-18T14:49:04+00:00","author":{"@id":"https:\/\/iglesiarincon.org\/revista\/#\/schema\/person\/af865a3a1c9300eb9cd611f46aba167d"},"description":"Introducci\u00f3n al estudio de los eventos futuros, haciendo incapi\u00e9 en la revelaci\u00f3n de las profec\u00edas basadas solo en La Palabra de Dios,","breadcrumb":{"@id":"https:\/\/iglesiarincon.org\/revista\/la-segunda-venida-1-parte\/#breadcrumb"},"inLanguage":"es","potentialAction":[{"@type":"ReadAction","target":["https:\/\/iglesiarincon.org\/revista\/la-segunda-venida-1-parte\/"]}]},{"@type":"ImageObject","inLanguage":"es","@id":"https:\/\/iglesiarincon.org\/revista\/la-segunda-venida-1-parte\/#primaryimage","url":"https:\/\/iglesiarincon.org\/revista\/wp-content\/uploads\/2020\/05\/La-segunda-venida.png","contentUrl":"https:\/\/iglesiarincon.org\/revista\/wp-content\/uploads\/2020\/05\/La-segunda-venida.png","width":512,"height":281,"caption":"La Segunda Venida"},{"@type":"BreadcrumbList","@id":"https:\/\/iglesiarincon.org\/revista\/la-segunda-venida-1-parte\/#breadcrumb","itemListElement":[{"@type":"ListItem","position":1,"name":"Portada","item":"https:\/\/iglesiarincon.org\/revista\/"},{"@type":"ListItem","position":2,"name":"El Futuro Seg\u00fan la Biblia 1\u00b0parte"}]},{"@type":"WebSite","@id":"https:\/\/iglesiarincon.org\/revista\/#website","url":"https:\/\/iglesiarincon.org\/revista\/","name":"La Revista de Rinc&oacute;n","description":"Compartiendo lo mejor","potentialAction":[{"@type":"SearchAction","target":{"@type":"EntryPoint","urlTemplate":"https:\/\/iglesiarincon.org\/revista\/?s={search_term_string}"},"query-input":{"@type":"PropertyValueSpecification","valueRequired":true,"valueName":"search_term_string"}}],"inLanguage":"es"},{"@type":"Person","@id":"https:\/\/iglesiarincon.org\/revista\/#\/schema\/person\/af865a3a1c9300eb9cd611f46aba167d","name":"Samuel Perez Millo","image":{"@type":"ImageObject","inLanguage":"es","@id":"https:\/\/iglesiarincon.org\/revista\/wp-content\/uploads\/2020\/05\/samuel_perez_millos.jpeg","url":"https:\/\/iglesiarincon.org\/revista\/wp-content\/uploads\/2020\/05\/samuel_perez_millos.jpeg","contentUrl":"https:\/\/iglesiarincon.org\/revista\/wp-content\/uploads\/2020\/05\/samuel_perez_millos.jpeg","caption":"Samuel Perez Millo"},"description":"Pastor de la Iglesia Evang\u00e9lica Unida, de Vigo, Espa\u00f1a desde el a\u00f1o 1981. Licenciado en Teolog\u00eda, Master en Cristolog\u00eda, Master en Espiritualidad Trinitaria, por el Instituto y Seminario B\u00edblico Evang\u00e9lico. Profesor en varias instituciones acad\u00e9micas de teolog\u00eda. Escritor de m\u00e1s de 50 libros de estudio b\u00edblico, autor del Comentario Exeg\u00e9tico al Texto Griego del Nuevo Testamento en 19 vol\u00famenes. Expositor, participando en conferencias en Hispanoam\u00e9rica, EE.UU., Australia, Europa.","url":"#molongui-disabled-link"}]}},"_links":{"self":[{"href":"https:\/\/iglesiarincon.org\/revista\/wp-json\/wp\/v2\/posts\/1710","targetHints":{"allow":["GET"]}}],"collection":[{"href":"https:\/\/iglesiarincon.org\/revista\/wp-json\/wp\/v2\/posts"}],"about":[{"href":"https:\/\/iglesiarincon.org\/revista\/wp-json\/wp\/v2\/types\/post"}],"author":[{"embeddable":true,"href":"https:\/\/iglesiarincon.org\/revista\/wp-json\/wp\/v2\/users\/1"}],"replies":[{"embeddable":true,"href":"https:\/\/iglesiarincon.org\/revista\/wp-json\/wp\/v2\/comments?post=1710"}],"version-history":[{"count":5,"href":"https:\/\/iglesiarincon.org\/revista\/wp-json\/wp\/v2\/posts\/1710\/revisions"}],"predecessor-version":[{"id":3723,"href":"https:\/\/iglesiarincon.org\/revista\/wp-json\/wp\/v2\/posts\/1710\/revisions\/3723"}],"wp:featuredmedia":[{"embeddable":true,"href":"https:\/\/iglesiarincon.org\/revista\/wp-json\/wp\/v2\/media\/1784"}],"wp:attachment":[{"href":"https:\/\/iglesiarincon.org\/revista\/wp-json\/wp\/v2\/media?parent=1710"}],"wp:term":[{"taxonomy":"category","embeddable":true,"href":"https:\/\/iglesiarincon.org\/revista\/wp-json\/wp\/v2\/categories?post=1710"},{"taxonomy":"post_tag","embeddable":true,"href":"https:\/\/iglesiarincon.org\/revista\/wp-json\/wp\/v2\/tags?post=1710"}],"curies":[{"name":"wp","href":"https:\/\/api.w.org\/{rel}","templated":true}]}}