{"id":137,"date":"2019-09-06T13:07:00","date_gmt":"2019-09-06T13:07:00","guid":{"rendered":"https:\/\/iglesiarincon.org\/revista\/?p=137"},"modified":"2020-06-25T09:33:16","modified_gmt":"2020-06-25T12:33:16","slug":"visitas-al-hospital-cordoba","status":"publish","type":"post","link":"https:\/\/iglesiarincon.org\/revista\/visitas-al-hospital-cordoba\/","title":{"rendered":"Visitas al Hospital C\u00f3rdoba"},"content":{"rendered":"[et_pb_section admin_label=\u00bbsection\u00bb]\n\t\t\t[et_pb_row admin_label=\u00bbrow\u00bb]\n\t\t\t\t[et_pb_column type=\u00bb4_4&#8243;][et_pb_text admin_label=\u00bbText\u00bb]\n<h2 class=\"wp-block-heading\">Contenci\u00f3n y acompa\u00f1amiento importante para los estan en enfermedad y angustia.<\/h2>\n\n\n\n<p>Entendemos que las visitas y el servicio a los enfermos que se encuentran en el Hospital C\u00f3rdoba son un acto de obediencia a Dios, y que forma parte del llamado del Se\u00f1or para los que somos sus hijos.<\/p>\n\n\n\n<p>En el mes de Septiembre del a\u00f1o pasado, despu\u00e9s de haber esperado por mucho tiempo una respuesta del Hospital, comenzamos a concurrir cada fin de semana a charlar con los pacientes que estaban internados. De hecho, de eso consiste la actividad, visitar a los pacientes del Hospital C\u00f3rdoba que est\u00e1n en tratamiento o esperando a ser operados, y a sus familiares que los acompa\u00f1an en su internaci\u00f3n. Llevamos cada s\u00e1bado te con algo rico para compartir, y en la medida que podemos conversamos acerca del evangelio.<\/p>\n\n\n\n<figure class=\"wp-block-image size-large\"><img loading=\"lazy\" decoding=\"async\" width=\"1020\" height=\"560\" src=\"https:\/\/iglesiarincon.org\/revista\/wp-content\/uploads\/2019\/12\/hospital_cordoba_2.jpg\" alt=\"\" class=\"wp-image-138\" srcset=\"https:\/\/iglesiarincon.org\/revista\/wp-content\/uploads\/2019\/12\/hospital_cordoba_2.jpg 1020w, https:\/\/iglesiarincon.org\/revista\/wp-content\/uploads\/2019\/12\/hospital_cordoba_2-300x165.jpg 300w, https:\/\/iglesiarincon.org\/revista\/wp-content\/uploads\/2019\/12\/hospital_cordoba_2-768x422.jpg 768w\" sizes=\"(max-width: 1020px) 100vw, 1020px\" \/><\/figure>\n\n\n\n<p>Dentro de poco se va a cumplir un a\u00f1o de nuestra primer visita. Es incre\u00edble c\u00f3mo la gente que est\u00e1 all\u00ed tiene una sed grande por Dios. Somos recibidos con gran cari\u00f1o, salvo algunas excepciones, pero siempre con mucho respeto. Servir ah\u00ed es bucear en las realidades dolorosas de las personas, en sus estados de \u00e1nimo, en lo que pasa por sus mentes en este tiempo, y en su grito desesperado por Dios, aunque a veces no lo sepan. Son muchos los que reciben el evangelio con agrado, y otras tantas s\u00f3lo escuchan. Lo importante es haber sembrado la semilla.<\/p>\n\n\n\n<p>Cada s\u00e1bado volvemos con el desaf\u00edo de orar por ellos, y es por eso que los d\u00edas martes se reparten los motivos de oraci\u00f3n de las personas que visitamos. Muchos de los pacientes pasan meses internados, lo que genera un v\u00ednculo precioso que nos permite ahondar m\u00e1s sobre sus vidas.<\/p>\n\n\n\n<p>El Hospital es demasiado grande y los que estamos yendo cada fin de semana somos 6. Estamos deseosos de que se sumen m\u00e1s personas a este servicio para poder llegar a m\u00e1s personas. As\u00ed que aquellos que tengan el deseo y puedan sumarse, las puestas est\u00e1n abiertas y la mies es mucha.<\/p>\n\n\n\n<p>Si tenes inter\u00e9s de colaborar o sumarte a este servicio contactate a info@lavozderincon.com<\/p>\n\n\n\n<p class=\"has-text-align-right\"><em>Daniel Rivera<\/em><\/p>\n[\/et_pb_text][\/et_pb_column]\n\t\t\t[\/et_pb_row]\n\t\t[\/et_pb_section]","protected":false},"excerpt":{"rendered":"<p>Contenci\u00f3n y acompa\u00f1amiento importante para los estan en enfermedad y angustia. Entendemos que las visitas y el servicio a los enfermos que se encuentran en el Hospital C\u00f3rdoba son un acto de obediencia a Dios, y que forma parte del llamado del Se\u00f1or para los que somos sus hijos. En el mes de Septiembre del [&hellip;]<\/p>\n","protected":false},"author":1,"featured_media":139,"comment_status":"open","ping_status":"open","sticky":false,"template":"","format":"standard","meta":{"_et_pb_use_builder":"on","_et_pb_old_content":"<!-- wp:heading -->\n<h2>Contenci\u00f3n y acompa\u00f1amiento importante para los estan en enfermedad y angustia.<\/h2>\n<!-- \/wp:heading -->\n\n<!-- wp:paragraph -->\n<p>Entendemos que las visitas y el servicio a los enfermos que se encuentran en el Hospital C\u00f3rdoba son un acto de obediencia a Dios, y que forma parte del llamado del Se\u00f1or para los que somos sus hijos.<\/p>\n<!-- \/wp:paragraph -->\n\n<!-- wp:paragraph -->\n<p>En el mes de Septiembre del a\u00f1o pasado, despu\u00e9s de haber esperado por mucho tiempo una respuesta del Hospital, comenzamos a concurrir cada fin de semana a charlar con los pacientes que estaban internados. De hecho, de eso consiste la actividad, visitar a los pacientes del Hospital C\u00f3rdoba que est\u00e1n en tratamiento o esperando a ser operados, y a sus familiares que los acompa\u00f1an en su internaci\u00f3n. Llevamos cada s\u00e1bado te con algo rico para compartir, y en la medida que podemos conversamos acerca del evangelio.<\/p>\n<!-- \/wp:paragraph -->\n\n<!-- wp:image {\"id\":138,\"sizeSlug\":\"large\"} -->\n<figure class=\"wp-block-image size-large\"><img src=\"https:\/\/iglesiarincon.org\/revista\/wp-content\/uploads\/2019\/12\/hospital_cordoba_2.jpg\" alt=\"\" class=\"wp-image-138\"\/><\/figure>\n<!-- \/wp:image -->\n\n<!-- wp:paragraph -->\n<p>Dentro de poco se va a cumplir un a\u00f1o de nuestra primer visita. Es incre\u00edble c\u00f3mo la gente que est\u00e1 all\u00ed tiene una sed grande por Dios. Somos recibidos con gran cari\u00f1o, salvo algunas excepciones, pero siempre con mucho respeto. Servir ah\u00ed es bucear en las realidades dolorosas de las personas, en sus estados de \u00e1nimo, en lo que pasa por sus mentes en este tiempo, y en su grito desesperado por Dios, aunque a veces no lo sepan. Son muchos los que reciben el evangelio con agrado, y otras tantas s\u00f3lo escuchan. Lo importante es haber sembrado la semilla.<\/p>\n<!-- \/wp:paragraph -->\n\n<!-- wp:paragraph -->\n<p>Cada s\u00e1bado volvemos con el desaf\u00edo de orar por ellos, y es por eso que los d\u00edas martes se reparten los motivos de oraci\u00f3n de las personas que visitamos. Muchos de los pacientes pasan meses internados, lo que genera un v\u00ednculo precioso que nos permite ahondar m\u00e1s sobre sus vidas.<\/p>\n<!-- \/wp:paragraph -->\n\n<!-- wp:paragraph -->\n<p>El Hospital es demasiado grande y los que estamos yendo cada fin de semana somos 6. Estamos deseosos de que se sumen m\u00e1s personas a este servicio para poder llegar a m\u00e1s personas. As\u00ed que aquellos que tengan el deseo y puedan sumarse, las puestas est\u00e1n abiertas y la mies es mucha.<\/p>\n<!-- \/wp:paragraph -->\n\n<!-- wp:paragraph -->\n<p>Si tenes inter\u00e9s de colaborar o sumarte a este servicio contactate a info@lavozderincon.com<\/p>\n<!-- \/wp:paragraph -->\n\n<!-- wp:paragraph {\"align\":\"right\"} -->\n<p class=\"has-text-align-right\"><em>Daniel Rivera<\/em><\/p>\n<!-- \/wp:paragraph -->","_et_gb_content_width":"","footnotes":""},"categories":[4],"tags":[],"class_list":["post-137","post","type-post","status-publish","format-standard","has-post-thumbnail","hentry","category-actualidades","et-has-post-format-content","et_post_format-et-post-format-standard"],"yoast_head":"<!-- This site is optimized with the Yoast SEO plugin v27.5 - https:\/\/yoast.com\/product\/yoast-seo-wordpress\/ -->\n<title>Visitas al Hospital C\u00f3rdoba - La Revista de Rinc&oacute;n<\/title>\n<meta name=\"robots\" content=\"index, follow, max-snippet:-1, max-image-preview:large, max-video-preview:-1\" \/>\n<link rel=\"canonical\" href=\"https:\/\/iglesiarincon.org\/revista\/visitas-al-hospital-cordoba\/\" \/>\n<meta property=\"og:locale\" content=\"es_ES\" \/>\n<meta property=\"og:type\" content=\"article\" \/>\n<meta property=\"og:title\" content=\"Visitas al Hospital C\u00f3rdoba - La Revista de Rinc&oacute;n\" \/>\n<meta property=\"og:description\" content=\"Contenci\u00f3n y acompa\u00f1amiento importante para los estan en enfermedad y angustia. Entendemos que las visitas y el servicio a los enfermos que se encuentran en el Hospital C\u00f3rdoba son un acto de obediencia a Dios, y que forma parte del llamado del Se\u00f1or para los que somos sus hijos. En el mes de Septiembre del [&hellip;]\" \/>\n<meta property=\"og:url\" content=\"https:\/\/iglesiarincon.org\/revista\/visitas-al-hospital-cordoba\/\" \/>\n<meta property=\"og:site_name\" content=\"La Revista de Rinc&oacute;n\" \/>\n<meta property=\"article:published_time\" content=\"2019-09-06T13:07:00+00:00\" \/>\n<meta property=\"article:modified_time\" content=\"2020-06-25T12:33:16+00:00\" \/>\n<meta property=\"og:image\" content=\"https:\/\/iglesiarincon.org\/revista\/wp-content\/uploads\/2019\/12\/hospitales-publicos-cordoba-1080x630.png\" \/>\n\t<meta property=\"og:image:width\" content=\"1080\" \/>\n\t<meta property=\"og:image:height\" content=\"630\" \/>\n\t<meta property=\"og:image:type\" content=\"image\/png\" \/>\n<meta name=\"author\" content=\"Daniel Rivera\" \/>\n<meta name=\"twitter:card\" content=\"summary_large_image\" \/>\n<meta name=\"twitter:label1\" content=\"Escrito por\" \/>\n\t<meta name=\"twitter:data1\" content=\"Daniel Rivera\" \/>\n\t<meta name=\"twitter:label2\" content=\"Tiempo de lectura\" \/>\n\t<meta name=\"twitter:data2\" content=\"2 minutos\" \/>\n<script type=\"application\/ld+json\" class=\"yoast-schema-graph\">{\"@context\":\"https:\\\/\\\/schema.org\",\"@graph\":[{\"@type\":\"Article\",\"@id\":\"https:\\\/\\\/iglesiarincon.org\\\/revista\\\/visitas-al-hospital-cordoba\\\/#article\",\"isPartOf\":{\"@id\":\"https:\\\/\\\/iglesiarincon.org\\\/revista\\\/visitas-al-hospital-cordoba\\\/\"},\"author\":{\"name\":\"Daniel Rivera\",\"@id\":\"https:\\\/\\\/iglesiarincon.org\\\/revista\\\/#\\\/schema\\\/person\\\/af865a3a1c9300eb9cd611f46aba167d\"},\"headline\":\"Visitas al Hospital C\u00f3rdoba\",\"datePublished\":\"2019-09-06T13:07:00+00:00\",\"dateModified\":\"2020-06-25T12:33:16+00:00\",\"mainEntityOfPage\":{\"@id\":\"https:\\\/\\\/iglesiarincon.org\\\/revista\\\/visitas-al-hospital-cordoba\\\/\"},\"wordCount\":418,\"commentCount\":0,\"image\":{\"@id\":\"https:\\\/\\\/iglesiarincon.org\\\/revista\\\/visitas-al-hospital-cordoba\\\/#primaryimage\"},\"thumbnailUrl\":\"https:\\\/\\\/iglesiarincon.org\\\/revista\\\/wp-content\\\/uploads\\\/2019\\\/12\\\/hospitales-publicos-cordoba-1080x630.png\",\"articleSection\":[\"Actualidades\"],\"inLanguage\":\"es\",\"potentialAction\":[{\"@type\":\"CommentAction\",\"name\":\"Comment\",\"target\":[\"https:\\\/\\\/iglesiarincon.org\\\/revista\\\/visitas-al-hospital-cordoba\\\/#respond\"]}]},{\"@type\":\"WebPage\",\"@id\":\"https:\\\/\\\/iglesiarincon.org\\\/revista\\\/visitas-al-hospital-cordoba\\\/\",\"url\":\"https:\\\/\\\/iglesiarincon.org\\\/revista\\\/visitas-al-hospital-cordoba\\\/\",\"name\":\"Visitas al Hospital C\u00f3rdoba - La Revista de Rinc&oacute;n\",\"isPartOf\":{\"@id\":\"https:\\\/\\\/iglesiarincon.org\\\/revista\\\/#website\"},\"primaryImageOfPage\":{\"@id\":\"https:\\\/\\\/iglesiarincon.org\\\/revista\\\/visitas-al-hospital-cordoba\\\/#primaryimage\"},\"image\":{\"@id\":\"https:\\\/\\\/iglesiarincon.org\\\/revista\\\/visitas-al-hospital-cordoba\\\/#primaryimage\"},\"thumbnailUrl\":\"https:\\\/\\\/iglesiarincon.org\\\/revista\\\/wp-content\\\/uploads\\\/2019\\\/12\\\/hospitales-publicos-cordoba-1080x630.png\",\"datePublished\":\"2019-09-06T13:07:00+00:00\",\"dateModified\":\"2020-06-25T12:33:16+00:00\",\"author\":{\"@id\":\"https:\\\/\\\/iglesiarincon.org\\\/revista\\\/#\\\/schema\\\/person\\\/af865a3a1c9300eb9cd611f46aba167d\"},\"breadcrumb\":{\"@id\":\"https:\\\/\\\/iglesiarincon.org\\\/revista\\\/visitas-al-hospital-cordoba\\\/#breadcrumb\"},\"inLanguage\":\"es\",\"potentialAction\":[{\"@type\":\"ReadAction\",\"target\":[\"https:\\\/\\\/iglesiarincon.org\\\/revista\\\/visitas-al-hospital-cordoba\\\/\"]}]},{\"@type\":\"ImageObject\",\"inLanguage\":\"es\",\"@id\":\"https:\\\/\\\/iglesiarincon.org\\\/revista\\\/visitas-al-hospital-cordoba\\\/#primaryimage\",\"url\":\"https:\\\/\\\/iglesiarincon.org\\\/revista\\\/wp-content\\\/uploads\\\/2019\\\/12\\\/hospitales-publicos-cordoba-1080x630.png\",\"contentUrl\":\"https:\\\/\\\/iglesiarincon.org\\\/revista\\\/wp-content\\\/uploads\\\/2019\\\/12\\\/hospitales-publicos-cordoba-1080x630.png\",\"width\":1080,\"height\":630,\"caption\":\"Hospital C\u00f3rdoba\"},{\"@type\":\"BreadcrumbList\",\"@id\":\"https:\\\/\\\/iglesiarincon.org\\\/revista\\\/visitas-al-hospital-cordoba\\\/#breadcrumb\",\"itemListElement\":[{\"@type\":\"ListItem\",\"position\":1,\"name\":\"Portada\",\"item\":\"https:\\\/\\\/iglesiarincon.org\\\/revista\\\/\"},{\"@type\":\"ListItem\",\"position\":2,\"name\":\"Visitas al Hospital C\u00f3rdoba\"}]},{\"@type\":\"WebSite\",\"@id\":\"https:\\\/\\\/iglesiarincon.org\\\/revista\\\/#website\",\"url\":\"https:\\\/\\\/iglesiarincon.org\\\/revista\\\/\",\"name\":\"La Revista de Rinc&oacute;n\",\"description\":\"Compartiendo lo mejor\",\"potentialAction\":[{\"@type\":\"SearchAction\",\"target\":{\"@type\":\"EntryPoint\",\"urlTemplate\":\"https:\\\/\\\/iglesiarincon.org\\\/revista\\\/?s={search_term_string}\"},\"query-input\":{\"@type\":\"PropertyValueSpecification\",\"valueRequired\":true,\"valueName\":\"search_term_string\"}}],\"inLanguage\":\"es\"},{\"@type\":\"Person\",\"@id\":\"https:\\\/\\\/iglesiarincon.org\\\/revista\\\/#\\\/schema\\\/person\\\/af865a3a1c9300eb9cd611f46aba167d\",\"name\":\"Daniel Rivera\",\"image\":{\"@type\":\"ImageObject\",\"inLanguage\":\"es\",\"@id\":\"https:\\\/\\\/iglesiarincon.org\\\/revista\\\/wp-content\\\/uploads\\\/2019\\\/12\\\/Daniel-Rivera.jpg\",\"url\":\"https:\\\/\\\/iglesiarincon.org\\\/revista\\\/wp-content\\\/uploads\\\/2019\\\/12\\\/Daniel-Rivera.jpg\",\"contentUrl\":\"https:\\\/\\\/iglesiarincon.org\\\/revista\\\/wp-content\\\/uploads\\\/2019\\\/12\\\/Daniel-Rivera.jpg\",\"caption\":\"Daniel Rivera\"},\"url\":\"#molongui-disabled-link\"}]}<\/script>\n<!-- \/ Yoast SEO plugin. -->","yoast_head_json":{"title":"Visitas al Hospital C\u00f3rdoba - La Revista de Rinc&oacute;n","robots":{"index":"index","follow":"follow","max-snippet":"max-snippet:-1","max-image-preview":"max-image-preview:large","max-video-preview":"max-video-preview:-1"},"canonical":"https:\/\/iglesiarincon.org\/revista\/visitas-al-hospital-cordoba\/","og_locale":"es_ES","og_type":"article","og_title":"Visitas al Hospital C\u00f3rdoba - La Revista de Rinc&oacute;n","og_description":"Contenci\u00f3n y acompa\u00f1amiento importante para los estan en enfermedad y angustia. Entendemos que las visitas y el servicio a los enfermos que se encuentran en el Hospital C\u00f3rdoba son un acto de obediencia a Dios, y que forma parte del llamado del Se\u00f1or para los que somos sus hijos. En el mes de Septiembre del [&hellip;]","og_url":"https:\/\/iglesiarincon.org\/revista\/visitas-al-hospital-cordoba\/","og_site_name":"La Revista de Rinc&oacute;n","article_published_time":"2019-09-06T13:07:00+00:00","article_modified_time":"2020-06-25T12:33:16+00:00","og_image":[{"width":1080,"height":630,"url":"https:\/\/iglesiarincon.org\/revista\/wp-content\/uploads\/2019\/12\/hospitales-publicos-cordoba-1080x630.png","type":"image\/png"}],"author":"Daniel Rivera","twitter_card":"summary_large_image","twitter_misc":{"Escrito por":"Daniel Rivera","Tiempo de lectura":"2 minutos"},"schema":{"@context":"https:\/\/schema.org","@graph":[{"@type":"Article","@id":"https:\/\/iglesiarincon.org\/revista\/visitas-al-hospital-cordoba\/#article","isPartOf":{"@id":"https:\/\/iglesiarincon.org\/revista\/visitas-al-hospital-cordoba\/"},"author":{"name":"Daniel Rivera","@id":"https:\/\/iglesiarincon.org\/revista\/#\/schema\/person\/af865a3a1c9300eb9cd611f46aba167d"},"headline":"Visitas al Hospital C\u00f3rdoba","datePublished":"2019-09-06T13:07:00+00:00","dateModified":"2020-06-25T12:33:16+00:00","mainEntityOfPage":{"@id":"https:\/\/iglesiarincon.org\/revista\/visitas-al-hospital-cordoba\/"},"wordCount":418,"commentCount":0,"image":{"@id":"https:\/\/iglesiarincon.org\/revista\/visitas-al-hospital-cordoba\/#primaryimage"},"thumbnailUrl":"https:\/\/iglesiarincon.org\/revista\/wp-content\/uploads\/2019\/12\/hospitales-publicos-cordoba-1080x630.png","articleSection":["Actualidades"],"inLanguage":"es","potentialAction":[{"@type":"CommentAction","name":"Comment","target":["https:\/\/iglesiarincon.org\/revista\/visitas-al-hospital-cordoba\/#respond"]}]},{"@type":"WebPage","@id":"https:\/\/iglesiarincon.org\/revista\/visitas-al-hospital-cordoba\/","url":"https:\/\/iglesiarincon.org\/revista\/visitas-al-hospital-cordoba\/","name":"Visitas al Hospital C\u00f3rdoba - La Revista de Rinc&oacute;n","isPartOf":{"@id":"https:\/\/iglesiarincon.org\/revista\/#website"},"primaryImageOfPage":{"@id":"https:\/\/iglesiarincon.org\/revista\/visitas-al-hospital-cordoba\/#primaryimage"},"image":{"@id":"https:\/\/iglesiarincon.org\/revista\/visitas-al-hospital-cordoba\/#primaryimage"},"thumbnailUrl":"https:\/\/iglesiarincon.org\/revista\/wp-content\/uploads\/2019\/12\/hospitales-publicos-cordoba-1080x630.png","datePublished":"2019-09-06T13:07:00+00:00","dateModified":"2020-06-25T12:33:16+00:00","author":{"@id":"https:\/\/iglesiarincon.org\/revista\/#\/schema\/person\/af865a3a1c9300eb9cd611f46aba167d"},"breadcrumb":{"@id":"https:\/\/iglesiarincon.org\/revista\/visitas-al-hospital-cordoba\/#breadcrumb"},"inLanguage":"es","potentialAction":[{"@type":"ReadAction","target":["https:\/\/iglesiarincon.org\/revista\/visitas-al-hospital-cordoba\/"]}]},{"@type":"ImageObject","inLanguage":"es","@id":"https:\/\/iglesiarincon.org\/revista\/visitas-al-hospital-cordoba\/#primaryimage","url":"https:\/\/iglesiarincon.org\/revista\/wp-content\/uploads\/2019\/12\/hospitales-publicos-cordoba-1080x630.png","contentUrl":"https:\/\/iglesiarincon.org\/revista\/wp-content\/uploads\/2019\/12\/hospitales-publicos-cordoba-1080x630.png","width":1080,"height":630,"caption":"Hospital C\u00f3rdoba"},{"@type":"BreadcrumbList","@id":"https:\/\/iglesiarincon.org\/revista\/visitas-al-hospital-cordoba\/#breadcrumb","itemListElement":[{"@type":"ListItem","position":1,"name":"Portada","item":"https:\/\/iglesiarincon.org\/revista\/"},{"@type":"ListItem","position":2,"name":"Visitas al Hospital C\u00f3rdoba"}]},{"@type":"WebSite","@id":"https:\/\/iglesiarincon.org\/revista\/#website","url":"https:\/\/iglesiarincon.org\/revista\/","name":"La Revista de Rinc&oacute;n","description":"Compartiendo lo mejor","potentialAction":[{"@type":"SearchAction","target":{"@type":"EntryPoint","urlTemplate":"https:\/\/iglesiarincon.org\/revista\/?s={search_term_string}"},"query-input":{"@type":"PropertyValueSpecification","valueRequired":true,"valueName":"search_term_string"}}],"inLanguage":"es"},{"@type":"Person","@id":"https:\/\/iglesiarincon.org\/revista\/#\/schema\/person\/af865a3a1c9300eb9cd611f46aba167d","name":"Daniel Rivera","image":{"@type":"ImageObject","inLanguage":"es","@id":"https:\/\/iglesiarincon.org\/revista\/wp-content\/uploads\/2019\/12\/Daniel-Rivera.jpg","url":"https:\/\/iglesiarincon.org\/revista\/wp-content\/uploads\/2019\/12\/Daniel-Rivera.jpg","contentUrl":"https:\/\/iglesiarincon.org\/revista\/wp-content\/uploads\/2019\/12\/Daniel-Rivera.jpg","caption":"Daniel Rivera"},"url":"#molongui-disabled-link"}]}},"_links":{"self":[{"href":"https:\/\/iglesiarincon.org\/revista\/wp-json\/wp\/v2\/posts\/137","targetHints":{"allow":["GET"]}}],"collection":[{"href":"https:\/\/iglesiarincon.org\/revista\/wp-json\/wp\/v2\/posts"}],"about":[{"href":"https:\/\/iglesiarincon.org\/revista\/wp-json\/wp\/v2\/types\/post"}],"author":[{"embeddable":true,"href":"https:\/\/iglesiarincon.org\/revista\/wp-json\/wp\/v2\/users\/1"}],"replies":[{"embeddable":true,"href":"https:\/\/iglesiarincon.org\/revista\/wp-json\/wp\/v2\/comments?post=137"}],"version-history":[{"count":2,"href":"https:\/\/iglesiarincon.org\/revista\/wp-json\/wp\/v2\/posts\/137\/revisions"}],"predecessor-version":[{"id":2685,"href":"https:\/\/iglesiarincon.org\/revista\/wp-json\/wp\/v2\/posts\/137\/revisions\/2685"}],"wp:featuredmedia":[{"embeddable":true,"href":"https:\/\/iglesiarincon.org\/revista\/wp-json\/wp\/v2\/media\/139"}],"wp:attachment":[{"href":"https:\/\/iglesiarincon.org\/revista\/wp-json\/wp\/v2\/media?parent=137"}],"wp:term":[{"taxonomy":"category","embeddable":true,"href":"https:\/\/iglesiarincon.org\/revista\/wp-json\/wp\/v2\/categories?post=137"},{"taxonomy":"post_tag","embeddable":true,"href":"https:\/\/iglesiarincon.org\/revista\/wp-json\/wp\/v2\/tags?post=137"}],"curies":[{"name":"wp","href":"https:\/\/api.w.org\/{rel}","templated":true}]}}